{"id":4467,"date":"2024-10-22T17:53:31","date_gmt":"2024-10-22T17:53:31","guid":{"rendered":"https:\/\/juliocesartriana.com\/?p=4467"},"modified":"2024-11-18T17:57:29","modified_gmt":"2024-11-18T17:57:29","slug":"batallon-de-alta-montana-en-el-occidente-del-departamento-del-huila","status":"publish","type":"post","link":"https:\/\/juliocesartriana.com\/index.php\/2024\/10\/22\/batallon-de-alta-montana-en-el-occidente-del-departamento-del-huila\/","title":{"rendered":"Solicitamos un Batall\u00f3n de Alta Monta\u00f1a en el occidente del Huila"},"content":{"rendered":"\n<p>En el transcurso del a\u00f1o 2024, el departamento del Huila ha sido v\u00edctima de una alarmante ola de violencia y actos delictivos que han puesto en jaque la seguridad de sus habitantes, en especial en los municipios del occidente de la regi\u00f3n. Estaciones de la Polic\u00eda Nacional en N\u00e1taga y Tesalia han sido blancos de atentados, mientras que los municipios de La Plata y La Argentina han sufrido secuestros, amenazas, toques de queda y reclutamiento forzado por parte de grupos armados al margen de la ley.<\/p>\n\n\n\n<p>Esta zona, que limita con el departamento del Cauca, ha sido hist\u00f3ricamente un territorio con presencia significativa de disidencias y otros actores ilegales, lo que ha deteriorado notablemente el orden p\u00fablico en la regi\u00f3n. Ante esta grave situaci\u00f3n, los Representantes a la C\u00e1mara Julio C\u00e9sar Triana, Luz Ayda Pastrana y Flora Perdomo, as\u00ed como el Senador Carlos Julio Gonz\u00e1lez Villa, solicitaron al Ministerio de Defensa y al Ej\u00e9rcito Nacional la creaci\u00f3n del Batall\u00f3n de Alta Monta\u00f1a No. 11, que estar\u00eda ubicado estrat\u00e9gicamente en el occidente del departamento, con el fin de frenar el accionar de las organizaciones criminales en esta \u00e1rea.<\/p>\n\n\n\n<p>El modelo de los Batallones de Alta Monta\u00f1a ha sido una garant\u00eda de seguridad en Colombia desde su creaci\u00f3n en 2001. En Huila, el Batall\u00f3n de Alta Monta\u00f1a No. 9, ubicado en Algeciras y establecido en 2013, ha jugado un papel clave para contener el despliegue de grupos ilegales entre el Huila y Caquet\u00e1. La creaci\u00f3n de una nueva unidad militar especializada en el occidente del Huila busca replicar estos resultados en una de las zonas m\u00e1s afectadas por la violencia.<\/p>\n\n\n\n<p>Esta iniciativa es vista como una respuesta urgente y necesaria ante la creciente inseguridad, y la comunidad del occidente del Huila espera que el Gobierno Nacional act\u00fae prontamente para garantizar la protecci\u00f3n de sus ciudadanos y el restablecimiento del orden en la regi\u00f3n.<\/p>\n","protected":false},"excerpt":{"rendered":"<p>En el transcurso del a\u00f1o 2024, el departamento del Huila ha sido v\u00edctima de una alarmante ola de violencia y actos delictivos que han puesto en jaque la seguridad de sus habitantes, en especial en los municipios del occidente de la regi\u00f3n. Estaciones de la Polic\u00eda Nacional en N\u00e1taga y Tesalia han sido blancos de &hellip;<\/p>\n<p class=\"read-more\"> <a class=\"\" href=\"https:\/\/juliocesartriana.com\/index.php\/2024\/10\/22\/batallon-de-alta-montana-en-el-occidente-del-departamento-del-huila\/\"> <span class=\"screen-reader-text\">Solicitamos un Batall\u00f3n de Alta Monta\u00f1a en el occidente del Huila<\/span> Leer m\u00e1s &raquo;<\/a><\/p>\n","protected":false},"author":1,"featured_media":4468,"comment_status":"open","ping_status":"open","sticky":false,"template":"","format":"standard","meta":{"ngg_post_thumbnail":0,"footnotes":""},"categories":[8],"tags":[],"class_list":["post-4467","post","type-post","status-publish","format-standard","has-post-thumbnail","hentry","category-gestion-por-el-huila"],"yoast_head":"<!-- This site is optimized with the Yoast SEO plugin v18.5.1 - https:\/\/yoast.com\/wordpress\/plugins\/seo\/ -->\n<title>Julio C\u00e9sar Triana - Representante a la C\u00e1mara por el Huila<\/title>\n<meta name=\"robots\" content=\"index, follow, max-snippet:-1, max-image-preview:large, max-video-preview:-1\" \/>\n<link rel=\"canonical\" href=\"https:\/\/juliocesartriana.com\/index.php\/2024\/10\/22\/batallon-de-alta-montana-en-el-occidente-del-departamento-del-huila\/\" \/>\n<meta property=\"og:locale\" content=\"es_ES\" \/>\n<meta property=\"og:type\" content=\"article\" \/>\n<meta property=\"og:title\" content=\"Julio C\u00e9sar Triana - Representante a la C\u00e1mara por el Huila\" \/>\n<meta property=\"og:description\" content=\"En el transcurso del a\u00f1o 2024, el departamento del Huila ha sido v\u00edctima de una alarmante ola de violencia y actos delictivos que han puesto en jaque la seguridad de sus habitantes, en especial en los municipios del occidente de la regi\u00f3n. Estaciones de la Polic\u00eda Nacional en N\u00e1taga y Tesalia han sido blancos de &hellip; Solicitamos un Batall\u00f3n de Alta Monta\u00f1a en el occidente del Huila Leer m\u00e1s &raquo;\" \/>\n<meta property=\"og:url\" content=\"https:\/\/juliocesartriana.com\/index.php\/2024\/10\/22\/batallon-de-alta-montana-en-el-occidente-del-departamento-del-huila\/\" \/>\n<meta property=\"og:site_name\" content=\"Julio C\u00e9sar Triana - Representante a la C\u00e1mara por el Huila\" \/>\n<meta property=\"article:publisher\" content=\"https:\/\/www.facebook.com\/TrianaCongreso\/\" \/>\n<meta property=\"article:published_time\" content=\"2024-10-22T17:53:31+00:00\" \/>\n<meta property=\"article:modified_time\" content=\"2024-11-18T17:57:29+00:00\" \/>\n<meta property=\"og:image\" content=\"https:\/\/juliocesartriana.com\/wp-content\/uploads\/2024\/11\/Copia-de-Copia-de-Entradas-2024-03-11T113017.662.jpg\" \/>\n\t<meta property=\"og:image:width\" content=\"1280\" \/>\n\t<meta property=\"og:image:height\" content=\"1024\" \/>\n\t<meta property=\"og:image:type\" content=\"image\/jpeg\" \/>\n<meta name=\"twitter:card\" content=\"summary_large_image\" \/>\n<meta name=\"twitter:label1\" content=\"Escrito por\" \/>\n\t<meta name=\"twitter:data1\" content=\"admin\" \/>\n\t<meta name=\"twitter:label2\" content=\"Tiempo de lectura\" \/>\n\t<meta name=\"twitter:data2\" content=\"2 minutos\" \/>\n<script type=\"application\/ld+json\" class=\"yoast-schema-graph\">{\"@context\":\"https:\/\/schema.org\",\"@graph\":[{\"@type\":\"Organization\",\"@id\":\"https:\/\/juliocesartriana.com\/#organization\",\"name\":\"Julio C\u00e9sar Triana - Representante a la C\u00e1mara\",\"url\":\"https:\/\/juliocesartriana.com\/\",\"sameAs\":[\"https:\/\/www.facebook.com\/TrianaCongreso\/\",\"https:\/\/www.instagram.com\/trianacongreso\/\"],\"logo\":{\"@type\":\"ImageObject\",\"@id\":\"https:\/\/juliocesartriana.com\/#logo\",\"inLanguage\":\"es\",\"url\":\"https:\/\/juliocesartriana.com\/wp-content\/uploads\/2021\/03\/Salo\u0301n-eli\u0301ptico-presidiendo-1.jpeg\",\"contentUrl\":\"https:\/\/juliocesartriana.com\/wp-content\/uploads\/2021\/03\/Salo\u0301n-eli\u0301ptico-presidiendo-1.jpeg\",\"width\":1280,\"height\":853,\"caption\":\"Julio C\u00e9sar Triana - Representante a la C\u00e1mara\"},\"image\":{\"@id\":\"https:\/\/juliocesartriana.com\/#logo\"}},{\"@type\":\"WebSite\",\"@id\":\"https:\/\/juliocesartriana.com\/#website\",\"url\":\"https:\/\/juliocesartriana.com\/\",\"name\":\"Julio C\u00e9sar Triana - Representante a la C\u00e1mara por el Huila\",\"description\":\"Representante a la C\u00e1mara por el Departamento del Huila.\",\"publisher\":{\"@id\":\"https:\/\/juliocesartriana.com\/#organization\"},\"potentialAction\":[{\"@type\":\"SearchAction\",\"target\":{\"@type\":\"EntryPoint\",\"urlTemplate\":\"https:\/\/juliocesartriana.com\/?s={search_term_string}\"},\"query-input\":\"required name=search_term_string\"}],\"inLanguage\":\"es\"},{\"@type\":\"ImageObject\",\"@id\":\"https:\/\/juliocesartriana.com\/index.php\/2024\/10\/22\/batallon-de-alta-montana-en-el-occidente-del-departamento-del-huila\/#primaryimage\",\"inLanguage\":\"es\",\"url\":\"https:\/\/juliocesartriana.com\/wp-content\/uploads\/2024\/11\/Copia-de-Copia-de-Entradas-2024-03-11T113017.662.jpg\",\"contentUrl\":\"https:\/\/juliocesartriana.com\/wp-content\/uploads\/2024\/11\/Copia-de-Copia-de-Entradas-2024-03-11T113017.662.jpg\",\"width\":1280,\"height\":1024,\"caption\":\"xr:d:DAF4OyrkvNg:258,j:8869134921111946610,t:24031116\"},{\"@type\":\"WebPage\",\"@id\":\"https:\/\/juliocesartriana.com\/index.php\/2024\/10\/22\/batallon-de-alta-montana-en-el-occidente-del-departamento-del-huila\/#webpage\",\"url\":\"https:\/\/juliocesartriana.com\/index.php\/2024\/10\/22\/batallon-de-alta-montana-en-el-occidente-del-departamento-del-huila\/\",\"name\":\"Julio C\u00e9sar Triana - Representante a la C\u00e1mara por el Huila\",\"isPartOf\":{\"@id\":\"https:\/\/juliocesartriana.com\/#website\"},\"primaryImageOfPage\":{\"@id\":\"https:\/\/juliocesartriana.com\/index.php\/2024\/10\/22\/batallon-de-alta-montana-en-el-occidente-del-departamento-del-huila\/#primaryimage\"},\"datePublished\":\"2024-10-22T17:53:31+00:00\",\"dateModified\":\"2024-11-18T17:57:29+00:00\",\"breadcrumb\":{\"@id\":\"https:\/\/juliocesartriana.com\/index.php\/2024\/10\/22\/batallon-de-alta-montana-en-el-occidente-del-departamento-del-huila\/#breadcrumb\"},\"inLanguage\":\"es\",\"potentialAction\":[{\"@type\":\"ReadAction\",\"target\":[\"https:\/\/juliocesartriana.com\/index.php\/2024\/10\/22\/batallon-de-alta-montana-en-el-occidente-del-departamento-del-huila\/\"]}]},{\"@type\":\"BreadcrumbList\",\"@id\":\"https:\/\/juliocesartriana.com\/index.php\/2024\/10\/22\/batallon-de-alta-montana-en-el-occidente-del-departamento-del-huila\/#breadcrumb\",\"itemListElement\":[{\"@type\":\"ListItem\",\"position\":1,\"name\":\"Portada\",\"item\":\"https:\/\/juliocesartriana.com\/\"},{\"@type\":\"ListItem\",\"position\":2,\"name\":\"Solicitamos un Batall\u00f3n de Alta Monta\u00f1a en el occidente del Huila\"}]},{\"@type\":\"Article\",\"@id\":\"https:\/\/juliocesartriana.com\/index.php\/2024\/10\/22\/batallon-de-alta-montana-en-el-occidente-del-departamento-del-huila\/#article\",\"isPartOf\":{\"@id\":\"https:\/\/juliocesartriana.com\/index.php\/2024\/10\/22\/batallon-de-alta-montana-en-el-occidente-del-departamento-del-huila\/#webpage\"},\"author\":{\"@id\":\"https:\/\/juliocesartriana.com\/#\/schema\/person\/deecb92c18f2299a8c280aa4eabd1a03\"},\"headline\":\"Solicitamos un Batall\u00f3n de Alta Monta\u00f1a en el occidente del Huila\",\"datePublished\":\"2024-10-22T17:53:31+00:00\",\"dateModified\":\"2024-11-18T17:57:29+00:00\",\"mainEntityOfPage\":{\"@id\":\"https:\/\/juliocesartriana.com\/index.php\/2024\/10\/22\/batallon-de-alta-montana-en-el-occidente-del-departamento-del-huila\/#webpage\"},\"wordCount\":347,\"commentCount\":0,\"publisher\":{\"@id\":\"https:\/\/juliocesartriana.com\/#organization\"},\"image\":{\"@id\":\"https:\/\/juliocesartriana.com\/index.php\/2024\/10\/22\/batallon-de-alta-montana-en-el-occidente-del-departamento-del-huila\/#primaryimage\"},\"thumbnailUrl\":\"https:\/\/juliocesartriana.com\/wp-content\/uploads\/2024\/11\/Copia-de-Copia-de-Entradas-2024-03-11T113017.662.jpg\",\"articleSection\":[\"Gesti\u00f3n por el Huila\"],\"inLanguage\":\"es\",\"potentialAction\":[{\"@type\":\"CommentAction\",\"name\":\"Comment\",\"target\":[\"https:\/\/juliocesartriana.com\/index.php\/2024\/10\/22\/batallon-de-alta-montana-en-el-occidente-del-departamento-del-huila\/#respond\"]}]},{\"@type\":\"Person\",\"@id\":\"https:\/\/juliocesartriana.com\/#\/schema\/person\/deecb92c18f2299a8c280aa4eabd1a03\",\"name\":\"admin\",\"image\":{\"@type\":\"ImageObject\",\"@id\":\"https:\/\/juliocesartriana.com\/#personlogo\",\"inLanguage\":\"es\",\"url\":\"https:\/\/secure.gravatar.com\/avatar\/a796496fa1985f3a559e872a5db21305d7a391de67117abdfa8eb899c7bea95c?s=96&d=mm&r=g\",\"contentUrl\":\"https:\/\/secure.gravatar.com\/avatar\/a796496fa1985f3a559e872a5db21305d7a391de67117abdfa8eb899c7bea95c?s=96&d=mm&r=g\",\"caption\":\"admin\"},\"sameAs\":[\"https:\/\/juliocesartriana.com\"],\"url\":\"https:\/\/juliocesartriana.com\/index.php\/author\/admin_dovqajq2\/\"}]}<\/script>\n<!-- \/ Yoast SEO plugin. -->","yoast_head_json":{"title":"Julio C\u00e9sar Triana - Representante a la C\u00e1mara por el Huila","robots":{"index":"index","follow":"follow","max-snippet":"max-snippet:-1","max-image-preview":"max-image-preview:large","max-video-preview":"max-video-preview:-1"},"canonical":"https:\/\/juliocesartriana.com\/index.php\/2024\/10\/22\/batallon-de-alta-montana-en-el-occidente-del-departamento-del-huila\/","og_locale":"es_ES","og_type":"article","og_title":"Julio C\u00e9sar Triana - Representante a la C\u00e1mara por el Huila","og_description":"En el transcurso del a\u00f1o 2024, el departamento del Huila ha sido v\u00edctima de una alarmante ola de violencia y actos delictivos que han puesto en jaque la seguridad de sus habitantes, en especial en los municipios del occidente de la regi\u00f3n. Estaciones de la Polic\u00eda Nacional en N\u00e1taga y Tesalia han sido blancos de &hellip; Solicitamos un Batall\u00f3n de Alta Monta\u00f1a en el occidente del Huila Leer m\u00e1s &raquo;","og_url":"https:\/\/juliocesartriana.com\/index.php\/2024\/10\/22\/batallon-de-alta-montana-en-el-occidente-del-departamento-del-huila\/","og_site_name":"Julio C\u00e9sar Triana - Representante a la C\u00e1mara por el Huila","article_publisher":"https:\/\/www.facebook.com\/TrianaCongreso\/","article_published_time":"2024-10-22T17:53:31+00:00","article_modified_time":"2024-11-18T17:57:29+00:00","og_image":[{"width":1280,"height":1024,"url":"https:\/\/juliocesartriana.com\/wp-content\/uploads\/2024\/11\/Copia-de-Copia-de-Entradas-2024-03-11T113017.662.jpg","type":"image\/jpeg"}],"twitter_card":"summary_large_image","twitter_misc":{"Escrito por":"admin","Tiempo de lectura":"2 minutos"},"schema":{"@context":"https:\/\/schema.org","@graph":[{"@type":"Organization","@id":"https:\/\/juliocesartriana.com\/#organization","name":"Julio C\u00e9sar Triana - Representante a la C\u00e1mara","url":"https:\/\/juliocesartriana.com\/","sameAs":["https:\/\/www.facebook.com\/TrianaCongreso\/","https:\/\/www.instagram.com\/trianacongreso\/"],"logo":{"@type":"ImageObject","@id":"https:\/\/juliocesartriana.com\/#logo","inLanguage":"es","url":"https:\/\/juliocesartriana.com\/wp-content\/uploads\/2021\/03\/Salo\u0301n-eli\u0301ptico-presidiendo-1.jpeg","contentUrl":"https:\/\/juliocesartriana.com\/wp-content\/uploads\/2021\/03\/Salo\u0301n-eli\u0301ptico-presidiendo-1.jpeg","width":1280,"height":853,"caption":"Julio C\u00e9sar Triana - Representante a la C\u00e1mara"},"image":{"@id":"https:\/\/juliocesartriana.com\/#logo"}},{"@type":"WebSite","@id":"https:\/\/juliocesartriana.com\/#website","url":"https:\/\/juliocesartriana.com\/","name":"Julio C\u00e9sar Triana - Representante a la C\u00e1mara por el Huila","description":"Representante a la C\u00e1mara por el Departamento del Huila.","publisher":{"@id":"https:\/\/juliocesartriana.com\/#organization"},"potentialAction":[{"@type":"SearchAction","target":{"@type":"EntryPoint","urlTemplate":"https:\/\/juliocesartriana.com\/?s={search_term_string}"},"query-input":"required name=search_term_string"}],"inLanguage":"es"},{"@type":"ImageObject","@id":"https:\/\/juliocesartriana.com\/index.php\/2024\/10\/22\/batallon-de-alta-montana-en-el-occidente-del-departamento-del-huila\/#primaryimage","inLanguage":"es","url":"https:\/\/juliocesartriana.com\/wp-content\/uploads\/2024\/11\/Copia-de-Copia-de-Entradas-2024-03-11T113017.662.jpg","contentUrl":"https:\/\/juliocesartriana.com\/wp-content\/uploads\/2024\/11\/Copia-de-Copia-de-Entradas-2024-03-11T113017.662.jpg","width":1280,"height":1024,"caption":"xr:d:DAF4OyrkvNg:258,j:8869134921111946610,t:24031116"},{"@type":"WebPage","@id":"https:\/\/juliocesartriana.com\/index.php\/2024\/10\/22\/batallon-de-alta-montana-en-el-occidente-del-departamento-del-huila\/#webpage","url":"https:\/\/juliocesartriana.com\/index.php\/2024\/10\/22\/batallon-de-alta-montana-en-el-occidente-del-departamento-del-huila\/","name":"Julio C\u00e9sar Triana - Representante a la C\u00e1mara por el Huila","isPartOf":{"@id":"https:\/\/juliocesartriana.com\/#website"},"primaryImageOfPage":{"@id":"https:\/\/juliocesartriana.com\/index.php\/2024\/10\/22\/batallon-de-alta-montana-en-el-occidente-del-departamento-del-huila\/#primaryimage"},"datePublished":"2024-10-22T17:53:31+00:00","dateModified":"2024-11-18T17:57:29+00:00","breadcrumb":{"@id":"https:\/\/juliocesartriana.com\/index.php\/2024\/10\/22\/batallon-de-alta-montana-en-el-occidente-del-departamento-del-huila\/#breadcrumb"},"inLanguage":"es","potentialAction":[{"@type":"ReadAction","target":["https:\/\/juliocesartriana.com\/index.php\/2024\/10\/22\/batallon-de-alta-montana-en-el-occidente-del-departamento-del-huila\/"]}]},{"@type":"BreadcrumbList","@id":"https:\/\/juliocesartriana.com\/index.php\/2024\/10\/22\/batallon-de-alta-montana-en-el-occidente-del-departamento-del-huila\/#breadcrumb","itemListElement":[{"@type":"ListItem","position":1,"name":"Portada","item":"https:\/\/juliocesartriana.com\/"},{"@type":"ListItem","position":2,"name":"Solicitamos un Batall\u00f3n de Alta Monta\u00f1a en el occidente del Huila"}]},{"@type":"Article","@id":"https:\/\/juliocesartriana.com\/index.php\/2024\/10\/22\/batallon-de-alta-montana-en-el-occidente-del-departamento-del-huila\/#article","isPartOf":{"@id":"https:\/\/juliocesartriana.com\/index.php\/2024\/10\/22\/batallon-de-alta-montana-en-el-occidente-del-departamento-del-huila\/#webpage"},"author":{"@id":"https:\/\/juliocesartriana.com\/#\/schema\/person\/deecb92c18f2299a8c280aa4eabd1a03"},"headline":"Solicitamos un Batall\u00f3n de Alta Monta\u00f1a en el occidente del Huila","datePublished":"2024-10-22T17:53:31+00:00","dateModified":"2024-11-18T17:57:29+00:00","mainEntityOfPage":{"@id":"https:\/\/juliocesartriana.com\/index.php\/2024\/10\/22\/batallon-de-alta-montana-en-el-occidente-del-departamento-del-huila\/#webpage"},"wordCount":347,"commentCount":0,"publisher":{"@id":"https:\/\/juliocesartriana.com\/#organization"},"image":{"@id":"https:\/\/juliocesartriana.com\/index.php\/2024\/10\/22\/batallon-de-alta-montana-en-el-occidente-del-departamento-del-huila\/#primaryimage"},"thumbnailUrl":"https:\/\/juliocesartriana.com\/wp-content\/uploads\/2024\/11\/Copia-de-Copia-de-Entradas-2024-03-11T113017.662.jpg","articleSection":["Gesti\u00f3n por el Huila"],"inLanguage":"es","potentialAction":[{"@type":"CommentAction","name":"Comment","target":["https:\/\/juliocesartriana.com\/index.php\/2024\/10\/22\/batallon-de-alta-montana-en-el-occidente-del-departamento-del-huila\/#respond"]}]},{"@type":"Person","@id":"https:\/\/juliocesartriana.com\/#\/schema\/person\/deecb92c18f2299a8c280aa4eabd1a03","name":"admin","image":{"@type":"ImageObject","@id":"https:\/\/juliocesartriana.com\/#personlogo","inLanguage":"es","url":"https:\/\/secure.gravatar.com\/avatar\/a796496fa1985f3a559e872a5db21305d7a391de67117abdfa8eb899c7bea95c?s=96&d=mm&r=g","contentUrl":"https:\/\/secure.gravatar.com\/avatar\/a796496fa1985f3a559e872a5db21305d7a391de67117abdfa8eb899c7bea95c?s=96&d=mm&r=g","caption":"admin"},"sameAs":["https:\/\/juliocesartriana.com"],"url":"https:\/\/juliocesartriana.com\/index.php\/author\/admin_dovqajq2\/"}]}},"_links":{"self":[{"href":"https:\/\/juliocesartriana.com\/index.php\/wp-json\/wp\/v2\/posts\/4467","targetHints":{"allow":["GET"]}}],"collection":[{"href":"https:\/\/juliocesartriana.com\/index.php\/wp-json\/wp\/v2\/posts"}],"about":[{"href":"https:\/\/juliocesartriana.com\/index.php\/wp-json\/wp\/v2\/types\/post"}],"author":[{"embeddable":true,"href":"https:\/\/juliocesartriana.com\/index.php\/wp-json\/wp\/v2\/users\/1"}],"replies":[{"embeddable":true,"href":"https:\/\/juliocesartriana.com\/index.php\/wp-json\/wp\/v2\/comments?post=4467"}],"version-history":[{"count":2,"href":"https:\/\/juliocesartriana.com\/index.php\/wp-json\/wp\/v2\/posts\/4467\/revisions"}],"predecessor-version":[{"id":4470,"href":"https:\/\/juliocesartriana.com\/index.php\/wp-json\/wp\/v2\/posts\/4467\/revisions\/4470"}],"wp:featuredmedia":[{"embeddable":true,"href":"https:\/\/juliocesartriana.com\/index.php\/wp-json\/wp\/v2\/media\/4468"}],"wp:attachment":[{"href":"https:\/\/juliocesartriana.com\/index.php\/wp-json\/wp\/v2\/media?parent=4467"}],"wp:term":[{"taxonomy":"category","embeddable":true,"href":"https:\/\/juliocesartriana.com\/index.php\/wp-json\/wp\/v2\/categories?post=4467"},{"taxonomy":"post_tag","embeddable":true,"href":"https:\/\/juliocesartriana.com\/index.php\/wp-json\/wp\/v2\/tags?post=4467"}],"curies":[{"name":"wp","href":"https:\/\/api.w.org\/{rel}","templated":true}]}}