{"id":4452,"date":"2024-11-18T15:42:12","date_gmt":"2024-11-18T15:42:12","guid":{"rendered":"https:\/\/juliocesartriana.com\/?p=4452"},"modified":"2024-11-18T17:59:54","modified_gmt":"2024-11-18T17:59:54","slug":"es-momento-de-ponerle-la-lupa-a-la-crisis-que-atraviesa-senalo-el-representante-julio-cesar-triana-tras-anunciar-citacion-a-debate-de-control-politico","status":"publish","type":"post","link":"https:\/\/juliocesartriana.com\/index.php\/2024\/11\/18\/es-momento-de-ponerle-la-lupa-a-la-crisis-que-atraviesa-senalo-el-representante-julio-cesar-triana-tras-anunciar-citacion-a-debate-de-control-politico\/","title":{"rendered":"Citamos a MinDefensa a responder por la crisis que atraviesa Colombia en t\u00e9rminos de seguridad."},"content":{"rendered":"\n<p>Este mi\u00e9rcoles el Representante a la C\u00e1mara por el Huila denunci\u00f3 el acto terrorista que se cometi\u00f3 en Neiva por parte de las disidencias, y por ello, anunci\u00f3 que radicar\u00e1 una proposici\u00f3n ante la Comisi\u00f3n Primera de la C\u00e1mara de Representantes, el pr\u00f3ximo 20 de julio, para que se lleve a cabo un Debate de Control Pol\u00edtico al Ministerio de Defensa, a la Polic\u00eda Nacional, al Ej\u00e9rcito Nacional y al INPEC. Para que sean ellos quienes rindan cuentas sobre las medidas que est\u00e1n ejecutando para frenar las crisis de extorsi\u00f3n que se est\u00e1 viviendo en el Huila y en todo el pa\u00eds.<\/p>\n\n\n\n<p>El Congresista resalt\u00f3 que \u201ceste ya no es un tema que afecta solo al gran empresario, sino que afecta directamente al peque\u00f1o emprendedor, al peque\u00f1o comerciante, al ciudadano de a pie\u201d. Por eso, con este Debate de Control Pol\u00edtico busca hacer un llamado a las autoridades para que se cree una pol\u00edtica de seguridad que combata de forma efectiva los delincuentes que se enriquecen mediante el delito de extorsi\u00f3n.<\/p>\n\n\n\n<p>\u201cSolo en el Huila, pasamos de tener 35 casos de extorsi\u00f3n en el a\u00f1o 2022, a 41 casos en el 2023, y en lo que ha corrido de este del 2024 se han reportado al menos 173. Esto significa un incremento del 300% en casos de extorsi\u00f3n en el departamento entre 2023 y 2024\u201d, sostuvo el Representante.<\/p>\n\n\n\n<p>Esta situaci\u00f3n crece de forma indiscriminada sin que se evidencie que las autoridades tomen medidas al respecto, \u201c12 municipios del Huila, que no ten\u00edan denuncias de extorsi\u00f3n&nbsp;en el&nbsp;2022 ni en el 2023,&nbsp;empezaron a reportar casos en el 2024. \u201cLa crisis que viven los campesinos es lamentable y no podemos quedarnos de manos cruzadas, por eso, en este debate solicitaremos que se lleve a cabo una pol\u00edtica eficaz que le devuelva la tranquilidad a los Colombianos\u201d se\u00f1al\u00f3 Julio C\u00e9sar Triana.<\/p>\n","protected":false},"excerpt":{"rendered":"<p>Este mi\u00e9rcoles el Representante a la C\u00e1mara por el Huila denunci\u00f3 el acto terrorista que se cometi\u00f3 en Neiva por parte de las disidencias, y por ello, anunci\u00f3 que radicar\u00e1 una proposici\u00f3n ante la Comisi\u00f3n Primera de la C\u00e1mara de Representantes, el pr\u00f3ximo 20 de julio, para que se lleve a cabo un Debate de &hellip;<\/p>\n<p class=\"read-more\"> <a class=\"\" href=\"https:\/\/juliocesartriana.com\/index.php\/2024\/11\/18\/es-momento-de-ponerle-la-lupa-a-la-crisis-que-atraviesa-senalo-el-representante-julio-cesar-triana-tras-anunciar-citacion-a-debate-de-control-politico\/\"> <span class=\"screen-reader-text\">Citamos a MinDefensa a responder por la crisis que atraviesa Colombia en t\u00e9rminos de seguridad.<\/span> Leer m\u00e1s &raquo;<\/a><\/p>\n","protected":false},"author":1,"featured_media":4454,"comment_status":"open","ping_status":"open","sticky":false,"template":"","format":"standard","meta":{"ngg_post_thumbnail":0,"footnotes":""},"categories":[5],"tags":[],"class_list":["post-4452","post","type-post","status-publish","format-standard","has-post-thumbnail","hentry","category-control-politico"],"yoast_head":"<!-- This site is optimized with the Yoast SEO plugin v18.5.1 - https:\/\/yoast.com\/wordpress\/plugins\/seo\/ -->\n<title>Julio C\u00e9sar Triana - Representante a la C\u00e1mara por el Huila<\/title>\n<meta name=\"robots\" content=\"index, follow, max-snippet:-1, max-image-preview:large, max-video-preview:-1\" \/>\n<link rel=\"canonical\" href=\"https:\/\/juliocesartriana.com\/index.php\/2024\/11\/18\/es-momento-de-ponerle-la-lupa-a-la-crisis-que-atraviesa-senalo-el-representante-julio-cesar-triana-tras-anunciar-citacion-a-debate-de-control-politico\/\" \/>\n<meta property=\"og:locale\" content=\"es_ES\" \/>\n<meta property=\"og:type\" content=\"article\" \/>\n<meta property=\"og:title\" content=\"Julio C\u00e9sar Triana - Representante a la C\u00e1mara por el Huila\" \/>\n<meta property=\"og:description\" content=\"Este mi\u00e9rcoles el Representante a la C\u00e1mara por el Huila denunci\u00f3 el acto terrorista que se cometi\u00f3 en Neiva por parte de las disidencias, y por ello, anunci\u00f3 que radicar\u00e1 una proposici\u00f3n ante la Comisi\u00f3n Primera de la C\u00e1mara de Representantes, el pr\u00f3ximo 20 de julio, para que se lleve a cabo un Debate de &hellip; Citamos a MinDefensa a responder por la crisis que atraviesa Colombia en t\u00e9rminos de seguridad. Leer m\u00e1s &raquo;\" \/>\n<meta property=\"og:url\" content=\"https:\/\/juliocesartriana.com\/index.php\/2024\/11\/18\/es-momento-de-ponerle-la-lupa-a-la-crisis-que-atraviesa-senalo-el-representante-julio-cesar-triana-tras-anunciar-citacion-a-debate-de-control-politico\/\" \/>\n<meta property=\"og:site_name\" content=\"Julio C\u00e9sar Triana - Representante a la C\u00e1mara por el Huila\" \/>\n<meta property=\"article:publisher\" content=\"https:\/\/www.facebook.com\/TrianaCongreso\/\" \/>\n<meta property=\"article:published_time\" content=\"2024-11-18T15:42:12+00:00\" \/>\n<meta property=\"article:modified_time\" content=\"2024-11-18T17:59:54+00:00\" \/>\n<meta property=\"og:image\" content=\"https:\/\/juliocesartriana.com\/wp-content\/uploads\/2024\/11\/Dark-Blue-and-Purple-Podcast-Audiogram-Instagram-Reel-1.jpg\" \/>\n\t<meta property=\"og:image:width\" content=\"1920\" \/>\n\t<meta property=\"og:image:height\" content=\"1080\" \/>\n\t<meta property=\"og:image:type\" content=\"image\/jpeg\" \/>\n<meta name=\"twitter:card\" content=\"summary_large_image\" \/>\n<meta name=\"twitter:label1\" content=\"Escrito por\" \/>\n\t<meta name=\"twitter:data1\" content=\"admin\" \/>\n\t<meta name=\"twitter:label2\" content=\"Tiempo de lectura\" \/>\n\t<meta name=\"twitter:data2\" content=\"2 minutos\" \/>\n<script type=\"application\/ld+json\" class=\"yoast-schema-graph\">{\"@context\":\"https:\/\/schema.org\",\"@graph\":[{\"@type\":\"Organization\",\"@id\":\"https:\/\/juliocesartriana.com\/#organization\",\"name\":\"Julio C\u00e9sar Triana - Representante a la C\u00e1mara\",\"url\":\"https:\/\/juliocesartriana.com\/\",\"sameAs\":[\"https:\/\/www.facebook.com\/TrianaCongreso\/\",\"https:\/\/www.instagram.com\/trianacongreso\/\"],\"logo\":{\"@type\":\"ImageObject\",\"@id\":\"https:\/\/juliocesartriana.com\/#logo\",\"inLanguage\":\"es\",\"url\":\"https:\/\/juliocesartriana.com\/wp-content\/uploads\/2021\/03\/Salo\u0301n-eli\u0301ptico-presidiendo-1.jpeg\",\"contentUrl\":\"https:\/\/juliocesartriana.com\/wp-content\/uploads\/2021\/03\/Salo\u0301n-eli\u0301ptico-presidiendo-1.jpeg\",\"width\":1280,\"height\":853,\"caption\":\"Julio C\u00e9sar Triana - Representante a la C\u00e1mara\"},\"image\":{\"@id\":\"https:\/\/juliocesartriana.com\/#logo\"}},{\"@type\":\"WebSite\",\"@id\":\"https:\/\/juliocesartriana.com\/#website\",\"url\":\"https:\/\/juliocesartriana.com\/\",\"name\":\"Julio C\u00e9sar Triana - Representante a la C\u00e1mara por el Huila\",\"description\":\"Representante a la C\u00e1mara por el Departamento del Huila.\",\"publisher\":{\"@id\":\"https:\/\/juliocesartriana.com\/#organization\"},\"potentialAction\":[{\"@type\":\"SearchAction\",\"target\":{\"@type\":\"EntryPoint\",\"urlTemplate\":\"https:\/\/juliocesartriana.com\/?s={search_term_string}\"},\"query-input\":\"required name=search_term_string\"}],\"inLanguage\":\"es\"},{\"@type\":\"ImageObject\",\"@id\":\"https:\/\/juliocesartriana.com\/index.php\/2024\/11\/18\/es-momento-de-ponerle-la-lupa-a-la-crisis-que-atraviesa-senalo-el-representante-julio-cesar-triana-tras-anunciar-citacion-a-debate-de-control-politico\/#primaryimage\",\"inLanguage\":\"es\",\"url\":\"https:\/\/juliocesartriana.com\/wp-content\/uploads\/2024\/11\/Dark-Blue-and-Purple-Podcast-Audiogram-Instagram-Reel-1.jpg\",\"contentUrl\":\"https:\/\/juliocesartriana.com\/wp-content\/uploads\/2024\/11\/Dark-Blue-and-Purple-Podcast-Audiogram-Instagram-Reel-1.jpg\",\"width\":1920,\"height\":1080},{\"@type\":\"WebPage\",\"@id\":\"https:\/\/juliocesartriana.com\/index.php\/2024\/11\/18\/es-momento-de-ponerle-la-lupa-a-la-crisis-que-atraviesa-senalo-el-representante-julio-cesar-triana-tras-anunciar-citacion-a-debate-de-control-politico\/#webpage\",\"url\":\"https:\/\/juliocesartriana.com\/index.php\/2024\/11\/18\/es-momento-de-ponerle-la-lupa-a-la-crisis-que-atraviesa-senalo-el-representante-julio-cesar-triana-tras-anunciar-citacion-a-debate-de-control-politico\/\",\"name\":\"Julio C\u00e9sar Triana - Representante a la C\u00e1mara por el Huila\",\"isPartOf\":{\"@id\":\"https:\/\/juliocesartriana.com\/#website\"},\"primaryImageOfPage\":{\"@id\":\"https:\/\/juliocesartriana.com\/index.php\/2024\/11\/18\/es-momento-de-ponerle-la-lupa-a-la-crisis-que-atraviesa-senalo-el-representante-julio-cesar-triana-tras-anunciar-citacion-a-debate-de-control-politico\/#primaryimage\"},\"datePublished\":\"2024-11-18T15:42:12+00:00\",\"dateModified\":\"2024-11-18T17:59:54+00:00\",\"breadcrumb\":{\"@id\":\"https:\/\/juliocesartriana.com\/index.php\/2024\/11\/18\/es-momento-de-ponerle-la-lupa-a-la-crisis-que-atraviesa-senalo-el-representante-julio-cesar-triana-tras-anunciar-citacion-a-debate-de-control-politico\/#breadcrumb\"},\"inLanguage\":\"es\",\"potentialAction\":[{\"@type\":\"ReadAction\",\"target\":[\"https:\/\/juliocesartriana.com\/index.php\/2024\/11\/18\/es-momento-de-ponerle-la-lupa-a-la-crisis-que-atraviesa-senalo-el-representante-julio-cesar-triana-tras-anunciar-citacion-a-debate-de-control-politico\/\"]}]},{\"@type\":\"BreadcrumbList\",\"@id\":\"https:\/\/juliocesartriana.com\/index.php\/2024\/11\/18\/es-momento-de-ponerle-la-lupa-a-la-crisis-que-atraviesa-senalo-el-representante-julio-cesar-triana-tras-anunciar-citacion-a-debate-de-control-politico\/#breadcrumb\",\"itemListElement\":[{\"@type\":\"ListItem\",\"position\":1,\"name\":\"Portada\",\"item\":\"https:\/\/juliocesartriana.com\/\"},{\"@type\":\"ListItem\",\"position\":2,\"name\":\"Citamos a MinDefensa a responder por la crisis que atraviesa Colombia en t\u00e9rminos de seguridad.\"}]},{\"@type\":\"Article\",\"@id\":\"https:\/\/juliocesartriana.com\/index.php\/2024\/11\/18\/es-momento-de-ponerle-la-lupa-a-la-crisis-que-atraviesa-senalo-el-representante-julio-cesar-triana-tras-anunciar-citacion-a-debate-de-control-politico\/#article\",\"isPartOf\":{\"@id\":\"https:\/\/juliocesartriana.com\/index.php\/2024\/11\/18\/es-momento-de-ponerle-la-lupa-a-la-crisis-que-atraviesa-senalo-el-representante-julio-cesar-triana-tras-anunciar-citacion-a-debate-de-control-politico\/#webpage\"},\"author\":{\"@id\":\"https:\/\/juliocesartriana.com\/#\/schema\/person\/deecb92c18f2299a8c280aa4eabd1a03\"},\"headline\":\"Citamos a MinDefensa a responder por la crisis que atraviesa Colombia en t\u00e9rminos de seguridad.\",\"datePublished\":\"2024-11-18T15:42:12+00:00\",\"dateModified\":\"2024-11-18T17:59:54+00:00\",\"mainEntityOfPage\":{\"@id\":\"https:\/\/juliocesartriana.com\/index.php\/2024\/11\/18\/es-momento-de-ponerle-la-lupa-a-la-crisis-que-atraviesa-senalo-el-representante-julio-cesar-triana-tras-anunciar-citacion-a-debate-de-control-politico\/#webpage\"},\"wordCount\":341,\"commentCount\":0,\"publisher\":{\"@id\":\"https:\/\/juliocesartriana.com\/#organization\"},\"image\":{\"@id\":\"https:\/\/juliocesartriana.com\/index.php\/2024\/11\/18\/es-momento-de-ponerle-la-lupa-a-la-crisis-que-atraviesa-senalo-el-representante-julio-cesar-triana-tras-anunciar-citacion-a-debate-de-control-politico\/#primaryimage\"},\"thumbnailUrl\":\"https:\/\/juliocesartriana.com\/wp-content\/uploads\/2024\/11\/Dark-Blue-and-Purple-Podcast-Audiogram-Instagram-Reel-1.jpg\",\"articleSection\":[\"Control Pol\u00edtico\"],\"inLanguage\":\"es\",\"potentialAction\":[{\"@type\":\"CommentAction\",\"name\":\"Comment\",\"target\":[\"https:\/\/juliocesartriana.com\/index.php\/2024\/11\/18\/es-momento-de-ponerle-la-lupa-a-la-crisis-que-atraviesa-senalo-el-representante-julio-cesar-triana-tras-anunciar-citacion-a-debate-de-control-politico\/#respond\"]}]},{\"@type\":\"Person\",\"@id\":\"https:\/\/juliocesartriana.com\/#\/schema\/person\/deecb92c18f2299a8c280aa4eabd1a03\",\"name\":\"admin\",\"image\":{\"@type\":\"ImageObject\",\"@id\":\"https:\/\/juliocesartriana.com\/#personlogo\",\"inLanguage\":\"es\",\"url\":\"https:\/\/secure.gravatar.com\/avatar\/a796496fa1985f3a559e872a5db21305d7a391de67117abdfa8eb899c7bea95c?s=96&d=mm&r=g\",\"contentUrl\":\"https:\/\/secure.gravatar.com\/avatar\/a796496fa1985f3a559e872a5db21305d7a391de67117abdfa8eb899c7bea95c?s=96&d=mm&r=g\",\"caption\":\"admin\"},\"sameAs\":[\"https:\/\/juliocesartriana.com\"],\"url\":\"https:\/\/juliocesartriana.com\/index.php\/author\/admin_dovqajq2\/\"}]}<\/script>\n<!-- \/ Yoast SEO plugin. -->","yoast_head_json":{"title":"Julio C\u00e9sar Triana - Representante a la C\u00e1mara por el Huila","robots":{"index":"index","follow":"follow","max-snippet":"max-snippet:-1","max-image-preview":"max-image-preview:large","max-video-preview":"max-video-preview:-1"},"canonical":"https:\/\/juliocesartriana.com\/index.php\/2024\/11\/18\/es-momento-de-ponerle-la-lupa-a-la-crisis-que-atraviesa-senalo-el-representante-julio-cesar-triana-tras-anunciar-citacion-a-debate-de-control-politico\/","og_locale":"es_ES","og_type":"article","og_title":"Julio C\u00e9sar Triana - Representante a la C\u00e1mara por el Huila","og_description":"Este mi\u00e9rcoles el Representante a la C\u00e1mara por el Huila denunci\u00f3 el acto terrorista que se cometi\u00f3 en Neiva por parte de las disidencias, y por ello, anunci\u00f3 que radicar\u00e1 una proposici\u00f3n ante la Comisi\u00f3n Primera de la C\u00e1mara de Representantes, el pr\u00f3ximo 20 de julio, para que se lleve a cabo un Debate de &hellip; Citamos a MinDefensa a responder por la crisis que atraviesa Colombia en t\u00e9rminos de seguridad. Leer m\u00e1s &raquo;","og_url":"https:\/\/juliocesartriana.com\/index.php\/2024\/11\/18\/es-momento-de-ponerle-la-lupa-a-la-crisis-que-atraviesa-senalo-el-representante-julio-cesar-triana-tras-anunciar-citacion-a-debate-de-control-politico\/","og_site_name":"Julio C\u00e9sar Triana - Representante a la C\u00e1mara por el Huila","article_publisher":"https:\/\/www.facebook.com\/TrianaCongreso\/","article_published_time":"2024-11-18T15:42:12+00:00","article_modified_time":"2024-11-18T17:59:54+00:00","og_image":[{"width":1920,"height":1080,"url":"https:\/\/juliocesartriana.com\/wp-content\/uploads\/2024\/11\/Dark-Blue-and-Purple-Podcast-Audiogram-Instagram-Reel-1.jpg","type":"image\/jpeg"}],"twitter_card":"summary_large_image","twitter_misc":{"Escrito por":"admin","Tiempo de lectura":"2 minutos"},"schema":{"@context":"https:\/\/schema.org","@graph":[{"@type":"Organization","@id":"https:\/\/juliocesartriana.com\/#organization","name":"Julio C\u00e9sar Triana - Representante a la C\u00e1mara","url":"https:\/\/juliocesartriana.com\/","sameAs":["https:\/\/www.facebook.com\/TrianaCongreso\/","https:\/\/www.instagram.com\/trianacongreso\/"],"logo":{"@type":"ImageObject","@id":"https:\/\/juliocesartriana.com\/#logo","inLanguage":"es","url":"https:\/\/juliocesartriana.com\/wp-content\/uploads\/2021\/03\/Salo\u0301n-eli\u0301ptico-presidiendo-1.jpeg","contentUrl":"https:\/\/juliocesartriana.com\/wp-content\/uploads\/2021\/03\/Salo\u0301n-eli\u0301ptico-presidiendo-1.jpeg","width":1280,"height":853,"caption":"Julio C\u00e9sar Triana - Representante a la C\u00e1mara"},"image":{"@id":"https:\/\/juliocesartriana.com\/#logo"}},{"@type":"WebSite","@id":"https:\/\/juliocesartriana.com\/#website","url":"https:\/\/juliocesartriana.com\/","name":"Julio C\u00e9sar Triana - Representante a la C\u00e1mara por el Huila","description":"Representante a la C\u00e1mara por el Departamento del Huila.","publisher":{"@id":"https:\/\/juliocesartriana.com\/#organization"},"potentialAction":[{"@type":"SearchAction","target":{"@type":"EntryPoint","urlTemplate":"https:\/\/juliocesartriana.com\/?s={search_term_string}"},"query-input":"required name=search_term_string"}],"inLanguage":"es"},{"@type":"ImageObject","@id":"https:\/\/juliocesartriana.com\/index.php\/2024\/11\/18\/es-momento-de-ponerle-la-lupa-a-la-crisis-que-atraviesa-senalo-el-representante-julio-cesar-triana-tras-anunciar-citacion-a-debate-de-control-politico\/#primaryimage","inLanguage":"es","url":"https:\/\/juliocesartriana.com\/wp-content\/uploads\/2024\/11\/Dark-Blue-and-Purple-Podcast-Audiogram-Instagram-Reel-1.jpg","contentUrl":"https:\/\/juliocesartriana.com\/wp-content\/uploads\/2024\/11\/Dark-Blue-and-Purple-Podcast-Audiogram-Instagram-Reel-1.jpg","width":1920,"height":1080},{"@type":"WebPage","@id":"https:\/\/juliocesartriana.com\/index.php\/2024\/11\/18\/es-momento-de-ponerle-la-lupa-a-la-crisis-que-atraviesa-senalo-el-representante-julio-cesar-triana-tras-anunciar-citacion-a-debate-de-control-politico\/#webpage","url":"https:\/\/juliocesartriana.com\/index.php\/2024\/11\/18\/es-momento-de-ponerle-la-lupa-a-la-crisis-que-atraviesa-senalo-el-representante-julio-cesar-triana-tras-anunciar-citacion-a-debate-de-control-politico\/","name":"Julio C\u00e9sar Triana - Representante a la C\u00e1mara por el Huila","isPartOf":{"@id":"https:\/\/juliocesartriana.com\/#website"},"primaryImageOfPage":{"@id":"https:\/\/juliocesartriana.com\/index.php\/2024\/11\/18\/es-momento-de-ponerle-la-lupa-a-la-crisis-que-atraviesa-senalo-el-representante-julio-cesar-triana-tras-anunciar-citacion-a-debate-de-control-politico\/#primaryimage"},"datePublished":"2024-11-18T15:42:12+00:00","dateModified":"2024-11-18T17:59:54+00:00","breadcrumb":{"@id":"https:\/\/juliocesartriana.com\/index.php\/2024\/11\/18\/es-momento-de-ponerle-la-lupa-a-la-crisis-que-atraviesa-senalo-el-representante-julio-cesar-triana-tras-anunciar-citacion-a-debate-de-control-politico\/#breadcrumb"},"inLanguage":"es","potentialAction":[{"@type":"ReadAction","target":["https:\/\/juliocesartriana.com\/index.php\/2024\/11\/18\/es-momento-de-ponerle-la-lupa-a-la-crisis-que-atraviesa-senalo-el-representante-julio-cesar-triana-tras-anunciar-citacion-a-debate-de-control-politico\/"]}]},{"@type":"BreadcrumbList","@id":"https:\/\/juliocesartriana.com\/index.php\/2024\/11\/18\/es-momento-de-ponerle-la-lupa-a-la-crisis-que-atraviesa-senalo-el-representante-julio-cesar-triana-tras-anunciar-citacion-a-debate-de-control-politico\/#breadcrumb","itemListElement":[{"@type":"ListItem","position":1,"name":"Portada","item":"https:\/\/juliocesartriana.com\/"},{"@type":"ListItem","position":2,"name":"Citamos a MinDefensa a responder por la crisis que atraviesa Colombia en t\u00e9rminos de seguridad."}]},{"@type":"Article","@id":"https:\/\/juliocesartriana.com\/index.php\/2024\/11\/18\/es-momento-de-ponerle-la-lupa-a-la-crisis-que-atraviesa-senalo-el-representante-julio-cesar-triana-tras-anunciar-citacion-a-debate-de-control-politico\/#article","isPartOf":{"@id":"https:\/\/juliocesartriana.com\/index.php\/2024\/11\/18\/es-momento-de-ponerle-la-lupa-a-la-crisis-que-atraviesa-senalo-el-representante-julio-cesar-triana-tras-anunciar-citacion-a-debate-de-control-politico\/#webpage"},"author":{"@id":"https:\/\/juliocesartriana.com\/#\/schema\/person\/deecb92c18f2299a8c280aa4eabd1a03"},"headline":"Citamos a MinDefensa a responder por la crisis que atraviesa Colombia en t\u00e9rminos de seguridad.","datePublished":"2024-11-18T15:42:12+00:00","dateModified":"2024-11-18T17:59:54+00:00","mainEntityOfPage":{"@id":"https:\/\/juliocesartriana.com\/index.php\/2024\/11\/18\/es-momento-de-ponerle-la-lupa-a-la-crisis-que-atraviesa-senalo-el-representante-julio-cesar-triana-tras-anunciar-citacion-a-debate-de-control-politico\/#webpage"},"wordCount":341,"commentCount":0,"publisher":{"@id":"https:\/\/juliocesartriana.com\/#organization"},"image":{"@id":"https:\/\/juliocesartriana.com\/index.php\/2024\/11\/18\/es-momento-de-ponerle-la-lupa-a-la-crisis-que-atraviesa-senalo-el-representante-julio-cesar-triana-tras-anunciar-citacion-a-debate-de-control-politico\/#primaryimage"},"thumbnailUrl":"https:\/\/juliocesartriana.com\/wp-content\/uploads\/2024\/11\/Dark-Blue-and-Purple-Podcast-Audiogram-Instagram-Reel-1.jpg","articleSection":["Control Pol\u00edtico"],"inLanguage":"es","potentialAction":[{"@type":"CommentAction","name":"Comment","target":["https:\/\/juliocesartriana.com\/index.php\/2024\/11\/18\/es-momento-de-ponerle-la-lupa-a-la-crisis-que-atraviesa-senalo-el-representante-julio-cesar-triana-tras-anunciar-citacion-a-debate-de-control-politico\/#respond"]}]},{"@type":"Person","@id":"https:\/\/juliocesartriana.com\/#\/schema\/person\/deecb92c18f2299a8c280aa4eabd1a03","name":"admin","image":{"@type":"ImageObject","@id":"https:\/\/juliocesartriana.com\/#personlogo","inLanguage":"es","url":"https:\/\/secure.gravatar.com\/avatar\/a796496fa1985f3a559e872a5db21305d7a391de67117abdfa8eb899c7bea95c?s=96&d=mm&r=g","contentUrl":"https:\/\/secure.gravatar.com\/avatar\/a796496fa1985f3a559e872a5db21305d7a391de67117abdfa8eb899c7bea95c?s=96&d=mm&r=g","caption":"admin"},"sameAs":["https:\/\/juliocesartriana.com"],"url":"https:\/\/juliocesartriana.com\/index.php\/author\/admin_dovqajq2\/"}]}},"_links":{"self":[{"href":"https:\/\/juliocesartriana.com\/index.php\/wp-json\/wp\/v2\/posts\/4452","targetHints":{"allow":["GET"]}}],"collection":[{"href":"https:\/\/juliocesartriana.com\/index.php\/wp-json\/wp\/v2\/posts"}],"about":[{"href":"https:\/\/juliocesartriana.com\/index.php\/wp-json\/wp\/v2\/types\/post"}],"author":[{"embeddable":true,"href":"https:\/\/juliocesartriana.com\/index.php\/wp-json\/wp\/v2\/users\/1"}],"replies":[{"embeddable":true,"href":"https:\/\/juliocesartriana.com\/index.php\/wp-json\/wp\/v2\/comments?post=4452"}],"version-history":[{"count":3,"href":"https:\/\/juliocesartriana.com\/index.php\/wp-json\/wp\/v2\/posts\/4452\/revisions"}],"predecessor-version":[{"id":4472,"href":"https:\/\/juliocesartriana.com\/index.php\/wp-json\/wp\/v2\/posts\/4452\/revisions\/4472"}],"wp:featuredmedia":[{"embeddable":true,"href":"https:\/\/juliocesartriana.com\/index.php\/wp-json\/wp\/v2\/media\/4454"}],"wp:attachment":[{"href":"https:\/\/juliocesartriana.com\/index.php\/wp-json\/wp\/v2\/media?parent=4452"}],"wp:term":[{"taxonomy":"category","embeddable":true,"href":"https:\/\/juliocesartriana.com\/index.php\/wp-json\/wp\/v2\/categories?post=4452"},{"taxonomy":"post_tag","embeddable":true,"href":"https:\/\/juliocesartriana.com\/index.php\/wp-json\/wp\/v2\/tags?post=4452"}],"curies":[{"name":"wp","href":"https:\/\/api.w.org\/{rel}","templated":true}]}}