{"id":4143,"date":"2024-06-20T22:00:37","date_gmt":"2024-06-20T22:00:37","guid":{"rendered":"https:\/\/juliocesartriana.com\/?p=4143"},"modified":"2026-02-08T22:56:38","modified_gmt":"2026-02-08T22:56:38","slug":"menos-vacaciones-en-el-congreso-2","status":"publish","type":"post","link":"https:\/\/juliocesartriana.com\/index.php\/2024\/06\/20\/menos-vacaciones-en-el-congreso-2\/","title":{"rendered":"Menos vacaciones en el Congreso"},"content":{"rendered":"\n<p>Con este acto legislativo, que modifica el art\u00edculo 138 de la Constituci\u00f3n, aumentar\u00e1 el periodo de sesiones ordinarias del Congreso.<br><br>As\u00ed las cosas, los congresistas iniciar\u00e1n su actividad legislativa el 16 de febrero y no el 16<br>de marzo, como ocurr\u00eda anteriormente. Sin embargo, durante este mes no podr\u00e1n<br>tramitarse proyectos de leyes estatutarias ni reformas a la Constituci\u00f3n, solo proyectos de<br>ley ordinaria. De igual manera, se podr\u00e1n realizar debates de control pol\u00edtico y audiencias<br>p\u00fablicas.<br><br>Dentro del acto legislativo tambi\u00e9n qued\u00f3 contemplado que en el a\u00f1o en que se lleven a<br>cabo elecciones al Congreso de la Rep\u00fablica, este periodo iniciar\u00e1 el 16 de marzo (y no el<br>16 de febrero) y concluir\u00e1 el 20 de junio.<br><br>En promedio, en una legislatura se presentan 650 iniciativas, entre proyectos de ley y actos<br>legislativos, de los cuales el 12% logran iniciar su tr\u00e1mite y solo el 1 % son aprobados.<br>El panorama en el 2023, en cuanto a control pol\u00edtico, que es una de las principales<br>funciones del Congreso, tampoco fue alentador: de marzo a junio se realizaron solo dos<br>debates de control pol\u00edtico y de julio a diciembre, cuatro.<\/p>\n","protected":false},"excerpt":{"rendered":"<p>Con este acto legislativo, que modifica el art\u00edculo 138 de la Constituci\u00f3n, aumentar\u00e1 el periodo de sesiones ordinarias del Congreso. As\u00ed las cosas, los congresistas iniciar\u00e1n su actividad legislativa el 16 de febrero y no el 16de marzo, como ocurr\u00eda anteriormente. Sin embargo, durante este mes no podr\u00e1ntramitarse proyectos de leyes estatutarias ni reformas a &hellip;<\/p>\n<p class=\"read-more\"> <a class=\"\" href=\"https:\/\/juliocesartriana.com\/index.php\/2024\/06\/20\/menos-vacaciones-en-el-congreso-2\/\"> <span class=\"screen-reader-text\">Menos vacaciones en el Congreso<\/span> Leer m\u00e1s &raquo;<\/a><\/p>\n","protected":false},"author":1,"featured_media":4588,"comment_status":"open","ping_status":"open","sticky":false,"template":"","format":"standard","meta":{"ngg_post_thumbnail":0,"footnotes":""},"categories":[11],"tags":[],"class_list":["post-4143","post","type-post","status-publish","format-standard","has-post-thumbnail","hentry","category-leyes-de-la-republica"],"yoast_head":"<!-- This site is optimized with the Yoast SEO plugin v18.5.1 - https:\/\/yoast.com\/wordpress\/plugins\/seo\/ -->\n<title>Julio C\u00e9sar Triana - Representante a la C\u00e1mara por el Huila<\/title>\n<meta name=\"robots\" content=\"index, follow, max-snippet:-1, max-image-preview:large, max-video-preview:-1\" \/>\n<link rel=\"canonical\" href=\"https:\/\/juliocesartriana.com\/index.php\/2024\/06\/20\/menos-vacaciones-en-el-congreso-2\/\" \/>\n<meta property=\"og:locale\" content=\"es_ES\" \/>\n<meta property=\"og:type\" content=\"article\" \/>\n<meta property=\"og:title\" content=\"Julio C\u00e9sar Triana - Representante a la C\u00e1mara por el Huila\" \/>\n<meta property=\"og:description\" content=\"Con este acto legislativo, que modifica el art\u00edculo 138 de la Constituci\u00f3n, aumentar\u00e1 el periodo de sesiones ordinarias del Congreso. As\u00ed las cosas, los congresistas iniciar\u00e1n su actividad legislativa el 16 de febrero y no el 16de marzo, como ocurr\u00eda anteriormente. Sin embargo, durante este mes no podr\u00e1ntramitarse proyectos de leyes estatutarias ni reformas a &hellip; Menos vacaciones en el Congreso Leer m\u00e1s &raquo;\" \/>\n<meta property=\"og:url\" content=\"https:\/\/juliocesartriana.com\/index.php\/2024\/06\/20\/menos-vacaciones-en-el-congreso-2\/\" \/>\n<meta property=\"og:site_name\" content=\"Julio C\u00e9sar Triana - Representante a la C\u00e1mara por el Huila\" \/>\n<meta property=\"article:publisher\" content=\"https:\/\/www.facebook.com\/TrianaCongreso\/\" \/>\n<meta property=\"article:published_time\" content=\"2024-06-20T22:00:37+00:00\" \/>\n<meta property=\"article:modified_time\" content=\"2026-02-08T22:56:38+00:00\" \/>\n<meta property=\"og:image\" content=\"https:\/\/juliocesartriana.com\/wp-content\/uploads\/2024\/06\/bloc9.png\" \/>\n\t<meta property=\"og:image:width\" content=\"1000\" \/>\n\t<meta property=\"og:image:height\" content=\"700\" \/>\n\t<meta property=\"og:image:type\" content=\"image\/png\" \/>\n<meta name=\"twitter:card\" content=\"summary_large_image\" \/>\n<meta name=\"twitter:label1\" content=\"Escrito por\" \/>\n\t<meta name=\"twitter:data1\" content=\"admin\" \/>\n\t<meta name=\"twitter:label2\" content=\"Tiempo de lectura\" \/>\n\t<meta name=\"twitter:data2\" content=\"1 minuto\" \/>\n<script type=\"application\/ld+json\" class=\"yoast-schema-graph\">{\"@context\":\"https:\/\/schema.org\",\"@graph\":[{\"@type\":\"Organization\",\"@id\":\"https:\/\/juliocesartriana.com\/#organization\",\"name\":\"Julio C\u00e9sar Triana - Representante a la C\u00e1mara\",\"url\":\"https:\/\/juliocesartriana.com\/\",\"sameAs\":[\"https:\/\/www.facebook.com\/TrianaCongreso\/\",\"https:\/\/www.instagram.com\/trianacongreso\/\"],\"logo\":{\"@type\":\"ImageObject\",\"@id\":\"https:\/\/juliocesartriana.com\/#logo\",\"inLanguage\":\"es\",\"url\":\"https:\/\/juliocesartriana.com\/wp-content\/uploads\/2021\/03\/Salo\u0301n-eli\u0301ptico-presidiendo-1.jpeg\",\"contentUrl\":\"https:\/\/juliocesartriana.com\/wp-content\/uploads\/2021\/03\/Salo\u0301n-eli\u0301ptico-presidiendo-1.jpeg\",\"width\":1280,\"height\":853,\"caption\":\"Julio C\u00e9sar Triana - Representante a la C\u00e1mara\"},\"image\":{\"@id\":\"https:\/\/juliocesartriana.com\/#logo\"}},{\"@type\":\"WebSite\",\"@id\":\"https:\/\/juliocesartriana.com\/#website\",\"url\":\"https:\/\/juliocesartriana.com\/\",\"name\":\"Julio C\u00e9sar Triana - Representante a la C\u00e1mara por el Huila\",\"description\":\"Representante a la C\u00e1mara por el Departamento del Huila.\",\"publisher\":{\"@id\":\"https:\/\/juliocesartriana.com\/#organization\"},\"potentialAction\":[{\"@type\":\"SearchAction\",\"target\":{\"@type\":\"EntryPoint\",\"urlTemplate\":\"https:\/\/juliocesartriana.com\/?s={search_term_string}\"},\"query-input\":\"required name=search_term_string\"}],\"inLanguage\":\"es\"},{\"@type\":\"ImageObject\",\"@id\":\"https:\/\/juliocesartriana.com\/index.php\/2024\/06\/20\/menos-vacaciones-en-el-congreso-2\/#primaryimage\",\"inLanguage\":\"es\",\"url\":\"https:\/\/juliocesartriana.com\/wp-content\/uploads\/2024\/06\/bloc9.png\",\"contentUrl\":\"https:\/\/juliocesartriana.com\/wp-content\/uploads\/2024\/06\/bloc9.png\",\"width\":1000,\"height\":700},{\"@type\":\"WebPage\",\"@id\":\"https:\/\/juliocesartriana.com\/index.php\/2024\/06\/20\/menos-vacaciones-en-el-congreso-2\/#webpage\",\"url\":\"https:\/\/juliocesartriana.com\/index.php\/2024\/06\/20\/menos-vacaciones-en-el-congreso-2\/\",\"name\":\"Julio C\u00e9sar Triana - Representante a la C\u00e1mara por el Huila\",\"isPartOf\":{\"@id\":\"https:\/\/juliocesartriana.com\/#website\"},\"primaryImageOfPage\":{\"@id\":\"https:\/\/juliocesartriana.com\/index.php\/2024\/06\/20\/menos-vacaciones-en-el-congreso-2\/#primaryimage\"},\"datePublished\":\"2024-06-20T22:00:37+00:00\",\"dateModified\":\"2026-02-08T22:56:38+00:00\",\"breadcrumb\":{\"@id\":\"https:\/\/juliocesartriana.com\/index.php\/2024\/06\/20\/menos-vacaciones-en-el-congreso-2\/#breadcrumb\"},\"inLanguage\":\"es\",\"potentialAction\":[{\"@type\":\"ReadAction\",\"target\":[\"https:\/\/juliocesartriana.com\/index.php\/2024\/06\/20\/menos-vacaciones-en-el-congreso-2\/\"]}]},{\"@type\":\"BreadcrumbList\",\"@id\":\"https:\/\/juliocesartriana.com\/index.php\/2024\/06\/20\/menos-vacaciones-en-el-congreso-2\/#breadcrumb\",\"itemListElement\":[{\"@type\":\"ListItem\",\"position\":1,\"name\":\"Portada\",\"item\":\"https:\/\/juliocesartriana.com\/\"},{\"@type\":\"ListItem\",\"position\":2,\"name\":\"Menos vacaciones en el Congreso\"}]},{\"@type\":\"Article\",\"@id\":\"https:\/\/juliocesartriana.com\/index.php\/2024\/06\/20\/menos-vacaciones-en-el-congreso-2\/#article\",\"isPartOf\":{\"@id\":\"https:\/\/juliocesartriana.com\/index.php\/2024\/06\/20\/menos-vacaciones-en-el-congreso-2\/#webpage\"},\"author\":{\"@id\":\"https:\/\/juliocesartriana.com\/#\/schema\/person\/deecb92c18f2299a8c280aa4eabd1a03\"},\"headline\":\"Menos vacaciones en el Congreso\",\"datePublished\":\"2024-06-20T22:00:37+00:00\",\"dateModified\":\"2026-02-08T22:56:38+00:00\",\"mainEntityOfPage\":{\"@id\":\"https:\/\/juliocesartriana.com\/index.php\/2024\/06\/20\/menos-vacaciones-en-el-congreso-2\/#webpage\"},\"wordCount\":193,\"commentCount\":0,\"publisher\":{\"@id\":\"https:\/\/juliocesartriana.com\/#organization\"},\"image\":{\"@id\":\"https:\/\/juliocesartriana.com\/index.php\/2024\/06\/20\/menos-vacaciones-en-el-congreso-2\/#primaryimage\"},\"thumbnailUrl\":\"https:\/\/juliocesartriana.com\/wp-content\/uploads\/2024\/06\/bloc9.png\",\"articleSection\":[\"Leyes de la Rep\u00fablica\"],\"inLanguage\":\"es\",\"potentialAction\":[{\"@type\":\"CommentAction\",\"name\":\"Comment\",\"target\":[\"https:\/\/juliocesartriana.com\/index.php\/2024\/06\/20\/menos-vacaciones-en-el-congreso-2\/#respond\"]}]},{\"@type\":\"Person\",\"@id\":\"https:\/\/juliocesartriana.com\/#\/schema\/person\/deecb92c18f2299a8c280aa4eabd1a03\",\"name\":\"admin\",\"image\":{\"@type\":\"ImageObject\",\"@id\":\"https:\/\/juliocesartriana.com\/#personlogo\",\"inLanguage\":\"es\",\"url\":\"https:\/\/secure.gravatar.com\/avatar\/a796496fa1985f3a559e872a5db21305d7a391de67117abdfa8eb899c7bea95c?s=96&d=mm&r=g\",\"contentUrl\":\"https:\/\/secure.gravatar.com\/avatar\/a796496fa1985f3a559e872a5db21305d7a391de67117abdfa8eb899c7bea95c?s=96&d=mm&r=g\",\"caption\":\"admin\"},\"sameAs\":[\"https:\/\/juliocesartriana.com\"],\"url\":\"https:\/\/juliocesartriana.com\/index.php\/author\/admin_dovqajq2\/\"}]}<\/script>\n<!-- \/ Yoast SEO plugin. -->","yoast_head_json":{"title":"Julio C\u00e9sar Triana - Representante a la C\u00e1mara por el Huila","robots":{"index":"index","follow":"follow","max-snippet":"max-snippet:-1","max-image-preview":"max-image-preview:large","max-video-preview":"max-video-preview:-1"},"canonical":"https:\/\/juliocesartriana.com\/index.php\/2024\/06\/20\/menos-vacaciones-en-el-congreso-2\/","og_locale":"es_ES","og_type":"article","og_title":"Julio C\u00e9sar Triana - Representante a la C\u00e1mara por el Huila","og_description":"Con este acto legislativo, que modifica el art\u00edculo 138 de la Constituci\u00f3n, aumentar\u00e1 el periodo de sesiones ordinarias del Congreso. As\u00ed las cosas, los congresistas iniciar\u00e1n su actividad legislativa el 16 de febrero y no el 16de marzo, como ocurr\u00eda anteriormente. Sin embargo, durante este mes no podr\u00e1ntramitarse proyectos de leyes estatutarias ni reformas a &hellip; Menos vacaciones en el Congreso Leer m\u00e1s &raquo;","og_url":"https:\/\/juliocesartriana.com\/index.php\/2024\/06\/20\/menos-vacaciones-en-el-congreso-2\/","og_site_name":"Julio C\u00e9sar Triana - Representante a la C\u00e1mara por el Huila","article_publisher":"https:\/\/www.facebook.com\/TrianaCongreso\/","article_published_time":"2024-06-20T22:00:37+00:00","article_modified_time":"2026-02-08T22:56:38+00:00","og_image":[{"width":1000,"height":700,"url":"https:\/\/juliocesartriana.com\/wp-content\/uploads\/2024\/06\/bloc9.png","type":"image\/png"}],"twitter_card":"summary_large_image","twitter_misc":{"Escrito por":"admin","Tiempo de lectura":"1 minuto"},"schema":{"@context":"https:\/\/schema.org","@graph":[{"@type":"Organization","@id":"https:\/\/juliocesartriana.com\/#organization","name":"Julio C\u00e9sar Triana - Representante a la C\u00e1mara","url":"https:\/\/juliocesartriana.com\/","sameAs":["https:\/\/www.facebook.com\/TrianaCongreso\/","https:\/\/www.instagram.com\/trianacongreso\/"],"logo":{"@type":"ImageObject","@id":"https:\/\/juliocesartriana.com\/#logo","inLanguage":"es","url":"https:\/\/juliocesartriana.com\/wp-content\/uploads\/2021\/03\/Salo\u0301n-eli\u0301ptico-presidiendo-1.jpeg","contentUrl":"https:\/\/juliocesartriana.com\/wp-content\/uploads\/2021\/03\/Salo\u0301n-eli\u0301ptico-presidiendo-1.jpeg","width":1280,"height":853,"caption":"Julio C\u00e9sar Triana - Representante a la C\u00e1mara"},"image":{"@id":"https:\/\/juliocesartriana.com\/#logo"}},{"@type":"WebSite","@id":"https:\/\/juliocesartriana.com\/#website","url":"https:\/\/juliocesartriana.com\/","name":"Julio C\u00e9sar Triana - Representante a la C\u00e1mara por el Huila","description":"Representante a la C\u00e1mara por el Departamento del Huila.","publisher":{"@id":"https:\/\/juliocesartriana.com\/#organization"},"potentialAction":[{"@type":"SearchAction","target":{"@type":"EntryPoint","urlTemplate":"https:\/\/juliocesartriana.com\/?s={search_term_string}"},"query-input":"required name=search_term_string"}],"inLanguage":"es"},{"@type":"ImageObject","@id":"https:\/\/juliocesartriana.com\/index.php\/2024\/06\/20\/menos-vacaciones-en-el-congreso-2\/#primaryimage","inLanguage":"es","url":"https:\/\/juliocesartriana.com\/wp-content\/uploads\/2024\/06\/bloc9.png","contentUrl":"https:\/\/juliocesartriana.com\/wp-content\/uploads\/2024\/06\/bloc9.png","width":1000,"height":700},{"@type":"WebPage","@id":"https:\/\/juliocesartriana.com\/index.php\/2024\/06\/20\/menos-vacaciones-en-el-congreso-2\/#webpage","url":"https:\/\/juliocesartriana.com\/index.php\/2024\/06\/20\/menos-vacaciones-en-el-congreso-2\/","name":"Julio C\u00e9sar Triana - Representante a la C\u00e1mara por el Huila","isPartOf":{"@id":"https:\/\/juliocesartriana.com\/#website"},"primaryImageOfPage":{"@id":"https:\/\/juliocesartriana.com\/index.php\/2024\/06\/20\/menos-vacaciones-en-el-congreso-2\/#primaryimage"},"datePublished":"2024-06-20T22:00:37+00:00","dateModified":"2026-02-08T22:56:38+00:00","breadcrumb":{"@id":"https:\/\/juliocesartriana.com\/index.php\/2024\/06\/20\/menos-vacaciones-en-el-congreso-2\/#breadcrumb"},"inLanguage":"es","potentialAction":[{"@type":"ReadAction","target":["https:\/\/juliocesartriana.com\/index.php\/2024\/06\/20\/menos-vacaciones-en-el-congreso-2\/"]}]},{"@type":"BreadcrumbList","@id":"https:\/\/juliocesartriana.com\/index.php\/2024\/06\/20\/menos-vacaciones-en-el-congreso-2\/#breadcrumb","itemListElement":[{"@type":"ListItem","position":1,"name":"Portada","item":"https:\/\/juliocesartriana.com\/"},{"@type":"ListItem","position":2,"name":"Menos vacaciones en el Congreso"}]},{"@type":"Article","@id":"https:\/\/juliocesartriana.com\/index.php\/2024\/06\/20\/menos-vacaciones-en-el-congreso-2\/#article","isPartOf":{"@id":"https:\/\/juliocesartriana.com\/index.php\/2024\/06\/20\/menos-vacaciones-en-el-congreso-2\/#webpage"},"author":{"@id":"https:\/\/juliocesartriana.com\/#\/schema\/person\/deecb92c18f2299a8c280aa4eabd1a03"},"headline":"Menos vacaciones en el Congreso","datePublished":"2024-06-20T22:00:37+00:00","dateModified":"2026-02-08T22:56:38+00:00","mainEntityOfPage":{"@id":"https:\/\/juliocesartriana.com\/index.php\/2024\/06\/20\/menos-vacaciones-en-el-congreso-2\/#webpage"},"wordCount":193,"commentCount":0,"publisher":{"@id":"https:\/\/juliocesartriana.com\/#organization"},"image":{"@id":"https:\/\/juliocesartriana.com\/index.php\/2024\/06\/20\/menos-vacaciones-en-el-congreso-2\/#primaryimage"},"thumbnailUrl":"https:\/\/juliocesartriana.com\/wp-content\/uploads\/2024\/06\/bloc9.png","articleSection":["Leyes de la Rep\u00fablica"],"inLanguage":"es","potentialAction":[{"@type":"CommentAction","name":"Comment","target":["https:\/\/juliocesartriana.com\/index.php\/2024\/06\/20\/menos-vacaciones-en-el-congreso-2\/#respond"]}]},{"@type":"Person","@id":"https:\/\/juliocesartriana.com\/#\/schema\/person\/deecb92c18f2299a8c280aa4eabd1a03","name":"admin","image":{"@type":"ImageObject","@id":"https:\/\/juliocesartriana.com\/#personlogo","inLanguage":"es","url":"https:\/\/secure.gravatar.com\/avatar\/a796496fa1985f3a559e872a5db21305d7a391de67117abdfa8eb899c7bea95c?s=96&d=mm&r=g","contentUrl":"https:\/\/secure.gravatar.com\/avatar\/a796496fa1985f3a559e872a5db21305d7a391de67117abdfa8eb899c7bea95c?s=96&d=mm&r=g","caption":"admin"},"sameAs":["https:\/\/juliocesartriana.com"],"url":"https:\/\/juliocesartriana.com\/index.php\/author\/admin_dovqajq2\/"}]}},"_links":{"self":[{"href":"https:\/\/juliocesartriana.com\/index.php\/wp-json\/wp\/v2\/posts\/4143","targetHints":{"allow":["GET"]}}],"collection":[{"href":"https:\/\/juliocesartriana.com\/index.php\/wp-json\/wp\/v2\/posts"}],"about":[{"href":"https:\/\/juliocesartriana.com\/index.php\/wp-json\/wp\/v2\/types\/post"}],"author":[{"embeddable":true,"href":"https:\/\/juliocesartriana.com\/index.php\/wp-json\/wp\/v2\/users\/1"}],"replies":[{"embeddable":true,"href":"https:\/\/juliocesartriana.com\/index.php\/wp-json\/wp\/v2\/comments?post=4143"}],"version-history":[{"count":1,"href":"https:\/\/juliocesartriana.com\/index.php\/wp-json\/wp\/v2\/posts\/4143\/revisions"}],"predecessor-version":[{"id":4145,"href":"https:\/\/juliocesartriana.com\/index.php\/wp-json\/wp\/v2\/posts\/4143\/revisions\/4145"}],"wp:featuredmedia":[{"embeddable":true,"href":"https:\/\/juliocesartriana.com\/index.php\/wp-json\/wp\/v2\/media\/4588"}],"wp:attachment":[{"href":"https:\/\/juliocesartriana.com\/index.php\/wp-json\/wp\/v2\/media?parent=4143"}],"wp:term":[{"taxonomy":"category","embeddable":true,"href":"https:\/\/juliocesartriana.com\/index.php\/wp-json\/wp\/v2\/categories?post=4143"},{"taxonomy":"post_tag","embeddable":true,"href":"https:\/\/juliocesartriana.com\/index.php\/wp-json\/wp\/v2\/tags?post=4143"}],"curies":[{"name":"wp","href":"https:\/\/api.w.org\/{rel}","templated":true}]}}