{"id":4137,"date":"2024-06-20T21:36:37","date_gmt":"2024-06-20T21:36:37","guid":{"rendered":"https:\/\/juliocesartriana.com\/?p=4137"},"modified":"2024-06-20T21:36:39","modified_gmt":"2024-06-20T21:36:39","slug":"todos-los-municipios-cafeteros-del-huila-deben-ser-incluidos-en-el-faia","status":"publish","type":"post","link":"https:\/\/juliocesartriana.com\/index.php\/2024\/06\/20\/todos-los-municipios-cafeteros-del-huila-deben-ser-incluidos-en-el-faia\/","title":{"rendered":"Todos los municipios cafeteros del Huila deben ser incluidos en el FAIA"},"content":{"rendered":"\n<p>Con el Huila y los cafeteros del departamento se est\u00e1 cometiendo una injusticia por parte del Gobierno Nacional y al d\u00eda de hoy seguimos esperando una explicaci\u00f3n. <br><br>El Ministerio de Agricultura cre\u00f3 el Fondo de Acceso a Insumos Agr\u00edcolas, un programa que brinda beneficios econ\u00f3micos de hasta el 30% en la compra de agroinsumos para las peque\u00f1as familias cafeteras que en esta oportunidad se han visto afectadas por el fen\u00f3meno del ni\u00f1o.<br><br>Lo parad\u00f3jico es que al Huila, que es el principal productor de caf\u00e9 en Colombia, solo le fueron incluidos dos municipios dentro de este fondo, mientras que, a otros departamentos, con mucha menos producci\u00f3n cafetera, le fueron seleccionados entre 26 y 14 municipios. \u00bfInjusto y sospechoso no?<br><br>Por eso, el mismo d\u00eda que sali\u00f3 la lista de municipios beneficiados presentamos al Ministerio de Agricultura este derecho de petici\u00f3n donde le solicitamos al GOBIERNO que incluya a los 35 municipios del Huila que viven de la producci\u00f3n de este grano.<br><br>No hacerlo es darle la espalda a m\u00e1s de 85.000 cafeteros de mi departamento, la mayor\u00eda peque\u00f1os productores, que generan m\u00e1s del 18% de la producci\u00f3n cafetera en el pa\u00eds.<\/p>\n","protected":false},"excerpt":{"rendered":"<p>Con el Huila y los cafeteros del departamento se est\u00e1 cometiendo una injusticia por parte del Gobierno Nacional y al d\u00eda de hoy seguimos esperando una explicaci\u00f3n. El Ministerio de Agricultura cre\u00f3 el Fondo de Acceso a Insumos Agr\u00edcolas, un programa que brinda beneficios econ\u00f3micos de hasta el 30% en la compra de agroinsumos para &hellip;<\/p>\n<p class=\"read-more\"> <a class=\"\" href=\"https:\/\/juliocesartriana.com\/index.php\/2024\/06\/20\/todos-los-municipios-cafeteros-del-huila-deben-ser-incluidos-en-el-faia\/\"> <span class=\"screen-reader-text\">Todos los municipios cafeteros del Huila deben ser incluidos en el FAIA<\/span> Leer m\u00e1s &raquo;<\/a><\/p>\n","protected":false},"author":1,"featured_media":4138,"comment_status":"open","ping_status":"open","sticky":false,"template":"","format":"standard","meta":{"ngg_post_thumbnail":0,"footnotes":""},"categories":[8],"tags":[],"class_list":["post-4137","post","type-post","status-publish","format-standard","has-post-thumbnail","hentry","category-gestion-por-el-huila"],"yoast_head":"<!-- This site is optimized with the Yoast SEO plugin v18.5.1 - https:\/\/yoast.com\/wordpress\/plugins\/seo\/ -->\n<title>Julio C\u00e9sar Triana - Representante a la C\u00e1mara por el Huila<\/title>\n<meta name=\"robots\" content=\"index, follow, max-snippet:-1, max-image-preview:large, max-video-preview:-1\" \/>\n<link rel=\"canonical\" href=\"https:\/\/juliocesartriana.com\/index.php\/2024\/06\/20\/todos-los-municipios-cafeteros-del-huila-deben-ser-incluidos-en-el-faia\/\" \/>\n<meta property=\"og:locale\" content=\"es_ES\" \/>\n<meta property=\"og:type\" content=\"article\" \/>\n<meta property=\"og:title\" content=\"Julio C\u00e9sar Triana - Representante a la C\u00e1mara por el Huila\" \/>\n<meta property=\"og:description\" content=\"Con el Huila y los cafeteros del departamento se est\u00e1 cometiendo una injusticia por parte del Gobierno Nacional y al d\u00eda de hoy seguimos esperando una explicaci\u00f3n. El Ministerio de Agricultura cre\u00f3 el Fondo de Acceso a Insumos Agr\u00edcolas, un programa que brinda beneficios econ\u00f3micos de hasta el 30% en la compra de agroinsumos para &hellip; Todos los municipios cafeteros del Huila deben ser incluidos en el FAIA Leer m\u00e1s &raquo;\" \/>\n<meta property=\"og:url\" content=\"https:\/\/juliocesartriana.com\/index.php\/2024\/06\/20\/todos-los-municipios-cafeteros-del-huila-deben-ser-incluidos-en-el-faia\/\" \/>\n<meta property=\"og:site_name\" content=\"Julio C\u00e9sar Triana - Representante a la C\u00e1mara por el Huila\" \/>\n<meta property=\"article:publisher\" content=\"https:\/\/www.facebook.com\/TrianaCongreso\/\" \/>\n<meta property=\"article:published_time\" content=\"2024-06-20T21:36:37+00:00\" \/>\n<meta property=\"article:modified_time\" content=\"2024-06-20T21:36:39+00:00\" \/>\n<meta property=\"og:image\" content=\"https:\/\/juliocesartriana.com\/wp-content\/uploads\/2024\/06\/IMG_0851-1024x605.jpeg\" \/>\n\t<meta property=\"og:image:width\" content=\"1024\" \/>\n\t<meta property=\"og:image:height\" content=\"605\" \/>\n\t<meta property=\"og:image:type\" content=\"image\/jpeg\" \/>\n<meta name=\"twitter:card\" content=\"summary_large_image\" \/>\n<meta name=\"twitter:label1\" content=\"Escrito por\" \/>\n\t<meta name=\"twitter:data1\" content=\"admin\" \/>\n\t<meta name=\"twitter:label2\" content=\"Tiempo de lectura\" \/>\n\t<meta name=\"twitter:data2\" content=\"1 minuto\" \/>\n<script type=\"application\/ld+json\" class=\"yoast-schema-graph\">{\"@context\":\"https:\/\/schema.org\",\"@graph\":[{\"@type\":\"Organization\",\"@id\":\"https:\/\/juliocesartriana.com\/#organization\",\"name\":\"Julio C\u00e9sar Triana - Representante a la C\u00e1mara\",\"url\":\"https:\/\/juliocesartriana.com\/\",\"sameAs\":[\"https:\/\/www.facebook.com\/TrianaCongreso\/\",\"https:\/\/www.instagram.com\/trianacongreso\/\"],\"logo\":{\"@type\":\"ImageObject\",\"@id\":\"https:\/\/juliocesartriana.com\/#logo\",\"inLanguage\":\"es\",\"url\":\"https:\/\/juliocesartriana.com\/wp-content\/uploads\/2021\/03\/Salo\u0301n-eli\u0301ptico-presidiendo-1.jpeg\",\"contentUrl\":\"https:\/\/juliocesartriana.com\/wp-content\/uploads\/2021\/03\/Salo\u0301n-eli\u0301ptico-presidiendo-1.jpeg\",\"width\":1280,\"height\":853,\"caption\":\"Julio C\u00e9sar Triana - Representante a la C\u00e1mara\"},\"image\":{\"@id\":\"https:\/\/juliocesartriana.com\/#logo\"}},{\"@type\":\"WebSite\",\"@id\":\"https:\/\/juliocesartriana.com\/#website\",\"url\":\"https:\/\/juliocesartriana.com\/\",\"name\":\"Julio C\u00e9sar Triana - Representante a la C\u00e1mara por el Huila\",\"description\":\"Representante a la C\u00e1mara por el Departamento del Huila.\",\"publisher\":{\"@id\":\"https:\/\/juliocesartriana.com\/#organization\"},\"potentialAction\":[{\"@type\":\"SearchAction\",\"target\":{\"@type\":\"EntryPoint\",\"urlTemplate\":\"https:\/\/juliocesartriana.com\/?s={search_term_string}\"},\"query-input\":\"required name=search_term_string\"}],\"inLanguage\":\"es\"},{\"@type\":\"ImageObject\",\"@id\":\"https:\/\/juliocesartriana.com\/index.php\/2024\/06\/20\/todos-los-municipios-cafeteros-del-huila-deben-ser-incluidos-en-el-faia\/#primaryimage\",\"inLanguage\":\"es\",\"url\":\"https:\/\/juliocesartriana.com\/wp-content\/uploads\/2024\/06\/IMG_0851.jpeg\",\"contentUrl\":\"https:\/\/juliocesartriana.com\/wp-content\/uploads\/2024\/06\/IMG_0851.jpeg\",\"width\":2100,\"height\":1240},{\"@type\":\"WebPage\",\"@id\":\"https:\/\/juliocesartriana.com\/index.php\/2024\/06\/20\/todos-los-municipios-cafeteros-del-huila-deben-ser-incluidos-en-el-faia\/#webpage\",\"url\":\"https:\/\/juliocesartriana.com\/index.php\/2024\/06\/20\/todos-los-municipios-cafeteros-del-huila-deben-ser-incluidos-en-el-faia\/\",\"name\":\"Julio C\u00e9sar Triana - Representante a la C\u00e1mara por el Huila\",\"isPartOf\":{\"@id\":\"https:\/\/juliocesartriana.com\/#website\"},\"primaryImageOfPage\":{\"@id\":\"https:\/\/juliocesartriana.com\/index.php\/2024\/06\/20\/todos-los-municipios-cafeteros-del-huila-deben-ser-incluidos-en-el-faia\/#primaryimage\"},\"datePublished\":\"2024-06-20T21:36:37+00:00\",\"dateModified\":\"2024-06-20T21:36:39+00:00\",\"breadcrumb\":{\"@id\":\"https:\/\/juliocesartriana.com\/index.php\/2024\/06\/20\/todos-los-municipios-cafeteros-del-huila-deben-ser-incluidos-en-el-faia\/#breadcrumb\"},\"inLanguage\":\"es\",\"potentialAction\":[{\"@type\":\"ReadAction\",\"target\":[\"https:\/\/juliocesartriana.com\/index.php\/2024\/06\/20\/todos-los-municipios-cafeteros-del-huila-deben-ser-incluidos-en-el-faia\/\"]}]},{\"@type\":\"BreadcrumbList\",\"@id\":\"https:\/\/juliocesartriana.com\/index.php\/2024\/06\/20\/todos-los-municipios-cafeteros-del-huila-deben-ser-incluidos-en-el-faia\/#breadcrumb\",\"itemListElement\":[{\"@type\":\"ListItem\",\"position\":1,\"name\":\"Portada\",\"item\":\"https:\/\/juliocesartriana.com\/\"},{\"@type\":\"ListItem\",\"position\":2,\"name\":\"Todos los municipios cafeteros del Huila deben ser incluidos en el FAIA\"}]},{\"@type\":\"Article\",\"@id\":\"https:\/\/juliocesartriana.com\/index.php\/2024\/06\/20\/todos-los-municipios-cafeteros-del-huila-deben-ser-incluidos-en-el-faia\/#article\",\"isPartOf\":{\"@id\":\"https:\/\/juliocesartriana.com\/index.php\/2024\/06\/20\/todos-los-municipios-cafeteros-del-huila-deben-ser-incluidos-en-el-faia\/#webpage\"},\"author\":{\"@id\":\"https:\/\/juliocesartriana.com\/#\/schema\/person\/deecb92c18f2299a8c280aa4eabd1a03\"},\"headline\":\"Todos los municipios cafeteros del Huila deben ser incluidos en el FAIA\",\"datePublished\":\"2024-06-20T21:36:37+00:00\",\"dateModified\":\"2024-06-20T21:36:39+00:00\",\"mainEntityOfPage\":{\"@id\":\"https:\/\/juliocesartriana.com\/index.php\/2024\/06\/20\/todos-los-municipios-cafeteros-del-huila-deben-ser-incluidos-en-el-faia\/#webpage\"},\"wordCount\":215,\"commentCount\":0,\"publisher\":{\"@id\":\"https:\/\/juliocesartriana.com\/#organization\"},\"image\":{\"@id\":\"https:\/\/juliocesartriana.com\/index.php\/2024\/06\/20\/todos-los-municipios-cafeteros-del-huila-deben-ser-incluidos-en-el-faia\/#primaryimage\"},\"thumbnailUrl\":\"https:\/\/juliocesartriana.com\/wp-content\/uploads\/2024\/06\/IMG_0851.jpeg\",\"articleSection\":[\"Gesti\u00f3n por el Huila\"],\"inLanguage\":\"es\",\"potentialAction\":[{\"@type\":\"CommentAction\",\"name\":\"Comment\",\"target\":[\"https:\/\/juliocesartriana.com\/index.php\/2024\/06\/20\/todos-los-municipios-cafeteros-del-huila-deben-ser-incluidos-en-el-faia\/#respond\"]}]},{\"@type\":\"Person\",\"@id\":\"https:\/\/juliocesartriana.com\/#\/schema\/person\/deecb92c18f2299a8c280aa4eabd1a03\",\"name\":\"admin\",\"image\":{\"@type\":\"ImageObject\",\"@id\":\"https:\/\/juliocesartriana.com\/#personlogo\",\"inLanguage\":\"es\",\"url\":\"https:\/\/secure.gravatar.com\/avatar\/a796496fa1985f3a559e872a5db21305d7a391de67117abdfa8eb899c7bea95c?s=96&d=mm&r=g\",\"contentUrl\":\"https:\/\/secure.gravatar.com\/avatar\/a796496fa1985f3a559e872a5db21305d7a391de67117abdfa8eb899c7bea95c?s=96&d=mm&r=g\",\"caption\":\"admin\"},\"sameAs\":[\"https:\/\/juliocesartriana.com\"],\"url\":\"https:\/\/juliocesartriana.com\/index.php\/author\/admin_dovqajq2\/\"}]}<\/script>\n<!-- \/ Yoast SEO plugin. -->","yoast_head_json":{"title":"Julio C\u00e9sar Triana - Representante a la C\u00e1mara por el Huila","robots":{"index":"index","follow":"follow","max-snippet":"max-snippet:-1","max-image-preview":"max-image-preview:large","max-video-preview":"max-video-preview:-1"},"canonical":"https:\/\/juliocesartriana.com\/index.php\/2024\/06\/20\/todos-los-municipios-cafeteros-del-huila-deben-ser-incluidos-en-el-faia\/","og_locale":"es_ES","og_type":"article","og_title":"Julio C\u00e9sar Triana - Representante a la C\u00e1mara por el Huila","og_description":"Con el Huila y los cafeteros del departamento se est\u00e1 cometiendo una injusticia por parte del Gobierno Nacional y al d\u00eda de hoy seguimos esperando una explicaci\u00f3n. El Ministerio de Agricultura cre\u00f3 el Fondo de Acceso a Insumos Agr\u00edcolas, un programa que brinda beneficios econ\u00f3micos de hasta el 30% en la compra de agroinsumos para &hellip; Todos los municipios cafeteros del Huila deben ser incluidos en el FAIA Leer m\u00e1s &raquo;","og_url":"https:\/\/juliocesartriana.com\/index.php\/2024\/06\/20\/todos-los-municipios-cafeteros-del-huila-deben-ser-incluidos-en-el-faia\/","og_site_name":"Julio C\u00e9sar Triana - Representante a la C\u00e1mara por el Huila","article_publisher":"https:\/\/www.facebook.com\/TrianaCongreso\/","article_published_time":"2024-06-20T21:36:37+00:00","article_modified_time":"2024-06-20T21:36:39+00:00","og_image":[{"width":1024,"height":605,"url":"https:\/\/juliocesartriana.com\/wp-content\/uploads\/2024\/06\/IMG_0851-1024x605.jpeg","type":"image\/jpeg"}],"twitter_card":"summary_large_image","twitter_misc":{"Escrito por":"admin","Tiempo de lectura":"1 minuto"},"schema":{"@context":"https:\/\/schema.org","@graph":[{"@type":"Organization","@id":"https:\/\/juliocesartriana.com\/#organization","name":"Julio C\u00e9sar Triana - Representante a la C\u00e1mara","url":"https:\/\/juliocesartriana.com\/","sameAs":["https:\/\/www.facebook.com\/TrianaCongreso\/","https:\/\/www.instagram.com\/trianacongreso\/"],"logo":{"@type":"ImageObject","@id":"https:\/\/juliocesartriana.com\/#logo","inLanguage":"es","url":"https:\/\/juliocesartriana.com\/wp-content\/uploads\/2021\/03\/Salo\u0301n-eli\u0301ptico-presidiendo-1.jpeg","contentUrl":"https:\/\/juliocesartriana.com\/wp-content\/uploads\/2021\/03\/Salo\u0301n-eli\u0301ptico-presidiendo-1.jpeg","width":1280,"height":853,"caption":"Julio C\u00e9sar Triana - Representante a la C\u00e1mara"},"image":{"@id":"https:\/\/juliocesartriana.com\/#logo"}},{"@type":"WebSite","@id":"https:\/\/juliocesartriana.com\/#website","url":"https:\/\/juliocesartriana.com\/","name":"Julio C\u00e9sar Triana - Representante a la C\u00e1mara por el Huila","description":"Representante a la C\u00e1mara por el Departamento del Huila.","publisher":{"@id":"https:\/\/juliocesartriana.com\/#organization"},"potentialAction":[{"@type":"SearchAction","target":{"@type":"EntryPoint","urlTemplate":"https:\/\/juliocesartriana.com\/?s={search_term_string}"},"query-input":"required name=search_term_string"}],"inLanguage":"es"},{"@type":"ImageObject","@id":"https:\/\/juliocesartriana.com\/index.php\/2024\/06\/20\/todos-los-municipios-cafeteros-del-huila-deben-ser-incluidos-en-el-faia\/#primaryimage","inLanguage":"es","url":"https:\/\/juliocesartriana.com\/wp-content\/uploads\/2024\/06\/IMG_0851.jpeg","contentUrl":"https:\/\/juliocesartriana.com\/wp-content\/uploads\/2024\/06\/IMG_0851.jpeg","width":2100,"height":1240},{"@type":"WebPage","@id":"https:\/\/juliocesartriana.com\/index.php\/2024\/06\/20\/todos-los-municipios-cafeteros-del-huila-deben-ser-incluidos-en-el-faia\/#webpage","url":"https:\/\/juliocesartriana.com\/index.php\/2024\/06\/20\/todos-los-municipios-cafeteros-del-huila-deben-ser-incluidos-en-el-faia\/","name":"Julio C\u00e9sar Triana - Representante a la C\u00e1mara por el Huila","isPartOf":{"@id":"https:\/\/juliocesartriana.com\/#website"},"primaryImageOfPage":{"@id":"https:\/\/juliocesartriana.com\/index.php\/2024\/06\/20\/todos-los-municipios-cafeteros-del-huila-deben-ser-incluidos-en-el-faia\/#primaryimage"},"datePublished":"2024-06-20T21:36:37+00:00","dateModified":"2024-06-20T21:36:39+00:00","breadcrumb":{"@id":"https:\/\/juliocesartriana.com\/index.php\/2024\/06\/20\/todos-los-municipios-cafeteros-del-huila-deben-ser-incluidos-en-el-faia\/#breadcrumb"},"inLanguage":"es","potentialAction":[{"@type":"ReadAction","target":["https:\/\/juliocesartriana.com\/index.php\/2024\/06\/20\/todos-los-municipios-cafeteros-del-huila-deben-ser-incluidos-en-el-faia\/"]}]},{"@type":"BreadcrumbList","@id":"https:\/\/juliocesartriana.com\/index.php\/2024\/06\/20\/todos-los-municipios-cafeteros-del-huila-deben-ser-incluidos-en-el-faia\/#breadcrumb","itemListElement":[{"@type":"ListItem","position":1,"name":"Portada","item":"https:\/\/juliocesartriana.com\/"},{"@type":"ListItem","position":2,"name":"Todos los municipios cafeteros del Huila deben ser incluidos en el FAIA"}]},{"@type":"Article","@id":"https:\/\/juliocesartriana.com\/index.php\/2024\/06\/20\/todos-los-municipios-cafeteros-del-huila-deben-ser-incluidos-en-el-faia\/#article","isPartOf":{"@id":"https:\/\/juliocesartriana.com\/index.php\/2024\/06\/20\/todos-los-municipios-cafeteros-del-huila-deben-ser-incluidos-en-el-faia\/#webpage"},"author":{"@id":"https:\/\/juliocesartriana.com\/#\/schema\/person\/deecb92c18f2299a8c280aa4eabd1a03"},"headline":"Todos los municipios cafeteros del Huila deben ser incluidos en el FAIA","datePublished":"2024-06-20T21:36:37+00:00","dateModified":"2024-06-20T21:36:39+00:00","mainEntityOfPage":{"@id":"https:\/\/juliocesartriana.com\/index.php\/2024\/06\/20\/todos-los-municipios-cafeteros-del-huila-deben-ser-incluidos-en-el-faia\/#webpage"},"wordCount":215,"commentCount":0,"publisher":{"@id":"https:\/\/juliocesartriana.com\/#organization"},"image":{"@id":"https:\/\/juliocesartriana.com\/index.php\/2024\/06\/20\/todos-los-municipios-cafeteros-del-huila-deben-ser-incluidos-en-el-faia\/#primaryimage"},"thumbnailUrl":"https:\/\/juliocesartriana.com\/wp-content\/uploads\/2024\/06\/IMG_0851.jpeg","articleSection":["Gesti\u00f3n por el Huila"],"inLanguage":"es","potentialAction":[{"@type":"CommentAction","name":"Comment","target":["https:\/\/juliocesartriana.com\/index.php\/2024\/06\/20\/todos-los-municipios-cafeteros-del-huila-deben-ser-incluidos-en-el-faia\/#respond"]}]},{"@type":"Person","@id":"https:\/\/juliocesartriana.com\/#\/schema\/person\/deecb92c18f2299a8c280aa4eabd1a03","name":"admin","image":{"@type":"ImageObject","@id":"https:\/\/juliocesartriana.com\/#personlogo","inLanguage":"es","url":"https:\/\/secure.gravatar.com\/avatar\/a796496fa1985f3a559e872a5db21305d7a391de67117abdfa8eb899c7bea95c?s=96&d=mm&r=g","contentUrl":"https:\/\/secure.gravatar.com\/avatar\/a796496fa1985f3a559e872a5db21305d7a391de67117abdfa8eb899c7bea95c?s=96&d=mm&r=g","caption":"admin"},"sameAs":["https:\/\/juliocesartriana.com"],"url":"https:\/\/juliocesartriana.com\/index.php\/author\/admin_dovqajq2\/"}]}},"_links":{"self":[{"href":"https:\/\/juliocesartriana.com\/index.php\/wp-json\/wp\/v2\/posts\/4137","targetHints":{"allow":["GET"]}}],"collection":[{"href":"https:\/\/juliocesartriana.com\/index.php\/wp-json\/wp\/v2\/posts"}],"about":[{"href":"https:\/\/juliocesartriana.com\/index.php\/wp-json\/wp\/v2\/types\/post"}],"author":[{"embeddable":true,"href":"https:\/\/juliocesartriana.com\/index.php\/wp-json\/wp\/v2\/users\/1"}],"replies":[{"embeddable":true,"href":"https:\/\/juliocesartriana.com\/index.php\/wp-json\/wp\/v2\/comments?post=4137"}],"version-history":[{"count":1,"href":"https:\/\/juliocesartriana.com\/index.php\/wp-json\/wp\/v2\/posts\/4137\/revisions"}],"predecessor-version":[{"id":4139,"href":"https:\/\/juliocesartriana.com\/index.php\/wp-json\/wp\/v2\/posts\/4137\/revisions\/4139"}],"wp:featuredmedia":[{"embeddable":true,"href":"https:\/\/juliocesartriana.com\/index.php\/wp-json\/wp\/v2\/media\/4138"}],"wp:attachment":[{"href":"https:\/\/juliocesartriana.com\/index.php\/wp-json\/wp\/v2\/media?parent=4137"}],"wp:term":[{"taxonomy":"category","embeddable":true,"href":"https:\/\/juliocesartriana.com\/index.php\/wp-json\/wp\/v2\/categories?post=4137"},{"taxonomy":"post_tag","embeddable":true,"href":"https:\/\/juliocesartriana.com\/index.php\/wp-json\/wp\/v2\/tags?post=4137"}],"curies":[{"name":"wp","href":"https:\/\/api.w.org\/{rel}","templated":true}]}}