{"id":4134,"date":"2024-06-20T21:15:57","date_gmt":"2024-06-20T21:15:57","guid":{"rendered":"https:\/\/juliocesartriana.com\/?p=4134"},"modified":"2024-06-20T21:15:58","modified_gmt":"2024-06-20T21:15:58","slug":"de-la-mano-con-la-federacion-de-cafeteros-para-buscar-soluciones-a-la-crisis-del-sector","status":"publish","type":"post","link":"https:\/\/juliocesartriana.com\/index.php\/2024\/06\/20\/de-la-mano-con-la-federacion-de-cafeteros-para-buscar-soluciones-a-la-crisis-del-sector\/","title":{"rendered":"De la mano con la Federaci\u00f3n de Cafeteros para buscar soluciones a la crisis del sector"},"content":{"rendered":"\n<p><br>Como resultado de una mesa de trabajo entre el gerente de la Federaci\u00f3n Nacional de Cafeteros y varios congresistas de regiones agr\u00edcolas, donde se abordaron las principales problem\u00e1ticas que hoy est\u00e1n enfrentando las m\u00e1s de 540.000 familias cafeteras que viven de la producci\u00f3n de este grano en el pa\u00eds, presentaremos un proyecto de ley el pr\u00f3ximo 20 de julio para modificar y aumentar el recaudo del Fondo de Estabilizaci\u00f3n de Precios del Caf\u00e9. Lo que plantear\u00e1 este proyecto es que se establezcan aportes espec\u00edficos<br>para el Fondo de Estabilizaci\u00f3n de Precios del Caf\u00e9 por parte de la Federaci\u00f3n de Cafeteros<br>y del Gobierno Nacional.<\/p>\n\n\n\n<p>Actualmente, el Fondo de Estabilizaci\u00f3n del Precio del Caf\u00e9 recibe 0,5 centavos de d\u00f3lar por libra exportada, pero el resto de fuentes de financiaci\u00f3n que se incluyeron en la Ley, como los aportes del Presupuesto General de la Naci\u00f3n o los provenientes del Sistema General de Regal\u00edas, no se establecieron como obligatorios. Por eso, proponemos que la Federaci\u00f3n Nacional de Cafeteros, en un esfuerzo, destine un<br>centavo de d\u00f3lar por cada libra que se exporta y que el Gobierno, en un compromiso serio,<br>sincero y certero aporte 3 centavos de d\u00f3lares por libra exportada para llegar as\u00ed a un fondo<br>con un precio de estabilizaci\u00f3n del caf\u00e9 que supere los 1.4 billones de pesos\u2019.<\/p>\n\n\n\n<p>El Gerente de la Federaci\u00f3n de Cafeteros expres\u00f3 su disposici\u00f3n para trabajar de manera articulada con las autoridades regionales, con el fin de atender las primeras necesidades de los cafeteros.<br><\/p>\n","protected":false},"excerpt":{"rendered":"<p>Como resultado de una mesa de trabajo entre el gerente de la Federaci\u00f3n Nacional de Cafeteros y varios congresistas de regiones agr\u00edcolas, donde se abordaron las principales problem\u00e1ticas que hoy est\u00e1n enfrentando las m\u00e1s de 540.000 familias cafeteras que viven de la producci\u00f3n de este grano en el pa\u00eds, presentaremos un proyecto de ley el &hellip;<\/p>\n<p class=\"read-more\"> <a class=\"\" href=\"https:\/\/juliocesartriana.com\/index.php\/2024\/06\/20\/de-la-mano-con-la-federacion-de-cafeteros-para-buscar-soluciones-a-la-crisis-del-sector\/\"> <span class=\"screen-reader-text\">De la mano con la Federaci\u00f3n de Cafeteros para buscar soluciones a la crisis del sector<\/span> Leer m\u00e1s &raquo;<\/a><\/p>\n","protected":false},"author":1,"featured_media":4135,"comment_status":"open","ping_status":"open","sticky":false,"template":"","format":"standard","meta":{"ngg_post_thumbnail":0,"footnotes":""},"categories":[8],"tags":[],"class_list":["post-4134","post","type-post","status-publish","format-standard","has-post-thumbnail","hentry","category-gestion-por-el-huila"],"yoast_head":"<!-- This site is optimized with the Yoast SEO plugin v18.5.1 - https:\/\/yoast.com\/wordpress\/plugins\/seo\/ -->\n<title>Julio C\u00e9sar Triana - Representante a la C\u00e1mara por el Huila<\/title>\n<meta name=\"robots\" content=\"index, follow, max-snippet:-1, max-image-preview:large, max-video-preview:-1\" \/>\n<link rel=\"canonical\" href=\"https:\/\/juliocesartriana.com\/index.php\/2024\/06\/20\/de-la-mano-con-la-federacion-de-cafeteros-para-buscar-soluciones-a-la-crisis-del-sector\/\" \/>\n<meta property=\"og:locale\" content=\"es_ES\" \/>\n<meta property=\"og:type\" content=\"article\" \/>\n<meta property=\"og:title\" content=\"Julio C\u00e9sar Triana - Representante a la C\u00e1mara por el Huila\" \/>\n<meta property=\"og:description\" content=\"Como resultado de una mesa de trabajo entre el gerente de la Federaci\u00f3n Nacional de Cafeteros y varios congresistas de regiones agr\u00edcolas, donde se abordaron las principales problem\u00e1ticas que hoy est\u00e1n enfrentando las m\u00e1s de 540.000 familias cafeteras que viven de la producci\u00f3n de este grano en el pa\u00eds, presentaremos un proyecto de ley el &hellip; De la mano con la Federaci\u00f3n de Cafeteros para buscar soluciones a la crisis del sector Leer m\u00e1s &raquo;\" \/>\n<meta property=\"og:url\" content=\"https:\/\/juliocesartriana.com\/index.php\/2024\/06\/20\/de-la-mano-con-la-federacion-de-cafeteros-para-buscar-soluciones-a-la-crisis-del-sector\/\" \/>\n<meta property=\"og:site_name\" content=\"Julio C\u00e9sar Triana - Representante a la C\u00e1mara por el Huila\" \/>\n<meta property=\"article:publisher\" content=\"https:\/\/www.facebook.com\/TrianaCongreso\/\" \/>\n<meta property=\"article:published_time\" content=\"2024-06-20T21:15:57+00:00\" \/>\n<meta property=\"article:modified_time\" content=\"2024-06-20T21:15:58+00:00\" \/>\n<meta property=\"og:image\" content=\"https:\/\/juliocesartriana.com\/wp-content\/uploads\/2024\/06\/IMG_2565.jpeg\" \/>\n\t<meta property=\"og:image:width\" content=\"2269\" \/>\n\t<meta property=\"og:image:height\" content=\"1290\" \/>\n\t<meta property=\"og:image:type\" content=\"image\/jpeg\" \/>\n<meta name=\"twitter:card\" content=\"summary_large_image\" \/>\n<meta name=\"twitter:label1\" content=\"Escrito por\" \/>\n\t<meta name=\"twitter:data1\" content=\"admin\" \/>\n\t<meta name=\"twitter:label2\" content=\"Tiempo de lectura\" \/>\n\t<meta name=\"twitter:data2\" content=\"1 minuto\" \/>\n<script type=\"application\/ld+json\" class=\"yoast-schema-graph\">{\"@context\":\"https:\/\/schema.org\",\"@graph\":[{\"@type\":\"Organization\",\"@id\":\"https:\/\/juliocesartriana.com\/#organization\",\"name\":\"Julio C\u00e9sar Triana - Representante a la C\u00e1mara\",\"url\":\"https:\/\/juliocesartriana.com\/\",\"sameAs\":[\"https:\/\/www.facebook.com\/TrianaCongreso\/\",\"https:\/\/www.instagram.com\/trianacongreso\/\"],\"logo\":{\"@type\":\"ImageObject\",\"@id\":\"https:\/\/juliocesartriana.com\/#logo\",\"inLanguage\":\"es\",\"url\":\"https:\/\/juliocesartriana.com\/wp-content\/uploads\/2021\/03\/Salo\u0301n-eli\u0301ptico-presidiendo-1.jpeg\",\"contentUrl\":\"https:\/\/juliocesartriana.com\/wp-content\/uploads\/2021\/03\/Salo\u0301n-eli\u0301ptico-presidiendo-1.jpeg\",\"width\":1280,\"height\":853,\"caption\":\"Julio C\u00e9sar Triana - Representante a la C\u00e1mara\"},\"image\":{\"@id\":\"https:\/\/juliocesartriana.com\/#logo\"}},{\"@type\":\"WebSite\",\"@id\":\"https:\/\/juliocesartriana.com\/#website\",\"url\":\"https:\/\/juliocesartriana.com\/\",\"name\":\"Julio C\u00e9sar Triana - Representante a la C\u00e1mara por el Huila\",\"description\":\"Representante a la C\u00e1mara por el Departamento del Huila.\",\"publisher\":{\"@id\":\"https:\/\/juliocesartriana.com\/#organization\"},\"potentialAction\":[{\"@type\":\"SearchAction\",\"target\":{\"@type\":\"EntryPoint\",\"urlTemplate\":\"https:\/\/juliocesartriana.com\/?s={search_term_string}\"},\"query-input\":\"required name=search_term_string\"}],\"inLanguage\":\"es\"},{\"@type\":\"ImageObject\",\"@id\":\"https:\/\/juliocesartriana.com\/index.php\/2024\/06\/20\/de-la-mano-con-la-federacion-de-cafeteros-para-buscar-soluciones-a-la-crisis-del-sector\/#primaryimage\",\"inLanguage\":\"es\",\"url\":\"https:\/\/juliocesartriana.com\/wp-content\/uploads\/2024\/06\/IMG_2565.jpeg\",\"contentUrl\":\"https:\/\/juliocesartriana.com\/wp-content\/uploads\/2024\/06\/IMG_2565.jpeg\",\"width\":2269,\"height\":1290},{\"@type\":\"WebPage\",\"@id\":\"https:\/\/juliocesartriana.com\/index.php\/2024\/06\/20\/de-la-mano-con-la-federacion-de-cafeteros-para-buscar-soluciones-a-la-crisis-del-sector\/#webpage\",\"url\":\"https:\/\/juliocesartriana.com\/index.php\/2024\/06\/20\/de-la-mano-con-la-federacion-de-cafeteros-para-buscar-soluciones-a-la-crisis-del-sector\/\",\"name\":\"Julio C\u00e9sar Triana - Representante a la C\u00e1mara por el Huila\",\"isPartOf\":{\"@id\":\"https:\/\/juliocesartriana.com\/#website\"},\"primaryImageOfPage\":{\"@id\":\"https:\/\/juliocesartriana.com\/index.php\/2024\/06\/20\/de-la-mano-con-la-federacion-de-cafeteros-para-buscar-soluciones-a-la-crisis-del-sector\/#primaryimage\"},\"datePublished\":\"2024-06-20T21:15:57+00:00\",\"dateModified\":\"2024-06-20T21:15:58+00:00\",\"breadcrumb\":{\"@id\":\"https:\/\/juliocesartriana.com\/index.php\/2024\/06\/20\/de-la-mano-con-la-federacion-de-cafeteros-para-buscar-soluciones-a-la-crisis-del-sector\/#breadcrumb\"},\"inLanguage\":\"es\",\"potentialAction\":[{\"@type\":\"ReadAction\",\"target\":[\"https:\/\/juliocesartriana.com\/index.php\/2024\/06\/20\/de-la-mano-con-la-federacion-de-cafeteros-para-buscar-soluciones-a-la-crisis-del-sector\/\"]}]},{\"@type\":\"BreadcrumbList\",\"@id\":\"https:\/\/juliocesartriana.com\/index.php\/2024\/06\/20\/de-la-mano-con-la-federacion-de-cafeteros-para-buscar-soluciones-a-la-crisis-del-sector\/#breadcrumb\",\"itemListElement\":[{\"@type\":\"ListItem\",\"position\":1,\"name\":\"Portada\",\"item\":\"https:\/\/juliocesartriana.com\/\"},{\"@type\":\"ListItem\",\"position\":2,\"name\":\"De la mano con la Federaci\u00f3n de Cafeteros para buscar soluciones a la crisis del sector\"}]},{\"@type\":\"Article\",\"@id\":\"https:\/\/juliocesartriana.com\/index.php\/2024\/06\/20\/de-la-mano-con-la-federacion-de-cafeteros-para-buscar-soluciones-a-la-crisis-del-sector\/#article\",\"isPartOf\":{\"@id\":\"https:\/\/juliocesartriana.com\/index.php\/2024\/06\/20\/de-la-mano-con-la-federacion-de-cafeteros-para-buscar-soluciones-a-la-crisis-del-sector\/#webpage\"},\"author\":{\"@id\":\"https:\/\/juliocesartriana.com\/#\/schema\/person\/deecb92c18f2299a8c280aa4eabd1a03\"},\"headline\":\"De la mano con la Federaci\u00f3n de Cafeteros para buscar soluciones a la crisis del sector\",\"datePublished\":\"2024-06-20T21:15:57+00:00\",\"dateModified\":\"2024-06-20T21:15:58+00:00\",\"mainEntityOfPage\":{\"@id\":\"https:\/\/juliocesartriana.com\/index.php\/2024\/06\/20\/de-la-mano-con-la-federacion-de-cafeteros-para-buscar-soluciones-a-la-crisis-del-sector\/#webpage\"},\"wordCount\":279,\"commentCount\":0,\"publisher\":{\"@id\":\"https:\/\/juliocesartriana.com\/#organization\"},\"image\":{\"@id\":\"https:\/\/juliocesartriana.com\/index.php\/2024\/06\/20\/de-la-mano-con-la-federacion-de-cafeteros-para-buscar-soluciones-a-la-crisis-del-sector\/#primaryimage\"},\"thumbnailUrl\":\"https:\/\/juliocesartriana.com\/wp-content\/uploads\/2024\/06\/IMG_2565.jpeg\",\"articleSection\":[\"Gesti\u00f3n por el Huila\"],\"inLanguage\":\"es\",\"potentialAction\":[{\"@type\":\"CommentAction\",\"name\":\"Comment\",\"target\":[\"https:\/\/juliocesartriana.com\/index.php\/2024\/06\/20\/de-la-mano-con-la-federacion-de-cafeteros-para-buscar-soluciones-a-la-crisis-del-sector\/#respond\"]}]},{\"@type\":\"Person\",\"@id\":\"https:\/\/juliocesartriana.com\/#\/schema\/person\/deecb92c18f2299a8c280aa4eabd1a03\",\"name\":\"admin\",\"image\":{\"@type\":\"ImageObject\",\"@id\":\"https:\/\/juliocesartriana.com\/#personlogo\",\"inLanguage\":\"es\",\"url\":\"https:\/\/secure.gravatar.com\/avatar\/a796496fa1985f3a559e872a5db21305d7a391de67117abdfa8eb899c7bea95c?s=96&d=mm&r=g\",\"contentUrl\":\"https:\/\/secure.gravatar.com\/avatar\/a796496fa1985f3a559e872a5db21305d7a391de67117abdfa8eb899c7bea95c?s=96&d=mm&r=g\",\"caption\":\"admin\"},\"sameAs\":[\"https:\/\/juliocesartriana.com\"],\"url\":\"https:\/\/juliocesartriana.com\/index.php\/author\/admin_dovqajq2\/\"}]}<\/script>\n<!-- \/ Yoast SEO plugin. -->","yoast_head_json":{"title":"Julio C\u00e9sar Triana - Representante a la C\u00e1mara por el Huila","robots":{"index":"index","follow":"follow","max-snippet":"max-snippet:-1","max-image-preview":"max-image-preview:large","max-video-preview":"max-video-preview:-1"},"canonical":"https:\/\/juliocesartriana.com\/index.php\/2024\/06\/20\/de-la-mano-con-la-federacion-de-cafeteros-para-buscar-soluciones-a-la-crisis-del-sector\/","og_locale":"es_ES","og_type":"article","og_title":"Julio C\u00e9sar Triana - Representante a la C\u00e1mara por el Huila","og_description":"Como resultado de una mesa de trabajo entre el gerente de la Federaci\u00f3n Nacional de Cafeteros y varios congresistas de regiones agr\u00edcolas, donde se abordaron las principales problem\u00e1ticas que hoy est\u00e1n enfrentando las m\u00e1s de 540.000 familias cafeteras que viven de la producci\u00f3n de este grano en el pa\u00eds, presentaremos un proyecto de ley el &hellip; De la mano con la Federaci\u00f3n de Cafeteros para buscar soluciones a la crisis del sector Leer m\u00e1s &raquo;","og_url":"https:\/\/juliocesartriana.com\/index.php\/2024\/06\/20\/de-la-mano-con-la-federacion-de-cafeteros-para-buscar-soluciones-a-la-crisis-del-sector\/","og_site_name":"Julio C\u00e9sar Triana - Representante a la C\u00e1mara por el Huila","article_publisher":"https:\/\/www.facebook.com\/TrianaCongreso\/","article_published_time":"2024-06-20T21:15:57+00:00","article_modified_time":"2024-06-20T21:15:58+00:00","og_image":[{"width":2269,"height":1290,"url":"https:\/\/juliocesartriana.com\/wp-content\/uploads\/2024\/06\/IMG_2565.jpeg","type":"image\/jpeg"}],"twitter_card":"summary_large_image","twitter_misc":{"Escrito por":"admin","Tiempo de lectura":"1 minuto"},"schema":{"@context":"https:\/\/schema.org","@graph":[{"@type":"Organization","@id":"https:\/\/juliocesartriana.com\/#organization","name":"Julio C\u00e9sar Triana - Representante a la C\u00e1mara","url":"https:\/\/juliocesartriana.com\/","sameAs":["https:\/\/www.facebook.com\/TrianaCongreso\/","https:\/\/www.instagram.com\/trianacongreso\/"],"logo":{"@type":"ImageObject","@id":"https:\/\/juliocesartriana.com\/#logo","inLanguage":"es","url":"https:\/\/juliocesartriana.com\/wp-content\/uploads\/2021\/03\/Salo\u0301n-eli\u0301ptico-presidiendo-1.jpeg","contentUrl":"https:\/\/juliocesartriana.com\/wp-content\/uploads\/2021\/03\/Salo\u0301n-eli\u0301ptico-presidiendo-1.jpeg","width":1280,"height":853,"caption":"Julio C\u00e9sar Triana - Representante a la C\u00e1mara"},"image":{"@id":"https:\/\/juliocesartriana.com\/#logo"}},{"@type":"WebSite","@id":"https:\/\/juliocesartriana.com\/#website","url":"https:\/\/juliocesartriana.com\/","name":"Julio C\u00e9sar Triana - Representante a la C\u00e1mara por el Huila","description":"Representante a la C\u00e1mara por el Departamento del Huila.","publisher":{"@id":"https:\/\/juliocesartriana.com\/#organization"},"potentialAction":[{"@type":"SearchAction","target":{"@type":"EntryPoint","urlTemplate":"https:\/\/juliocesartriana.com\/?s={search_term_string}"},"query-input":"required name=search_term_string"}],"inLanguage":"es"},{"@type":"ImageObject","@id":"https:\/\/juliocesartriana.com\/index.php\/2024\/06\/20\/de-la-mano-con-la-federacion-de-cafeteros-para-buscar-soluciones-a-la-crisis-del-sector\/#primaryimage","inLanguage":"es","url":"https:\/\/juliocesartriana.com\/wp-content\/uploads\/2024\/06\/IMG_2565.jpeg","contentUrl":"https:\/\/juliocesartriana.com\/wp-content\/uploads\/2024\/06\/IMG_2565.jpeg","width":2269,"height":1290},{"@type":"WebPage","@id":"https:\/\/juliocesartriana.com\/index.php\/2024\/06\/20\/de-la-mano-con-la-federacion-de-cafeteros-para-buscar-soluciones-a-la-crisis-del-sector\/#webpage","url":"https:\/\/juliocesartriana.com\/index.php\/2024\/06\/20\/de-la-mano-con-la-federacion-de-cafeteros-para-buscar-soluciones-a-la-crisis-del-sector\/","name":"Julio C\u00e9sar Triana - Representante a la C\u00e1mara por el Huila","isPartOf":{"@id":"https:\/\/juliocesartriana.com\/#website"},"primaryImageOfPage":{"@id":"https:\/\/juliocesartriana.com\/index.php\/2024\/06\/20\/de-la-mano-con-la-federacion-de-cafeteros-para-buscar-soluciones-a-la-crisis-del-sector\/#primaryimage"},"datePublished":"2024-06-20T21:15:57+00:00","dateModified":"2024-06-20T21:15:58+00:00","breadcrumb":{"@id":"https:\/\/juliocesartriana.com\/index.php\/2024\/06\/20\/de-la-mano-con-la-federacion-de-cafeteros-para-buscar-soluciones-a-la-crisis-del-sector\/#breadcrumb"},"inLanguage":"es","potentialAction":[{"@type":"ReadAction","target":["https:\/\/juliocesartriana.com\/index.php\/2024\/06\/20\/de-la-mano-con-la-federacion-de-cafeteros-para-buscar-soluciones-a-la-crisis-del-sector\/"]}]},{"@type":"BreadcrumbList","@id":"https:\/\/juliocesartriana.com\/index.php\/2024\/06\/20\/de-la-mano-con-la-federacion-de-cafeteros-para-buscar-soluciones-a-la-crisis-del-sector\/#breadcrumb","itemListElement":[{"@type":"ListItem","position":1,"name":"Portada","item":"https:\/\/juliocesartriana.com\/"},{"@type":"ListItem","position":2,"name":"De la mano con la Federaci\u00f3n de Cafeteros para buscar soluciones a la crisis del sector"}]},{"@type":"Article","@id":"https:\/\/juliocesartriana.com\/index.php\/2024\/06\/20\/de-la-mano-con-la-federacion-de-cafeteros-para-buscar-soluciones-a-la-crisis-del-sector\/#article","isPartOf":{"@id":"https:\/\/juliocesartriana.com\/index.php\/2024\/06\/20\/de-la-mano-con-la-federacion-de-cafeteros-para-buscar-soluciones-a-la-crisis-del-sector\/#webpage"},"author":{"@id":"https:\/\/juliocesartriana.com\/#\/schema\/person\/deecb92c18f2299a8c280aa4eabd1a03"},"headline":"De la mano con la Federaci\u00f3n de Cafeteros para buscar soluciones a la crisis del sector","datePublished":"2024-06-20T21:15:57+00:00","dateModified":"2024-06-20T21:15:58+00:00","mainEntityOfPage":{"@id":"https:\/\/juliocesartriana.com\/index.php\/2024\/06\/20\/de-la-mano-con-la-federacion-de-cafeteros-para-buscar-soluciones-a-la-crisis-del-sector\/#webpage"},"wordCount":279,"commentCount":0,"publisher":{"@id":"https:\/\/juliocesartriana.com\/#organization"},"image":{"@id":"https:\/\/juliocesartriana.com\/index.php\/2024\/06\/20\/de-la-mano-con-la-federacion-de-cafeteros-para-buscar-soluciones-a-la-crisis-del-sector\/#primaryimage"},"thumbnailUrl":"https:\/\/juliocesartriana.com\/wp-content\/uploads\/2024\/06\/IMG_2565.jpeg","articleSection":["Gesti\u00f3n por el Huila"],"inLanguage":"es","potentialAction":[{"@type":"CommentAction","name":"Comment","target":["https:\/\/juliocesartriana.com\/index.php\/2024\/06\/20\/de-la-mano-con-la-federacion-de-cafeteros-para-buscar-soluciones-a-la-crisis-del-sector\/#respond"]}]},{"@type":"Person","@id":"https:\/\/juliocesartriana.com\/#\/schema\/person\/deecb92c18f2299a8c280aa4eabd1a03","name":"admin","image":{"@type":"ImageObject","@id":"https:\/\/juliocesartriana.com\/#personlogo","inLanguage":"es","url":"https:\/\/secure.gravatar.com\/avatar\/a796496fa1985f3a559e872a5db21305d7a391de67117abdfa8eb899c7bea95c?s=96&d=mm&r=g","contentUrl":"https:\/\/secure.gravatar.com\/avatar\/a796496fa1985f3a559e872a5db21305d7a391de67117abdfa8eb899c7bea95c?s=96&d=mm&r=g","caption":"admin"},"sameAs":["https:\/\/juliocesartriana.com"],"url":"https:\/\/juliocesartriana.com\/index.php\/author\/admin_dovqajq2\/"}]}},"_links":{"self":[{"href":"https:\/\/juliocesartriana.com\/index.php\/wp-json\/wp\/v2\/posts\/4134","targetHints":{"allow":["GET"]}}],"collection":[{"href":"https:\/\/juliocesartriana.com\/index.php\/wp-json\/wp\/v2\/posts"}],"about":[{"href":"https:\/\/juliocesartriana.com\/index.php\/wp-json\/wp\/v2\/types\/post"}],"author":[{"embeddable":true,"href":"https:\/\/juliocesartriana.com\/index.php\/wp-json\/wp\/v2\/users\/1"}],"replies":[{"embeddable":true,"href":"https:\/\/juliocesartriana.com\/index.php\/wp-json\/wp\/v2\/comments?post=4134"}],"version-history":[{"count":1,"href":"https:\/\/juliocesartriana.com\/index.php\/wp-json\/wp\/v2\/posts\/4134\/revisions"}],"predecessor-version":[{"id":4136,"href":"https:\/\/juliocesartriana.com\/index.php\/wp-json\/wp\/v2\/posts\/4134\/revisions\/4136"}],"wp:featuredmedia":[{"embeddable":true,"href":"https:\/\/juliocesartriana.com\/index.php\/wp-json\/wp\/v2\/media\/4135"}],"wp:attachment":[{"href":"https:\/\/juliocesartriana.com\/index.php\/wp-json\/wp\/v2\/media?parent=4134"}],"wp:term":[{"taxonomy":"category","embeddable":true,"href":"https:\/\/juliocesartriana.com\/index.php\/wp-json\/wp\/v2\/categories?post=4134"},{"taxonomy":"post_tag","embeddable":true,"href":"https:\/\/juliocesartriana.com\/index.php\/wp-json\/wp\/v2\/tags?post=4134"}],"curies":[{"name":"wp","href":"https:\/\/api.w.org\/{rel}","templated":true}]}}