{"id":4130,"date":"2024-06-20T19:55:50","date_gmt":"2024-06-20T19:55:50","guid":{"rendered":"https:\/\/juliocesartriana.com\/?p=4130"},"modified":"2024-06-20T19:55:51","modified_gmt":"2024-06-20T19:55:51","slug":"con-demanda-impediremos-que-el-gobierno-se-apropie-de-los-parafiscales-agropecuarios","status":"publish","type":"post","link":"https:\/\/juliocesartriana.com\/index.php\/2024\/06\/20\/con-demanda-impediremos-que-el-gobierno-se-apropie-de-los-parafiscales-agropecuarios\/","title":{"rendered":"Con demanda, impediremos que el Gobierno se apropie de los parafiscales agropecuarios"},"content":{"rendered":"\n<p><br>Este 17 de mayo, el Ministerio de Agricultura expidi\u00f3 la Resoluci\u00f3n 124 de 2024 para crear el programa \u201cConfianza Colombia\u201d, con el que busca financiar proyectos econ\u00f3micos y sociales para el sector agropecuario y pesquero. Sin embargo, en el art\u00edculo 5 de este documento, en el que se establecen las fuentes de financiaci\u00f3n de dicho programa, se faculta al Gobierno Nacional para hacer uso de los recursos de contribuciones parafiscales agropecuarias y pesqueras.<\/p>\n\n\n\n<p>De igual manera, en el art\u00edculo 10 de dicha resoluci\u00f3n se establece que el Gobierno Nacional podr\u00e1 orientar el destino de los recursos parafiscales, lo cual, en palabras del congresista Julio C\u00e9sar Triana podr\u00eda ser usado para favorecer organizaciones campesinas cercanas pol\u00edticamente al Gobierno.<\/p>\n\n\n\n<p>Si bien celebramos los programas creados para fortalecer el sector agr\u00edcola en Colombia, el Gobierno no puede apropiarse de los fondos parafiscales para financiar sus iniciativas: \u201cEl Gobierno Nacional cuenta con m\u00e1s de 9 billones de pesos que el Congreso le aprob\u00f3 en el Presupuesto General de la Naci\u00f3n para ejecutar proyectos agr\u00edcolas, pero no est\u00e1 dentro de sus competencias usar los recursos parafiscales agropecuarios y pesqueros y mucho menos decidir en qu\u00e9 pueden ser invertidos. Actualmente, estos fondos parafiscales se rigen bajo la Ley 101 de 1993, que determina la destinaci\u00f3n de estos recursos, intentar modificarlos a trav\u00e9s de una resoluci\u00f3n es ilegal y afecta la autonom\u00eda de los gremios.<\/p>\n\n\n\n<p>Estos argumentos, nos llevaron a presentar una demanda de nulidad simple ante el Consejo de Estado, con la que pretendemos que se eliminen los art\u00edculos 5 numeral 2 y el art\u00edculo 10 de la Resoluci\u00f3n 124 del 2024 al considerar que se profirieron sin competencia, de manera irregular y con infracci\u00f3n en las normas que deber\u00eda fundarse.<\/p>\n\n\n\n<p>Solamente la Ley puede establecer la administraci\u00f3n y ejecuci\u00f3n de los parafiscales, como lo expresa el Estatuto Org\u00e1nico de Presupuesto. En el caso concreto de los recursos parafiscales agropecuarios y pesqueros, estos ya se encuentran regulados en la Ley 101 de 1993. El Gobierno no puede pasar por encima de esta ley y cambiar las destinaciones a su conveniencia o inter\u00e9s. Si desea modificar el uso y destino de estos recursos, necesariamente tiene que hacerlo a trav\u00e9s del Congreso de la Rep\u00fablica; no de una resoluci\u00f3n.<\/p>\n\n\n\n<p>Ahora, ser\u00e1 el Consejo de Estado quien deber\u00e1 admitir la demanda y notificar al Ministerio de Agricultura para que se pronuncie al respecto. Una vez se surta este tr\u00e1mite, el Consejo de Estado tendr\u00e1 10 d\u00edas para decidir sobre la medida cautelar solicitada en la demanda, es decir, que se suspendan provisionalmente los art\u00edculos 5 numeral 2 y el art\u00edculo 10 de la Resoluci\u00f3n 124 del 2024.<\/p>\n","protected":false},"excerpt":{"rendered":"<p>Este 17 de mayo, el Ministerio de Agricultura expidi\u00f3 la Resoluci\u00f3n 124 de 2024 para crear el programa \u201cConfianza Colombia\u201d, con el que busca financiar proyectos econ\u00f3micos y sociales para el sector agropecuario y pesquero. Sin embargo, en el art\u00edculo 5 de este documento, en el que se establecen las fuentes de financiaci\u00f3n de dicho &hellip;<\/p>\n<p class=\"read-more\"> <a class=\"\" href=\"https:\/\/juliocesartriana.com\/index.php\/2024\/06\/20\/con-demanda-impediremos-que-el-gobierno-se-apropie-de-los-parafiscales-agropecuarios\/\"> <span class=\"screen-reader-text\">Con demanda, impediremos que el Gobierno se apropie de los parafiscales agropecuarios<\/span> Leer m\u00e1s &raquo;<\/a><\/p>\n","protected":false},"author":1,"featured_media":4076,"comment_status":"open","ping_status":"open","sticky":false,"template":"","format":"standard","meta":{"ngg_post_thumbnail":0,"footnotes":""},"categories":[8],"tags":[],"class_list":["post-4130","post","type-post","status-publish","format-standard","has-post-thumbnail","hentry","category-gestion-por-el-huila"],"yoast_head":"<!-- This site is optimized with the Yoast SEO plugin v18.5.1 - https:\/\/yoast.com\/wordpress\/plugins\/seo\/ -->\n<title>Julio C\u00e9sar Triana - Representante a la C\u00e1mara por el Huila<\/title>\n<meta name=\"robots\" content=\"index, follow, max-snippet:-1, max-image-preview:large, max-video-preview:-1\" \/>\n<link rel=\"canonical\" href=\"https:\/\/juliocesartriana.com\/index.php\/2024\/06\/20\/con-demanda-impediremos-que-el-gobierno-se-apropie-de-los-parafiscales-agropecuarios\/\" \/>\n<meta property=\"og:locale\" content=\"es_ES\" \/>\n<meta property=\"og:type\" content=\"article\" \/>\n<meta property=\"og:title\" content=\"Julio C\u00e9sar Triana - Representante a la C\u00e1mara por el Huila\" \/>\n<meta property=\"og:description\" content=\"Este 17 de mayo, el Ministerio de Agricultura expidi\u00f3 la Resoluci\u00f3n 124 de 2024 para crear el programa \u201cConfianza Colombia\u201d, con el que busca financiar proyectos econ\u00f3micos y sociales para el sector agropecuario y pesquero. Sin embargo, en el art\u00edculo 5 de este documento, en el que se establecen las fuentes de financiaci\u00f3n de dicho &hellip; Con demanda, impediremos que el Gobierno se apropie de los parafiscales agropecuarios Leer m\u00e1s &raquo;\" \/>\n<meta property=\"og:url\" content=\"https:\/\/juliocesartriana.com\/index.php\/2024\/06\/20\/con-demanda-impediremos-que-el-gobierno-se-apropie-de-los-parafiscales-agropecuarios\/\" \/>\n<meta property=\"og:site_name\" content=\"Julio C\u00e9sar Triana - Representante a la C\u00e1mara por el Huila\" \/>\n<meta property=\"article:publisher\" content=\"https:\/\/www.facebook.com\/TrianaCongreso\/\" \/>\n<meta property=\"article:published_time\" content=\"2024-06-20T19:55:50+00:00\" \/>\n<meta property=\"article:modified_time\" content=\"2024-06-20T19:55:51+00:00\" \/>\n<meta property=\"og:image\" content=\"https:\/\/juliocesartriana.com\/wp-content\/uploads\/2024\/06\/WhatsApp-Image-2024-06-20-at-11.38.28-AM.jpeg\" \/>\n\t<meta property=\"og:image:width\" content=\"1280\" \/>\n\t<meta property=\"og:image:height\" content=\"960\" \/>\n\t<meta property=\"og:image:type\" content=\"image\/jpeg\" \/>\n<meta name=\"twitter:card\" content=\"summary_large_image\" \/>\n<meta name=\"twitter:label1\" content=\"Escrito por\" \/>\n\t<meta name=\"twitter:data1\" content=\"admin\" \/>\n\t<meta name=\"twitter:label2\" content=\"Tiempo de lectura\" \/>\n\t<meta name=\"twitter:data2\" content=\"2 minutos\" \/>\n<script type=\"application\/ld+json\" class=\"yoast-schema-graph\">{\"@context\":\"https:\/\/schema.org\",\"@graph\":[{\"@type\":\"Organization\",\"@id\":\"https:\/\/juliocesartriana.com\/#organization\",\"name\":\"Julio C\u00e9sar Triana - Representante a la C\u00e1mara\",\"url\":\"https:\/\/juliocesartriana.com\/\",\"sameAs\":[\"https:\/\/www.facebook.com\/TrianaCongreso\/\",\"https:\/\/www.instagram.com\/trianacongreso\/\"],\"logo\":{\"@type\":\"ImageObject\",\"@id\":\"https:\/\/juliocesartriana.com\/#logo\",\"inLanguage\":\"es\",\"url\":\"https:\/\/juliocesartriana.com\/wp-content\/uploads\/2021\/03\/Salo\u0301n-eli\u0301ptico-presidiendo-1.jpeg\",\"contentUrl\":\"https:\/\/juliocesartriana.com\/wp-content\/uploads\/2021\/03\/Salo\u0301n-eli\u0301ptico-presidiendo-1.jpeg\",\"width\":1280,\"height\":853,\"caption\":\"Julio C\u00e9sar Triana - Representante a la C\u00e1mara\"},\"image\":{\"@id\":\"https:\/\/juliocesartriana.com\/#logo\"}},{\"@type\":\"WebSite\",\"@id\":\"https:\/\/juliocesartriana.com\/#website\",\"url\":\"https:\/\/juliocesartriana.com\/\",\"name\":\"Julio C\u00e9sar Triana - Representante a la C\u00e1mara por el Huila\",\"description\":\"Representante a la C\u00e1mara por el Departamento del Huila.\",\"publisher\":{\"@id\":\"https:\/\/juliocesartriana.com\/#organization\"},\"potentialAction\":[{\"@type\":\"SearchAction\",\"target\":{\"@type\":\"EntryPoint\",\"urlTemplate\":\"https:\/\/juliocesartriana.com\/?s={search_term_string}\"},\"query-input\":\"required name=search_term_string\"}],\"inLanguage\":\"es\"},{\"@type\":\"ImageObject\",\"@id\":\"https:\/\/juliocesartriana.com\/index.php\/2024\/06\/20\/con-demanda-impediremos-que-el-gobierno-se-apropie-de-los-parafiscales-agropecuarios\/#primaryimage\",\"inLanguage\":\"es\",\"url\":\"https:\/\/juliocesartriana.com\/wp-content\/uploads\/2024\/06\/WhatsApp-Image-2024-06-20-at-11.38.28-AM.jpeg\",\"contentUrl\":\"https:\/\/juliocesartriana.com\/wp-content\/uploads\/2024\/06\/WhatsApp-Image-2024-06-20-at-11.38.28-AM.jpeg\",\"width\":1280,\"height\":960},{\"@type\":\"WebPage\",\"@id\":\"https:\/\/juliocesartriana.com\/index.php\/2024\/06\/20\/con-demanda-impediremos-que-el-gobierno-se-apropie-de-los-parafiscales-agropecuarios\/#webpage\",\"url\":\"https:\/\/juliocesartriana.com\/index.php\/2024\/06\/20\/con-demanda-impediremos-que-el-gobierno-se-apropie-de-los-parafiscales-agropecuarios\/\",\"name\":\"Julio C\u00e9sar Triana - Representante a la C\u00e1mara por el Huila\",\"isPartOf\":{\"@id\":\"https:\/\/juliocesartriana.com\/#website\"},\"primaryImageOfPage\":{\"@id\":\"https:\/\/juliocesartriana.com\/index.php\/2024\/06\/20\/con-demanda-impediremos-que-el-gobierno-se-apropie-de-los-parafiscales-agropecuarios\/#primaryimage\"},\"datePublished\":\"2024-06-20T19:55:50+00:00\",\"dateModified\":\"2024-06-20T19:55:51+00:00\",\"breadcrumb\":{\"@id\":\"https:\/\/juliocesartriana.com\/index.php\/2024\/06\/20\/con-demanda-impediremos-que-el-gobierno-se-apropie-de-los-parafiscales-agropecuarios\/#breadcrumb\"},\"inLanguage\":\"es\",\"potentialAction\":[{\"@type\":\"ReadAction\",\"target\":[\"https:\/\/juliocesartriana.com\/index.php\/2024\/06\/20\/con-demanda-impediremos-que-el-gobierno-se-apropie-de-los-parafiscales-agropecuarios\/\"]}]},{\"@type\":\"BreadcrumbList\",\"@id\":\"https:\/\/juliocesartriana.com\/index.php\/2024\/06\/20\/con-demanda-impediremos-que-el-gobierno-se-apropie-de-los-parafiscales-agropecuarios\/#breadcrumb\",\"itemListElement\":[{\"@type\":\"ListItem\",\"position\":1,\"name\":\"Portada\",\"item\":\"https:\/\/juliocesartriana.com\/\"},{\"@type\":\"ListItem\",\"position\":2,\"name\":\"Con demanda, impediremos que el Gobierno se apropie de los parafiscales agropecuarios\"}]},{\"@type\":\"Article\",\"@id\":\"https:\/\/juliocesartriana.com\/index.php\/2024\/06\/20\/con-demanda-impediremos-que-el-gobierno-se-apropie-de-los-parafiscales-agropecuarios\/#article\",\"isPartOf\":{\"@id\":\"https:\/\/juliocesartriana.com\/index.php\/2024\/06\/20\/con-demanda-impediremos-que-el-gobierno-se-apropie-de-los-parafiscales-agropecuarios\/#webpage\"},\"author\":{\"@id\":\"https:\/\/juliocesartriana.com\/#\/schema\/person\/deecb92c18f2299a8c280aa4eabd1a03\"},\"headline\":\"Con demanda, impediremos que el Gobierno se apropie de los parafiscales agropecuarios\",\"datePublished\":\"2024-06-20T19:55:50+00:00\",\"dateModified\":\"2024-06-20T19:55:51+00:00\",\"mainEntityOfPage\":{\"@id\":\"https:\/\/juliocesartriana.com\/index.php\/2024\/06\/20\/con-demanda-impediremos-que-el-gobierno-se-apropie-de-los-parafiscales-agropecuarios\/#webpage\"},\"wordCount\":463,\"commentCount\":0,\"publisher\":{\"@id\":\"https:\/\/juliocesartriana.com\/#organization\"},\"image\":{\"@id\":\"https:\/\/juliocesartriana.com\/index.php\/2024\/06\/20\/con-demanda-impediremos-que-el-gobierno-se-apropie-de-los-parafiscales-agropecuarios\/#primaryimage\"},\"thumbnailUrl\":\"https:\/\/juliocesartriana.com\/wp-content\/uploads\/2024\/06\/WhatsApp-Image-2024-06-20-at-11.38.28-AM.jpeg\",\"articleSection\":[\"Gesti\u00f3n por el Huila\"],\"inLanguage\":\"es\",\"potentialAction\":[{\"@type\":\"CommentAction\",\"name\":\"Comment\",\"target\":[\"https:\/\/juliocesartriana.com\/index.php\/2024\/06\/20\/con-demanda-impediremos-que-el-gobierno-se-apropie-de-los-parafiscales-agropecuarios\/#respond\"]}]},{\"@type\":\"Person\",\"@id\":\"https:\/\/juliocesartriana.com\/#\/schema\/person\/deecb92c18f2299a8c280aa4eabd1a03\",\"name\":\"admin\",\"image\":{\"@type\":\"ImageObject\",\"@id\":\"https:\/\/juliocesartriana.com\/#personlogo\",\"inLanguage\":\"es\",\"url\":\"https:\/\/secure.gravatar.com\/avatar\/a796496fa1985f3a559e872a5db21305d7a391de67117abdfa8eb899c7bea95c?s=96&d=mm&r=g\",\"contentUrl\":\"https:\/\/secure.gravatar.com\/avatar\/a796496fa1985f3a559e872a5db21305d7a391de67117abdfa8eb899c7bea95c?s=96&d=mm&r=g\",\"caption\":\"admin\"},\"sameAs\":[\"https:\/\/juliocesartriana.com\"],\"url\":\"https:\/\/juliocesartriana.com\/index.php\/author\/admin_dovqajq2\/\"}]}<\/script>\n<!-- \/ Yoast SEO plugin. -->","yoast_head_json":{"title":"Julio C\u00e9sar Triana - Representante a la C\u00e1mara por el Huila","robots":{"index":"index","follow":"follow","max-snippet":"max-snippet:-1","max-image-preview":"max-image-preview:large","max-video-preview":"max-video-preview:-1"},"canonical":"https:\/\/juliocesartriana.com\/index.php\/2024\/06\/20\/con-demanda-impediremos-que-el-gobierno-se-apropie-de-los-parafiscales-agropecuarios\/","og_locale":"es_ES","og_type":"article","og_title":"Julio C\u00e9sar Triana - Representante a la C\u00e1mara por el Huila","og_description":"Este 17 de mayo, el Ministerio de Agricultura expidi\u00f3 la Resoluci\u00f3n 124 de 2024 para crear el programa \u201cConfianza Colombia\u201d, con el que busca financiar proyectos econ\u00f3micos y sociales para el sector agropecuario y pesquero. Sin embargo, en el art\u00edculo 5 de este documento, en el que se establecen las fuentes de financiaci\u00f3n de dicho &hellip; Con demanda, impediremos que el Gobierno se apropie de los parafiscales agropecuarios Leer m\u00e1s &raquo;","og_url":"https:\/\/juliocesartriana.com\/index.php\/2024\/06\/20\/con-demanda-impediremos-que-el-gobierno-se-apropie-de-los-parafiscales-agropecuarios\/","og_site_name":"Julio C\u00e9sar Triana - Representante a la C\u00e1mara por el Huila","article_publisher":"https:\/\/www.facebook.com\/TrianaCongreso\/","article_published_time":"2024-06-20T19:55:50+00:00","article_modified_time":"2024-06-20T19:55:51+00:00","og_image":[{"width":1280,"height":960,"url":"https:\/\/juliocesartriana.com\/wp-content\/uploads\/2024\/06\/WhatsApp-Image-2024-06-20-at-11.38.28-AM.jpeg","type":"image\/jpeg"}],"twitter_card":"summary_large_image","twitter_misc":{"Escrito por":"admin","Tiempo de lectura":"2 minutos"},"schema":{"@context":"https:\/\/schema.org","@graph":[{"@type":"Organization","@id":"https:\/\/juliocesartriana.com\/#organization","name":"Julio C\u00e9sar Triana - Representante a la C\u00e1mara","url":"https:\/\/juliocesartriana.com\/","sameAs":["https:\/\/www.facebook.com\/TrianaCongreso\/","https:\/\/www.instagram.com\/trianacongreso\/"],"logo":{"@type":"ImageObject","@id":"https:\/\/juliocesartriana.com\/#logo","inLanguage":"es","url":"https:\/\/juliocesartriana.com\/wp-content\/uploads\/2021\/03\/Salo\u0301n-eli\u0301ptico-presidiendo-1.jpeg","contentUrl":"https:\/\/juliocesartriana.com\/wp-content\/uploads\/2021\/03\/Salo\u0301n-eli\u0301ptico-presidiendo-1.jpeg","width":1280,"height":853,"caption":"Julio C\u00e9sar Triana - Representante a la C\u00e1mara"},"image":{"@id":"https:\/\/juliocesartriana.com\/#logo"}},{"@type":"WebSite","@id":"https:\/\/juliocesartriana.com\/#website","url":"https:\/\/juliocesartriana.com\/","name":"Julio C\u00e9sar Triana - Representante a la C\u00e1mara por el Huila","description":"Representante a la C\u00e1mara por el Departamento del Huila.","publisher":{"@id":"https:\/\/juliocesartriana.com\/#organization"},"potentialAction":[{"@type":"SearchAction","target":{"@type":"EntryPoint","urlTemplate":"https:\/\/juliocesartriana.com\/?s={search_term_string}"},"query-input":"required name=search_term_string"}],"inLanguage":"es"},{"@type":"ImageObject","@id":"https:\/\/juliocesartriana.com\/index.php\/2024\/06\/20\/con-demanda-impediremos-que-el-gobierno-se-apropie-de-los-parafiscales-agropecuarios\/#primaryimage","inLanguage":"es","url":"https:\/\/juliocesartriana.com\/wp-content\/uploads\/2024\/06\/WhatsApp-Image-2024-06-20-at-11.38.28-AM.jpeg","contentUrl":"https:\/\/juliocesartriana.com\/wp-content\/uploads\/2024\/06\/WhatsApp-Image-2024-06-20-at-11.38.28-AM.jpeg","width":1280,"height":960},{"@type":"WebPage","@id":"https:\/\/juliocesartriana.com\/index.php\/2024\/06\/20\/con-demanda-impediremos-que-el-gobierno-se-apropie-de-los-parafiscales-agropecuarios\/#webpage","url":"https:\/\/juliocesartriana.com\/index.php\/2024\/06\/20\/con-demanda-impediremos-que-el-gobierno-se-apropie-de-los-parafiscales-agropecuarios\/","name":"Julio C\u00e9sar Triana - Representante a la C\u00e1mara por el Huila","isPartOf":{"@id":"https:\/\/juliocesartriana.com\/#website"},"primaryImageOfPage":{"@id":"https:\/\/juliocesartriana.com\/index.php\/2024\/06\/20\/con-demanda-impediremos-que-el-gobierno-se-apropie-de-los-parafiscales-agropecuarios\/#primaryimage"},"datePublished":"2024-06-20T19:55:50+00:00","dateModified":"2024-06-20T19:55:51+00:00","breadcrumb":{"@id":"https:\/\/juliocesartriana.com\/index.php\/2024\/06\/20\/con-demanda-impediremos-que-el-gobierno-se-apropie-de-los-parafiscales-agropecuarios\/#breadcrumb"},"inLanguage":"es","potentialAction":[{"@type":"ReadAction","target":["https:\/\/juliocesartriana.com\/index.php\/2024\/06\/20\/con-demanda-impediremos-que-el-gobierno-se-apropie-de-los-parafiscales-agropecuarios\/"]}]},{"@type":"BreadcrumbList","@id":"https:\/\/juliocesartriana.com\/index.php\/2024\/06\/20\/con-demanda-impediremos-que-el-gobierno-se-apropie-de-los-parafiscales-agropecuarios\/#breadcrumb","itemListElement":[{"@type":"ListItem","position":1,"name":"Portada","item":"https:\/\/juliocesartriana.com\/"},{"@type":"ListItem","position":2,"name":"Con demanda, impediremos que el Gobierno se apropie de los parafiscales agropecuarios"}]},{"@type":"Article","@id":"https:\/\/juliocesartriana.com\/index.php\/2024\/06\/20\/con-demanda-impediremos-que-el-gobierno-se-apropie-de-los-parafiscales-agropecuarios\/#article","isPartOf":{"@id":"https:\/\/juliocesartriana.com\/index.php\/2024\/06\/20\/con-demanda-impediremos-que-el-gobierno-se-apropie-de-los-parafiscales-agropecuarios\/#webpage"},"author":{"@id":"https:\/\/juliocesartriana.com\/#\/schema\/person\/deecb92c18f2299a8c280aa4eabd1a03"},"headline":"Con demanda, impediremos que el Gobierno se apropie de los parafiscales agropecuarios","datePublished":"2024-06-20T19:55:50+00:00","dateModified":"2024-06-20T19:55:51+00:00","mainEntityOfPage":{"@id":"https:\/\/juliocesartriana.com\/index.php\/2024\/06\/20\/con-demanda-impediremos-que-el-gobierno-se-apropie-de-los-parafiscales-agropecuarios\/#webpage"},"wordCount":463,"commentCount":0,"publisher":{"@id":"https:\/\/juliocesartriana.com\/#organization"},"image":{"@id":"https:\/\/juliocesartriana.com\/index.php\/2024\/06\/20\/con-demanda-impediremos-que-el-gobierno-se-apropie-de-los-parafiscales-agropecuarios\/#primaryimage"},"thumbnailUrl":"https:\/\/juliocesartriana.com\/wp-content\/uploads\/2024\/06\/WhatsApp-Image-2024-06-20-at-11.38.28-AM.jpeg","articleSection":["Gesti\u00f3n por el Huila"],"inLanguage":"es","potentialAction":[{"@type":"CommentAction","name":"Comment","target":["https:\/\/juliocesartriana.com\/index.php\/2024\/06\/20\/con-demanda-impediremos-que-el-gobierno-se-apropie-de-los-parafiscales-agropecuarios\/#respond"]}]},{"@type":"Person","@id":"https:\/\/juliocesartriana.com\/#\/schema\/person\/deecb92c18f2299a8c280aa4eabd1a03","name":"admin","image":{"@type":"ImageObject","@id":"https:\/\/juliocesartriana.com\/#personlogo","inLanguage":"es","url":"https:\/\/secure.gravatar.com\/avatar\/a796496fa1985f3a559e872a5db21305d7a391de67117abdfa8eb899c7bea95c?s=96&d=mm&r=g","contentUrl":"https:\/\/secure.gravatar.com\/avatar\/a796496fa1985f3a559e872a5db21305d7a391de67117abdfa8eb899c7bea95c?s=96&d=mm&r=g","caption":"admin"},"sameAs":["https:\/\/juliocesartriana.com"],"url":"https:\/\/juliocesartriana.com\/index.php\/author\/admin_dovqajq2\/"}]}},"_links":{"self":[{"href":"https:\/\/juliocesartriana.com\/index.php\/wp-json\/wp\/v2\/posts\/4130","targetHints":{"allow":["GET"]}}],"collection":[{"href":"https:\/\/juliocesartriana.com\/index.php\/wp-json\/wp\/v2\/posts"}],"about":[{"href":"https:\/\/juliocesartriana.com\/index.php\/wp-json\/wp\/v2\/types\/post"}],"author":[{"embeddable":true,"href":"https:\/\/juliocesartriana.com\/index.php\/wp-json\/wp\/v2\/users\/1"}],"replies":[{"embeddable":true,"href":"https:\/\/juliocesartriana.com\/index.php\/wp-json\/wp\/v2\/comments?post=4130"}],"version-history":[{"count":1,"href":"https:\/\/juliocesartriana.com\/index.php\/wp-json\/wp\/v2\/posts\/4130\/revisions"}],"predecessor-version":[{"id":4131,"href":"https:\/\/juliocesartriana.com\/index.php\/wp-json\/wp\/v2\/posts\/4130\/revisions\/4131"}],"wp:featuredmedia":[{"embeddable":true,"href":"https:\/\/juliocesartriana.com\/index.php\/wp-json\/wp\/v2\/media\/4076"}],"wp:attachment":[{"href":"https:\/\/juliocesartriana.com\/index.php\/wp-json\/wp\/v2\/media?parent=4130"}],"wp:term":[{"taxonomy":"category","embeddable":true,"href":"https:\/\/juliocesartriana.com\/index.php\/wp-json\/wp\/v2\/categories?post=4130"},{"taxonomy":"post_tag","embeddable":true,"href":"https:\/\/juliocesartriana.com\/index.php\/wp-json\/wp\/v2\/tags?post=4130"}],"curies":[{"name":"wp","href":"https:\/\/api.w.org\/{rel}","templated":true}]}}