{"id":4062,"date":"2024-06-20T16:25:26","date_gmt":"2024-06-20T16:25:26","guid":{"rendered":"https:\/\/juliocesartriana.com\/?p=4062"},"modified":"2024-06-20T16:25:27","modified_gmt":"2024-06-20T16:25:27","slug":"denuncia-mas-del-59-de-la-flota-aerea-de-la-fuerza-publica-se-encuentra-sin-operar-y-el-54-de-los-helicopteros-del-ejercito-nacional-esta-en-tierra","status":"publish","type":"post","link":"https:\/\/juliocesartriana.com\/index.php\/2024\/06\/20\/denuncia-mas-del-59-de-la-flota-aerea-de-la-fuerza-publica-se-encuentra-sin-operar-y-el-54-de-los-helicopteros-del-ejercito-nacional-esta-en-tierra\/","title":{"rendered":"DENUNCIA: M\u00e1s del 59% de la flota a\u00e9rea de la Fuerza P\u00fablica se encuentra sin operar y el 54% de los helic\u00f3pteros del Ej\u00e9rcito Nacional est\u00e1 en tierra"},"content":{"rendered":"\n<p><em>En este debate de control pol\u00edtico, el Representante a la C\u00e1mara, Julio C\u00e9sar Triana, tambi\u00e9n revel\u00f3 que no son 8 los helic\u00f3pteros MI-17 que se encuentran operativos, sino 5 y que, desde el 2012, el Ministerio de Defensa no invierte en renovaci\u00f3n ni compra de aeronaves, lo cual, junto con el alto porcentaje de helic\u00f3pteros que hoy se encuentra sin operar ponen en inminente riesgo la capacidad operativa y militar de la Fuerza P\u00fablica en Colombia.<\/em><\/p>\n\n\n\n<p>Este mi\u00e9rcoles, en la Comisi\u00f3n Primera de la C\u00e1mara de Representantes, el Representante a la C\u00e1mara, Julio C\u00e9sar Triana, revel\u00f3 en un debate de control pol\u00edtico contra el ministro de Defensa, Iv\u00e1n Velasquez, el estado actual de la flota a\u00e9rea con la que cuenta la fuerza p\u00fablica y las aeronaves que se encuentran sin operar.<\/p>\n\n\n\n<p>El congresista mostr\u00f3 que de las 731 aeronaves con las que cuenta la Fuerza P\u00fablica, solo 298 se encuentran operativas, pues 223 est\u00e1n en mantenimiento y 210 sufrieron accidentes o est\u00e1n en proceso de darles de baja. Lo anterior, refleja que el 59% de la flota a\u00e9rea de la Fuerza P\u00fablica al d\u00eda de hoy no est\u00e1 en funcionamiento.<br>En cuanto a los helic\u00f3pteros del Ej\u00e9rcito Nacional, el Representante a la C\u00e1mara expres\u00f3 que el panorama tambi\u00e9n es preocupante. Del total de los 121 helic\u00f3pteros con los que cuenta el Ej\u00e9rcito, solo 55 se encuentran operativos, 34 en procesos de mantenimiento y los restantes 32 est\u00e1n no operativos, es decir, esta insituci\u00f3n tiene el 54% de su flota sin poder funcionar.<\/p>\n\n\n\n<p>\u201cEl mayor desaf\u00edo que hoy enfrenta Colombia es el fortalecimiento de los grupos al margen de la ley, que se localizan en topograf\u00edas de dif\u00edcil acceso. Para llegar a esos territorios y realizar ataques militares, labores de rescate, misiones humanitarias y transporte de tropas es indispensable el uso de helic\u00f3pteros.<br>Sin embargo, nos cuesta creer que m\u00e1s del 54% de estas aeronaves que hoy tiene el Ej\u00e9rcito no puedan ser usadas. Esto nos deja en una clara desventaja en cuanto a reacci\u00f3n t\u00e1ctica frente a unos grupos al margen de la ley que han aumentado su control y expansi\u00f3n del territorio, tras la fallida implementaci\u00f3n de La Paz Total\u201d,<br>afirm\u00f3 el Representante Triana.<\/p>\n\n\n\n<p>En el desarrollo del debate, el congresista de Cambio Radical tambi\u00e9n se refiri\u00f3 a los pol\u00e9micos helic\u00f3pteros de origen ruso que hoy se encuentran parqueados en Tolemaida por falta de mantenimiento. De los 20 MI-17 con los que contaba la Fuerza P\u00fablica, solo 5 est\u00e1n operativos, pues 2 sufrieron accidentes, 10 se encuentran en preservaci\u00f3n en Tolemaida y 3 est\u00e1n en revisiones rutinarias.<\/p>\n\n\n\n<p>En su intervenci\u00f3n, el congresista le reclam\u00f3 al Gobierno Nacional por su obstinaci\u00f3n para no hacerle mantenimiento a estas aeronaves, a\u00fan cuando la Embajada Rusa ha asegurado a trav\u00e9s de un derecho de petici\u00f3n que la empresa NASC S.A. ha planteado diferentes alternativas para cumplir con el contrato, asegurando que ha sido el Ministerio de Defensa quien de manera unilateral no ha querido aceptar.<br>Al respecto Triana mencion\u00f3: \u201cTal vez el Gobierno desconozca la importancia del uso de los MI-17 para la seguridad nacional y por eso prefiere tenerlos abandonados en Tolemaida, exponi\u00e9ndose a un arbitraje internacional que nada bien le har\u00eda a nuestro pa\u00eds. <br>Al finalizar el debate, el Representante a la C\u00e1mara mencion\u00f3 el dif\u00edcil panorama que vive hoy el pa\u00eds en materia de seguridad y la relevancia de que Colombia tenga toda su flota de helic\u00f3pteros funcionando para combatir la criminalidad y el recrudecimiento de la violencia:<\/p>\n","protected":false},"excerpt":{"rendered":"<p>En este debate de control pol\u00edtico, el Representante a la C\u00e1mara, Julio C\u00e9sar Triana, tambi\u00e9n revel\u00f3 que no son 8 los helic\u00f3pteros MI-17 que se encuentran operativos, sino 5 y que, desde el 2012, el Ministerio de Defensa no invierte en renovaci\u00f3n ni compra de aeronaves, lo cual, junto con el alto porcentaje de helic\u00f3pteros &hellip;<\/p>\n<p class=\"read-more\"> <a class=\"\" href=\"https:\/\/juliocesartriana.com\/index.php\/2024\/06\/20\/denuncia-mas-del-59-de-la-flota-aerea-de-la-fuerza-publica-se-encuentra-sin-operar-y-el-54-de-los-helicopteros-del-ejercito-nacional-esta-en-tierra\/\"> <span class=\"screen-reader-text\">DENUNCIA: M\u00e1s del 59% de la flota a\u00e9rea de la Fuerza P\u00fablica se encuentra sin operar y el 54% de los helic\u00f3pteros del Ej\u00e9rcito Nacional est\u00e1 en tierra<\/span> Leer m\u00e1s &raquo;<\/a><\/p>\n","protected":false},"author":1,"featured_media":4069,"comment_status":"open","ping_status":"open","sticky":false,"template":"","format":"standard","meta":{"ngg_post_thumbnail":0,"footnotes":""},"categories":[5,9,1],"tags":[],"class_list":["post-4062","post","type-post","status-publish","format-standard","has-post-thumbnail","hentry","category-control-politico","category-prensa","category-uncategorized"],"yoast_head":"<!-- This site is optimized with the Yoast SEO plugin v18.5.1 - https:\/\/yoast.com\/wordpress\/plugins\/seo\/ -->\n<title>Julio C\u00e9sar Triana - Representante a la C\u00e1mara por el Huila<\/title>\n<meta name=\"robots\" content=\"index, follow, max-snippet:-1, max-image-preview:large, max-video-preview:-1\" \/>\n<link rel=\"canonical\" href=\"https:\/\/juliocesartriana.com\/index.php\/2024\/06\/20\/denuncia-mas-del-59-de-la-flota-aerea-de-la-fuerza-publica-se-encuentra-sin-operar-y-el-54-de-los-helicopteros-del-ejercito-nacional-esta-en-tierra\/\" \/>\n<meta property=\"og:locale\" content=\"es_ES\" \/>\n<meta property=\"og:type\" content=\"article\" \/>\n<meta property=\"og:title\" content=\"Julio C\u00e9sar Triana - Representante a la C\u00e1mara por el Huila\" \/>\n<meta property=\"og:description\" content=\"En este debate de control pol\u00edtico, el Representante a la C\u00e1mara, Julio C\u00e9sar Triana, tambi\u00e9n revel\u00f3 que no son 8 los helic\u00f3pteros MI-17 que se encuentran operativos, sino 5 y que, desde el 2012, el Ministerio de Defensa no invierte en renovaci\u00f3n ni compra de aeronaves, lo cual, junto con el alto porcentaje de helic\u00f3pteros &hellip; DENUNCIA: M\u00e1s del 59% de la flota a\u00e9rea de la Fuerza P\u00fablica se encuentra sin operar y el 54% de los helic\u00f3pteros del Ej\u00e9rcito Nacional est\u00e1 en tierra Leer m\u00e1s &raquo;\" \/>\n<meta property=\"og:url\" content=\"https:\/\/juliocesartriana.com\/index.php\/2024\/06\/20\/denuncia-mas-del-59-de-la-flota-aerea-de-la-fuerza-publica-se-encuentra-sin-operar-y-el-54-de-los-helicopteros-del-ejercito-nacional-esta-en-tierra\/\" \/>\n<meta property=\"og:site_name\" content=\"Julio C\u00e9sar Triana - Representante a la C\u00e1mara por el Huila\" \/>\n<meta property=\"article:publisher\" content=\"https:\/\/www.facebook.com\/TrianaCongreso\/\" \/>\n<meta property=\"article:published_time\" content=\"2024-06-20T16:25:26+00:00\" \/>\n<meta property=\"article:modified_time\" content=\"2024-06-20T16:25:27+00:00\" \/>\n<meta property=\"og:image\" content=\"https:\/\/juliocesartriana.com\/wp-content\/uploads\/2024\/06\/WhatsApp-Image-2024-06-20-at-11.24.23-AM.jpeg\" \/>\n\t<meta property=\"og:image:width\" content=\"1080\" \/>\n\t<meta property=\"og:image:height\" content=\"720\" \/>\n\t<meta property=\"og:image:type\" content=\"image\/jpeg\" \/>\n<meta name=\"twitter:card\" content=\"summary_large_image\" \/>\n<meta name=\"twitter:label1\" content=\"Escrito por\" \/>\n\t<meta name=\"twitter:data1\" content=\"admin\" \/>\n\t<meta name=\"twitter:label2\" content=\"Tiempo de lectura\" \/>\n\t<meta name=\"twitter:data2\" content=\"3 minutos\" \/>\n<script type=\"application\/ld+json\" class=\"yoast-schema-graph\">{\"@context\":\"https:\/\/schema.org\",\"@graph\":[{\"@type\":\"Organization\",\"@id\":\"https:\/\/juliocesartriana.com\/#organization\",\"name\":\"Julio C\u00e9sar Triana - Representante a la C\u00e1mara\",\"url\":\"https:\/\/juliocesartriana.com\/\",\"sameAs\":[\"https:\/\/www.facebook.com\/TrianaCongreso\/\",\"https:\/\/www.instagram.com\/trianacongreso\/\"],\"logo\":{\"@type\":\"ImageObject\",\"@id\":\"https:\/\/juliocesartriana.com\/#logo\",\"inLanguage\":\"es\",\"url\":\"https:\/\/juliocesartriana.com\/wp-content\/uploads\/2021\/03\/Salo\u0301n-eli\u0301ptico-presidiendo-1.jpeg\",\"contentUrl\":\"https:\/\/juliocesartriana.com\/wp-content\/uploads\/2021\/03\/Salo\u0301n-eli\u0301ptico-presidiendo-1.jpeg\",\"width\":1280,\"height\":853,\"caption\":\"Julio C\u00e9sar Triana - Representante a la C\u00e1mara\"},\"image\":{\"@id\":\"https:\/\/juliocesartriana.com\/#logo\"}},{\"@type\":\"WebSite\",\"@id\":\"https:\/\/juliocesartriana.com\/#website\",\"url\":\"https:\/\/juliocesartriana.com\/\",\"name\":\"Julio C\u00e9sar Triana - Representante a la C\u00e1mara por el Huila\",\"description\":\"Representante a la C\u00e1mara por el Departamento del Huila.\",\"publisher\":{\"@id\":\"https:\/\/juliocesartriana.com\/#organization\"},\"potentialAction\":[{\"@type\":\"SearchAction\",\"target\":{\"@type\":\"EntryPoint\",\"urlTemplate\":\"https:\/\/juliocesartriana.com\/?s={search_term_string}\"},\"query-input\":\"required name=search_term_string\"}],\"inLanguage\":\"es\"},{\"@type\":\"ImageObject\",\"@id\":\"https:\/\/juliocesartriana.com\/index.php\/2024\/06\/20\/denuncia-mas-del-59-de-la-flota-aerea-de-la-fuerza-publica-se-encuentra-sin-operar-y-el-54-de-los-helicopteros-del-ejercito-nacional-esta-en-tierra\/#primaryimage\",\"inLanguage\":\"es\",\"url\":\"https:\/\/juliocesartriana.com\/wp-content\/uploads\/2024\/06\/WhatsApp-Image-2024-06-20-at-11.24.23-AM.jpeg\",\"contentUrl\":\"https:\/\/juliocesartriana.com\/wp-content\/uploads\/2024\/06\/WhatsApp-Image-2024-06-20-at-11.24.23-AM.jpeg\",\"width\":1080,\"height\":720},{\"@type\":\"WebPage\",\"@id\":\"https:\/\/juliocesartriana.com\/index.php\/2024\/06\/20\/denuncia-mas-del-59-de-la-flota-aerea-de-la-fuerza-publica-se-encuentra-sin-operar-y-el-54-de-los-helicopteros-del-ejercito-nacional-esta-en-tierra\/#webpage\",\"url\":\"https:\/\/juliocesartriana.com\/index.php\/2024\/06\/20\/denuncia-mas-del-59-de-la-flota-aerea-de-la-fuerza-publica-se-encuentra-sin-operar-y-el-54-de-los-helicopteros-del-ejercito-nacional-esta-en-tierra\/\",\"name\":\"Julio C\u00e9sar Triana - Representante a la C\u00e1mara por el Huila\",\"isPartOf\":{\"@id\":\"https:\/\/juliocesartriana.com\/#website\"},\"primaryImageOfPage\":{\"@id\":\"https:\/\/juliocesartriana.com\/index.php\/2024\/06\/20\/denuncia-mas-del-59-de-la-flota-aerea-de-la-fuerza-publica-se-encuentra-sin-operar-y-el-54-de-los-helicopteros-del-ejercito-nacional-esta-en-tierra\/#primaryimage\"},\"datePublished\":\"2024-06-20T16:25:26+00:00\",\"dateModified\":\"2024-06-20T16:25:27+00:00\",\"breadcrumb\":{\"@id\":\"https:\/\/juliocesartriana.com\/index.php\/2024\/06\/20\/denuncia-mas-del-59-de-la-flota-aerea-de-la-fuerza-publica-se-encuentra-sin-operar-y-el-54-de-los-helicopteros-del-ejercito-nacional-esta-en-tierra\/#breadcrumb\"},\"inLanguage\":\"es\",\"potentialAction\":[{\"@type\":\"ReadAction\",\"target\":[\"https:\/\/juliocesartriana.com\/index.php\/2024\/06\/20\/denuncia-mas-del-59-de-la-flota-aerea-de-la-fuerza-publica-se-encuentra-sin-operar-y-el-54-de-los-helicopteros-del-ejercito-nacional-esta-en-tierra\/\"]}]},{\"@type\":\"BreadcrumbList\",\"@id\":\"https:\/\/juliocesartriana.com\/index.php\/2024\/06\/20\/denuncia-mas-del-59-de-la-flota-aerea-de-la-fuerza-publica-se-encuentra-sin-operar-y-el-54-de-los-helicopteros-del-ejercito-nacional-esta-en-tierra\/#breadcrumb\",\"itemListElement\":[{\"@type\":\"ListItem\",\"position\":1,\"name\":\"Portada\",\"item\":\"https:\/\/juliocesartriana.com\/\"},{\"@type\":\"ListItem\",\"position\":2,\"name\":\"DENUNCIA: M\u00e1s del 59% de la flota a\u00e9rea de la Fuerza P\u00fablica se encuentra sin operar y el 54% de los helic\u00f3pteros del Ej\u00e9rcito Nacional est\u00e1 en tierra\"}]},{\"@type\":\"Article\",\"@id\":\"https:\/\/juliocesartriana.com\/index.php\/2024\/06\/20\/denuncia-mas-del-59-de-la-flota-aerea-de-la-fuerza-publica-se-encuentra-sin-operar-y-el-54-de-los-helicopteros-del-ejercito-nacional-esta-en-tierra\/#article\",\"isPartOf\":{\"@id\":\"https:\/\/juliocesartriana.com\/index.php\/2024\/06\/20\/denuncia-mas-del-59-de-la-flota-aerea-de-la-fuerza-publica-se-encuentra-sin-operar-y-el-54-de-los-helicopteros-del-ejercito-nacional-esta-en-tierra\/#webpage\"},\"author\":{\"@id\":\"https:\/\/juliocesartriana.com\/#\/schema\/person\/deecb92c18f2299a8c280aa4eabd1a03\"},\"headline\":\"DENUNCIA: M\u00e1s del 59% de la flota a\u00e9rea de la Fuerza P\u00fablica se encuentra sin operar y el 54% de los helic\u00f3pteros del Ej\u00e9rcito Nacional est\u00e1 en tierra\",\"datePublished\":\"2024-06-20T16:25:26+00:00\",\"dateModified\":\"2024-06-20T16:25:27+00:00\",\"mainEntityOfPage\":{\"@id\":\"https:\/\/juliocesartriana.com\/index.php\/2024\/06\/20\/denuncia-mas-del-59-de-la-flota-aerea-de-la-fuerza-publica-se-encuentra-sin-operar-y-el-54-de-los-helicopteros-del-ejercito-nacional-esta-en-tierra\/#webpage\"},\"wordCount\":651,\"commentCount\":0,\"publisher\":{\"@id\":\"https:\/\/juliocesartriana.com\/#organization\"},\"image\":{\"@id\":\"https:\/\/juliocesartriana.com\/index.php\/2024\/06\/20\/denuncia-mas-del-59-de-la-flota-aerea-de-la-fuerza-publica-se-encuentra-sin-operar-y-el-54-de-los-helicopteros-del-ejercito-nacional-esta-en-tierra\/#primaryimage\"},\"thumbnailUrl\":\"https:\/\/juliocesartriana.com\/wp-content\/uploads\/2024\/06\/WhatsApp-Image-2024-06-20-at-11.24.23-AM.jpeg\",\"articleSection\":[\"Control Pol\u00edtico\",\"Prensa\",\"Uncategorized\"],\"inLanguage\":\"es\",\"potentialAction\":[{\"@type\":\"CommentAction\",\"name\":\"Comment\",\"target\":[\"https:\/\/juliocesartriana.com\/index.php\/2024\/06\/20\/denuncia-mas-del-59-de-la-flota-aerea-de-la-fuerza-publica-se-encuentra-sin-operar-y-el-54-de-los-helicopteros-del-ejercito-nacional-esta-en-tierra\/#respond\"]}]},{\"@type\":\"Person\",\"@id\":\"https:\/\/juliocesartriana.com\/#\/schema\/person\/deecb92c18f2299a8c280aa4eabd1a03\",\"name\":\"admin\",\"image\":{\"@type\":\"ImageObject\",\"@id\":\"https:\/\/juliocesartriana.com\/#personlogo\",\"inLanguage\":\"es\",\"url\":\"https:\/\/secure.gravatar.com\/avatar\/a796496fa1985f3a559e872a5db21305d7a391de67117abdfa8eb899c7bea95c?s=96&d=mm&r=g\",\"contentUrl\":\"https:\/\/secure.gravatar.com\/avatar\/a796496fa1985f3a559e872a5db21305d7a391de67117abdfa8eb899c7bea95c?s=96&d=mm&r=g\",\"caption\":\"admin\"},\"sameAs\":[\"https:\/\/juliocesartriana.com\"],\"url\":\"https:\/\/juliocesartriana.com\/index.php\/author\/admin_dovqajq2\/\"}]}<\/script>\n<!-- \/ Yoast SEO plugin. -->","yoast_head_json":{"title":"Julio C\u00e9sar Triana - Representante a la C\u00e1mara por el Huila","robots":{"index":"index","follow":"follow","max-snippet":"max-snippet:-1","max-image-preview":"max-image-preview:large","max-video-preview":"max-video-preview:-1"},"canonical":"https:\/\/juliocesartriana.com\/index.php\/2024\/06\/20\/denuncia-mas-del-59-de-la-flota-aerea-de-la-fuerza-publica-se-encuentra-sin-operar-y-el-54-de-los-helicopteros-del-ejercito-nacional-esta-en-tierra\/","og_locale":"es_ES","og_type":"article","og_title":"Julio C\u00e9sar Triana - Representante a la C\u00e1mara por el Huila","og_description":"En este debate de control pol\u00edtico, el Representante a la C\u00e1mara, Julio C\u00e9sar Triana, tambi\u00e9n revel\u00f3 que no son 8 los helic\u00f3pteros MI-17 que se encuentran operativos, sino 5 y que, desde el 2012, el Ministerio de Defensa no invierte en renovaci\u00f3n ni compra de aeronaves, lo cual, junto con el alto porcentaje de helic\u00f3pteros &hellip; DENUNCIA: M\u00e1s del 59% de la flota a\u00e9rea de la Fuerza P\u00fablica se encuentra sin operar y el 54% de los helic\u00f3pteros del Ej\u00e9rcito Nacional est\u00e1 en tierra Leer m\u00e1s &raquo;","og_url":"https:\/\/juliocesartriana.com\/index.php\/2024\/06\/20\/denuncia-mas-del-59-de-la-flota-aerea-de-la-fuerza-publica-se-encuentra-sin-operar-y-el-54-de-los-helicopteros-del-ejercito-nacional-esta-en-tierra\/","og_site_name":"Julio C\u00e9sar Triana - Representante a la C\u00e1mara por el Huila","article_publisher":"https:\/\/www.facebook.com\/TrianaCongreso\/","article_published_time":"2024-06-20T16:25:26+00:00","article_modified_time":"2024-06-20T16:25:27+00:00","og_image":[{"width":1080,"height":720,"url":"https:\/\/juliocesartriana.com\/wp-content\/uploads\/2024\/06\/WhatsApp-Image-2024-06-20-at-11.24.23-AM.jpeg","type":"image\/jpeg"}],"twitter_card":"summary_large_image","twitter_misc":{"Escrito por":"admin","Tiempo de lectura":"3 minutos"},"schema":{"@context":"https:\/\/schema.org","@graph":[{"@type":"Organization","@id":"https:\/\/juliocesartriana.com\/#organization","name":"Julio C\u00e9sar Triana - Representante a la C\u00e1mara","url":"https:\/\/juliocesartriana.com\/","sameAs":["https:\/\/www.facebook.com\/TrianaCongreso\/","https:\/\/www.instagram.com\/trianacongreso\/"],"logo":{"@type":"ImageObject","@id":"https:\/\/juliocesartriana.com\/#logo","inLanguage":"es","url":"https:\/\/juliocesartriana.com\/wp-content\/uploads\/2021\/03\/Salo\u0301n-eli\u0301ptico-presidiendo-1.jpeg","contentUrl":"https:\/\/juliocesartriana.com\/wp-content\/uploads\/2021\/03\/Salo\u0301n-eli\u0301ptico-presidiendo-1.jpeg","width":1280,"height":853,"caption":"Julio C\u00e9sar Triana - Representante a la C\u00e1mara"},"image":{"@id":"https:\/\/juliocesartriana.com\/#logo"}},{"@type":"WebSite","@id":"https:\/\/juliocesartriana.com\/#website","url":"https:\/\/juliocesartriana.com\/","name":"Julio C\u00e9sar Triana - Representante a la C\u00e1mara por el Huila","description":"Representante a la C\u00e1mara por el Departamento del Huila.","publisher":{"@id":"https:\/\/juliocesartriana.com\/#organization"},"potentialAction":[{"@type":"SearchAction","target":{"@type":"EntryPoint","urlTemplate":"https:\/\/juliocesartriana.com\/?s={search_term_string}"},"query-input":"required name=search_term_string"}],"inLanguage":"es"},{"@type":"ImageObject","@id":"https:\/\/juliocesartriana.com\/index.php\/2024\/06\/20\/denuncia-mas-del-59-de-la-flota-aerea-de-la-fuerza-publica-se-encuentra-sin-operar-y-el-54-de-los-helicopteros-del-ejercito-nacional-esta-en-tierra\/#primaryimage","inLanguage":"es","url":"https:\/\/juliocesartriana.com\/wp-content\/uploads\/2024\/06\/WhatsApp-Image-2024-06-20-at-11.24.23-AM.jpeg","contentUrl":"https:\/\/juliocesartriana.com\/wp-content\/uploads\/2024\/06\/WhatsApp-Image-2024-06-20-at-11.24.23-AM.jpeg","width":1080,"height":720},{"@type":"WebPage","@id":"https:\/\/juliocesartriana.com\/index.php\/2024\/06\/20\/denuncia-mas-del-59-de-la-flota-aerea-de-la-fuerza-publica-se-encuentra-sin-operar-y-el-54-de-los-helicopteros-del-ejercito-nacional-esta-en-tierra\/#webpage","url":"https:\/\/juliocesartriana.com\/index.php\/2024\/06\/20\/denuncia-mas-del-59-de-la-flota-aerea-de-la-fuerza-publica-se-encuentra-sin-operar-y-el-54-de-los-helicopteros-del-ejercito-nacional-esta-en-tierra\/","name":"Julio C\u00e9sar Triana - Representante a la C\u00e1mara por el Huila","isPartOf":{"@id":"https:\/\/juliocesartriana.com\/#website"},"primaryImageOfPage":{"@id":"https:\/\/juliocesartriana.com\/index.php\/2024\/06\/20\/denuncia-mas-del-59-de-la-flota-aerea-de-la-fuerza-publica-se-encuentra-sin-operar-y-el-54-de-los-helicopteros-del-ejercito-nacional-esta-en-tierra\/#primaryimage"},"datePublished":"2024-06-20T16:25:26+00:00","dateModified":"2024-06-20T16:25:27+00:00","breadcrumb":{"@id":"https:\/\/juliocesartriana.com\/index.php\/2024\/06\/20\/denuncia-mas-del-59-de-la-flota-aerea-de-la-fuerza-publica-se-encuentra-sin-operar-y-el-54-de-los-helicopteros-del-ejercito-nacional-esta-en-tierra\/#breadcrumb"},"inLanguage":"es","potentialAction":[{"@type":"ReadAction","target":["https:\/\/juliocesartriana.com\/index.php\/2024\/06\/20\/denuncia-mas-del-59-de-la-flota-aerea-de-la-fuerza-publica-se-encuentra-sin-operar-y-el-54-de-los-helicopteros-del-ejercito-nacional-esta-en-tierra\/"]}]},{"@type":"BreadcrumbList","@id":"https:\/\/juliocesartriana.com\/index.php\/2024\/06\/20\/denuncia-mas-del-59-de-la-flota-aerea-de-la-fuerza-publica-se-encuentra-sin-operar-y-el-54-de-los-helicopteros-del-ejercito-nacional-esta-en-tierra\/#breadcrumb","itemListElement":[{"@type":"ListItem","position":1,"name":"Portada","item":"https:\/\/juliocesartriana.com\/"},{"@type":"ListItem","position":2,"name":"DENUNCIA: M\u00e1s del 59% de la flota a\u00e9rea de la Fuerza P\u00fablica se encuentra sin operar y el 54% de los helic\u00f3pteros del Ej\u00e9rcito Nacional est\u00e1 en tierra"}]},{"@type":"Article","@id":"https:\/\/juliocesartriana.com\/index.php\/2024\/06\/20\/denuncia-mas-del-59-de-la-flota-aerea-de-la-fuerza-publica-se-encuentra-sin-operar-y-el-54-de-los-helicopteros-del-ejercito-nacional-esta-en-tierra\/#article","isPartOf":{"@id":"https:\/\/juliocesartriana.com\/index.php\/2024\/06\/20\/denuncia-mas-del-59-de-la-flota-aerea-de-la-fuerza-publica-se-encuentra-sin-operar-y-el-54-de-los-helicopteros-del-ejercito-nacional-esta-en-tierra\/#webpage"},"author":{"@id":"https:\/\/juliocesartriana.com\/#\/schema\/person\/deecb92c18f2299a8c280aa4eabd1a03"},"headline":"DENUNCIA: M\u00e1s del 59% de la flota a\u00e9rea de la Fuerza P\u00fablica se encuentra sin operar y el 54% de los helic\u00f3pteros del Ej\u00e9rcito Nacional est\u00e1 en tierra","datePublished":"2024-06-20T16:25:26+00:00","dateModified":"2024-06-20T16:25:27+00:00","mainEntityOfPage":{"@id":"https:\/\/juliocesartriana.com\/index.php\/2024\/06\/20\/denuncia-mas-del-59-de-la-flota-aerea-de-la-fuerza-publica-se-encuentra-sin-operar-y-el-54-de-los-helicopteros-del-ejercito-nacional-esta-en-tierra\/#webpage"},"wordCount":651,"commentCount":0,"publisher":{"@id":"https:\/\/juliocesartriana.com\/#organization"},"image":{"@id":"https:\/\/juliocesartriana.com\/index.php\/2024\/06\/20\/denuncia-mas-del-59-de-la-flota-aerea-de-la-fuerza-publica-se-encuentra-sin-operar-y-el-54-de-los-helicopteros-del-ejercito-nacional-esta-en-tierra\/#primaryimage"},"thumbnailUrl":"https:\/\/juliocesartriana.com\/wp-content\/uploads\/2024\/06\/WhatsApp-Image-2024-06-20-at-11.24.23-AM.jpeg","articleSection":["Control Pol\u00edtico","Prensa","Uncategorized"],"inLanguage":"es","potentialAction":[{"@type":"CommentAction","name":"Comment","target":["https:\/\/juliocesartriana.com\/index.php\/2024\/06\/20\/denuncia-mas-del-59-de-la-flota-aerea-de-la-fuerza-publica-se-encuentra-sin-operar-y-el-54-de-los-helicopteros-del-ejercito-nacional-esta-en-tierra\/#respond"]}]},{"@type":"Person","@id":"https:\/\/juliocesartriana.com\/#\/schema\/person\/deecb92c18f2299a8c280aa4eabd1a03","name":"admin","image":{"@type":"ImageObject","@id":"https:\/\/juliocesartriana.com\/#personlogo","inLanguage":"es","url":"https:\/\/secure.gravatar.com\/avatar\/a796496fa1985f3a559e872a5db21305d7a391de67117abdfa8eb899c7bea95c?s=96&d=mm&r=g","contentUrl":"https:\/\/secure.gravatar.com\/avatar\/a796496fa1985f3a559e872a5db21305d7a391de67117abdfa8eb899c7bea95c?s=96&d=mm&r=g","caption":"admin"},"sameAs":["https:\/\/juliocesartriana.com"],"url":"https:\/\/juliocesartriana.com\/index.php\/author\/admin_dovqajq2\/"}]}},"_links":{"self":[{"href":"https:\/\/juliocesartriana.com\/index.php\/wp-json\/wp\/v2\/posts\/4062","targetHints":{"allow":["GET"]}}],"collection":[{"href":"https:\/\/juliocesartriana.com\/index.php\/wp-json\/wp\/v2\/posts"}],"about":[{"href":"https:\/\/juliocesartriana.com\/index.php\/wp-json\/wp\/v2\/types\/post"}],"author":[{"embeddable":true,"href":"https:\/\/juliocesartriana.com\/index.php\/wp-json\/wp\/v2\/users\/1"}],"replies":[{"embeddable":true,"href":"https:\/\/juliocesartriana.com\/index.php\/wp-json\/wp\/v2\/comments?post=4062"}],"version-history":[{"count":1,"href":"https:\/\/juliocesartriana.com\/index.php\/wp-json\/wp\/v2\/posts\/4062\/revisions"}],"predecessor-version":[{"id":4070,"href":"https:\/\/juliocesartriana.com\/index.php\/wp-json\/wp\/v2\/posts\/4062\/revisions\/4070"}],"wp:featuredmedia":[{"embeddable":true,"href":"https:\/\/juliocesartriana.com\/index.php\/wp-json\/wp\/v2\/media\/4069"}],"wp:attachment":[{"href":"https:\/\/juliocesartriana.com\/index.php\/wp-json\/wp\/v2\/media?parent=4062"}],"wp:term":[{"taxonomy":"category","embeddable":true,"href":"https:\/\/juliocesartriana.com\/index.php\/wp-json\/wp\/v2\/categories?post=4062"},{"taxonomy":"post_tag","embeddable":true,"href":"https:\/\/juliocesartriana.com\/index.php\/wp-json\/wp\/v2\/tags?post=4062"}],"curies":[{"name":"wp","href":"https:\/\/api.w.org\/{rel}","templated":true}]}}