{"id":4059,"date":"2024-06-20T13:41:56","date_gmt":"2024-06-20T13:41:56","guid":{"rendered":"https:\/\/juliocesartriana.com\/?p=4059"},"modified":"2024-06-20T16:23:38","modified_gmt":"2024-06-20T16:23:38","slug":"congresistas-a-rendir-cuentas","status":"publish","type":"post","link":"https:\/\/juliocesartriana.com\/index.php\/2024\/06\/20\/congresistas-a-rendir-cuentas\/","title":{"rendered":"Congresistas, a rendir cuentas"},"content":{"rendered":"\n<p><em>El Congreso de la Rep\u00fablica sigue en su camino de autorreformarse.  Este 12 de junio, fue aprobado el proyecto de autor\u00eda del Congresista Julio C\u00e9sar Triana que busca que Senadores y Representantes a la C\u00e1mara informen, expliquen y den a conocer su gesti\u00f3n a trav\u00e9s de informes p\u00fablicos, que podr\u00e1 consultar la ciudadan\u00eda de manera digital.<\/em><\/p>\n\n\n\n<p><strong><em>Bogot\u00e1, 12 de junio del 2024 <\/em><\/strong><\/p>\n\n\n\n<p>De manera un\u00e1nime, el Senado de la Rep\u00fablica aprob\u00f3 en su \u00faltimo debate el proyecto de ley que modifica el art\u00edculo 8 de la ley 1828 de 2017 y que promueve una cultura de transparencia y di\u00e1logo entre el Congreso y la ciudadan\u00eda. Para ello, crea espacios de di\u00e1logo p\u00fablico donde los Representantes a la C\u00e1mara y Senadores deber\u00e1n informar, explicar y dar a conocer su gesti\u00f3n legislativa.<\/p>\n\n\n\n<p>Actualmente, los congresistas ya tienen la labor de rendir cuentas a trav\u00e9s de un informe de gesti\u00f3n anual que debe ser subido a la plataforma de la Corporaci\u00f3n. Ahora, este informe de gesti\u00f3n tambi\u00e9n deber\u00e1 ser presentado ante la comunidad.<\/p>\n\n\n\n<p><em>\u201cNecesitamos seguir reconectando al Congreso con la comunidad. Ya dimos el primer paso y fue lograr que se redujera en un mes el receso legislativo. Ahora, queremos visibilizar la labor de los Representantes a la C\u00e1mara y Senadores con la ciudadan\u00eda. Por eso, con este proyecto buscamos crear escenarios de participaci\u00f3n para que los congresistas podamos presentar nuestra gesti\u00f3n, los proyectos de ley que hemos defendido, las labores de las comisiones, el control pol\u00edtico que llevamos a cabo, en fin, nuestros resultados en el Congreso\u201d,<\/em> afirm\u00f3 el Representante a la C\u00e1mara, Julio C\u00e9sar Triana.<\/p>\n\n\n\n<p>Por su parte, la Representante a la C\u00e1mara, Catherine Juvinao, manifest\u00f3 que la percepci\u00f3n del Congreso ha cambiado en t\u00e9rminos positivos gracias a la voluntad de sus miembros para autorreformarse:<\/p>\n\n\n\n<p><em>\u201cEn junio del 2021, el Congreso lleg\u00f3 a tener un \u00edndice de favorabilidad del 7%, el m\u00e1s bajo desde que se promulg\u00f3 la Constituci\u00f3n del 91. Hoy, la \u00faltima encuesta del INVAMER, revela que este \u00edndice subi\u00f3 a un 26% de favorabilidad, lo cual demuestra que este Congreso est\u00e1 dispuesto a cumplir con el mandato ciudadano de transparentar esta corporaci\u00f3n\u201d.<\/em><\/p>\n\n\n\n<p>Este proyecto pasar\u00e1 ahora a Senado, donde deber\u00e1n surtir sus otros dos debates.<\/p>\n\n\n\n<p><strong><em>\u00bfC\u00f3mo funcionar\u00e1 esta rendici\u00f3n de cuentas?<\/em><\/strong><\/p>\n\n\n\n<p><strong>1.<\/strong>&nbsp;&nbsp;&nbsp; &nbsp;Se presentar\u00e1 el informe de gesti\u00f3n anual ante la Secretar\u00eda de la C\u00e1mara (esto ya est\u00e1 contemplado en la ley): Sin embargo, con el proyecto de ley de \u2018Rendici\u00f3n de cuentas\u2019 se deber\u00e1n hacer los siguientes ajustes:<\/p>\n\n\n\n<p>o&nbsp;&nbsp; Se entregar\u00e1 de manera digital y en los 10 d\u00edas h\u00e1biles siguientes a la finalizaci\u00f3n de cada legislatura.<\/p>\n\n\n\n<p>o&nbsp;&nbsp; Se presentar\u00e1 a trav\u00e9s del formato datos abiertos y en lenguaje claro.<\/p>\n\n\n\n<p>o&nbsp;&nbsp; Se publicar\u00e1 por las respectivas secretar\u00edas en los siguientes 5 d\u00edas h\u00e1biles al recibido.<\/p>\n\n\n\n<p><strong>2.<\/strong>&nbsp;&nbsp;&nbsp; &nbsp;Luego los congresistas deber\u00e1n convocar y organizar dentro de los siguientes 30 d\u00edas calendario a la fecha de publicaci\u00f3n del informe, un espacio de di\u00e1logo p\u00fablico: audiencias p\u00fablicas, encuentros territoriales o mesas de trabajo, en el que se dar\u00e1 a conocer el informe de trabajo de los congresistas frente a la comunidad.<\/p>\n\n\n\n<p>o&nbsp;&nbsp; La convocatoria debe hacerse con 10 d\u00edas de anticipaci\u00f3n.<\/p>\n\n\n\n<p>o&nbsp;&nbsp; Puede realizarse de forma presencial o virtual.<\/p>\n\n\n\n<p>o&nbsp;&nbsp; Estos espacios se pueden realizar de forma conjunta con en bancadas, grupos, bloques, regionalizadas o en territorios.<\/p>\n","protected":false},"excerpt":{"rendered":"<p>El Congreso de la Rep\u00fablica sigue en su camino de autorreformarse. Este 12 de junio, fue aprobado el proyecto de autor\u00eda del Congresista Julio C\u00e9sar Triana que busca que Senadores y Representantes a la C\u00e1mara informen, expliquen y den a conocer su gesti\u00f3n a trav\u00e9s de informes p\u00fablicos, que podr\u00e1 consultar la ciudadan\u00eda de manera &hellip;<\/p>\n<p class=\"read-more\"> <a class=\"\" href=\"https:\/\/juliocesartriana.com\/index.php\/2024\/06\/20\/congresistas-a-rendir-cuentas\/\"> <span class=\"screen-reader-text\">Congresistas, a rendir cuentas<\/span> Leer m\u00e1s &raquo;<\/a><\/p>\n","protected":false},"author":1,"featured_media":4064,"comment_status":"open","ping_status":"open","sticky":false,"template":"","format":"standard","meta":{"ngg_post_thumbnail":0,"footnotes":""},"categories":[9],"tags":[],"class_list":["post-4059","post","type-post","status-publish","format-standard","has-post-thumbnail","hentry","category-prensa"],"yoast_head":"<!-- This site is optimized with the Yoast SEO plugin v18.5.1 - https:\/\/yoast.com\/wordpress\/plugins\/seo\/ -->\n<title>Julio C\u00e9sar Triana - Representante a la C\u00e1mara por el Huila<\/title>\n<meta name=\"robots\" content=\"index, follow, max-snippet:-1, max-image-preview:large, max-video-preview:-1\" \/>\n<link rel=\"canonical\" href=\"https:\/\/juliocesartriana.com\/index.php\/2024\/06\/20\/congresistas-a-rendir-cuentas\/\" \/>\n<meta property=\"og:locale\" content=\"es_ES\" \/>\n<meta property=\"og:type\" content=\"article\" \/>\n<meta property=\"og:title\" content=\"Julio C\u00e9sar Triana - Representante a la C\u00e1mara por el Huila\" \/>\n<meta property=\"og:description\" content=\"El Congreso de la Rep\u00fablica sigue en su camino de autorreformarse. Este 12 de junio, fue aprobado el proyecto de autor\u00eda del Congresista Julio C\u00e9sar Triana que busca que Senadores y Representantes a la C\u00e1mara informen, expliquen y den a conocer su gesti\u00f3n a trav\u00e9s de informes p\u00fablicos, que podr\u00e1 consultar la ciudadan\u00eda de manera &hellip; Congresistas, a rendir cuentas Leer m\u00e1s &raquo;\" \/>\n<meta property=\"og:url\" content=\"https:\/\/juliocesartriana.com\/index.php\/2024\/06\/20\/congresistas-a-rendir-cuentas\/\" \/>\n<meta property=\"og:site_name\" content=\"Julio C\u00e9sar Triana - Representante a la C\u00e1mara por el Huila\" \/>\n<meta property=\"article:publisher\" content=\"https:\/\/www.facebook.com\/TrianaCongreso\/\" \/>\n<meta property=\"article:published_time\" content=\"2024-06-20T13:41:56+00:00\" \/>\n<meta property=\"article:modified_time\" content=\"2024-06-20T16:23:38+00:00\" \/>\n<meta property=\"og:image\" content=\"https:\/\/juliocesartriana.com\/wp-content\/uploads\/2024\/06\/WhatsApp-Image-2024-06-20-at-11.21.06-AM.jpeg\" \/>\n\t<meta property=\"og:image:width\" content=\"1440\" \/>\n\t<meta property=\"og:image:height\" content=\"1298\" \/>\n\t<meta property=\"og:image:type\" content=\"image\/jpeg\" \/>\n<meta name=\"twitter:card\" content=\"summary_large_image\" \/>\n<meta name=\"twitter:label1\" content=\"Escrito por\" \/>\n\t<meta name=\"twitter:data1\" content=\"admin\" \/>\n\t<meta name=\"twitter:label2\" content=\"Tiempo de lectura\" \/>\n\t<meta name=\"twitter:data2\" content=\"3 minutos\" \/>\n<script type=\"application\/ld+json\" class=\"yoast-schema-graph\">{\"@context\":\"https:\/\/schema.org\",\"@graph\":[{\"@type\":\"Organization\",\"@id\":\"https:\/\/juliocesartriana.com\/#organization\",\"name\":\"Julio C\u00e9sar Triana - Representante a la C\u00e1mara\",\"url\":\"https:\/\/juliocesartriana.com\/\",\"sameAs\":[\"https:\/\/www.facebook.com\/TrianaCongreso\/\",\"https:\/\/www.instagram.com\/trianacongreso\/\"],\"logo\":{\"@type\":\"ImageObject\",\"@id\":\"https:\/\/juliocesartriana.com\/#logo\",\"inLanguage\":\"es\",\"url\":\"https:\/\/juliocesartriana.com\/wp-content\/uploads\/2021\/03\/Salo\u0301n-eli\u0301ptico-presidiendo-1.jpeg\",\"contentUrl\":\"https:\/\/juliocesartriana.com\/wp-content\/uploads\/2021\/03\/Salo\u0301n-eli\u0301ptico-presidiendo-1.jpeg\",\"width\":1280,\"height\":853,\"caption\":\"Julio C\u00e9sar Triana - Representante a la C\u00e1mara\"},\"image\":{\"@id\":\"https:\/\/juliocesartriana.com\/#logo\"}},{\"@type\":\"WebSite\",\"@id\":\"https:\/\/juliocesartriana.com\/#website\",\"url\":\"https:\/\/juliocesartriana.com\/\",\"name\":\"Julio C\u00e9sar Triana - Representante a la C\u00e1mara por el Huila\",\"description\":\"Representante a la C\u00e1mara por el Departamento del Huila.\",\"publisher\":{\"@id\":\"https:\/\/juliocesartriana.com\/#organization\"},\"potentialAction\":[{\"@type\":\"SearchAction\",\"target\":{\"@type\":\"EntryPoint\",\"urlTemplate\":\"https:\/\/juliocesartriana.com\/?s={search_term_string}\"},\"query-input\":\"required name=search_term_string\"}],\"inLanguage\":\"es\"},{\"@type\":\"ImageObject\",\"@id\":\"https:\/\/juliocesartriana.com\/index.php\/2024\/06\/20\/congresistas-a-rendir-cuentas\/#primaryimage\",\"inLanguage\":\"es\",\"url\":\"https:\/\/juliocesartriana.com\/wp-content\/uploads\/2024\/06\/WhatsApp-Image-2024-06-20-at-11.21.06-AM.jpeg\",\"contentUrl\":\"https:\/\/juliocesartriana.com\/wp-content\/uploads\/2024\/06\/WhatsApp-Image-2024-06-20-at-11.21.06-AM.jpeg\",\"width\":1440,\"height\":1298},{\"@type\":\"WebPage\",\"@id\":\"https:\/\/juliocesartriana.com\/index.php\/2024\/06\/20\/congresistas-a-rendir-cuentas\/#webpage\",\"url\":\"https:\/\/juliocesartriana.com\/index.php\/2024\/06\/20\/congresistas-a-rendir-cuentas\/\",\"name\":\"Julio C\u00e9sar Triana - Representante a la C\u00e1mara por el Huila\",\"isPartOf\":{\"@id\":\"https:\/\/juliocesartriana.com\/#website\"},\"primaryImageOfPage\":{\"@id\":\"https:\/\/juliocesartriana.com\/index.php\/2024\/06\/20\/congresistas-a-rendir-cuentas\/#primaryimage\"},\"datePublished\":\"2024-06-20T13:41:56+00:00\",\"dateModified\":\"2024-06-20T16:23:38+00:00\",\"breadcrumb\":{\"@id\":\"https:\/\/juliocesartriana.com\/index.php\/2024\/06\/20\/congresistas-a-rendir-cuentas\/#breadcrumb\"},\"inLanguage\":\"es\",\"potentialAction\":[{\"@type\":\"ReadAction\",\"target\":[\"https:\/\/juliocesartriana.com\/index.php\/2024\/06\/20\/congresistas-a-rendir-cuentas\/\"]}]},{\"@type\":\"BreadcrumbList\",\"@id\":\"https:\/\/juliocesartriana.com\/index.php\/2024\/06\/20\/congresistas-a-rendir-cuentas\/#breadcrumb\",\"itemListElement\":[{\"@type\":\"ListItem\",\"position\":1,\"name\":\"Portada\",\"item\":\"https:\/\/juliocesartriana.com\/\"},{\"@type\":\"ListItem\",\"position\":2,\"name\":\"Congresistas, a rendir cuentas\"}]},{\"@type\":\"Article\",\"@id\":\"https:\/\/juliocesartriana.com\/index.php\/2024\/06\/20\/congresistas-a-rendir-cuentas\/#article\",\"isPartOf\":{\"@id\":\"https:\/\/juliocesartriana.com\/index.php\/2024\/06\/20\/congresistas-a-rendir-cuentas\/#webpage\"},\"author\":{\"@id\":\"https:\/\/juliocesartriana.com\/#\/schema\/person\/deecb92c18f2299a8c280aa4eabd1a03\"},\"headline\":\"Congresistas, a rendir cuentas\",\"datePublished\":\"2024-06-20T13:41:56+00:00\",\"dateModified\":\"2024-06-20T16:23:38+00:00\",\"mainEntityOfPage\":{\"@id\":\"https:\/\/juliocesartriana.com\/index.php\/2024\/06\/20\/congresistas-a-rendir-cuentas\/#webpage\"},\"wordCount\":614,\"commentCount\":0,\"publisher\":{\"@id\":\"https:\/\/juliocesartriana.com\/#organization\"},\"image\":{\"@id\":\"https:\/\/juliocesartriana.com\/index.php\/2024\/06\/20\/congresistas-a-rendir-cuentas\/#primaryimage\"},\"thumbnailUrl\":\"https:\/\/juliocesartriana.com\/wp-content\/uploads\/2024\/06\/WhatsApp-Image-2024-06-20-at-11.21.06-AM.jpeg\",\"articleSection\":[\"Prensa\"],\"inLanguage\":\"es\",\"potentialAction\":[{\"@type\":\"CommentAction\",\"name\":\"Comment\",\"target\":[\"https:\/\/juliocesartriana.com\/index.php\/2024\/06\/20\/congresistas-a-rendir-cuentas\/#respond\"]}]},{\"@type\":\"Person\",\"@id\":\"https:\/\/juliocesartriana.com\/#\/schema\/person\/deecb92c18f2299a8c280aa4eabd1a03\",\"name\":\"admin\",\"image\":{\"@type\":\"ImageObject\",\"@id\":\"https:\/\/juliocesartriana.com\/#personlogo\",\"inLanguage\":\"es\",\"url\":\"https:\/\/secure.gravatar.com\/avatar\/a796496fa1985f3a559e872a5db21305d7a391de67117abdfa8eb899c7bea95c?s=96&d=mm&r=g\",\"contentUrl\":\"https:\/\/secure.gravatar.com\/avatar\/a796496fa1985f3a559e872a5db21305d7a391de67117abdfa8eb899c7bea95c?s=96&d=mm&r=g\",\"caption\":\"admin\"},\"sameAs\":[\"https:\/\/juliocesartriana.com\"],\"url\":\"https:\/\/juliocesartriana.com\/index.php\/author\/admin_dovqajq2\/\"}]}<\/script>\n<!-- \/ Yoast SEO plugin. -->","yoast_head_json":{"title":"Julio C\u00e9sar Triana - Representante a la C\u00e1mara por el Huila","robots":{"index":"index","follow":"follow","max-snippet":"max-snippet:-1","max-image-preview":"max-image-preview:large","max-video-preview":"max-video-preview:-1"},"canonical":"https:\/\/juliocesartriana.com\/index.php\/2024\/06\/20\/congresistas-a-rendir-cuentas\/","og_locale":"es_ES","og_type":"article","og_title":"Julio C\u00e9sar Triana - Representante a la C\u00e1mara por el Huila","og_description":"El Congreso de la Rep\u00fablica sigue en su camino de autorreformarse. Este 12 de junio, fue aprobado el proyecto de autor\u00eda del Congresista Julio C\u00e9sar Triana que busca que Senadores y Representantes a la C\u00e1mara informen, expliquen y den a conocer su gesti\u00f3n a trav\u00e9s de informes p\u00fablicos, que podr\u00e1 consultar la ciudadan\u00eda de manera &hellip; Congresistas, a rendir cuentas Leer m\u00e1s &raquo;","og_url":"https:\/\/juliocesartriana.com\/index.php\/2024\/06\/20\/congresistas-a-rendir-cuentas\/","og_site_name":"Julio C\u00e9sar Triana - Representante a la C\u00e1mara por el Huila","article_publisher":"https:\/\/www.facebook.com\/TrianaCongreso\/","article_published_time":"2024-06-20T13:41:56+00:00","article_modified_time":"2024-06-20T16:23:38+00:00","og_image":[{"width":1440,"height":1298,"url":"https:\/\/juliocesartriana.com\/wp-content\/uploads\/2024\/06\/WhatsApp-Image-2024-06-20-at-11.21.06-AM.jpeg","type":"image\/jpeg"}],"twitter_card":"summary_large_image","twitter_misc":{"Escrito por":"admin","Tiempo de lectura":"3 minutos"},"schema":{"@context":"https:\/\/schema.org","@graph":[{"@type":"Organization","@id":"https:\/\/juliocesartriana.com\/#organization","name":"Julio C\u00e9sar Triana - Representante a la C\u00e1mara","url":"https:\/\/juliocesartriana.com\/","sameAs":["https:\/\/www.facebook.com\/TrianaCongreso\/","https:\/\/www.instagram.com\/trianacongreso\/"],"logo":{"@type":"ImageObject","@id":"https:\/\/juliocesartriana.com\/#logo","inLanguage":"es","url":"https:\/\/juliocesartriana.com\/wp-content\/uploads\/2021\/03\/Salo\u0301n-eli\u0301ptico-presidiendo-1.jpeg","contentUrl":"https:\/\/juliocesartriana.com\/wp-content\/uploads\/2021\/03\/Salo\u0301n-eli\u0301ptico-presidiendo-1.jpeg","width":1280,"height":853,"caption":"Julio C\u00e9sar Triana - Representante a la C\u00e1mara"},"image":{"@id":"https:\/\/juliocesartriana.com\/#logo"}},{"@type":"WebSite","@id":"https:\/\/juliocesartriana.com\/#website","url":"https:\/\/juliocesartriana.com\/","name":"Julio C\u00e9sar Triana - Representante a la C\u00e1mara por el Huila","description":"Representante a la C\u00e1mara por el Departamento del Huila.","publisher":{"@id":"https:\/\/juliocesartriana.com\/#organization"},"potentialAction":[{"@type":"SearchAction","target":{"@type":"EntryPoint","urlTemplate":"https:\/\/juliocesartriana.com\/?s={search_term_string}"},"query-input":"required name=search_term_string"}],"inLanguage":"es"},{"@type":"ImageObject","@id":"https:\/\/juliocesartriana.com\/index.php\/2024\/06\/20\/congresistas-a-rendir-cuentas\/#primaryimage","inLanguage":"es","url":"https:\/\/juliocesartriana.com\/wp-content\/uploads\/2024\/06\/WhatsApp-Image-2024-06-20-at-11.21.06-AM.jpeg","contentUrl":"https:\/\/juliocesartriana.com\/wp-content\/uploads\/2024\/06\/WhatsApp-Image-2024-06-20-at-11.21.06-AM.jpeg","width":1440,"height":1298},{"@type":"WebPage","@id":"https:\/\/juliocesartriana.com\/index.php\/2024\/06\/20\/congresistas-a-rendir-cuentas\/#webpage","url":"https:\/\/juliocesartriana.com\/index.php\/2024\/06\/20\/congresistas-a-rendir-cuentas\/","name":"Julio C\u00e9sar Triana - Representante a la C\u00e1mara por el Huila","isPartOf":{"@id":"https:\/\/juliocesartriana.com\/#website"},"primaryImageOfPage":{"@id":"https:\/\/juliocesartriana.com\/index.php\/2024\/06\/20\/congresistas-a-rendir-cuentas\/#primaryimage"},"datePublished":"2024-06-20T13:41:56+00:00","dateModified":"2024-06-20T16:23:38+00:00","breadcrumb":{"@id":"https:\/\/juliocesartriana.com\/index.php\/2024\/06\/20\/congresistas-a-rendir-cuentas\/#breadcrumb"},"inLanguage":"es","potentialAction":[{"@type":"ReadAction","target":["https:\/\/juliocesartriana.com\/index.php\/2024\/06\/20\/congresistas-a-rendir-cuentas\/"]}]},{"@type":"BreadcrumbList","@id":"https:\/\/juliocesartriana.com\/index.php\/2024\/06\/20\/congresistas-a-rendir-cuentas\/#breadcrumb","itemListElement":[{"@type":"ListItem","position":1,"name":"Portada","item":"https:\/\/juliocesartriana.com\/"},{"@type":"ListItem","position":2,"name":"Congresistas, a rendir cuentas"}]},{"@type":"Article","@id":"https:\/\/juliocesartriana.com\/index.php\/2024\/06\/20\/congresistas-a-rendir-cuentas\/#article","isPartOf":{"@id":"https:\/\/juliocesartriana.com\/index.php\/2024\/06\/20\/congresistas-a-rendir-cuentas\/#webpage"},"author":{"@id":"https:\/\/juliocesartriana.com\/#\/schema\/person\/deecb92c18f2299a8c280aa4eabd1a03"},"headline":"Congresistas, a rendir cuentas","datePublished":"2024-06-20T13:41:56+00:00","dateModified":"2024-06-20T16:23:38+00:00","mainEntityOfPage":{"@id":"https:\/\/juliocesartriana.com\/index.php\/2024\/06\/20\/congresistas-a-rendir-cuentas\/#webpage"},"wordCount":614,"commentCount":0,"publisher":{"@id":"https:\/\/juliocesartriana.com\/#organization"},"image":{"@id":"https:\/\/juliocesartriana.com\/index.php\/2024\/06\/20\/congresistas-a-rendir-cuentas\/#primaryimage"},"thumbnailUrl":"https:\/\/juliocesartriana.com\/wp-content\/uploads\/2024\/06\/WhatsApp-Image-2024-06-20-at-11.21.06-AM.jpeg","articleSection":["Prensa"],"inLanguage":"es","potentialAction":[{"@type":"CommentAction","name":"Comment","target":["https:\/\/juliocesartriana.com\/index.php\/2024\/06\/20\/congresistas-a-rendir-cuentas\/#respond"]}]},{"@type":"Person","@id":"https:\/\/juliocesartriana.com\/#\/schema\/person\/deecb92c18f2299a8c280aa4eabd1a03","name":"admin","image":{"@type":"ImageObject","@id":"https:\/\/juliocesartriana.com\/#personlogo","inLanguage":"es","url":"https:\/\/secure.gravatar.com\/avatar\/a796496fa1985f3a559e872a5db21305d7a391de67117abdfa8eb899c7bea95c?s=96&d=mm&r=g","contentUrl":"https:\/\/secure.gravatar.com\/avatar\/a796496fa1985f3a559e872a5db21305d7a391de67117abdfa8eb899c7bea95c?s=96&d=mm&r=g","caption":"admin"},"sameAs":["https:\/\/juliocesartriana.com"],"url":"https:\/\/juliocesartriana.com\/index.php\/author\/admin_dovqajq2\/"}]}},"_links":{"self":[{"href":"https:\/\/juliocesartriana.com\/index.php\/wp-json\/wp\/v2\/posts\/4059","targetHints":{"allow":["GET"]}}],"collection":[{"href":"https:\/\/juliocesartriana.com\/index.php\/wp-json\/wp\/v2\/posts"}],"about":[{"href":"https:\/\/juliocesartriana.com\/index.php\/wp-json\/wp\/v2\/types\/post"}],"author":[{"embeddable":true,"href":"https:\/\/juliocesartriana.com\/index.php\/wp-json\/wp\/v2\/users\/1"}],"replies":[{"embeddable":true,"href":"https:\/\/juliocesartriana.com\/index.php\/wp-json\/wp\/v2\/comments?post=4059"}],"version-history":[{"count":1,"href":"https:\/\/juliocesartriana.com\/index.php\/wp-json\/wp\/v2\/posts\/4059\/revisions"}],"predecessor-version":[{"id":4061,"href":"https:\/\/juliocesartriana.com\/index.php\/wp-json\/wp\/v2\/posts\/4059\/revisions\/4061"}],"wp:featuredmedia":[{"embeddable":true,"href":"https:\/\/juliocesartriana.com\/index.php\/wp-json\/wp\/v2\/media\/4064"}],"wp:attachment":[{"href":"https:\/\/juliocesartriana.com\/index.php\/wp-json\/wp\/v2\/media?parent=4059"}],"wp:term":[{"taxonomy":"category","embeddable":true,"href":"https:\/\/juliocesartriana.com\/index.php\/wp-json\/wp\/v2\/categories?post=4059"},{"taxonomy":"post_tag","embeddable":true,"href":"https:\/\/juliocesartriana.com\/index.php\/wp-json\/wp\/v2\/tags?post=4059"}],"curies":[{"name":"wp","href":"https:\/\/api.w.org\/{rel}","templated":true}]}}