{"id":3986,"date":"2024-02-14T03:50:35","date_gmt":"2024-02-14T03:50:35","guid":{"rendered":"https:\/\/juliocesartriana.com\/?p=3986"},"modified":"2024-02-14T03:54:02","modified_gmt":"2024-02-14T03:54:02","slug":"le-cumplimos-al-pais-desde-este2024-empieza-a-regir-el-receso-legislativo","status":"publish","type":"post","link":"https:\/\/juliocesartriana.com\/index.php\/2024\/02\/14\/le-cumplimos-al-pais-desde-este2024-empieza-a-regir-el-receso-legislativo\/","title":{"rendered":"Desde este 2024, se reduce el receso en el Congreso"},"content":{"rendered":"\n<p><strong>Este viernes inician las sesiones en el Congreso: &nbsp;A partir de este a\u00f1o los congresistas reducen su receso legislativo<\/strong><\/p>\n\n\n\n<p><em>Este 2024 entra en vigencia el acto legislativo que disminuy\u00f3 el receso en el Congreso. De ahora en adelante, las sesiones ordinarias iniciar\u00e1n el 16 de febrero, un mes antes de lo habitual.<\/em><br>________________________________<\/p>\n\n\n\n<p>Bogot\u00e1, 12 de febrero del 2023<\/p>\n\n\n\n<p>Gracias a la iniciativa presentada por el Representante a la C\u00e1mara por Cambio Radical, Julio C\u00e9sar Triana, y aprobada por el Congreso de la Rep\u00fablica, fue modificado el art\u00edculo 138 de la Constituci\u00f3n, con el fin de aumentar el periodo de sesiones ordinarias del Congreso.<\/p>\n\n\n\n<p>As\u00ed las cosas, los congresistas iniciar\u00e1n su actividad legislativa el 16 de febrero y no el 16 de marzo, como ocurr\u00eda anteriormente. Sin embargo, durante este mes no podr\u00e1n tramitarse proyectos de leyes estatutarias ni reformas a la Constituci\u00f3n, solo proyectos de ley ordinaria. De igual manera, se podr\u00e1n realizar debates de control pol\u00edtico y audiencias p\u00fablicas.<\/p>\n\n\n\n<p><sub><strong><em>\u201cUna de las mayores cr\u00edticas que recib\u00eda el Congreso de la Rep\u00fablica eran sus largos periodos de receso y no era para menos: los congresistas est\u00e1bamos 4 meses sin actividad legislativa. Con nuestro acto legislativo tendremos m\u00e1s tiempo para hacer control pol\u00edtico al Gobierno de turno y mayor tiempo para discutir proyectos de ley\u201d, afirm\u00f3 Julio C\u00e9sar Triana, autor de esta iniciativa.<\/em><\/strong><\/sub><\/p>\n\n\n\n<p>Dentro del acto legislativo tambi\u00e9n qued\u00f3 contemplado que en el a\u00f1o en que se lleven a cabo elecciones al Congreso de la Rep\u00fablica, este periodo iniciar\u00e1 el 16 de marzo (y no el 16 de febrero) y concluir\u00e1 el 20 de junio.<\/p>\n\n\n\n<p>En promedio, en una legislatura se presentan 650 iniciativas, entre proyectos de ley y actos legislativos, de los cuales el 12% logran iniciar su tr\u00e1mite y solo el 1 % son aprobados.<\/p>\n\n\n\n<p>El panorama en el 2023, en cuanto a control pol\u00edtico, que es una de las principales funciones del Congreso, tampoco fue alentador: de marzo a junio se realizaron solo dos debates de control pol\u00edtico y de julio a diciembre, cuatro.<\/p>\n\n\n\n<p>Para el Representante Julio C\u00e9sar Triana esta es la primera de muchas iniciativas que debe tramitar el Congreso para reconectarse con la opini\u00f3n p\u00fablica y responder as\u00ed a las necesidades de los colombianos.<\/p>\n","protected":false},"excerpt":{"rendered":"<p>Este viernes inician las sesiones en el Congreso: &nbsp;A partir de este a\u00f1o los congresistas reducen su receso legislativo Este 2024 entra en vigencia el acto legislativo que disminuy\u00f3 el receso en el Congreso. De ahora en adelante, las sesiones ordinarias iniciar\u00e1n el 16 de febrero, un mes antes de lo habitual.________________________________ Bogot\u00e1, 12 de &hellip;<\/p>\n<p class=\"read-more\"> <a class=\"\" href=\"https:\/\/juliocesartriana.com\/index.php\/2024\/02\/14\/le-cumplimos-al-pais-desde-este2024-empieza-a-regir-el-receso-legislativo\/\"> <span class=\"screen-reader-text\">Desde este 2024, se reduce el receso en el Congreso<\/span> Leer m\u00e1s &raquo;<\/a><\/p>\n","protected":false},"author":1,"featured_media":3938,"comment_status":"open","ping_status":"open","sticky":false,"template":"","format":"standard","meta":{"ngg_post_thumbnail":0,"footnotes":""},"categories":[9],"tags":[],"class_list":["post-3986","post","type-post","status-publish","format-standard","has-post-thumbnail","hentry","category-prensa"],"yoast_head":"<!-- This site is optimized with the Yoast SEO plugin v18.5.1 - https:\/\/yoast.com\/wordpress\/plugins\/seo\/ -->\n<title>Julio C\u00e9sar Triana - Representante a la C\u00e1mara por el Huila<\/title>\n<meta name=\"description\" content=\"Inician las sesiones en el Congreso: \u00a0A partir de este a\u00f1o los congresistas reducen su receso legislativoEste 2024 entra en vigencia el acto legislativo que disminuy\u00f3 el receso en el Congreso. De ahora en adelante, las sesiones ordinarias iniciar\u00e1n el 16 de febrero, un mes antes de lo habitual.\" \/>\n<meta name=\"robots\" content=\"index, follow, max-snippet:-1, max-image-preview:large, max-video-preview:-1\" \/>\n<link rel=\"canonical\" href=\"https:\/\/juliocesartriana.com\/index.php\/2024\/02\/14\/le-cumplimos-al-pais-desde-este2024-empieza-a-regir-el-receso-legislativo\/\" \/>\n<meta property=\"og:locale\" content=\"es_ES\" \/>\n<meta property=\"og:type\" content=\"article\" \/>\n<meta property=\"og:title\" content=\"Julio C\u00e9sar Triana - Representante a la C\u00e1mara por el Huila\" \/>\n<meta property=\"og:description\" content=\"Inician las sesiones en el Congreso: \u00a0A partir de este a\u00f1o los congresistas reducen su receso legislativoEste 2024 entra en vigencia el acto legislativo que disminuy\u00f3 el receso en el Congreso. De ahora en adelante, las sesiones ordinarias iniciar\u00e1n el 16 de febrero, un mes antes de lo habitual.\" \/>\n<meta property=\"og:url\" content=\"https:\/\/juliocesartriana.com\/index.php\/2024\/02\/14\/le-cumplimos-al-pais-desde-este2024-empieza-a-regir-el-receso-legislativo\/\" \/>\n<meta property=\"og:site_name\" content=\"Julio C\u00e9sar Triana - Representante a la C\u00e1mara por el Huila\" \/>\n<meta property=\"article:publisher\" content=\"https:\/\/www.facebook.com\/TrianaCongreso\/\" \/>\n<meta property=\"article:published_time\" content=\"2024-02-14T03:50:35+00:00\" \/>\n<meta property=\"article:modified_time\" content=\"2024-02-14T03:54:02+00:00\" \/>\n<meta property=\"og:image\" content=\"https:\/\/juliocesartriana.com\/wp-content\/uploads\/2023\/08\/WhatsApp-Image-2023-08-09-at-5.29.42-PM.jpeg\" \/>\n\t<meta property=\"og:image:width\" content=\"800\" \/>\n\t<meta property=\"og:image:height\" content=\"450\" \/>\n\t<meta property=\"og:image:type\" content=\"image\/jpeg\" \/>\n<meta name=\"twitter:card\" content=\"summary_large_image\" \/>\n<meta name=\"twitter:label1\" content=\"Escrito por\" \/>\n\t<meta name=\"twitter:data1\" content=\"admin\" \/>\n\t<meta name=\"twitter:label2\" content=\"Tiempo de lectura\" \/>\n\t<meta name=\"twitter:data2\" content=\"2 minutos\" \/>\n<script type=\"application\/ld+json\" class=\"yoast-schema-graph\">{\"@context\":\"https:\/\/schema.org\",\"@graph\":[{\"@type\":\"Organization\",\"@id\":\"https:\/\/juliocesartriana.com\/#organization\",\"name\":\"Julio C\u00e9sar Triana - Representante a la C\u00e1mara\",\"url\":\"https:\/\/juliocesartriana.com\/\",\"sameAs\":[\"https:\/\/www.facebook.com\/TrianaCongreso\/\",\"https:\/\/www.instagram.com\/trianacongreso\/\"],\"logo\":{\"@type\":\"ImageObject\",\"@id\":\"https:\/\/juliocesartriana.com\/#logo\",\"inLanguage\":\"es\",\"url\":\"https:\/\/juliocesartriana.com\/wp-content\/uploads\/2021\/03\/Salo\u0301n-eli\u0301ptico-presidiendo-1.jpeg\",\"contentUrl\":\"https:\/\/juliocesartriana.com\/wp-content\/uploads\/2021\/03\/Salo\u0301n-eli\u0301ptico-presidiendo-1.jpeg\",\"width\":1280,\"height\":853,\"caption\":\"Julio C\u00e9sar Triana - Representante a la C\u00e1mara\"},\"image\":{\"@id\":\"https:\/\/juliocesartriana.com\/#logo\"}},{\"@type\":\"WebSite\",\"@id\":\"https:\/\/juliocesartriana.com\/#website\",\"url\":\"https:\/\/juliocesartriana.com\/\",\"name\":\"Julio C\u00e9sar Triana - Representante a la C\u00e1mara por el Huila\",\"description\":\"Representante a la C\u00e1mara por el Departamento del Huila.\",\"publisher\":{\"@id\":\"https:\/\/juliocesartriana.com\/#organization\"},\"potentialAction\":[{\"@type\":\"SearchAction\",\"target\":{\"@type\":\"EntryPoint\",\"urlTemplate\":\"https:\/\/juliocesartriana.com\/?s={search_term_string}\"},\"query-input\":\"required name=search_term_string\"}],\"inLanguage\":\"es\"},{\"@type\":\"ImageObject\",\"@id\":\"https:\/\/juliocesartriana.com\/index.php\/2024\/02\/14\/le-cumplimos-al-pais-desde-este2024-empieza-a-regir-el-receso-legislativo\/#primaryimage\",\"inLanguage\":\"es\",\"url\":\"https:\/\/juliocesartriana.com\/wp-content\/uploads\/2023\/08\/WhatsApp-Image-2023-08-09-at-5.29.42-PM.jpeg\",\"contentUrl\":\"https:\/\/juliocesartriana.com\/wp-content\/uploads\/2023\/08\/WhatsApp-Image-2023-08-09-at-5.29.42-PM.jpeg\",\"width\":800,\"height\":450},{\"@type\":\"WebPage\",\"@id\":\"https:\/\/juliocesartriana.com\/index.php\/2024\/02\/14\/le-cumplimos-al-pais-desde-este2024-empieza-a-regir-el-receso-legislativo\/#webpage\",\"url\":\"https:\/\/juliocesartriana.com\/index.php\/2024\/02\/14\/le-cumplimos-al-pais-desde-este2024-empieza-a-regir-el-receso-legislativo\/\",\"name\":\"Julio C\u00e9sar Triana - Representante a la C\u00e1mara por el Huila\",\"isPartOf\":{\"@id\":\"https:\/\/juliocesartriana.com\/#website\"},\"primaryImageOfPage\":{\"@id\":\"https:\/\/juliocesartriana.com\/index.php\/2024\/02\/14\/le-cumplimos-al-pais-desde-este2024-empieza-a-regir-el-receso-legislativo\/#primaryimage\"},\"datePublished\":\"2024-02-14T03:50:35+00:00\",\"dateModified\":\"2024-02-14T03:54:02+00:00\",\"description\":\"Inician las sesiones en el Congreso: \u00a0A partir de este a\u00f1o los congresistas reducen su receso legislativoEste 2024 entra en vigencia el acto legislativo que disminuy\u00f3 el receso en el Congreso. De ahora en adelante, las sesiones ordinarias iniciar\u00e1n el 16 de febrero, un mes antes de lo habitual.\",\"breadcrumb\":{\"@id\":\"https:\/\/juliocesartriana.com\/index.php\/2024\/02\/14\/le-cumplimos-al-pais-desde-este2024-empieza-a-regir-el-receso-legislativo\/#breadcrumb\"},\"inLanguage\":\"es\",\"potentialAction\":[{\"@type\":\"ReadAction\",\"target\":[\"https:\/\/juliocesartriana.com\/index.php\/2024\/02\/14\/le-cumplimos-al-pais-desde-este2024-empieza-a-regir-el-receso-legislativo\/\"]}]},{\"@type\":\"BreadcrumbList\",\"@id\":\"https:\/\/juliocesartriana.com\/index.php\/2024\/02\/14\/le-cumplimos-al-pais-desde-este2024-empieza-a-regir-el-receso-legislativo\/#breadcrumb\",\"itemListElement\":[{\"@type\":\"ListItem\",\"position\":1,\"name\":\"Portada\",\"item\":\"https:\/\/juliocesartriana.com\/\"},{\"@type\":\"ListItem\",\"position\":2,\"name\":\"Desde este 2024, se reduce el receso en el Congreso\"}]},{\"@type\":\"Article\",\"@id\":\"https:\/\/juliocesartriana.com\/index.php\/2024\/02\/14\/le-cumplimos-al-pais-desde-este2024-empieza-a-regir-el-receso-legislativo\/#article\",\"isPartOf\":{\"@id\":\"https:\/\/juliocesartriana.com\/index.php\/2024\/02\/14\/le-cumplimos-al-pais-desde-este2024-empieza-a-regir-el-receso-legislativo\/#webpage\"},\"author\":{\"@id\":\"https:\/\/juliocesartriana.com\/#\/schema\/person\/deecb92c18f2299a8c280aa4eabd1a03\"},\"headline\":\"Desde este 2024, se reduce el receso en el Congreso\",\"datePublished\":\"2024-02-14T03:50:35+00:00\",\"dateModified\":\"2024-02-14T03:54:02+00:00\",\"mainEntityOfPage\":{\"@id\":\"https:\/\/juliocesartriana.com\/index.php\/2024\/02\/14\/le-cumplimos-al-pais-desde-este2024-empieza-a-regir-el-receso-legislativo\/#webpage\"},\"wordCount\":393,\"commentCount\":0,\"publisher\":{\"@id\":\"https:\/\/juliocesartriana.com\/#organization\"},\"image\":{\"@id\":\"https:\/\/juliocesartriana.com\/index.php\/2024\/02\/14\/le-cumplimos-al-pais-desde-este2024-empieza-a-regir-el-receso-legislativo\/#primaryimage\"},\"thumbnailUrl\":\"https:\/\/juliocesartriana.com\/wp-content\/uploads\/2023\/08\/WhatsApp-Image-2023-08-09-at-5.29.42-PM.jpeg\",\"articleSection\":[\"Prensa\"],\"inLanguage\":\"es\",\"potentialAction\":[{\"@type\":\"CommentAction\",\"name\":\"Comment\",\"target\":[\"https:\/\/juliocesartriana.com\/index.php\/2024\/02\/14\/le-cumplimos-al-pais-desde-este2024-empieza-a-regir-el-receso-legislativo\/#respond\"]}]},{\"@type\":\"Person\",\"@id\":\"https:\/\/juliocesartriana.com\/#\/schema\/person\/deecb92c18f2299a8c280aa4eabd1a03\",\"name\":\"admin\",\"image\":{\"@type\":\"ImageObject\",\"@id\":\"https:\/\/juliocesartriana.com\/#personlogo\",\"inLanguage\":\"es\",\"url\":\"https:\/\/secure.gravatar.com\/avatar\/a796496fa1985f3a559e872a5db21305d7a391de67117abdfa8eb899c7bea95c?s=96&d=mm&r=g\",\"contentUrl\":\"https:\/\/secure.gravatar.com\/avatar\/a796496fa1985f3a559e872a5db21305d7a391de67117abdfa8eb899c7bea95c?s=96&d=mm&r=g\",\"caption\":\"admin\"},\"sameAs\":[\"https:\/\/juliocesartriana.com\"],\"url\":\"https:\/\/juliocesartriana.com\/index.php\/author\/admin_dovqajq2\/\"}]}<\/script>\n<!-- \/ Yoast SEO plugin. -->","yoast_head_json":{"title":"Julio C\u00e9sar Triana - Representante a la C\u00e1mara por el Huila","description":"Inician las sesiones en el Congreso: \u00a0A partir de este a\u00f1o los congresistas reducen su receso legislativoEste 2024 entra en vigencia el acto legislativo que disminuy\u00f3 el receso en el Congreso. De ahora en adelante, las sesiones ordinarias iniciar\u00e1n el 16 de febrero, un mes antes de lo habitual.","robots":{"index":"index","follow":"follow","max-snippet":"max-snippet:-1","max-image-preview":"max-image-preview:large","max-video-preview":"max-video-preview:-1"},"canonical":"https:\/\/juliocesartriana.com\/index.php\/2024\/02\/14\/le-cumplimos-al-pais-desde-este2024-empieza-a-regir-el-receso-legislativo\/","og_locale":"es_ES","og_type":"article","og_title":"Julio C\u00e9sar Triana - Representante a la C\u00e1mara por el Huila","og_description":"Inician las sesiones en el Congreso: \u00a0A partir de este a\u00f1o los congresistas reducen su receso legislativoEste 2024 entra en vigencia el acto legislativo que disminuy\u00f3 el receso en el Congreso. De ahora en adelante, las sesiones ordinarias iniciar\u00e1n el 16 de febrero, un mes antes de lo habitual.","og_url":"https:\/\/juliocesartriana.com\/index.php\/2024\/02\/14\/le-cumplimos-al-pais-desde-este2024-empieza-a-regir-el-receso-legislativo\/","og_site_name":"Julio C\u00e9sar Triana - Representante a la C\u00e1mara por el Huila","article_publisher":"https:\/\/www.facebook.com\/TrianaCongreso\/","article_published_time":"2024-02-14T03:50:35+00:00","article_modified_time":"2024-02-14T03:54:02+00:00","og_image":[{"width":800,"height":450,"url":"https:\/\/juliocesartriana.com\/wp-content\/uploads\/2023\/08\/WhatsApp-Image-2023-08-09-at-5.29.42-PM.jpeg","type":"image\/jpeg"}],"twitter_card":"summary_large_image","twitter_misc":{"Escrito por":"admin","Tiempo de lectura":"2 minutos"},"schema":{"@context":"https:\/\/schema.org","@graph":[{"@type":"Organization","@id":"https:\/\/juliocesartriana.com\/#organization","name":"Julio C\u00e9sar Triana - Representante a la C\u00e1mara","url":"https:\/\/juliocesartriana.com\/","sameAs":["https:\/\/www.facebook.com\/TrianaCongreso\/","https:\/\/www.instagram.com\/trianacongreso\/"],"logo":{"@type":"ImageObject","@id":"https:\/\/juliocesartriana.com\/#logo","inLanguage":"es","url":"https:\/\/juliocesartriana.com\/wp-content\/uploads\/2021\/03\/Salo\u0301n-eli\u0301ptico-presidiendo-1.jpeg","contentUrl":"https:\/\/juliocesartriana.com\/wp-content\/uploads\/2021\/03\/Salo\u0301n-eli\u0301ptico-presidiendo-1.jpeg","width":1280,"height":853,"caption":"Julio C\u00e9sar Triana - Representante a la C\u00e1mara"},"image":{"@id":"https:\/\/juliocesartriana.com\/#logo"}},{"@type":"WebSite","@id":"https:\/\/juliocesartriana.com\/#website","url":"https:\/\/juliocesartriana.com\/","name":"Julio C\u00e9sar Triana - Representante a la C\u00e1mara por el Huila","description":"Representante a la C\u00e1mara por el Departamento del Huila.","publisher":{"@id":"https:\/\/juliocesartriana.com\/#organization"},"potentialAction":[{"@type":"SearchAction","target":{"@type":"EntryPoint","urlTemplate":"https:\/\/juliocesartriana.com\/?s={search_term_string}"},"query-input":"required name=search_term_string"}],"inLanguage":"es"},{"@type":"ImageObject","@id":"https:\/\/juliocesartriana.com\/index.php\/2024\/02\/14\/le-cumplimos-al-pais-desde-este2024-empieza-a-regir-el-receso-legislativo\/#primaryimage","inLanguage":"es","url":"https:\/\/juliocesartriana.com\/wp-content\/uploads\/2023\/08\/WhatsApp-Image-2023-08-09-at-5.29.42-PM.jpeg","contentUrl":"https:\/\/juliocesartriana.com\/wp-content\/uploads\/2023\/08\/WhatsApp-Image-2023-08-09-at-5.29.42-PM.jpeg","width":800,"height":450},{"@type":"WebPage","@id":"https:\/\/juliocesartriana.com\/index.php\/2024\/02\/14\/le-cumplimos-al-pais-desde-este2024-empieza-a-regir-el-receso-legislativo\/#webpage","url":"https:\/\/juliocesartriana.com\/index.php\/2024\/02\/14\/le-cumplimos-al-pais-desde-este2024-empieza-a-regir-el-receso-legislativo\/","name":"Julio C\u00e9sar Triana - Representante a la C\u00e1mara por el Huila","isPartOf":{"@id":"https:\/\/juliocesartriana.com\/#website"},"primaryImageOfPage":{"@id":"https:\/\/juliocesartriana.com\/index.php\/2024\/02\/14\/le-cumplimos-al-pais-desde-este2024-empieza-a-regir-el-receso-legislativo\/#primaryimage"},"datePublished":"2024-02-14T03:50:35+00:00","dateModified":"2024-02-14T03:54:02+00:00","description":"Inician las sesiones en el Congreso: \u00a0A partir de este a\u00f1o los congresistas reducen su receso legislativoEste 2024 entra en vigencia el acto legislativo que disminuy\u00f3 el receso en el Congreso. De ahora en adelante, las sesiones ordinarias iniciar\u00e1n el 16 de febrero, un mes antes de lo habitual.","breadcrumb":{"@id":"https:\/\/juliocesartriana.com\/index.php\/2024\/02\/14\/le-cumplimos-al-pais-desde-este2024-empieza-a-regir-el-receso-legislativo\/#breadcrumb"},"inLanguage":"es","potentialAction":[{"@type":"ReadAction","target":["https:\/\/juliocesartriana.com\/index.php\/2024\/02\/14\/le-cumplimos-al-pais-desde-este2024-empieza-a-regir-el-receso-legislativo\/"]}]},{"@type":"BreadcrumbList","@id":"https:\/\/juliocesartriana.com\/index.php\/2024\/02\/14\/le-cumplimos-al-pais-desde-este2024-empieza-a-regir-el-receso-legislativo\/#breadcrumb","itemListElement":[{"@type":"ListItem","position":1,"name":"Portada","item":"https:\/\/juliocesartriana.com\/"},{"@type":"ListItem","position":2,"name":"Desde este 2024, se reduce el receso en el Congreso"}]},{"@type":"Article","@id":"https:\/\/juliocesartriana.com\/index.php\/2024\/02\/14\/le-cumplimos-al-pais-desde-este2024-empieza-a-regir-el-receso-legislativo\/#article","isPartOf":{"@id":"https:\/\/juliocesartriana.com\/index.php\/2024\/02\/14\/le-cumplimos-al-pais-desde-este2024-empieza-a-regir-el-receso-legislativo\/#webpage"},"author":{"@id":"https:\/\/juliocesartriana.com\/#\/schema\/person\/deecb92c18f2299a8c280aa4eabd1a03"},"headline":"Desde este 2024, se reduce el receso en el Congreso","datePublished":"2024-02-14T03:50:35+00:00","dateModified":"2024-02-14T03:54:02+00:00","mainEntityOfPage":{"@id":"https:\/\/juliocesartriana.com\/index.php\/2024\/02\/14\/le-cumplimos-al-pais-desde-este2024-empieza-a-regir-el-receso-legislativo\/#webpage"},"wordCount":393,"commentCount":0,"publisher":{"@id":"https:\/\/juliocesartriana.com\/#organization"},"image":{"@id":"https:\/\/juliocesartriana.com\/index.php\/2024\/02\/14\/le-cumplimos-al-pais-desde-este2024-empieza-a-regir-el-receso-legislativo\/#primaryimage"},"thumbnailUrl":"https:\/\/juliocesartriana.com\/wp-content\/uploads\/2023\/08\/WhatsApp-Image-2023-08-09-at-5.29.42-PM.jpeg","articleSection":["Prensa"],"inLanguage":"es","potentialAction":[{"@type":"CommentAction","name":"Comment","target":["https:\/\/juliocesartriana.com\/index.php\/2024\/02\/14\/le-cumplimos-al-pais-desde-este2024-empieza-a-regir-el-receso-legislativo\/#respond"]}]},{"@type":"Person","@id":"https:\/\/juliocesartriana.com\/#\/schema\/person\/deecb92c18f2299a8c280aa4eabd1a03","name":"admin","image":{"@type":"ImageObject","@id":"https:\/\/juliocesartriana.com\/#personlogo","inLanguage":"es","url":"https:\/\/secure.gravatar.com\/avatar\/a796496fa1985f3a559e872a5db21305d7a391de67117abdfa8eb899c7bea95c?s=96&d=mm&r=g","contentUrl":"https:\/\/secure.gravatar.com\/avatar\/a796496fa1985f3a559e872a5db21305d7a391de67117abdfa8eb899c7bea95c?s=96&d=mm&r=g","caption":"admin"},"sameAs":["https:\/\/juliocesartriana.com"],"url":"https:\/\/juliocesartriana.com\/index.php\/author\/admin_dovqajq2\/"}]}},"_links":{"self":[{"href":"https:\/\/juliocesartriana.com\/index.php\/wp-json\/wp\/v2\/posts\/3986","targetHints":{"allow":["GET"]}}],"collection":[{"href":"https:\/\/juliocesartriana.com\/index.php\/wp-json\/wp\/v2\/posts"}],"about":[{"href":"https:\/\/juliocesartriana.com\/index.php\/wp-json\/wp\/v2\/types\/post"}],"author":[{"embeddable":true,"href":"https:\/\/juliocesartriana.com\/index.php\/wp-json\/wp\/v2\/users\/1"}],"replies":[{"embeddable":true,"href":"https:\/\/juliocesartriana.com\/index.php\/wp-json\/wp\/v2\/comments?post=3986"}],"version-history":[{"count":3,"href":"https:\/\/juliocesartriana.com\/index.php\/wp-json\/wp\/v2\/posts\/3986\/revisions"}],"predecessor-version":[{"id":3989,"href":"https:\/\/juliocesartriana.com\/index.php\/wp-json\/wp\/v2\/posts\/3986\/revisions\/3989"}],"wp:featuredmedia":[{"embeddable":true,"href":"https:\/\/juliocesartriana.com\/index.php\/wp-json\/wp\/v2\/media\/3938"}],"wp:attachment":[{"href":"https:\/\/juliocesartriana.com\/index.php\/wp-json\/wp\/v2\/media?parent=3986"}],"wp:term":[{"taxonomy":"category","embeddable":true,"href":"https:\/\/juliocesartriana.com\/index.php\/wp-json\/wp\/v2\/categories?post=3986"},{"taxonomy":"post_tag","embeddable":true,"href":"https:\/\/juliocesartriana.com\/index.php\/wp-json\/wp\/v2\/tags?post=3986"}],"curies":[{"name":"wp","href":"https:\/\/api.w.org\/{rel}","templated":true}]}}