{"id":3910,"date":"2022-03-17T20:15:00","date_gmt":"2022-03-17T20:15:00","guid":{"rendered":"https:\/\/juliocesartriana.com\/?p=3910"},"modified":"2023-04-17T20:17:42","modified_gmt":"2023-04-17T20:17:42","slug":"cielos-abiertos-para-potenciar-el-turismo","status":"publish","type":"post","link":"https:\/\/juliocesartriana.com\/index.php\/2022\/03\/17\/cielos-abiertos-para-potenciar-el-turismo\/","title":{"rendered":"Cielos abiertos para potenciar el turismo"},"content":{"rendered":"\n<p>El proyecto de ley presentado por la Bancada del Partido Cambio radical busca establecer en el pa\u00eds una pol\u00edtica aerocomercial de cielos abiertos, a excepci\u00f3n del tr\u00e1fico de cabotaje, de acuerdo con el r\u00e9gimen desregulado que establece la Organizaci\u00f3n de Aviaci\u00f3n Civil Internacional (OACI).<\/p>\n\n\n\n<p>La literatura en la materia ha mostrado que el establecimiento de una pol\u00edtica de \u201ccielos abiertos\u201d tiene beneficios considerables en la conectividad a\u00e9rea de un pa\u00eds al reducir el papel del Estado en la din\u00e1mica del sector aeron\u00e1utico. Como lo veremos a trav\u00e9s de distintos casos, esta decisi\u00f3n de pol\u00edtica p\u00fablica genera una mayor competencia al incentivar la llegada de nuevos operadores y la apertura de nuevas rutas sin restricciones, lo que redunda en una mayor oferta y por ende unas tarifas competitivas. <\/p>\n\n\n\n<p>Adem\u00e1s, permite simplificar la negociaci\u00f3n o actualizaci\u00f3n de los acuerdos de transporte a\u00e9reo brindando seguridad jur\u00eddica a los Estados y las empresas, y una l\u00ednea de negociaci\u00f3n clara a nivel gobierno. El presente proyecto de ley busca entonces establecer en el pa\u00eds una pol\u00edtica aerocomercial de \u201ccielos abiertos\u201d, a excepci\u00f3n del tr\u00e1fico de cabotaje, de acuerdo con el r\u00e9gimen desregulado que establece la OACI; lo cual permite un acceso irrestricto a los mercados, con frecuencias ilimitadas, libertad de tarifas, libertad de equipo, m\u00faltiple designaci\u00f3n, criterio de nacionalidad por establecimiento y cl\u00e1usulas de acuerdos de colaboraci\u00f3n liberalizadas.<\/p>\n\n\n\n<p><\/p>\n","protected":false},"excerpt":{"rendered":"<p>El proyecto de ley presentado por la Bancada del Partido Cambio radical busca establecer en el pa\u00eds una pol\u00edtica aerocomercial de cielos abiertos, a excepci\u00f3n del tr\u00e1fico de cabotaje, de acuerdo con el r\u00e9gimen desregulado que establece la Organizaci\u00f3n de Aviaci\u00f3n Civil Internacional (OACI). La literatura en la materia ha mostrado que el establecimiento de &hellip;<\/p>\n<p class=\"read-more\"> <a class=\"\" href=\"https:\/\/juliocesartriana.com\/index.php\/2022\/03\/17\/cielos-abiertos-para-potenciar-el-turismo\/\"> <span class=\"screen-reader-text\">Cielos abiertos para potenciar el turismo<\/span> Leer m\u00e1s &raquo;<\/a><\/p>\n","protected":false},"author":1,"featured_media":3911,"comment_status":"open","ping_status":"open","sticky":false,"template":"","format":"standard","meta":{"ngg_post_thumbnail":0,"footnotes":""},"categories":[4],"tags":[],"class_list":["post-3910","post","type-post","status-publish","format-standard","has-post-thumbnail","hentry","category-proyectos-de-ley"],"yoast_head":"<!-- This site is optimized with the Yoast SEO plugin v18.5.1 - https:\/\/yoast.com\/wordpress\/plugins\/seo\/ -->\n<title>Julio C\u00e9sar Triana - Representante a la C\u00e1mara por el Huila<\/title>\n<meta name=\"robots\" content=\"index, follow, max-snippet:-1, max-image-preview:large, max-video-preview:-1\" \/>\n<link rel=\"canonical\" href=\"https:\/\/juliocesartriana.com\/index.php\/2022\/03\/17\/cielos-abiertos-para-potenciar-el-turismo\/\" \/>\n<meta property=\"og:locale\" content=\"es_ES\" \/>\n<meta property=\"og:type\" content=\"article\" \/>\n<meta property=\"og:title\" content=\"Julio C\u00e9sar Triana - Representante a la C\u00e1mara por el Huila\" \/>\n<meta property=\"og:description\" content=\"El proyecto de ley presentado por la Bancada del Partido Cambio radical busca establecer en el pa\u00eds una pol\u00edtica aerocomercial de cielos abiertos, a excepci\u00f3n del tr\u00e1fico de cabotaje, de acuerdo con el r\u00e9gimen desregulado que establece la Organizaci\u00f3n de Aviaci\u00f3n Civil Internacional (OACI). La literatura en la materia ha mostrado que el establecimiento de &hellip; Cielos abiertos para potenciar el turismo Leer m\u00e1s &raquo;\" \/>\n<meta property=\"og:url\" content=\"https:\/\/juliocesartriana.com\/index.php\/2022\/03\/17\/cielos-abiertos-para-potenciar-el-turismo\/\" \/>\n<meta property=\"og:site_name\" content=\"Julio C\u00e9sar Triana - Representante a la C\u00e1mara por el Huila\" \/>\n<meta property=\"article:publisher\" content=\"https:\/\/www.facebook.com\/TrianaCongreso\/\" \/>\n<meta property=\"article:published_time\" content=\"2022-03-17T20:15:00+00:00\" \/>\n<meta property=\"article:modified_time\" content=\"2023-04-17T20:17:42+00:00\" \/>\n<meta property=\"og:image\" content=\"https:\/\/juliocesartriana.com\/wp-content\/uploads\/2023\/04\/VISITA-PRESIDENCIA.jpeg\" \/>\n\t<meta property=\"og:image:width\" content=\"1024\" \/>\n\t<meta property=\"og:image:height\" content=\"768\" \/>\n\t<meta property=\"og:image:type\" content=\"image\/jpeg\" \/>\n<meta name=\"twitter:card\" content=\"summary_large_image\" \/>\n<meta name=\"twitter:label1\" content=\"Escrito por\" \/>\n\t<meta name=\"twitter:data1\" content=\"admin\" \/>\n\t<meta name=\"twitter:label2\" content=\"Tiempo de lectura\" \/>\n\t<meta name=\"twitter:data2\" content=\"1 minuto\" \/>\n<script type=\"application\/ld+json\" class=\"yoast-schema-graph\">{\"@context\":\"https:\/\/schema.org\",\"@graph\":[{\"@type\":\"Organization\",\"@id\":\"https:\/\/juliocesartriana.com\/#organization\",\"name\":\"Julio C\u00e9sar Triana - Representante a la C\u00e1mara\",\"url\":\"https:\/\/juliocesartriana.com\/\",\"sameAs\":[\"https:\/\/www.facebook.com\/TrianaCongreso\/\",\"https:\/\/www.instagram.com\/trianacongreso\/\"],\"logo\":{\"@type\":\"ImageObject\",\"@id\":\"https:\/\/juliocesartriana.com\/#logo\",\"inLanguage\":\"es\",\"url\":\"https:\/\/juliocesartriana.com\/wp-content\/uploads\/2021\/03\/Salo\u0301n-eli\u0301ptico-presidiendo-1.jpeg\",\"contentUrl\":\"https:\/\/juliocesartriana.com\/wp-content\/uploads\/2021\/03\/Salo\u0301n-eli\u0301ptico-presidiendo-1.jpeg\",\"width\":1280,\"height\":853,\"caption\":\"Julio C\u00e9sar Triana - Representante a la C\u00e1mara\"},\"image\":{\"@id\":\"https:\/\/juliocesartriana.com\/#logo\"}},{\"@type\":\"WebSite\",\"@id\":\"https:\/\/juliocesartriana.com\/#website\",\"url\":\"https:\/\/juliocesartriana.com\/\",\"name\":\"Julio C\u00e9sar Triana - Representante a la C\u00e1mara por el Huila\",\"description\":\"Representante a la C\u00e1mara por el Departamento del Huila.\",\"publisher\":{\"@id\":\"https:\/\/juliocesartriana.com\/#organization\"},\"potentialAction\":[{\"@type\":\"SearchAction\",\"target\":{\"@type\":\"EntryPoint\",\"urlTemplate\":\"https:\/\/juliocesartriana.com\/?s={search_term_string}\"},\"query-input\":\"required name=search_term_string\"}],\"inLanguage\":\"es\"},{\"@type\":\"ImageObject\",\"@id\":\"https:\/\/juliocesartriana.com\/index.php\/2022\/03\/17\/cielos-abiertos-para-potenciar-el-turismo\/#primaryimage\",\"inLanguage\":\"es\",\"url\":\"https:\/\/juliocesartriana.com\/wp-content\/uploads\/2023\/04\/VISITA-PRESIDENCIA.jpeg\",\"contentUrl\":\"https:\/\/juliocesartriana.com\/wp-content\/uploads\/2023\/04\/VISITA-PRESIDENCIA.jpeg\",\"width\":1024,\"height\":768},{\"@type\":\"WebPage\",\"@id\":\"https:\/\/juliocesartriana.com\/index.php\/2022\/03\/17\/cielos-abiertos-para-potenciar-el-turismo\/#webpage\",\"url\":\"https:\/\/juliocesartriana.com\/index.php\/2022\/03\/17\/cielos-abiertos-para-potenciar-el-turismo\/\",\"name\":\"Julio C\u00e9sar Triana - Representante a la C\u00e1mara por el Huila\",\"isPartOf\":{\"@id\":\"https:\/\/juliocesartriana.com\/#website\"},\"primaryImageOfPage\":{\"@id\":\"https:\/\/juliocesartriana.com\/index.php\/2022\/03\/17\/cielos-abiertos-para-potenciar-el-turismo\/#primaryimage\"},\"datePublished\":\"2022-03-17T20:15:00+00:00\",\"dateModified\":\"2023-04-17T20:17:42+00:00\",\"breadcrumb\":{\"@id\":\"https:\/\/juliocesartriana.com\/index.php\/2022\/03\/17\/cielos-abiertos-para-potenciar-el-turismo\/#breadcrumb\"},\"inLanguage\":\"es\",\"potentialAction\":[{\"@type\":\"ReadAction\",\"target\":[\"https:\/\/juliocesartriana.com\/index.php\/2022\/03\/17\/cielos-abiertos-para-potenciar-el-turismo\/\"]}]},{\"@type\":\"BreadcrumbList\",\"@id\":\"https:\/\/juliocesartriana.com\/index.php\/2022\/03\/17\/cielos-abiertos-para-potenciar-el-turismo\/#breadcrumb\",\"itemListElement\":[{\"@type\":\"ListItem\",\"position\":1,\"name\":\"Portada\",\"item\":\"https:\/\/juliocesartriana.com\/\"},{\"@type\":\"ListItem\",\"position\":2,\"name\":\"Cielos abiertos para potenciar el turismo\"}]},{\"@type\":\"Article\",\"@id\":\"https:\/\/juliocesartriana.com\/index.php\/2022\/03\/17\/cielos-abiertos-para-potenciar-el-turismo\/#article\",\"isPartOf\":{\"@id\":\"https:\/\/juliocesartriana.com\/index.php\/2022\/03\/17\/cielos-abiertos-para-potenciar-el-turismo\/#webpage\"},\"author\":{\"@id\":\"https:\/\/juliocesartriana.com\/#\/schema\/person\/deecb92c18f2299a8c280aa4eabd1a03\"},\"headline\":\"Cielos abiertos para potenciar el turismo\",\"datePublished\":\"2022-03-17T20:15:00+00:00\",\"dateModified\":\"2023-04-17T20:17:42+00:00\",\"mainEntityOfPage\":{\"@id\":\"https:\/\/juliocesartriana.com\/index.php\/2022\/03\/17\/cielos-abiertos-para-potenciar-el-turismo\/#webpage\"},\"wordCount\":261,\"commentCount\":0,\"publisher\":{\"@id\":\"https:\/\/juliocesartriana.com\/#organization\"},\"image\":{\"@id\":\"https:\/\/juliocesartriana.com\/index.php\/2022\/03\/17\/cielos-abiertos-para-potenciar-el-turismo\/#primaryimage\"},\"thumbnailUrl\":\"https:\/\/juliocesartriana.com\/wp-content\/uploads\/2023\/04\/VISITA-PRESIDENCIA.jpeg\",\"articleSection\":[\"Proyectos de Ley\"],\"inLanguage\":\"es\",\"potentialAction\":[{\"@type\":\"CommentAction\",\"name\":\"Comment\",\"target\":[\"https:\/\/juliocesartriana.com\/index.php\/2022\/03\/17\/cielos-abiertos-para-potenciar-el-turismo\/#respond\"]}]},{\"@type\":\"Person\",\"@id\":\"https:\/\/juliocesartriana.com\/#\/schema\/person\/deecb92c18f2299a8c280aa4eabd1a03\",\"name\":\"admin\",\"image\":{\"@type\":\"ImageObject\",\"@id\":\"https:\/\/juliocesartriana.com\/#personlogo\",\"inLanguage\":\"es\",\"url\":\"https:\/\/secure.gravatar.com\/avatar\/a796496fa1985f3a559e872a5db21305d7a391de67117abdfa8eb899c7bea95c?s=96&d=mm&r=g\",\"contentUrl\":\"https:\/\/secure.gravatar.com\/avatar\/a796496fa1985f3a559e872a5db21305d7a391de67117abdfa8eb899c7bea95c?s=96&d=mm&r=g\",\"caption\":\"admin\"},\"sameAs\":[\"https:\/\/juliocesartriana.com\"],\"url\":\"https:\/\/juliocesartriana.com\/index.php\/author\/admin_dovqajq2\/\"}]}<\/script>\n<!-- \/ Yoast SEO plugin. -->","yoast_head_json":{"title":"Julio C\u00e9sar Triana - Representante a la C\u00e1mara por el Huila","robots":{"index":"index","follow":"follow","max-snippet":"max-snippet:-1","max-image-preview":"max-image-preview:large","max-video-preview":"max-video-preview:-1"},"canonical":"https:\/\/juliocesartriana.com\/index.php\/2022\/03\/17\/cielos-abiertos-para-potenciar-el-turismo\/","og_locale":"es_ES","og_type":"article","og_title":"Julio C\u00e9sar Triana - Representante a la C\u00e1mara por el Huila","og_description":"El proyecto de ley presentado por la Bancada del Partido Cambio radical busca establecer en el pa\u00eds una pol\u00edtica aerocomercial de cielos abiertos, a excepci\u00f3n del tr\u00e1fico de cabotaje, de acuerdo con el r\u00e9gimen desregulado que establece la Organizaci\u00f3n de Aviaci\u00f3n Civil Internacional (OACI). La literatura en la materia ha mostrado que el establecimiento de &hellip; Cielos abiertos para potenciar el turismo Leer m\u00e1s &raquo;","og_url":"https:\/\/juliocesartriana.com\/index.php\/2022\/03\/17\/cielos-abiertos-para-potenciar-el-turismo\/","og_site_name":"Julio C\u00e9sar Triana - Representante a la C\u00e1mara por el Huila","article_publisher":"https:\/\/www.facebook.com\/TrianaCongreso\/","article_published_time":"2022-03-17T20:15:00+00:00","article_modified_time":"2023-04-17T20:17:42+00:00","og_image":[{"width":1024,"height":768,"url":"https:\/\/juliocesartriana.com\/wp-content\/uploads\/2023\/04\/VISITA-PRESIDENCIA.jpeg","type":"image\/jpeg"}],"twitter_card":"summary_large_image","twitter_misc":{"Escrito por":"admin","Tiempo de lectura":"1 minuto"},"schema":{"@context":"https:\/\/schema.org","@graph":[{"@type":"Organization","@id":"https:\/\/juliocesartriana.com\/#organization","name":"Julio C\u00e9sar Triana - Representante a la C\u00e1mara","url":"https:\/\/juliocesartriana.com\/","sameAs":["https:\/\/www.facebook.com\/TrianaCongreso\/","https:\/\/www.instagram.com\/trianacongreso\/"],"logo":{"@type":"ImageObject","@id":"https:\/\/juliocesartriana.com\/#logo","inLanguage":"es","url":"https:\/\/juliocesartriana.com\/wp-content\/uploads\/2021\/03\/Salo\u0301n-eli\u0301ptico-presidiendo-1.jpeg","contentUrl":"https:\/\/juliocesartriana.com\/wp-content\/uploads\/2021\/03\/Salo\u0301n-eli\u0301ptico-presidiendo-1.jpeg","width":1280,"height":853,"caption":"Julio C\u00e9sar Triana - Representante a la C\u00e1mara"},"image":{"@id":"https:\/\/juliocesartriana.com\/#logo"}},{"@type":"WebSite","@id":"https:\/\/juliocesartriana.com\/#website","url":"https:\/\/juliocesartriana.com\/","name":"Julio C\u00e9sar Triana - Representante a la C\u00e1mara por el Huila","description":"Representante a la C\u00e1mara por el Departamento del Huila.","publisher":{"@id":"https:\/\/juliocesartriana.com\/#organization"},"potentialAction":[{"@type":"SearchAction","target":{"@type":"EntryPoint","urlTemplate":"https:\/\/juliocesartriana.com\/?s={search_term_string}"},"query-input":"required name=search_term_string"}],"inLanguage":"es"},{"@type":"ImageObject","@id":"https:\/\/juliocesartriana.com\/index.php\/2022\/03\/17\/cielos-abiertos-para-potenciar-el-turismo\/#primaryimage","inLanguage":"es","url":"https:\/\/juliocesartriana.com\/wp-content\/uploads\/2023\/04\/VISITA-PRESIDENCIA.jpeg","contentUrl":"https:\/\/juliocesartriana.com\/wp-content\/uploads\/2023\/04\/VISITA-PRESIDENCIA.jpeg","width":1024,"height":768},{"@type":"WebPage","@id":"https:\/\/juliocesartriana.com\/index.php\/2022\/03\/17\/cielos-abiertos-para-potenciar-el-turismo\/#webpage","url":"https:\/\/juliocesartriana.com\/index.php\/2022\/03\/17\/cielos-abiertos-para-potenciar-el-turismo\/","name":"Julio C\u00e9sar Triana - Representante a la C\u00e1mara por el Huila","isPartOf":{"@id":"https:\/\/juliocesartriana.com\/#website"},"primaryImageOfPage":{"@id":"https:\/\/juliocesartriana.com\/index.php\/2022\/03\/17\/cielos-abiertos-para-potenciar-el-turismo\/#primaryimage"},"datePublished":"2022-03-17T20:15:00+00:00","dateModified":"2023-04-17T20:17:42+00:00","breadcrumb":{"@id":"https:\/\/juliocesartriana.com\/index.php\/2022\/03\/17\/cielos-abiertos-para-potenciar-el-turismo\/#breadcrumb"},"inLanguage":"es","potentialAction":[{"@type":"ReadAction","target":["https:\/\/juliocesartriana.com\/index.php\/2022\/03\/17\/cielos-abiertos-para-potenciar-el-turismo\/"]}]},{"@type":"BreadcrumbList","@id":"https:\/\/juliocesartriana.com\/index.php\/2022\/03\/17\/cielos-abiertos-para-potenciar-el-turismo\/#breadcrumb","itemListElement":[{"@type":"ListItem","position":1,"name":"Portada","item":"https:\/\/juliocesartriana.com\/"},{"@type":"ListItem","position":2,"name":"Cielos abiertos para potenciar el turismo"}]},{"@type":"Article","@id":"https:\/\/juliocesartriana.com\/index.php\/2022\/03\/17\/cielos-abiertos-para-potenciar-el-turismo\/#article","isPartOf":{"@id":"https:\/\/juliocesartriana.com\/index.php\/2022\/03\/17\/cielos-abiertos-para-potenciar-el-turismo\/#webpage"},"author":{"@id":"https:\/\/juliocesartriana.com\/#\/schema\/person\/deecb92c18f2299a8c280aa4eabd1a03"},"headline":"Cielos abiertos para potenciar el turismo","datePublished":"2022-03-17T20:15:00+00:00","dateModified":"2023-04-17T20:17:42+00:00","mainEntityOfPage":{"@id":"https:\/\/juliocesartriana.com\/index.php\/2022\/03\/17\/cielos-abiertos-para-potenciar-el-turismo\/#webpage"},"wordCount":261,"commentCount":0,"publisher":{"@id":"https:\/\/juliocesartriana.com\/#organization"},"image":{"@id":"https:\/\/juliocesartriana.com\/index.php\/2022\/03\/17\/cielos-abiertos-para-potenciar-el-turismo\/#primaryimage"},"thumbnailUrl":"https:\/\/juliocesartriana.com\/wp-content\/uploads\/2023\/04\/VISITA-PRESIDENCIA.jpeg","articleSection":["Proyectos de Ley"],"inLanguage":"es","potentialAction":[{"@type":"CommentAction","name":"Comment","target":["https:\/\/juliocesartriana.com\/index.php\/2022\/03\/17\/cielos-abiertos-para-potenciar-el-turismo\/#respond"]}]},{"@type":"Person","@id":"https:\/\/juliocesartriana.com\/#\/schema\/person\/deecb92c18f2299a8c280aa4eabd1a03","name":"admin","image":{"@type":"ImageObject","@id":"https:\/\/juliocesartriana.com\/#personlogo","inLanguage":"es","url":"https:\/\/secure.gravatar.com\/avatar\/a796496fa1985f3a559e872a5db21305d7a391de67117abdfa8eb899c7bea95c?s=96&d=mm&r=g","contentUrl":"https:\/\/secure.gravatar.com\/avatar\/a796496fa1985f3a559e872a5db21305d7a391de67117abdfa8eb899c7bea95c?s=96&d=mm&r=g","caption":"admin"},"sameAs":["https:\/\/juliocesartriana.com"],"url":"https:\/\/juliocesartriana.com\/index.php\/author\/admin_dovqajq2\/"}]}},"_links":{"self":[{"href":"https:\/\/juliocesartriana.com\/index.php\/wp-json\/wp\/v2\/posts\/3910","targetHints":{"allow":["GET"]}}],"collection":[{"href":"https:\/\/juliocesartriana.com\/index.php\/wp-json\/wp\/v2\/posts"}],"about":[{"href":"https:\/\/juliocesartriana.com\/index.php\/wp-json\/wp\/v2\/types\/post"}],"author":[{"embeddable":true,"href":"https:\/\/juliocesartriana.com\/index.php\/wp-json\/wp\/v2\/users\/1"}],"replies":[{"embeddable":true,"href":"https:\/\/juliocesartriana.com\/index.php\/wp-json\/wp\/v2\/comments?post=3910"}],"version-history":[{"count":1,"href":"https:\/\/juliocesartriana.com\/index.php\/wp-json\/wp\/v2\/posts\/3910\/revisions"}],"predecessor-version":[{"id":3912,"href":"https:\/\/juliocesartriana.com\/index.php\/wp-json\/wp\/v2\/posts\/3910\/revisions\/3912"}],"wp:featuredmedia":[{"embeddable":true,"href":"https:\/\/juliocesartriana.com\/index.php\/wp-json\/wp\/v2\/media\/3911"}],"wp:attachment":[{"href":"https:\/\/juliocesartriana.com\/index.php\/wp-json\/wp\/v2\/media?parent=3910"}],"wp:term":[{"taxonomy":"category","embeddable":true,"href":"https:\/\/juliocesartriana.com\/index.php\/wp-json\/wp\/v2\/categories?post=3910"},{"taxonomy":"post_tag","embeddable":true,"href":"https:\/\/juliocesartriana.com\/index.php\/wp-json\/wp\/v2\/tags?post=3910"}],"curies":[{"name":"wp","href":"https:\/\/api.w.org\/{rel}","templated":true}]}}