{"id":3906,"date":"2023-04-17T19:26:02","date_gmt":"2023-04-17T19:26:02","guid":{"rendered":"https:\/\/juliocesartriana.com\/?p=3906"},"modified":"2023-04-17T19:26:02","modified_gmt":"2023-04-17T19:26:02","slug":"reforma-a-la-salud","status":"publish","type":"post","link":"https:\/\/juliocesartriana.com\/index.php\/2023\/04\/17\/reforma-a-la-salud\/","title":{"rendered":"Reforma a la Salud"},"content":{"rendered":"\n<p>Junto a la bancada de Cambio Radical presentamos una iniciativa que busca garantizarles a todos los colombianos el derecho fundamental a la salud, aumenta la satisfacci\u00f3n del usuario y del talento humano del sector y asegura la sostenibilidad del sistema.\u00a0<\/p>\n\n\n\n<p>Se enfoca en la reducci\u00f3n de las inequidades en salud, el trato digno en la prestaci\u00f3n de los servicios y en la garant\u00eda de la protecci\u00f3n financiera del sector.&nbsp;<\/p>\n\n\n\n<p>Establece un nuevo modelo de atenci\u00f3n enfocado en salud familiar y comunitaria, encaminado hacia la promoci\u00f3n de la salud, la prevenci\u00f3n de la enfermedad y la gesti\u00f3n integral del riesgo en salud.&nbsp;<\/p>\n\n\n\n<p>Plantea crear regiones de salud con aspectos comunes para garantizar la promoci\u00f3n, la prestaci\u00f3n de servicios y el aseguramiento de la poblaci\u00f3n.&nbsp;<\/p>\n\n\n\n<p><strong>Aseguramiento:&nbsp;<\/strong><\/p>\n\n\n\n<p>\u2713 Todas las personas que residan legalmente en Colombia, con excepci\u00f3n de quienes se encuentran afiliados a los reg\u00edmenes especiales, estar\u00e1n afiliadas al Sistema de Seguridad Social en Salud por intermedio de una EPS.&nbsp;<\/p>\n\n\n\n<p>\u2713 Las familias y los usuarios tendr\u00e1n derecho a la libre elecci\u00f3n de la entidad promotora de salud, al igual que del centro de atenci\u00f3n primaria.&nbsp;<\/p>\n\n\n\n<p>\u2713 Los afiliados al sistema al Sistema de Seguridad Social en Salud contar\u00e1n con los mismos servicios y tecnolog\u00edas.&nbsp;<\/p>\n\n\n\n<p><strong>Cambios en el modelo de atenci\u00f3n:&nbsp;<\/strong><\/p>\n\n\n\n<p>\u2713 Cada afiliado estar\u00e1 adscrito a un prestador primario y a un m\u00e9dico con enfoque de familia y comunidad altamente resolutivo -de su libre elecci\u00f3n-, ubicado cerca al lugar de residencia o trabajo.&nbsp;<\/p>\n\n\n\n<p>\u2713 Organizaci\u00f3n de redes de atenci\u00f3n en salud por regiones. Los diferentes actores del sistema de salud, tanto p\u00fablicos como privados y mixtos, deber\u00e1n conformar redes de atenci\u00f3n integradas para la prestaci\u00f3n de servicios de salud en cada una de las regiones establecidas por el Ministerio de Salud.&nbsp;<\/p>\n\n\n\n<p>Es decir, a trav\u00e9s de alianzas se trabajar\u00e1 de manera articulada y coordinada para atender y cubrir las necesidades individuales y colectivas de las personas y su entorno en cuanto a mitigaci\u00f3n, contenci\u00f3n y atenci\u00f3n de los riesgos en cada una de las regiones delimitadas.&nbsp;<\/p>\n\n\n\n<p>\u2713 Fortalecimiento de las redes primarias de Empresas Sociales de Salud. El Ministerio de Salud y Protecci\u00f3n Social desarrollar\u00e1 un programa de fortalecimiento de las capacidades en salud a las Empresas Sociales del Estado que conforman las redes primarias de atenci\u00f3n en salud. Y propone un subsidio de oferta para aquellas entidades que tienen que operar en circunstancias de desventaja.\u00a0<\/p>\n\n\n\n<p><strong>Talento humano&nbsp;<\/strong><\/p>\n\n\n\n<p>\u2713 El personal requerido en toda instituci\u00f3n o empresa p\u00fablica o privada que preste servicios de salud no podr\u00e1 estar vinculado a trav\u00e9s de la figura de intermediaci\u00f3n laboral, tercerizaci\u00f3n o bajo ninguna otra modalidad de vinculaci\u00f3n que afecten sus derechos laborales y constitucionales.&nbsp;<\/p>\n\n\n\n<p>\u2713 El Gobierno Nacional otorgar\u00e1 incentivos para Instituciones de Educaci\u00f3n Superior que ofrezcan especialidades cl\u00ednicas, quir\u00fargicas y diagn\u00f3sticas en medicina.&nbsp;<\/p>\n","protected":false},"excerpt":{"rendered":"<p>Junto a la bancada de Cambio Radical presentamos una iniciativa que busca garantizarles a todos los colombianos el derecho fundamental a la salud, aumenta la satisfacci\u00f3n del usuario y del talento humano del sector y asegura la sostenibilidad del sistema.\u00a0 Se enfoca en la reducci\u00f3n de las inequidades en salud, el trato digno en la &hellip;<\/p>\n<p class=\"read-more\"> <a class=\"\" href=\"https:\/\/juliocesartriana.com\/index.php\/2023\/04\/17\/reforma-a-la-salud\/\"> <span class=\"screen-reader-text\">Reforma a la Salud<\/span> Leer m\u00e1s &raquo;<\/a><\/p>\n","protected":false},"author":1,"featured_media":3907,"comment_status":"open","ping_status":"open","sticky":false,"template":"","format":"standard","meta":{"ngg_post_thumbnail":0,"footnotes":""},"categories":[4],"tags":[],"class_list":["post-3906","post","type-post","status-publish","format-standard","has-post-thumbnail","hentry","category-proyectos-de-ley"],"yoast_head":"<!-- This site is optimized with the Yoast SEO plugin v18.5.1 - https:\/\/yoast.com\/wordpress\/plugins\/seo\/ -->\n<title>Julio C\u00e9sar Triana - Representante a la C\u00e1mara por el Huila<\/title>\n<meta name=\"robots\" content=\"index, follow, max-snippet:-1, max-image-preview:large, max-video-preview:-1\" \/>\n<link rel=\"canonical\" href=\"https:\/\/juliocesartriana.com\/index.php\/2023\/04\/17\/reforma-a-la-salud\/\" \/>\n<meta property=\"og:locale\" content=\"es_ES\" \/>\n<meta property=\"og:type\" content=\"article\" \/>\n<meta property=\"og:title\" content=\"Julio C\u00e9sar Triana - Representante a la C\u00e1mara por el Huila\" \/>\n<meta property=\"og:description\" content=\"Junto a la bancada de Cambio Radical presentamos una iniciativa que busca garantizarles a todos los colombianos el derecho fundamental a la salud, aumenta la satisfacci\u00f3n del usuario y del talento humano del sector y asegura la sostenibilidad del sistema.\u00a0 Se enfoca en la reducci\u00f3n de las inequidades en salud, el trato digno en la &hellip; Reforma a la Salud Leer m\u00e1s &raquo;\" \/>\n<meta property=\"og:url\" content=\"https:\/\/juliocesartriana.com\/index.php\/2023\/04\/17\/reforma-a-la-salud\/\" \/>\n<meta property=\"og:site_name\" content=\"Julio C\u00e9sar Triana - Representante a la C\u00e1mara por el Huila\" \/>\n<meta property=\"article:publisher\" content=\"https:\/\/www.facebook.com\/TrianaCongreso\/\" \/>\n<meta property=\"article:published_time\" content=\"2023-04-17T19:26:02+00:00\" \/>\n<meta property=\"og:image\" content=\"https:\/\/juliocesartriana.com\/wp-content\/uploads\/2023\/04\/FqDVxl4X0AAilGf.jpeg\" \/>\n\t<meta property=\"og:image:width\" content=\"1600\" \/>\n\t<meta property=\"og:image:height\" content=\"933\" \/>\n\t<meta property=\"og:image:type\" content=\"image\/jpeg\" \/>\n<meta name=\"twitter:card\" content=\"summary_large_image\" \/>\n<meta name=\"twitter:label1\" content=\"Escrito por\" \/>\n\t<meta name=\"twitter:data1\" content=\"admin\" \/>\n\t<meta name=\"twitter:label2\" content=\"Tiempo de lectura\" \/>\n\t<meta name=\"twitter:data2\" content=\"3 minutos\" \/>\n<script type=\"application\/ld+json\" class=\"yoast-schema-graph\">{\"@context\":\"https:\/\/schema.org\",\"@graph\":[{\"@type\":\"Organization\",\"@id\":\"https:\/\/juliocesartriana.com\/#organization\",\"name\":\"Julio C\u00e9sar Triana - Representante a la C\u00e1mara\",\"url\":\"https:\/\/juliocesartriana.com\/\",\"sameAs\":[\"https:\/\/www.facebook.com\/TrianaCongreso\/\",\"https:\/\/www.instagram.com\/trianacongreso\/\"],\"logo\":{\"@type\":\"ImageObject\",\"@id\":\"https:\/\/juliocesartriana.com\/#logo\",\"inLanguage\":\"es\",\"url\":\"https:\/\/juliocesartriana.com\/wp-content\/uploads\/2021\/03\/Salo\u0301n-eli\u0301ptico-presidiendo-1.jpeg\",\"contentUrl\":\"https:\/\/juliocesartriana.com\/wp-content\/uploads\/2021\/03\/Salo\u0301n-eli\u0301ptico-presidiendo-1.jpeg\",\"width\":1280,\"height\":853,\"caption\":\"Julio C\u00e9sar Triana - Representante a la C\u00e1mara\"},\"image\":{\"@id\":\"https:\/\/juliocesartriana.com\/#logo\"}},{\"@type\":\"WebSite\",\"@id\":\"https:\/\/juliocesartriana.com\/#website\",\"url\":\"https:\/\/juliocesartriana.com\/\",\"name\":\"Julio C\u00e9sar Triana - Representante a la C\u00e1mara por el Huila\",\"description\":\"Representante a la C\u00e1mara por el Departamento del Huila.\",\"publisher\":{\"@id\":\"https:\/\/juliocesartriana.com\/#organization\"},\"potentialAction\":[{\"@type\":\"SearchAction\",\"target\":{\"@type\":\"EntryPoint\",\"urlTemplate\":\"https:\/\/juliocesartriana.com\/?s={search_term_string}\"},\"query-input\":\"required name=search_term_string\"}],\"inLanguage\":\"es\"},{\"@type\":\"ImageObject\",\"@id\":\"https:\/\/juliocesartriana.com\/index.php\/2023\/04\/17\/reforma-a-la-salud\/#primaryimage\",\"inLanguage\":\"es\",\"url\":\"https:\/\/juliocesartriana.com\/wp-content\/uploads\/2023\/04\/FqDVxl4X0AAilGf.jpeg\",\"contentUrl\":\"https:\/\/juliocesartriana.com\/wp-content\/uploads\/2023\/04\/FqDVxl4X0AAilGf.jpeg\",\"width\":1600,\"height\":933},{\"@type\":\"WebPage\",\"@id\":\"https:\/\/juliocesartriana.com\/index.php\/2023\/04\/17\/reforma-a-la-salud\/#webpage\",\"url\":\"https:\/\/juliocesartriana.com\/index.php\/2023\/04\/17\/reforma-a-la-salud\/\",\"name\":\"Julio C\u00e9sar Triana - Representante a la C\u00e1mara por el Huila\",\"isPartOf\":{\"@id\":\"https:\/\/juliocesartriana.com\/#website\"},\"primaryImageOfPage\":{\"@id\":\"https:\/\/juliocesartriana.com\/index.php\/2023\/04\/17\/reforma-a-la-salud\/#primaryimage\"},\"datePublished\":\"2023-04-17T19:26:02+00:00\",\"dateModified\":\"2023-04-17T19:26:02+00:00\",\"breadcrumb\":{\"@id\":\"https:\/\/juliocesartriana.com\/index.php\/2023\/04\/17\/reforma-a-la-salud\/#breadcrumb\"},\"inLanguage\":\"es\",\"potentialAction\":[{\"@type\":\"ReadAction\",\"target\":[\"https:\/\/juliocesartriana.com\/index.php\/2023\/04\/17\/reforma-a-la-salud\/\"]}]},{\"@type\":\"BreadcrumbList\",\"@id\":\"https:\/\/juliocesartriana.com\/index.php\/2023\/04\/17\/reforma-a-la-salud\/#breadcrumb\",\"itemListElement\":[{\"@type\":\"ListItem\",\"position\":1,\"name\":\"Portada\",\"item\":\"https:\/\/juliocesartriana.com\/\"},{\"@type\":\"ListItem\",\"position\":2,\"name\":\"Reforma a la Salud\"}]},{\"@type\":\"Article\",\"@id\":\"https:\/\/juliocesartriana.com\/index.php\/2023\/04\/17\/reforma-a-la-salud\/#article\",\"isPartOf\":{\"@id\":\"https:\/\/juliocesartriana.com\/index.php\/2023\/04\/17\/reforma-a-la-salud\/#webpage\"},\"author\":{\"@id\":\"https:\/\/juliocesartriana.com\/#\/schema\/person\/deecb92c18f2299a8c280aa4eabd1a03\"},\"headline\":\"Reforma a la Salud\",\"datePublished\":\"2023-04-17T19:26:02+00:00\",\"dateModified\":\"2023-04-17T19:26:02+00:00\",\"mainEntityOfPage\":{\"@id\":\"https:\/\/juliocesartriana.com\/index.php\/2023\/04\/17\/reforma-a-la-salud\/#webpage\"},\"wordCount\":516,\"commentCount\":0,\"publisher\":{\"@id\":\"https:\/\/juliocesartriana.com\/#organization\"},\"image\":{\"@id\":\"https:\/\/juliocesartriana.com\/index.php\/2023\/04\/17\/reforma-a-la-salud\/#primaryimage\"},\"thumbnailUrl\":\"https:\/\/juliocesartriana.com\/wp-content\/uploads\/2023\/04\/FqDVxl4X0AAilGf.jpeg\",\"articleSection\":[\"Proyectos de Ley\"],\"inLanguage\":\"es\",\"potentialAction\":[{\"@type\":\"CommentAction\",\"name\":\"Comment\",\"target\":[\"https:\/\/juliocesartriana.com\/index.php\/2023\/04\/17\/reforma-a-la-salud\/#respond\"]}]},{\"@type\":\"Person\",\"@id\":\"https:\/\/juliocesartriana.com\/#\/schema\/person\/deecb92c18f2299a8c280aa4eabd1a03\",\"name\":\"admin\",\"image\":{\"@type\":\"ImageObject\",\"@id\":\"https:\/\/juliocesartriana.com\/#personlogo\",\"inLanguage\":\"es\",\"url\":\"https:\/\/secure.gravatar.com\/avatar\/a796496fa1985f3a559e872a5db21305d7a391de67117abdfa8eb899c7bea95c?s=96&d=mm&r=g\",\"contentUrl\":\"https:\/\/secure.gravatar.com\/avatar\/a796496fa1985f3a559e872a5db21305d7a391de67117abdfa8eb899c7bea95c?s=96&d=mm&r=g\",\"caption\":\"admin\"},\"sameAs\":[\"https:\/\/juliocesartriana.com\"],\"url\":\"https:\/\/juliocesartriana.com\/index.php\/author\/admin_dovqajq2\/\"}]}<\/script>\n<!-- \/ Yoast SEO plugin. -->","yoast_head_json":{"title":"Julio C\u00e9sar Triana - Representante a la C\u00e1mara por el Huila","robots":{"index":"index","follow":"follow","max-snippet":"max-snippet:-1","max-image-preview":"max-image-preview:large","max-video-preview":"max-video-preview:-1"},"canonical":"https:\/\/juliocesartriana.com\/index.php\/2023\/04\/17\/reforma-a-la-salud\/","og_locale":"es_ES","og_type":"article","og_title":"Julio C\u00e9sar Triana - Representante a la C\u00e1mara por el Huila","og_description":"Junto a la bancada de Cambio Radical presentamos una iniciativa que busca garantizarles a todos los colombianos el derecho fundamental a la salud, aumenta la satisfacci\u00f3n del usuario y del talento humano del sector y asegura la sostenibilidad del sistema.\u00a0 Se enfoca en la reducci\u00f3n de las inequidades en salud, el trato digno en la &hellip; Reforma a la Salud Leer m\u00e1s &raquo;","og_url":"https:\/\/juliocesartriana.com\/index.php\/2023\/04\/17\/reforma-a-la-salud\/","og_site_name":"Julio C\u00e9sar Triana - Representante a la C\u00e1mara por el Huila","article_publisher":"https:\/\/www.facebook.com\/TrianaCongreso\/","article_published_time":"2023-04-17T19:26:02+00:00","og_image":[{"width":1600,"height":933,"url":"https:\/\/juliocesartriana.com\/wp-content\/uploads\/2023\/04\/FqDVxl4X0AAilGf.jpeg","type":"image\/jpeg"}],"twitter_card":"summary_large_image","twitter_misc":{"Escrito por":"admin","Tiempo de lectura":"3 minutos"},"schema":{"@context":"https:\/\/schema.org","@graph":[{"@type":"Organization","@id":"https:\/\/juliocesartriana.com\/#organization","name":"Julio C\u00e9sar Triana - Representante a la C\u00e1mara","url":"https:\/\/juliocesartriana.com\/","sameAs":["https:\/\/www.facebook.com\/TrianaCongreso\/","https:\/\/www.instagram.com\/trianacongreso\/"],"logo":{"@type":"ImageObject","@id":"https:\/\/juliocesartriana.com\/#logo","inLanguage":"es","url":"https:\/\/juliocesartriana.com\/wp-content\/uploads\/2021\/03\/Salo\u0301n-eli\u0301ptico-presidiendo-1.jpeg","contentUrl":"https:\/\/juliocesartriana.com\/wp-content\/uploads\/2021\/03\/Salo\u0301n-eli\u0301ptico-presidiendo-1.jpeg","width":1280,"height":853,"caption":"Julio C\u00e9sar Triana - Representante a la C\u00e1mara"},"image":{"@id":"https:\/\/juliocesartriana.com\/#logo"}},{"@type":"WebSite","@id":"https:\/\/juliocesartriana.com\/#website","url":"https:\/\/juliocesartriana.com\/","name":"Julio C\u00e9sar Triana - Representante a la C\u00e1mara por el Huila","description":"Representante a la C\u00e1mara por el Departamento del Huila.","publisher":{"@id":"https:\/\/juliocesartriana.com\/#organization"},"potentialAction":[{"@type":"SearchAction","target":{"@type":"EntryPoint","urlTemplate":"https:\/\/juliocesartriana.com\/?s={search_term_string}"},"query-input":"required name=search_term_string"}],"inLanguage":"es"},{"@type":"ImageObject","@id":"https:\/\/juliocesartriana.com\/index.php\/2023\/04\/17\/reforma-a-la-salud\/#primaryimage","inLanguage":"es","url":"https:\/\/juliocesartriana.com\/wp-content\/uploads\/2023\/04\/FqDVxl4X0AAilGf.jpeg","contentUrl":"https:\/\/juliocesartriana.com\/wp-content\/uploads\/2023\/04\/FqDVxl4X0AAilGf.jpeg","width":1600,"height":933},{"@type":"WebPage","@id":"https:\/\/juliocesartriana.com\/index.php\/2023\/04\/17\/reforma-a-la-salud\/#webpage","url":"https:\/\/juliocesartriana.com\/index.php\/2023\/04\/17\/reforma-a-la-salud\/","name":"Julio C\u00e9sar Triana - Representante a la C\u00e1mara por el Huila","isPartOf":{"@id":"https:\/\/juliocesartriana.com\/#website"},"primaryImageOfPage":{"@id":"https:\/\/juliocesartriana.com\/index.php\/2023\/04\/17\/reforma-a-la-salud\/#primaryimage"},"datePublished":"2023-04-17T19:26:02+00:00","dateModified":"2023-04-17T19:26:02+00:00","breadcrumb":{"@id":"https:\/\/juliocesartriana.com\/index.php\/2023\/04\/17\/reforma-a-la-salud\/#breadcrumb"},"inLanguage":"es","potentialAction":[{"@type":"ReadAction","target":["https:\/\/juliocesartriana.com\/index.php\/2023\/04\/17\/reforma-a-la-salud\/"]}]},{"@type":"BreadcrumbList","@id":"https:\/\/juliocesartriana.com\/index.php\/2023\/04\/17\/reforma-a-la-salud\/#breadcrumb","itemListElement":[{"@type":"ListItem","position":1,"name":"Portada","item":"https:\/\/juliocesartriana.com\/"},{"@type":"ListItem","position":2,"name":"Reforma a la Salud"}]},{"@type":"Article","@id":"https:\/\/juliocesartriana.com\/index.php\/2023\/04\/17\/reforma-a-la-salud\/#article","isPartOf":{"@id":"https:\/\/juliocesartriana.com\/index.php\/2023\/04\/17\/reforma-a-la-salud\/#webpage"},"author":{"@id":"https:\/\/juliocesartriana.com\/#\/schema\/person\/deecb92c18f2299a8c280aa4eabd1a03"},"headline":"Reforma a la Salud","datePublished":"2023-04-17T19:26:02+00:00","dateModified":"2023-04-17T19:26:02+00:00","mainEntityOfPage":{"@id":"https:\/\/juliocesartriana.com\/index.php\/2023\/04\/17\/reforma-a-la-salud\/#webpage"},"wordCount":516,"commentCount":0,"publisher":{"@id":"https:\/\/juliocesartriana.com\/#organization"},"image":{"@id":"https:\/\/juliocesartriana.com\/index.php\/2023\/04\/17\/reforma-a-la-salud\/#primaryimage"},"thumbnailUrl":"https:\/\/juliocesartriana.com\/wp-content\/uploads\/2023\/04\/FqDVxl4X0AAilGf.jpeg","articleSection":["Proyectos de Ley"],"inLanguage":"es","potentialAction":[{"@type":"CommentAction","name":"Comment","target":["https:\/\/juliocesartriana.com\/index.php\/2023\/04\/17\/reforma-a-la-salud\/#respond"]}]},{"@type":"Person","@id":"https:\/\/juliocesartriana.com\/#\/schema\/person\/deecb92c18f2299a8c280aa4eabd1a03","name":"admin","image":{"@type":"ImageObject","@id":"https:\/\/juliocesartriana.com\/#personlogo","inLanguage":"es","url":"https:\/\/secure.gravatar.com\/avatar\/a796496fa1985f3a559e872a5db21305d7a391de67117abdfa8eb899c7bea95c?s=96&d=mm&r=g","contentUrl":"https:\/\/secure.gravatar.com\/avatar\/a796496fa1985f3a559e872a5db21305d7a391de67117abdfa8eb899c7bea95c?s=96&d=mm&r=g","caption":"admin"},"sameAs":["https:\/\/juliocesartriana.com"],"url":"https:\/\/juliocesartriana.com\/index.php\/author\/admin_dovqajq2\/"}]}},"_links":{"self":[{"href":"https:\/\/juliocesartriana.com\/index.php\/wp-json\/wp\/v2\/posts\/3906","targetHints":{"allow":["GET"]}}],"collection":[{"href":"https:\/\/juliocesartriana.com\/index.php\/wp-json\/wp\/v2\/posts"}],"about":[{"href":"https:\/\/juliocesartriana.com\/index.php\/wp-json\/wp\/v2\/types\/post"}],"author":[{"embeddable":true,"href":"https:\/\/juliocesartriana.com\/index.php\/wp-json\/wp\/v2\/users\/1"}],"replies":[{"embeddable":true,"href":"https:\/\/juliocesartriana.com\/index.php\/wp-json\/wp\/v2\/comments?post=3906"}],"version-history":[{"count":1,"href":"https:\/\/juliocesartriana.com\/index.php\/wp-json\/wp\/v2\/posts\/3906\/revisions"}],"predecessor-version":[{"id":3908,"href":"https:\/\/juliocesartriana.com\/index.php\/wp-json\/wp\/v2\/posts\/3906\/revisions\/3908"}],"wp:featuredmedia":[{"embeddable":true,"href":"https:\/\/juliocesartriana.com\/index.php\/wp-json\/wp\/v2\/media\/3907"}],"wp:attachment":[{"href":"https:\/\/juliocesartriana.com\/index.php\/wp-json\/wp\/v2\/media?parent=3906"}],"wp:term":[{"taxonomy":"category","embeddable":true,"href":"https:\/\/juliocesartriana.com\/index.php\/wp-json\/wp\/v2\/categories?post=3906"},{"taxonomy":"post_tag","embeddable":true,"href":"https:\/\/juliocesartriana.com\/index.php\/wp-json\/wp\/v2\/tags?post=3906"}],"curies":[{"name":"wp","href":"https:\/\/api.w.org\/{rel}","templated":true}]}}