{"id":3738,"date":"2022-05-11T14:59:12","date_gmt":"2022-05-11T14:59:12","guid":{"rendered":"https:\/\/juliocesartriana.com\/?p=3738"},"modified":"2022-05-11T14:59:13","modified_gmt":"2022-05-11T14:59:13","slug":"s-o-s-por-el-desabastecimiento-de-agroinsumos","status":"publish","type":"post","link":"https:\/\/juliocesartriana.com\/index.php\/2022\/05\/11\/s-o-s-por-el-desabastecimiento-de-agroinsumos\/","title":{"rendered":"S.O.S. por el desabastecimiento de agroinsumos"},"content":{"rendered":"\n<p>Desde el Congreso de la Rep\u00fablica, hemos llamado la atenci\u00f3n, en diferentes oportunidades, sobre el alto costo de los insumos agr\u00edcolas sin que el Gobierno Nacional tome medidas al respecto. Hoy, resulta necesario visibilizar un tema que nos preocupa, y es la posibilidad de un desabastecimiento de agroinsumos en el pa\u00eds generado, en principio, por el efecto de la pandemia sobre la cadena de suministros y agravado por el conflicto armado entre Rusia y Ucrania.<\/p>\n\n\n\n<p>La \u00farea, uno de los fertilizantes de mayor uso y demanda, se importa en un 29% de Rusia, y en un 13% de Ucrania. Estamos hablando de un 42%, lo que representa que gran parte de fertilizantes importados por Colombia provienen de los pa\u00edses en conflicto <a href=\"https:\/\/fb.watch\/cXxB5pyvQL\/\"><strong><em>(Ver denuncia).<\/em><\/strong><\/a><\/p>\n\n\n\n<p>La disminuci\u00f3n de la oferta de insumos tendr\u00e1 un efecto directo en el alza generalizada de precios de los alimentos, fibras, combustibles y medicamentos. Esta situaci\u00f3n tiene efectos grav\u00edsimos en la econom\u00eda nacional. Sin agroinsumos disminuye la producci\u00f3n de alimentos, esto genera un aumento en el costo de la canasta b\u00e1sica familiar, lo que pone en riesgo la seguridad alimentaria del pa\u00eds.<\/p>\n\n\n\n<p>Hasta el momento, no hemos conocido ning\u00fan plan de contingencia por parte del Gobierno Nacional, en cabeza del Ministerio de Agricultura, incluso, en diferentes oportunidades se ha pronunciado desestimando los \u2018rumores\u2019 de un desabastecimiento que, de no tomar medidas, parece inminente.<\/p>\n","protected":false},"excerpt":{"rendered":"<p>Desde el Congreso de la Rep\u00fablica, hemos llamado la atenci\u00f3n, en diferentes oportunidades, sobre el alto costo de los insumos agr\u00edcolas sin que el Gobierno Nacional tome medidas al respecto. Hoy, resulta necesario visibilizar un tema que nos preocupa, y es la posibilidad de un desabastecimiento de agroinsumos en el pa\u00eds generado, en principio, por &hellip;<\/p>\n<p class=\"read-more\"> <a class=\"\" href=\"https:\/\/juliocesartriana.com\/index.php\/2022\/05\/11\/s-o-s-por-el-desabastecimiento-de-agroinsumos\/\"> <span class=\"screen-reader-text\">S.O.S. por el desabastecimiento de agroinsumos<\/span> Leer m\u00e1s &raquo;<\/a><\/p>\n","protected":false},"author":1,"featured_media":3739,"comment_status":"open","ping_status":"open","sticky":false,"template":"","format":"standard","meta":{"ngg_post_thumbnail":0,"footnotes":""},"categories":[8],"tags":[],"class_list":["post-3738","post","type-post","status-publish","format-standard","has-post-thumbnail","hentry","category-gestion-por-el-huila"],"yoast_head":"<!-- This site is optimized with the Yoast SEO plugin v18.5.1 - https:\/\/yoast.com\/wordpress\/plugins\/seo\/ -->\n<title>Julio C\u00e9sar Triana - Representante a la C\u00e1mara por el Huila<\/title>\n<meta name=\"robots\" content=\"index, follow, max-snippet:-1, max-image-preview:large, max-video-preview:-1\" \/>\n<link rel=\"canonical\" href=\"https:\/\/juliocesartriana.com\/index.php\/2022\/05\/11\/s-o-s-por-el-desabastecimiento-de-agroinsumos\/\" \/>\n<meta property=\"og:locale\" content=\"es_ES\" \/>\n<meta property=\"og:type\" content=\"article\" \/>\n<meta property=\"og:title\" content=\"Julio C\u00e9sar Triana - Representante a la C\u00e1mara por el Huila\" \/>\n<meta property=\"og:description\" content=\"Desde el Congreso de la Rep\u00fablica, hemos llamado la atenci\u00f3n, en diferentes oportunidades, sobre el alto costo de los insumos agr\u00edcolas sin que el Gobierno Nacional tome medidas al respecto. Hoy, resulta necesario visibilizar un tema que nos preocupa, y es la posibilidad de un desabastecimiento de agroinsumos en el pa\u00eds generado, en principio, por &hellip; S.O.S. por el desabastecimiento de agroinsumos Leer m\u00e1s &raquo;\" \/>\n<meta property=\"og:url\" content=\"https:\/\/juliocesartriana.com\/index.php\/2022\/05\/11\/s-o-s-por-el-desabastecimiento-de-agroinsumos\/\" \/>\n<meta property=\"og:site_name\" content=\"Julio C\u00e9sar Triana - Representante a la C\u00e1mara por el Huila\" \/>\n<meta property=\"article:publisher\" content=\"https:\/\/www.facebook.com\/TrianaCongreso\/\" \/>\n<meta property=\"article:published_time\" content=\"2022-05-11T14:59:12+00:00\" \/>\n<meta property=\"article:modified_time\" content=\"2022-05-11T14:59:13+00:00\" \/>\n<meta property=\"og:image\" content=\"https:\/\/juliocesartriana.com\/wp-content\/uploads\/2022\/05\/Foto.png\" \/>\n\t<meta property=\"og:image:width\" content=\"1440\" \/>\n\t<meta property=\"og:image:height\" content=\"810\" \/>\n\t<meta property=\"og:image:type\" content=\"image\/png\" \/>\n<meta name=\"twitter:card\" content=\"summary_large_image\" \/>\n<meta name=\"twitter:label1\" content=\"Escrito por\" \/>\n\t<meta name=\"twitter:data1\" content=\"admin\" \/>\n\t<meta name=\"twitter:label2\" content=\"Tiempo de lectura\" \/>\n\t<meta name=\"twitter:data2\" content=\"2 minutos\" \/>\n<script type=\"application\/ld+json\" class=\"yoast-schema-graph\">{\"@context\":\"https:\/\/schema.org\",\"@graph\":[{\"@type\":\"Organization\",\"@id\":\"https:\/\/juliocesartriana.com\/#organization\",\"name\":\"Julio C\u00e9sar Triana - Representante a la C\u00e1mara\",\"url\":\"https:\/\/juliocesartriana.com\/\",\"sameAs\":[\"https:\/\/www.facebook.com\/TrianaCongreso\/\",\"https:\/\/www.instagram.com\/trianacongreso\/\"],\"logo\":{\"@type\":\"ImageObject\",\"@id\":\"https:\/\/juliocesartriana.com\/#logo\",\"inLanguage\":\"es\",\"url\":\"https:\/\/juliocesartriana.com\/wp-content\/uploads\/2021\/03\/Salo\u0301n-eli\u0301ptico-presidiendo-1.jpeg\",\"contentUrl\":\"https:\/\/juliocesartriana.com\/wp-content\/uploads\/2021\/03\/Salo\u0301n-eli\u0301ptico-presidiendo-1.jpeg\",\"width\":1280,\"height\":853,\"caption\":\"Julio C\u00e9sar Triana - Representante a la C\u00e1mara\"},\"image\":{\"@id\":\"https:\/\/juliocesartriana.com\/#logo\"}},{\"@type\":\"WebSite\",\"@id\":\"https:\/\/juliocesartriana.com\/#website\",\"url\":\"https:\/\/juliocesartriana.com\/\",\"name\":\"Julio C\u00e9sar Triana - Representante a la C\u00e1mara por el Huila\",\"description\":\"Representante a la C\u00e1mara por el Departamento del Huila.\",\"publisher\":{\"@id\":\"https:\/\/juliocesartriana.com\/#organization\"},\"potentialAction\":[{\"@type\":\"SearchAction\",\"target\":{\"@type\":\"EntryPoint\",\"urlTemplate\":\"https:\/\/juliocesartriana.com\/?s={search_term_string}\"},\"query-input\":\"required name=search_term_string\"}],\"inLanguage\":\"es\"},{\"@type\":\"ImageObject\",\"@id\":\"https:\/\/juliocesartriana.com\/index.php\/2022\/05\/11\/s-o-s-por-el-desabastecimiento-de-agroinsumos\/#primaryimage\",\"inLanguage\":\"es\",\"url\":\"https:\/\/juliocesartriana.com\/wp-content\/uploads\/2022\/05\/Foto.png\",\"contentUrl\":\"https:\/\/juliocesartriana.com\/wp-content\/uploads\/2022\/05\/Foto.png\",\"width\":1440,\"height\":810},{\"@type\":\"WebPage\",\"@id\":\"https:\/\/juliocesartriana.com\/index.php\/2022\/05\/11\/s-o-s-por-el-desabastecimiento-de-agroinsumos\/#webpage\",\"url\":\"https:\/\/juliocesartriana.com\/index.php\/2022\/05\/11\/s-o-s-por-el-desabastecimiento-de-agroinsumos\/\",\"name\":\"Julio C\u00e9sar Triana - Representante a la C\u00e1mara por el Huila\",\"isPartOf\":{\"@id\":\"https:\/\/juliocesartriana.com\/#website\"},\"primaryImageOfPage\":{\"@id\":\"https:\/\/juliocesartriana.com\/index.php\/2022\/05\/11\/s-o-s-por-el-desabastecimiento-de-agroinsumos\/#primaryimage\"},\"datePublished\":\"2022-05-11T14:59:12+00:00\",\"dateModified\":\"2022-05-11T14:59:13+00:00\",\"breadcrumb\":{\"@id\":\"https:\/\/juliocesartriana.com\/index.php\/2022\/05\/11\/s-o-s-por-el-desabastecimiento-de-agroinsumos\/#breadcrumb\"},\"inLanguage\":\"es\",\"potentialAction\":[{\"@type\":\"ReadAction\",\"target\":[\"https:\/\/juliocesartriana.com\/index.php\/2022\/05\/11\/s-o-s-por-el-desabastecimiento-de-agroinsumos\/\"]}]},{\"@type\":\"BreadcrumbList\",\"@id\":\"https:\/\/juliocesartriana.com\/index.php\/2022\/05\/11\/s-o-s-por-el-desabastecimiento-de-agroinsumos\/#breadcrumb\",\"itemListElement\":[{\"@type\":\"ListItem\",\"position\":1,\"name\":\"Portada\",\"item\":\"https:\/\/juliocesartriana.com\/\"},{\"@type\":\"ListItem\",\"position\":2,\"name\":\"S.O.S. por el desabastecimiento de agroinsumos\"}]},{\"@type\":\"Article\",\"@id\":\"https:\/\/juliocesartriana.com\/index.php\/2022\/05\/11\/s-o-s-por-el-desabastecimiento-de-agroinsumos\/#article\",\"isPartOf\":{\"@id\":\"https:\/\/juliocesartriana.com\/index.php\/2022\/05\/11\/s-o-s-por-el-desabastecimiento-de-agroinsumos\/#webpage\"},\"author\":{\"@id\":\"https:\/\/juliocesartriana.com\/#\/schema\/person\/deecb92c18f2299a8c280aa4eabd1a03\"},\"headline\":\"S.O.S. por el desabastecimiento de agroinsumos\",\"datePublished\":\"2022-05-11T14:59:12+00:00\",\"dateModified\":\"2022-05-11T14:59:13+00:00\",\"mainEntityOfPage\":{\"@id\":\"https:\/\/juliocesartriana.com\/index.php\/2022\/05\/11\/s-o-s-por-el-desabastecimiento-de-agroinsumos\/#webpage\"},\"wordCount\":244,\"commentCount\":0,\"publisher\":{\"@id\":\"https:\/\/juliocesartriana.com\/#organization\"},\"image\":{\"@id\":\"https:\/\/juliocesartriana.com\/index.php\/2022\/05\/11\/s-o-s-por-el-desabastecimiento-de-agroinsumos\/#primaryimage\"},\"thumbnailUrl\":\"https:\/\/juliocesartriana.com\/wp-content\/uploads\/2022\/05\/Foto.png\",\"articleSection\":[\"Gesti\u00f3n por el Huila\"],\"inLanguage\":\"es\",\"potentialAction\":[{\"@type\":\"CommentAction\",\"name\":\"Comment\",\"target\":[\"https:\/\/juliocesartriana.com\/index.php\/2022\/05\/11\/s-o-s-por-el-desabastecimiento-de-agroinsumos\/#respond\"]}]},{\"@type\":\"Person\",\"@id\":\"https:\/\/juliocesartriana.com\/#\/schema\/person\/deecb92c18f2299a8c280aa4eabd1a03\",\"name\":\"admin\",\"image\":{\"@type\":\"ImageObject\",\"@id\":\"https:\/\/juliocesartriana.com\/#personlogo\",\"inLanguage\":\"es\",\"url\":\"https:\/\/secure.gravatar.com\/avatar\/a796496fa1985f3a559e872a5db21305d7a391de67117abdfa8eb899c7bea95c?s=96&d=mm&r=g\",\"contentUrl\":\"https:\/\/secure.gravatar.com\/avatar\/a796496fa1985f3a559e872a5db21305d7a391de67117abdfa8eb899c7bea95c?s=96&d=mm&r=g\",\"caption\":\"admin\"},\"sameAs\":[\"https:\/\/juliocesartriana.com\"],\"url\":\"https:\/\/juliocesartriana.com\/index.php\/author\/admin_dovqajq2\/\"}]}<\/script>\n<!-- \/ Yoast SEO plugin. -->","yoast_head_json":{"title":"Julio C\u00e9sar Triana - Representante a la C\u00e1mara por el Huila","robots":{"index":"index","follow":"follow","max-snippet":"max-snippet:-1","max-image-preview":"max-image-preview:large","max-video-preview":"max-video-preview:-1"},"canonical":"https:\/\/juliocesartriana.com\/index.php\/2022\/05\/11\/s-o-s-por-el-desabastecimiento-de-agroinsumos\/","og_locale":"es_ES","og_type":"article","og_title":"Julio C\u00e9sar Triana - Representante a la C\u00e1mara por el Huila","og_description":"Desde el Congreso de la Rep\u00fablica, hemos llamado la atenci\u00f3n, en diferentes oportunidades, sobre el alto costo de los insumos agr\u00edcolas sin que el Gobierno Nacional tome medidas al respecto. Hoy, resulta necesario visibilizar un tema que nos preocupa, y es la posibilidad de un desabastecimiento de agroinsumos en el pa\u00eds generado, en principio, por &hellip; S.O.S. por el desabastecimiento de agroinsumos Leer m\u00e1s &raquo;","og_url":"https:\/\/juliocesartriana.com\/index.php\/2022\/05\/11\/s-o-s-por-el-desabastecimiento-de-agroinsumos\/","og_site_name":"Julio C\u00e9sar Triana - Representante a la C\u00e1mara por el Huila","article_publisher":"https:\/\/www.facebook.com\/TrianaCongreso\/","article_published_time":"2022-05-11T14:59:12+00:00","article_modified_time":"2022-05-11T14:59:13+00:00","og_image":[{"width":1440,"height":810,"url":"https:\/\/juliocesartriana.com\/wp-content\/uploads\/2022\/05\/Foto.png","type":"image\/png"}],"twitter_card":"summary_large_image","twitter_misc":{"Escrito por":"admin","Tiempo de lectura":"2 minutos"},"schema":{"@context":"https:\/\/schema.org","@graph":[{"@type":"Organization","@id":"https:\/\/juliocesartriana.com\/#organization","name":"Julio C\u00e9sar Triana - Representante a la C\u00e1mara","url":"https:\/\/juliocesartriana.com\/","sameAs":["https:\/\/www.facebook.com\/TrianaCongreso\/","https:\/\/www.instagram.com\/trianacongreso\/"],"logo":{"@type":"ImageObject","@id":"https:\/\/juliocesartriana.com\/#logo","inLanguage":"es","url":"https:\/\/juliocesartriana.com\/wp-content\/uploads\/2021\/03\/Salo\u0301n-eli\u0301ptico-presidiendo-1.jpeg","contentUrl":"https:\/\/juliocesartriana.com\/wp-content\/uploads\/2021\/03\/Salo\u0301n-eli\u0301ptico-presidiendo-1.jpeg","width":1280,"height":853,"caption":"Julio C\u00e9sar Triana - Representante a la C\u00e1mara"},"image":{"@id":"https:\/\/juliocesartriana.com\/#logo"}},{"@type":"WebSite","@id":"https:\/\/juliocesartriana.com\/#website","url":"https:\/\/juliocesartriana.com\/","name":"Julio C\u00e9sar Triana - Representante a la C\u00e1mara por el Huila","description":"Representante a la C\u00e1mara por el Departamento del Huila.","publisher":{"@id":"https:\/\/juliocesartriana.com\/#organization"},"potentialAction":[{"@type":"SearchAction","target":{"@type":"EntryPoint","urlTemplate":"https:\/\/juliocesartriana.com\/?s={search_term_string}"},"query-input":"required name=search_term_string"}],"inLanguage":"es"},{"@type":"ImageObject","@id":"https:\/\/juliocesartriana.com\/index.php\/2022\/05\/11\/s-o-s-por-el-desabastecimiento-de-agroinsumos\/#primaryimage","inLanguage":"es","url":"https:\/\/juliocesartriana.com\/wp-content\/uploads\/2022\/05\/Foto.png","contentUrl":"https:\/\/juliocesartriana.com\/wp-content\/uploads\/2022\/05\/Foto.png","width":1440,"height":810},{"@type":"WebPage","@id":"https:\/\/juliocesartriana.com\/index.php\/2022\/05\/11\/s-o-s-por-el-desabastecimiento-de-agroinsumos\/#webpage","url":"https:\/\/juliocesartriana.com\/index.php\/2022\/05\/11\/s-o-s-por-el-desabastecimiento-de-agroinsumos\/","name":"Julio C\u00e9sar Triana - Representante a la C\u00e1mara por el Huila","isPartOf":{"@id":"https:\/\/juliocesartriana.com\/#website"},"primaryImageOfPage":{"@id":"https:\/\/juliocesartriana.com\/index.php\/2022\/05\/11\/s-o-s-por-el-desabastecimiento-de-agroinsumos\/#primaryimage"},"datePublished":"2022-05-11T14:59:12+00:00","dateModified":"2022-05-11T14:59:13+00:00","breadcrumb":{"@id":"https:\/\/juliocesartriana.com\/index.php\/2022\/05\/11\/s-o-s-por-el-desabastecimiento-de-agroinsumos\/#breadcrumb"},"inLanguage":"es","potentialAction":[{"@type":"ReadAction","target":["https:\/\/juliocesartriana.com\/index.php\/2022\/05\/11\/s-o-s-por-el-desabastecimiento-de-agroinsumos\/"]}]},{"@type":"BreadcrumbList","@id":"https:\/\/juliocesartriana.com\/index.php\/2022\/05\/11\/s-o-s-por-el-desabastecimiento-de-agroinsumos\/#breadcrumb","itemListElement":[{"@type":"ListItem","position":1,"name":"Portada","item":"https:\/\/juliocesartriana.com\/"},{"@type":"ListItem","position":2,"name":"S.O.S. por el desabastecimiento de agroinsumos"}]},{"@type":"Article","@id":"https:\/\/juliocesartriana.com\/index.php\/2022\/05\/11\/s-o-s-por-el-desabastecimiento-de-agroinsumos\/#article","isPartOf":{"@id":"https:\/\/juliocesartriana.com\/index.php\/2022\/05\/11\/s-o-s-por-el-desabastecimiento-de-agroinsumos\/#webpage"},"author":{"@id":"https:\/\/juliocesartriana.com\/#\/schema\/person\/deecb92c18f2299a8c280aa4eabd1a03"},"headline":"S.O.S. por el desabastecimiento de agroinsumos","datePublished":"2022-05-11T14:59:12+00:00","dateModified":"2022-05-11T14:59:13+00:00","mainEntityOfPage":{"@id":"https:\/\/juliocesartriana.com\/index.php\/2022\/05\/11\/s-o-s-por-el-desabastecimiento-de-agroinsumos\/#webpage"},"wordCount":244,"commentCount":0,"publisher":{"@id":"https:\/\/juliocesartriana.com\/#organization"},"image":{"@id":"https:\/\/juliocesartriana.com\/index.php\/2022\/05\/11\/s-o-s-por-el-desabastecimiento-de-agroinsumos\/#primaryimage"},"thumbnailUrl":"https:\/\/juliocesartriana.com\/wp-content\/uploads\/2022\/05\/Foto.png","articleSection":["Gesti\u00f3n por el Huila"],"inLanguage":"es","potentialAction":[{"@type":"CommentAction","name":"Comment","target":["https:\/\/juliocesartriana.com\/index.php\/2022\/05\/11\/s-o-s-por-el-desabastecimiento-de-agroinsumos\/#respond"]}]},{"@type":"Person","@id":"https:\/\/juliocesartriana.com\/#\/schema\/person\/deecb92c18f2299a8c280aa4eabd1a03","name":"admin","image":{"@type":"ImageObject","@id":"https:\/\/juliocesartriana.com\/#personlogo","inLanguage":"es","url":"https:\/\/secure.gravatar.com\/avatar\/a796496fa1985f3a559e872a5db21305d7a391de67117abdfa8eb899c7bea95c?s=96&d=mm&r=g","contentUrl":"https:\/\/secure.gravatar.com\/avatar\/a796496fa1985f3a559e872a5db21305d7a391de67117abdfa8eb899c7bea95c?s=96&d=mm&r=g","caption":"admin"},"sameAs":["https:\/\/juliocesartriana.com"],"url":"https:\/\/juliocesartriana.com\/index.php\/author\/admin_dovqajq2\/"}]}},"_links":{"self":[{"href":"https:\/\/juliocesartriana.com\/index.php\/wp-json\/wp\/v2\/posts\/3738","targetHints":{"allow":["GET"]}}],"collection":[{"href":"https:\/\/juliocesartriana.com\/index.php\/wp-json\/wp\/v2\/posts"}],"about":[{"href":"https:\/\/juliocesartriana.com\/index.php\/wp-json\/wp\/v2\/types\/post"}],"author":[{"embeddable":true,"href":"https:\/\/juliocesartriana.com\/index.php\/wp-json\/wp\/v2\/users\/1"}],"replies":[{"embeddable":true,"href":"https:\/\/juliocesartriana.com\/index.php\/wp-json\/wp\/v2\/comments?post=3738"}],"version-history":[{"count":1,"href":"https:\/\/juliocesartriana.com\/index.php\/wp-json\/wp\/v2\/posts\/3738\/revisions"}],"predecessor-version":[{"id":3740,"href":"https:\/\/juliocesartriana.com\/index.php\/wp-json\/wp\/v2\/posts\/3738\/revisions\/3740"}],"wp:featuredmedia":[{"embeddable":true,"href":"https:\/\/juliocesartriana.com\/index.php\/wp-json\/wp\/v2\/media\/3739"}],"wp:attachment":[{"href":"https:\/\/juliocesartriana.com\/index.php\/wp-json\/wp\/v2\/media?parent=3738"}],"wp:term":[{"taxonomy":"category","embeddable":true,"href":"https:\/\/juliocesartriana.com\/index.php\/wp-json\/wp\/v2\/categories?post=3738"},{"taxonomy":"post_tag","embeddable":true,"href":"https:\/\/juliocesartriana.com\/index.php\/wp-json\/wp\/v2\/tags?post=3738"}],"curies":[{"name":"wp","href":"https:\/\/api.w.org\/{rel}","templated":true}]}}