{"id":3641,"date":"2022-03-28T19:09:14","date_gmt":"2022-03-28T19:09:14","guid":{"rendered":"https:\/\/juliocesartriana.com\/?p=3641"},"modified":"2022-04-12T20:33:47","modified_gmt":"2022-04-12T20:33:47","slug":"el-huila-nos-eligio-nuevamente-como-su-voz-en-el-congreso","status":"publish","type":"post","link":"https:\/\/juliocesartriana.com\/index.php\/2022\/03\/28\/el-huila-nos-eligio-nuevamente-como-su-voz-en-el-congreso\/","title":{"rendered":"El Huila nos eligi\u00f3 nuevamente como su Voz en el Congreso"},"content":{"rendered":"\n<p>M\u00e1s de 32 mil huilenses nos apoyaron en las elecciones legislativas de este 13 de marzo, como reconocimiento al trabajo que hemos venido realizando en el Congreso de la Rep\u00fablica.<\/p>\n\n\n\n<p>\u00ab<strong>Solo tengo palabras de agradecimiento. Mil gracias a todas las personas que depositaron su voto de confianza en este equipo<\/strong> <strong>que trabaj\u00f3 con amor, con transparencia, con dedicaci\u00f3n y con entrega<\/strong>\u201d, afirm\u00f3 el Representante&nbsp; Julio C\u00e9sar Triana, quien estar\u00e1 nuevamente en el Congreso para el periodo 2022 \u2013 2024.<\/p>\n\n\n\n<p>Triana ha sido reconocido por su trabajo permanente al lado de la comunidad. En sus cuatro a\u00f1os en el Congreso, ha sido el congresista que m\u00e1s visitas ha realizado a los municipios y corregimientos del Huila. Adem\u00e1s, su lucha defensa constante por el sector agr\u00edcola le permiti\u00f3 obtener el respaldo del gremio cafetero del departamento.<\/p>\n\n\n\n<p>Con el triunfo, el Representante a la C\u00e1mara, reafirm\u00f3 su compromiso con los votantes: \u201c<strong>Huilenses, hoy les digo desde lo m\u00e1s profundo de mi coraz\u00f3n que seguir\u00e9 trabajando sin cansancio por este departamento que amo con mi vida<\/strong>\u201d.<\/p>\n\n\n\n<p>Este 20 de julio Triana volver\u00e1 a posesionarse como Representante a la C\u00e1mara por el departamento del Huila con el aval del partido Cambio Radical.<\/p>\n","protected":false},"excerpt":{"rendered":"<p>M\u00e1s de 32 mil huilenses nos apoyaron en las elecciones legislativas de este 13 de marzo, como reconocimiento al trabajo que hemos venido realizando en el Congreso de la Rep\u00fablica. \u00abSolo tengo palabras de agradecimiento. Mil gracias a todas las personas que depositaron su voto de confianza en este equipo que trabaj\u00f3 con amor, con &hellip;<\/p>\n<p class=\"read-more\"> <a class=\"\" href=\"https:\/\/juliocesartriana.com\/index.php\/2022\/03\/28\/el-huila-nos-eligio-nuevamente-como-su-voz-en-el-congreso\/\"> <span class=\"screen-reader-text\">El Huila nos eligi\u00f3 nuevamente como su Voz en el Congreso<\/span> Leer m\u00e1s &raquo;<\/a><\/p>\n","protected":false},"author":1,"featured_media":3644,"comment_status":"open","ping_status":"open","sticky":false,"template":"","format":"standard","meta":{"ngg_post_thumbnail":0,"footnotes":""},"categories":[9],"tags":[],"class_list":["post-3641","post","type-post","status-publish","format-standard","has-post-thumbnail","hentry","category-prensa"],"yoast_head":"<!-- This site is optimized with the Yoast SEO plugin v18.5.1 - https:\/\/yoast.com\/wordpress\/plugins\/seo\/ -->\n<title>Julio C\u00e9sar Triana - Representante a la C\u00e1mara por el Huila<\/title>\n<meta name=\"robots\" content=\"index, follow, max-snippet:-1, max-image-preview:large, max-video-preview:-1\" \/>\n<link rel=\"canonical\" href=\"https:\/\/juliocesartriana.com\/index.php\/2022\/03\/28\/el-huila-nos-eligio-nuevamente-como-su-voz-en-el-congreso\/\" \/>\n<meta property=\"og:locale\" content=\"es_ES\" \/>\n<meta property=\"og:type\" content=\"article\" \/>\n<meta property=\"og:title\" content=\"Julio C\u00e9sar Triana - Representante a la C\u00e1mara por el Huila\" \/>\n<meta property=\"og:description\" content=\"M\u00e1s de 32 mil huilenses nos apoyaron en las elecciones legislativas de este 13 de marzo, como reconocimiento al trabajo que hemos venido realizando en el Congreso de la Rep\u00fablica. \u00abSolo tengo palabras de agradecimiento. Mil gracias a todas las personas que depositaron su voto de confianza en este equipo que trabaj\u00f3 con amor, con &hellip; El Huila nos eligi\u00f3 nuevamente como su Voz en el Congreso Leer m\u00e1s &raquo;\" \/>\n<meta property=\"og:url\" content=\"https:\/\/juliocesartriana.com\/index.php\/2022\/03\/28\/el-huila-nos-eligio-nuevamente-como-su-voz-en-el-congreso\/\" \/>\n<meta property=\"og:site_name\" content=\"Julio C\u00e9sar Triana - Representante a la C\u00e1mara por el Huila\" \/>\n<meta property=\"article:publisher\" content=\"https:\/\/www.facebook.com\/TrianaCongreso\/\" \/>\n<meta property=\"article:published_time\" content=\"2022-03-28T19:09:14+00:00\" \/>\n<meta property=\"article:modified_time\" content=\"2022-04-12T20:33:47+00:00\" \/>\n<meta property=\"og:image\" content=\"https:\/\/juliocesartriana.com\/wp-content\/uploads\/2022\/03\/GRACIAS-02-scaled.jpg\" \/>\n\t<meta property=\"og:image:width\" content=\"2560\" \/>\n\t<meta property=\"og:image:height\" content=\"1379\" \/>\n\t<meta property=\"og:image:type\" content=\"image\/jpeg\" \/>\n<meta name=\"twitter:card\" content=\"summary_large_image\" \/>\n<meta name=\"twitter:label1\" content=\"Escrito por\" \/>\n\t<meta name=\"twitter:data1\" content=\"admin\" \/>\n\t<meta name=\"twitter:label2\" content=\"Tiempo de lectura\" \/>\n\t<meta name=\"twitter:data2\" content=\"1 minuto\" \/>\n<script type=\"application\/ld+json\" class=\"yoast-schema-graph\">{\"@context\":\"https:\/\/schema.org\",\"@graph\":[{\"@type\":\"Organization\",\"@id\":\"https:\/\/juliocesartriana.com\/#organization\",\"name\":\"Julio C\u00e9sar Triana - Representante a la C\u00e1mara\",\"url\":\"https:\/\/juliocesartriana.com\/\",\"sameAs\":[\"https:\/\/www.facebook.com\/TrianaCongreso\/\",\"https:\/\/www.instagram.com\/trianacongreso\/\"],\"logo\":{\"@type\":\"ImageObject\",\"@id\":\"https:\/\/juliocesartriana.com\/#logo\",\"inLanguage\":\"es\",\"url\":\"https:\/\/juliocesartriana.com\/wp-content\/uploads\/2021\/03\/Salo\u0301n-eli\u0301ptico-presidiendo-1.jpeg\",\"contentUrl\":\"https:\/\/juliocesartriana.com\/wp-content\/uploads\/2021\/03\/Salo\u0301n-eli\u0301ptico-presidiendo-1.jpeg\",\"width\":1280,\"height\":853,\"caption\":\"Julio C\u00e9sar Triana - Representante a la C\u00e1mara\"},\"image\":{\"@id\":\"https:\/\/juliocesartriana.com\/#logo\"}},{\"@type\":\"WebSite\",\"@id\":\"https:\/\/juliocesartriana.com\/#website\",\"url\":\"https:\/\/juliocesartriana.com\/\",\"name\":\"Julio C\u00e9sar Triana - Representante a la C\u00e1mara por el Huila\",\"description\":\"Representante a la C\u00e1mara por el Departamento del Huila.\",\"publisher\":{\"@id\":\"https:\/\/juliocesartriana.com\/#organization\"},\"potentialAction\":[{\"@type\":\"SearchAction\",\"target\":{\"@type\":\"EntryPoint\",\"urlTemplate\":\"https:\/\/juliocesartriana.com\/?s={search_term_string}\"},\"query-input\":\"required name=search_term_string\"}],\"inLanguage\":\"es\"},{\"@type\":\"ImageObject\",\"@id\":\"https:\/\/juliocesartriana.com\/index.php\/2022\/03\/28\/el-huila-nos-eligio-nuevamente-como-su-voz-en-el-congreso\/#primaryimage\",\"inLanguage\":\"es\",\"url\":\"https:\/\/juliocesartriana.com\/wp-content\/uploads\/2022\/03\/GRACIAS-02-scaled.jpg\",\"contentUrl\":\"https:\/\/juliocesartriana.com\/wp-content\/uploads\/2022\/03\/GRACIAS-02-scaled.jpg\",\"width\":2560,\"height\":1379},{\"@type\":\"WebPage\",\"@id\":\"https:\/\/juliocesartriana.com\/index.php\/2022\/03\/28\/el-huila-nos-eligio-nuevamente-como-su-voz-en-el-congreso\/#webpage\",\"url\":\"https:\/\/juliocesartriana.com\/index.php\/2022\/03\/28\/el-huila-nos-eligio-nuevamente-como-su-voz-en-el-congreso\/\",\"name\":\"Julio C\u00e9sar Triana - Representante a la C\u00e1mara por el Huila\",\"isPartOf\":{\"@id\":\"https:\/\/juliocesartriana.com\/#website\"},\"primaryImageOfPage\":{\"@id\":\"https:\/\/juliocesartriana.com\/index.php\/2022\/03\/28\/el-huila-nos-eligio-nuevamente-como-su-voz-en-el-congreso\/#primaryimage\"},\"datePublished\":\"2022-03-28T19:09:14+00:00\",\"dateModified\":\"2022-04-12T20:33:47+00:00\",\"breadcrumb\":{\"@id\":\"https:\/\/juliocesartriana.com\/index.php\/2022\/03\/28\/el-huila-nos-eligio-nuevamente-como-su-voz-en-el-congreso\/#breadcrumb\"},\"inLanguage\":\"es\",\"potentialAction\":[{\"@type\":\"ReadAction\",\"target\":[\"https:\/\/juliocesartriana.com\/index.php\/2022\/03\/28\/el-huila-nos-eligio-nuevamente-como-su-voz-en-el-congreso\/\"]}]},{\"@type\":\"BreadcrumbList\",\"@id\":\"https:\/\/juliocesartriana.com\/index.php\/2022\/03\/28\/el-huila-nos-eligio-nuevamente-como-su-voz-en-el-congreso\/#breadcrumb\",\"itemListElement\":[{\"@type\":\"ListItem\",\"position\":1,\"name\":\"Portada\",\"item\":\"https:\/\/juliocesartriana.com\/\"},{\"@type\":\"ListItem\",\"position\":2,\"name\":\"El Huila nos eligi\u00f3 nuevamente como su Voz en el Congreso\"}]},{\"@type\":\"Article\",\"@id\":\"https:\/\/juliocesartriana.com\/index.php\/2022\/03\/28\/el-huila-nos-eligio-nuevamente-como-su-voz-en-el-congreso\/#article\",\"isPartOf\":{\"@id\":\"https:\/\/juliocesartriana.com\/index.php\/2022\/03\/28\/el-huila-nos-eligio-nuevamente-como-su-voz-en-el-congreso\/#webpage\"},\"author\":{\"@id\":\"https:\/\/juliocesartriana.com\/#\/schema\/person\/deecb92c18f2299a8c280aa4eabd1a03\"},\"headline\":\"El Huila nos eligi\u00f3 nuevamente como su Voz en el Congreso\",\"datePublished\":\"2022-03-28T19:09:14+00:00\",\"dateModified\":\"2022-04-12T20:33:47+00:00\",\"mainEntityOfPage\":{\"@id\":\"https:\/\/juliocesartriana.com\/index.php\/2022\/03\/28\/el-huila-nos-eligio-nuevamente-como-su-voz-en-el-congreso\/#webpage\"},\"wordCount\":215,\"commentCount\":0,\"publisher\":{\"@id\":\"https:\/\/juliocesartriana.com\/#organization\"},\"image\":{\"@id\":\"https:\/\/juliocesartriana.com\/index.php\/2022\/03\/28\/el-huila-nos-eligio-nuevamente-como-su-voz-en-el-congreso\/#primaryimage\"},\"thumbnailUrl\":\"https:\/\/juliocesartriana.com\/wp-content\/uploads\/2022\/03\/GRACIAS-02-scaled.jpg\",\"articleSection\":[\"Prensa\"],\"inLanguage\":\"es\",\"potentialAction\":[{\"@type\":\"CommentAction\",\"name\":\"Comment\",\"target\":[\"https:\/\/juliocesartriana.com\/index.php\/2022\/03\/28\/el-huila-nos-eligio-nuevamente-como-su-voz-en-el-congreso\/#respond\"]}]},{\"@type\":\"Person\",\"@id\":\"https:\/\/juliocesartriana.com\/#\/schema\/person\/deecb92c18f2299a8c280aa4eabd1a03\",\"name\":\"admin\",\"image\":{\"@type\":\"ImageObject\",\"@id\":\"https:\/\/juliocesartriana.com\/#personlogo\",\"inLanguage\":\"es\",\"url\":\"https:\/\/secure.gravatar.com\/avatar\/a796496fa1985f3a559e872a5db21305d7a391de67117abdfa8eb899c7bea95c?s=96&d=mm&r=g\",\"contentUrl\":\"https:\/\/secure.gravatar.com\/avatar\/a796496fa1985f3a559e872a5db21305d7a391de67117abdfa8eb899c7bea95c?s=96&d=mm&r=g\",\"caption\":\"admin\"},\"sameAs\":[\"https:\/\/juliocesartriana.com\"],\"url\":\"https:\/\/juliocesartriana.com\/index.php\/author\/admin_dovqajq2\/\"}]}<\/script>\n<!-- \/ Yoast SEO plugin. -->","yoast_head_json":{"title":"Julio C\u00e9sar Triana - Representante a la C\u00e1mara por el Huila","robots":{"index":"index","follow":"follow","max-snippet":"max-snippet:-1","max-image-preview":"max-image-preview:large","max-video-preview":"max-video-preview:-1"},"canonical":"https:\/\/juliocesartriana.com\/index.php\/2022\/03\/28\/el-huila-nos-eligio-nuevamente-como-su-voz-en-el-congreso\/","og_locale":"es_ES","og_type":"article","og_title":"Julio C\u00e9sar Triana - Representante a la C\u00e1mara por el Huila","og_description":"M\u00e1s de 32 mil huilenses nos apoyaron en las elecciones legislativas de este 13 de marzo, como reconocimiento al trabajo que hemos venido realizando en el Congreso de la Rep\u00fablica. \u00abSolo tengo palabras de agradecimiento. Mil gracias a todas las personas que depositaron su voto de confianza en este equipo que trabaj\u00f3 con amor, con &hellip; El Huila nos eligi\u00f3 nuevamente como su Voz en el Congreso Leer m\u00e1s &raquo;","og_url":"https:\/\/juliocesartriana.com\/index.php\/2022\/03\/28\/el-huila-nos-eligio-nuevamente-como-su-voz-en-el-congreso\/","og_site_name":"Julio C\u00e9sar Triana - Representante a la C\u00e1mara por el Huila","article_publisher":"https:\/\/www.facebook.com\/TrianaCongreso\/","article_published_time":"2022-03-28T19:09:14+00:00","article_modified_time":"2022-04-12T20:33:47+00:00","og_image":[{"width":2560,"height":1379,"url":"https:\/\/juliocesartriana.com\/wp-content\/uploads\/2022\/03\/GRACIAS-02-scaled.jpg","type":"image\/jpeg"}],"twitter_card":"summary_large_image","twitter_misc":{"Escrito por":"admin","Tiempo de lectura":"1 minuto"},"schema":{"@context":"https:\/\/schema.org","@graph":[{"@type":"Organization","@id":"https:\/\/juliocesartriana.com\/#organization","name":"Julio C\u00e9sar Triana - Representante a la C\u00e1mara","url":"https:\/\/juliocesartriana.com\/","sameAs":["https:\/\/www.facebook.com\/TrianaCongreso\/","https:\/\/www.instagram.com\/trianacongreso\/"],"logo":{"@type":"ImageObject","@id":"https:\/\/juliocesartriana.com\/#logo","inLanguage":"es","url":"https:\/\/juliocesartriana.com\/wp-content\/uploads\/2021\/03\/Salo\u0301n-eli\u0301ptico-presidiendo-1.jpeg","contentUrl":"https:\/\/juliocesartriana.com\/wp-content\/uploads\/2021\/03\/Salo\u0301n-eli\u0301ptico-presidiendo-1.jpeg","width":1280,"height":853,"caption":"Julio C\u00e9sar Triana - Representante a la C\u00e1mara"},"image":{"@id":"https:\/\/juliocesartriana.com\/#logo"}},{"@type":"WebSite","@id":"https:\/\/juliocesartriana.com\/#website","url":"https:\/\/juliocesartriana.com\/","name":"Julio C\u00e9sar Triana - Representante a la C\u00e1mara por el Huila","description":"Representante a la C\u00e1mara por el Departamento del Huila.","publisher":{"@id":"https:\/\/juliocesartriana.com\/#organization"},"potentialAction":[{"@type":"SearchAction","target":{"@type":"EntryPoint","urlTemplate":"https:\/\/juliocesartriana.com\/?s={search_term_string}"},"query-input":"required name=search_term_string"}],"inLanguage":"es"},{"@type":"ImageObject","@id":"https:\/\/juliocesartriana.com\/index.php\/2022\/03\/28\/el-huila-nos-eligio-nuevamente-como-su-voz-en-el-congreso\/#primaryimage","inLanguage":"es","url":"https:\/\/juliocesartriana.com\/wp-content\/uploads\/2022\/03\/GRACIAS-02-scaled.jpg","contentUrl":"https:\/\/juliocesartriana.com\/wp-content\/uploads\/2022\/03\/GRACIAS-02-scaled.jpg","width":2560,"height":1379},{"@type":"WebPage","@id":"https:\/\/juliocesartriana.com\/index.php\/2022\/03\/28\/el-huila-nos-eligio-nuevamente-como-su-voz-en-el-congreso\/#webpage","url":"https:\/\/juliocesartriana.com\/index.php\/2022\/03\/28\/el-huila-nos-eligio-nuevamente-como-su-voz-en-el-congreso\/","name":"Julio C\u00e9sar Triana - Representante a la C\u00e1mara por el Huila","isPartOf":{"@id":"https:\/\/juliocesartriana.com\/#website"},"primaryImageOfPage":{"@id":"https:\/\/juliocesartriana.com\/index.php\/2022\/03\/28\/el-huila-nos-eligio-nuevamente-como-su-voz-en-el-congreso\/#primaryimage"},"datePublished":"2022-03-28T19:09:14+00:00","dateModified":"2022-04-12T20:33:47+00:00","breadcrumb":{"@id":"https:\/\/juliocesartriana.com\/index.php\/2022\/03\/28\/el-huila-nos-eligio-nuevamente-como-su-voz-en-el-congreso\/#breadcrumb"},"inLanguage":"es","potentialAction":[{"@type":"ReadAction","target":["https:\/\/juliocesartriana.com\/index.php\/2022\/03\/28\/el-huila-nos-eligio-nuevamente-como-su-voz-en-el-congreso\/"]}]},{"@type":"BreadcrumbList","@id":"https:\/\/juliocesartriana.com\/index.php\/2022\/03\/28\/el-huila-nos-eligio-nuevamente-como-su-voz-en-el-congreso\/#breadcrumb","itemListElement":[{"@type":"ListItem","position":1,"name":"Portada","item":"https:\/\/juliocesartriana.com\/"},{"@type":"ListItem","position":2,"name":"El Huila nos eligi\u00f3 nuevamente como su Voz en el Congreso"}]},{"@type":"Article","@id":"https:\/\/juliocesartriana.com\/index.php\/2022\/03\/28\/el-huila-nos-eligio-nuevamente-como-su-voz-en-el-congreso\/#article","isPartOf":{"@id":"https:\/\/juliocesartriana.com\/index.php\/2022\/03\/28\/el-huila-nos-eligio-nuevamente-como-su-voz-en-el-congreso\/#webpage"},"author":{"@id":"https:\/\/juliocesartriana.com\/#\/schema\/person\/deecb92c18f2299a8c280aa4eabd1a03"},"headline":"El Huila nos eligi\u00f3 nuevamente como su Voz en el Congreso","datePublished":"2022-03-28T19:09:14+00:00","dateModified":"2022-04-12T20:33:47+00:00","mainEntityOfPage":{"@id":"https:\/\/juliocesartriana.com\/index.php\/2022\/03\/28\/el-huila-nos-eligio-nuevamente-como-su-voz-en-el-congreso\/#webpage"},"wordCount":215,"commentCount":0,"publisher":{"@id":"https:\/\/juliocesartriana.com\/#organization"},"image":{"@id":"https:\/\/juliocesartriana.com\/index.php\/2022\/03\/28\/el-huila-nos-eligio-nuevamente-como-su-voz-en-el-congreso\/#primaryimage"},"thumbnailUrl":"https:\/\/juliocesartriana.com\/wp-content\/uploads\/2022\/03\/GRACIAS-02-scaled.jpg","articleSection":["Prensa"],"inLanguage":"es","potentialAction":[{"@type":"CommentAction","name":"Comment","target":["https:\/\/juliocesartriana.com\/index.php\/2022\/03\/28\/el-huila-nos-eligio-nuevamente-como-su-voz-en-el-congreso\/#respond"]}]},{"@type":"Person","@id":"https:\/\/juliocesartriana.com\/#\/schema\/person\/deecb92c18f2299a8c280aa4eabd1a03","name":"admin","image":{"@type":"ImageObject","@id":"https:\/\/juliocesartriana.com\/#personlogo","inLanguage":"es","url":"https:\/\/secure.gravatar.com\/avatar\/a796496fa1985f3a559e872a5db21305d7a391de67117abdfa8eb899c7bea95c?s=96&d=mm&r=g","contentUrl":"https:\/\/secure.gravatar.com\/avatar\/a796496fa1985f3a559e872a5db21305d7a391de67117abdfa8eb899c7bea95c?s=96&d=mm&r=g","caption":"admin"},"sameAs":["https:\/\/juliocesartriana.com"],"url":"https:\/\/juliocesartriana.com\/index.php\/author\/admin_dovqajq2\/"}]}},"_links":{"self":[{"href":"https:\/\/juliocesartriana.com\/index.php\/wp-json\/wp\/v2\/posts\/3641","targetHints":{"allow":["GET"]}}],"collection":[{"href":"https:\/\/juliocesartriana.com\/index.php\/wp-json\/wp\/v2\/posts"}],"about":[{"href":"https:\/\/juliocesartriana.com\/index.php\/wp-json\/wp\/v2\/types\/post"}],"author":[{"embeddable":true,"href":"https:\/\/juliocesartriana.com\/index.php\/wp-json\/wp\/v2\/users\/1"}],"replies":[{"embeddable":true,"href":"https:\/\/juliocesartriana.com\/index.php\/wp-json\/wp\/v2\/comments?post=3641"}],"version-history":[{"count":3,"href":"https:\/\/juliocesartriana.com\/index.php\/wp-json\/wp\/v2\/posts\/3641\/revisions"}],"predecessor-version":[{"id":3730,"href":"https:\/\/juliocesartriana.com\/index.php\/wp-json\/wp\/v2\/posts\/3641\/revisions\/3730"}],"wp:featuredmedia":[{"embeddable":true,"href":"https:\/\/juliocesartriana.com\/index.php\/wp-json\/wp\/v2\/media\/3644"}],"wp:attachment":[{"href":"https:\/\/juliocesartriana.com\/index.php\/wp-json\/wp\/v2\/media?parent=3641"}],"wp:term":[{"taxonomy":"category","embeddable":true,"href":"https:\/\/juliocesartriana.com\/index.php\/wp-json\/wp\/v2\/categories?post=3641"},{"taxonomy":"post_tag","embeddable":true,"href":"https:\/\/juliocesartriana.com\/index.php\/wp-json\/wp\/v2\/tags?post=3641"}],"curies":[{"name":"wp","href":"https:\/\/api.w.org\/{rel}","templated":true}]}}