{"id":3583,"date":"2022-01-25T21:22:55","date_gmt":"2022-01-25T21:22:55","guid":{"rendered":"https:\/\/juliocesartriana.com\/?p=3583"},"modified":"2022-01-26T00:11:26","modified_gmt":"2022-01-26T00:11:26","slug":"sigue-creciendo-el-equipo-de-la-voz-del-huila","status":"publish","type":"post","link":"https:\/\/juliocesartriana.com\/index.php\/2022\/01\/25\/sigue-creciendo-el-equipo-de-la-voz-del-huila\/","title":{"rendered":"Sigue creciendo el equipo de la voz del Huila"},"content":{"rendered":"\t\t<div data-elementor-type=\"wp-post\" data-elementor-id=\"3583\" class=\"elementor elementor-3583\" data-elementor-settings=\"[]\">\n\t\t\t\t\t\t<div class=\"elementor-inner\">\n\t\t\t\t\t\t\t<div class=\"elementor-section-wrap\">\n\t\t\t\t\t\t\t<section class=\"elementor-section elementor-top-section elementor-element elementor-element-64c09acd elementor-section-boxed elementor-section-height-default elementor-section-height-default\" data-id=\"64c09acd\" data-element_type=\"section\">\n\t\t\t\t\t\t<div class=\"elementor-container elementor-column-gap-default\">\n\t\t\t\t\t\t\t<div class=\"elementor-row\">\n\t\t\t\t\t<div class=\"elementor-column elementor-col-100 elementor-top-column elementor-element elementor-element-3fb5a46a\" data-id=\"3fb5a46a\" data-element_type=\"column\">\n\t\t\t<div class=\"elementor-column-wrap elementor-element-populated\">\n\t\t\t\t\t\t\t<div class=\"elementor-widget-wrap\">\n\t\t\t\t\t\t<div class=\"elementor-element elementor-element-4d67bbd1 elementor-widget elementor-widget-text-editor\" data-id=\"4d67bbd1\" data-element_type=\"widget\" data-widget_type=\"text-editor.default\">\n\t\t\t\t<div class=\"elementor-widget-container\">\n\t\t\t\t\t\t\t\t<div class=\"elementor-text-editor elementor-clearfix\">\n\t\t\t\t<!-- wp:paragraph -->\n<p>El Centro Y Norte Del Huila Se Unen Al Equipo Ganador<\/p>\n<!-- \/wp:paragraph -->\n\n<!-- wp:paragraph -->\n<p>Este fin de semana nuestro recorrido empez\u00f3 en \u2018La Capital Arrocera\u2019 del departamento del Huila, en el municipio de Campoalegre, donde tuvimos la oportunidad de compartir en diferentes reuniones con la ciudadan\u00eda, a quien le contamos sobre el trabajo constante que hemos realizado desde el Congreso de la Rep\u00fablica por el sector cafetero. Tambi\u00e9n hablamos de las denuncias que realizamos sobre el alto costo de los agroinsumos y sobre nuestra persistente lucha por sector agr\u00edcola, en la que logramos gestionar el Fondo de Estabilizaci\u00f3n del Precio del Caf\u00e9.<\/p>\n<!-- \/wp:paragraph -->\n\n<!-- wp:paragraph -->\n<p>El s\u00e1bado nuestra agenda nos llev\u00f3 al municipio de Rivera, all\u00ed nos reunimos con la Asociaci\u00f3n Cacaotera del departamento, quienes nos explicaron la importancia que est\u00e1 tomando el sector del cacao, siendo el Huila el cuarto productor a nivel Nacional.<\/p>\n<!-- \/wp:paragraph -->\n\n<!-- wp:paragraph -->\n<p>Luego de este encuentro, continuamos nuestro recorrido en el municipio de Hobo, donde al ritmo de papayera y con un masivo recibimiento pudimos dirigirnos a la comunidad para ratificar nuestro compromiso de seguir trabajando por el departamento. \u201cAgradecemos a los miles de ciudadanos que salieron a las calles a respaldarnos y mostrarnos todo su apoyo, tanto a nosotros como al Doctor Carlos Julio Gonzales Villa, el equipo ganador\u201d.<\/p>\n<!-- \/wp:paragraph -->\n\n<!-- wp:paragraph -->\n<p>El domingo, tuvimos la oportunidad de visitar la vereda de Mesitas y el corregimiento San Joaqu\u00edn, en el municipio de Santa Mar\u00eda, para dialogar con la comunidad y reiterar nuestra intenci\u00f3n de trabajar en la articulaci\u00f3n de esfuerzos para que la v\u00eda que comunica a los municipios de Santa Mar\u00eda y Palermo pueda tener los ojos de inversi\u00f3n del Gobierno Nacional.<\/p>\n<!-- \/wp:paragraph -->\n\n<!-- wp:paragraph -->\n<p>Finalizamos nuestro recorrido en el municipio de Palermo, donde la comunidad nos abri\u00f3 las puertas de sus hogares para compartir tanto nuestra labor y gesti\u00f3n como nuestro prop\u00f3sito de llegar a la C\u00e1mara de Representantes.<\/p>\n<!-- \/wp:paragraph -->\n\n<!-- wp:paragraph -->\n<p>Seguiremos visitando nuestras comunidades, est\u00e1 siempre ha sido una de nuestras prioridades, recordemos que hasta el momento hemos realizado m\u00e1s de 250 visitas, 89 de ellas tan solo en el primer a\u00f1o.<\/p>\n<!-- \/wp:paragraph -->\t\t\t\t\t<\/div>\n\t\t\t\t\t\t<\/div>\n\t\t\t\t<\/div>\n\t\t\t\t\t\t<\/div>\n\t\t\t\t\t<\/div>\n\t\t<\/div>\n\t\t\t\t\t\t\t\t<\/div>\n\t\t\t\t\t<\/div>\n\t\t<\/section>\n\t\t\t\t<section class=\"elementor-section elementor-top-section elementor-element elementor-element-b692298 elementor-section-boxed elementor-section-height-default elementor-section-height-default\" data-id=\"b692298\" data-element_type=\"section\">\n\t\t\t\t\t\t<div class=\"elementor-container elementor-column-gap-default\">\n\t\t\t\t\t\t\t<div class=\"elementor-row\">\n\t\t\t\t\t<div class=\"elementor-column elementor-col-100 elementor-top-column elementor-element elementor-element-a817214\" data-id=\"a817214\" data-element_type=\"column\">\n\t\t\t<div class=\"elementor-column-wrap elementor-element-populated\">\n\t\t\t\t\t\t\t<div class=\"elementor-widget-wrap\">\n\t\t\t\t\t\t<div class=\"elementor-element elementor-element-1b622a0 elementor-widget elementor-widget-gallery\" data-id=\"1b622a0\" data-element_type=\"widget\" data-settings=\"{&quot;columns&quot;:3,&quot;lazyload&quot;:&quot;yes&quot;,&quot;gallery_layout&quot;:&quot;grid&quot;,&quot;columns_tablet&quot;:2,&quot;columns_mobile&quot;:1,&quot;gap&quot;:{&quot;unit&quot;:&quot;px&quot;,&quot;size&quot;:10,&quot;sizes&quot;:[]},&quot;gap_tablet&quot;:{&quot;unit&quot;:&quot;px&quot;,&quot;size&quot;:10,&quot;sizes&quot;:[]},&quot;gap_mobile&quot;:{&quot;unit&quot;:&quot;px&quot;,&quot;size&quot;:10,&quot;sizes&quot;:[]},&quot;link_to&quot;:&quot;file&quot;,&quot;aspect_ratio&quot;:&quot;3:2&quot;,&quot;overlay_background&quot;:&quot;yes&quot;,&quot;content_hover_animation&quot;:&quot;fade-in&quot;}\" data-widget_type=\"gallery.default\">\n\t\t\t\t<div class=\"elementor-widget-container\">\n\t\t\t\t\t<div class=\"elementor-gallery__container\">\n\t\t\t\t\t\t\t<a class=\"e-gallery-item elementor-gallery-item elementor-animated-content\" href=\"https:\/\/juliocesartriana.com\/wp-content\/uploads\/2021\/03\/6D655982-0B84-4F56-8235-1110EFA0572E-scaled.jpg\" data-elementor-open-lightbox=\"yes\" data-elementor-lightbox-slideshow=\"all-1b622a0\" data-elementor-lightbox-title=\"6D655982-0B84-4F56-8235-1110EFA0572E\">\n\t\t\t\t\t<div class=\"e-gallery-image elementor-gallery-item__image\" data-thumbnail=\"https:\/\/juliocesartriana.com\/wp-content\/uploads\/2021\/03\/6D655982-0B84-4F56-8235-1110EFA0572E-300x225.jpg\" data-width=\"300\" data-height=\"225\" alt=\"\" ><\/div>\n\t\t\t\t\t\t\t\t\t\t<div class=\"elementor-gallery-item__overlay\"><\/div>\n\t\t\t\t\t\t\t\t\t\t\t\t\t\t<\/a>\n\t\t\t\t\t\t\t<a class=\"e-gallery-item elementor-gallery-item elementor-animated-content\" href=\"https:\/\/juliocesartriana.com\/wp-content\/uploads\/2021\/03\/006EDBBE-178C-40C4-A001-CBBA266FF34E-1-scaled.jpg\" data-elementor-open-lightbox=\"yes\" data-elementor-lightbox-slideshow=\"all-1b622a0\" data-elementor-lightbox-title=\"006EDBBE-178C-40C4-A001-CBBA266FF34E (1)\">\n\t\t\t\t\t<div class=\"e-gallery-image elementor-gallery-item__image\" data-thumbnail=\"https:\/\/juliocesartriana.com\/wp-content\/uploads\/2021\/03\/006EDBBE-178C-40C4-A001-CBBA266FF34E-1-300x168.jpg\" data-width=\"300\" data-height=\"168\" alt=\"\" ><\/div>\n\t\t\t\t\t\t\t\t\t\t<div class=\"elementor-gallery-item__overlay\"><\/div>\n\t\t\t\t\t\t\t\t\t\t\t\t\t\t<\/a>\n\t\t\t\t\t\t\t<a class=\"e-gallery-item elementor-gallery-item elementor-animated-content\" href=\"https:\/\/juliocesartriana.com\/wp-content\/uploads\/2021\/03\/272EDC7A-BE7C-4382-AFDF-2EB4618FF66A-scaled.jpg\" data-elementor-open-lightbox=\"yes\" data-elementor-lightbox-slideshow=\"all-1b622a0\" data-elementor-lightbox-title=\"272EDC7A-BE7C-4382-AFDF-2EB4618FF66A\">\n\t\t\t\t\t<div class=\"e-gallery-image elementor-gallery-item__image\" data-thumbnail=\"https:\/\/juliocesartriana.com\/wp-content\/uploads\/2021\/03\/272EDC7A-BE7C-4382-AFDF-2EB4618FF66A-300x225.jpg\" data-width=\"300\" data-height=\"225\" alt=\"\" ><\/div>\n\t\t\t\t\t\t\t\t\t\t<div class=\"elementor-gallery-item__overlay\"><\/div>\n\t\t\t\t\t\t\t\t\t\t\t\t\t\t<\/a>\n\t\t\t\t\t\t\t<a class=\"e-gallery-item elementor-gallery-item elementor-animated-content\" href=\"https:\/\/juliocesartriana.com\/wp-content\/uploads\/2021\/03\/18827C7A-1203-44D1-AFE1-463AF0E76731-scaled.jpg\" data-elementor-open-lightbox=\"yes\" data-elementor-lightbox-slideshow=\"all-1b622a0\" data-elementor-lightbox-title=\"18827C7A-1203-44D1-AFE1-463AF0E76731\">\n\t\t\t\t\t<div class=\"e-gallery-image elementor-gallery-item__image\" data-thumbnail=\"https:\/\/juliocesartriana.com\/wp-content\/uploads\/2021\/03\/18827C7A-1203-44D1-AFE1-463AF0E76731-300x187.jpg\" data-width=\"300\" data-height=\"187\" alt=\"\" ><\/div>\n\t\t\t\t\t\t\t\t\t\t<div class=\"elementor-gallery-item__overlay\"><\/div>\n\t\t\t\t\t\t\t\t\t\t\t\t\t\t<\/a>\n\t\t\t\t\t\t\t<a class=\"e-gallery-item elementor-gallery-item elementor-animated-content\" href=\"https:\/\/juliocesartriana.com\/wp-content\/uploads\/2021\/03\/B191E3CC-131A-45E8-9769-FD1B7E2A659F-scaled.jpg\" data-elementor-open-lightbox=\"yes\" data-elementor-lightbox-slideshow=\"all-1b622a0\" data-elementor-lightbox-title=\"B191E3CC-131A-45E8-9769-FD1B7E2A659F\">\n\t\t\t\t\t<div class=\"e-gallery-image elementor-gallery-item__image\" data-thumbnail=\"https:\/\/juliocesartriana.com\/wp-content\/uploads\/2021\/03\/B191E3CC-131A-45E8-9769-FD1B7E2A659F-300x188.jpg\" data-width=\"300\" data-height=\"188\" alt=\"\" ><\/div>\n\t\t\t\t\t\t\t\t\t\t<div class=\"elementor-gallery-item__overlay\"><\/div>\n\t\t\t\t\t\t\t\t\t\t\t\t\t\t<\/a>\n\t\t\t\t\t\t\t<a class=\"e-gallery-item elementor-gallery-item elementor-animated-content\" href=\"https:\/\/juliocesartriana.com\/wp-content\/uploads\/2021\/03\/BA1AE827-53CB-4893-A3E8-D0EFF860E1DD-scaled.jpg\" data-elementor-open-lightbox=\"yes\" data-elementor-lightbox-slideshow=\"all-1b622a0\" data-elementor-lightbox-title=\"BA1AE827-53CB-4893-A3E8-D0EFF860E1DD\">\n\t\t\t\t\t<div class=\"e-gallery-image elementor-gallery-item__image\" data-thumbnail=\"https:\/\/juliocesartriana.com\/wp-content\/uploads\/2021\/03\/BA1AE827-53CB-4893-A3E8-D0EFF860E1DD-300x225.jpg\" data-width=\"300\" data-height=\"225\" alt=\"\" ><\/div>\n\t\t\t\t\t\t\t\t\t\t<div class=\"elementor-gallery-item__overlay\"><\/div>\n\t\t\t\t\t\t\t\t\t\t\t\t\t\t<\/a>\n\t\t\t\t\t<\/div>\n\t\t\t<\/div>\n\t\t\t\t<\/div>\n\t\t\t\t\t\t<\/div>\n\t\t\t\t\t<\/div>\n\t\t<\/div>\n\t\t\t\t\t\t\t\t<\/div>\n\t\t\t\t\t<\/div>\n\t\t<\/section>\n\t\t\t\t\t\t<\/div>\n\t\t\t\t\t\t<\/div>\n\t\t\t\t\t<\/div>\n\t\t","protected":false},"excerpt":{"rendered":"<p>El Centro Y Norte Del Huila Se Unen Al Equipo Ganador Este fin de semana nuestro recorrido empez\u00f3 en \u2018La Capital Arrocera\u2019 del departamento del Huila, en el municipio de Campoalegre, donde tuvimos la oportunidad de compartir en diferentes reuniones con la ciudadan\u00eda, a quien le contamos sobre el trabajo constante que hemos realizado desde &hellip;<\/p>\n<p class=\"read-more\"> <a class=\"\" href=\"https:\/\/juliocesartriana.com\/index.php\/2022\/01\/25\/sigue-creciendo-el-equipo-de-la-voz-del-huila\/\"> <span class=\"screen-reader-text\">Sigue creciendo el equipo de la voz del Huila<\/span> Leer m\u00e1s &raquo;<\/a><\/p>\n","protected":false},"author":1,"featured_media":3588,"comment_status":"open","ping_status":"open","sticky":false,"template":"","format":"standard","meta":{"ngg_post_thumbnail":0,"footnotes":""},"categories":[9,1],"tags":[],"class_list":["post-3583","post","type-post","status-publish","format-standard","has-post-thumbnail","hentry","category-prensa","category-uncategorized"],"yoast_head":"<!-- This site is optimized with the Yoast SEO plugin v18.5.1 - https:\/\/yoast.com\/wordpress\/plugins\/seo\/ -->\n<title>Julio C\u00e9sar Triana - Representante a la C\u00e1mara por el Huila<\/title>\n<meta name=\"robots\" content=\"index, follow, max-snippet:-1, max-image-preview:large, max-video-preview:-1\" \/>\n<link rel=\"canonical\" href=\"https:\/\/juliocesartriana.com\/index.php\/2022\/01\/25\/sigue-creciendo-el-equipo-de-la-voz-del-huila\/\" \/>\n<meta property=\"og:locale\" content=\"es_ES\" \/>\n<meta property=\"og:type\" content=\"article\" \/>\n<meta property=\"og:title\" content=\"Julio C\u00e9sar Triana - Representante a la C\u00e1mara por el Huila\" \/>\n<meta property=\"og:description\" content=\"El Centro Y Norte Del Huila Se Unen Al Equipo Ganador Este fin de semana nuestro recorrido empez\u00f3 en \u2018La Capital Arrocera\u2019 del departamento del Huila, en el municipio de Campoalegre, donde tuvimos la oportunidad de compartir en diferentes reuniones con la ciudadan\u00eda, a quien le contamos sobre el trabajo constante que hemos realizado desde &hellip; Sigue creciendo el equipo de la voz del Huila Leer m\u00e1s &raquo;\" \/>\n<meta property=\"og:url\" content=\"https:\/\/juliocesartriana.com\/index.php\/2022\/01\/25\/sigue-creciendo-el-equipo-de-la-voz-del-huila\/\" \/>\n<meta property=\"og:site_name\" content=\"Julio C\u00e9sar Triana - Representante a la C\u00e1mara por el Huila\" \/>\n<meta property=\"article:publisher\" content=\"https:\/\/www.facebook.com\/TrianaCongreso\/\" \/>\n<meta property=\"article:published_time\" content=\"2022-01-25T21:22:55+00:00\" \/>\n<meta property=\"article:modified_time\" content=\"2022-01-26T00:11:26+00:00\" \/>\n<meta property=\"og:image\" content=\"https:\/\/juliocesartriana.com\/wp-content\/uploads\/2022\/01\/006EDBBE-178C-40C4-A001-CBBA266FF34E-1-scaled.jpg\" \/>\n\t<meta property=\"og:image:width\" content=\"2560\" \/>\n\t<meta property=\"og:image:height\" content=\"1437\" \/>\n\t<meta property=\"og:image:type\" content=\"image\/jpeg\" \/>\n<meta name=\"twitter:card\" content=\"summary_large_image\" \/>\n<meta name=\"twitter:label1\" content=\"Escrito por\" \/>\n\t<meta name=\"twitter:data1\" content=\"admin\" \/>\n\t<meta name=\"twitter:label2\" content=\"Tiempo de lectura\" \/>\n\t<meta name=\"twitter:data2\" content=\"2 minutos\" \/>\n<script type=\"application\/ld+json\" class=\"yoast-schema-graph\">{\"@context\":\"https:\/\/schema.org\",\"@graph\":[{\"@type\":\"Organization\",\"@id\":\"https:\/\/juliocesartriana.com\/#organization\",\"name\":\"Julio C\u00e9sar Triana - Representante a la C\u00e1mara\",\"url\":\"https:\/\/juliocesartriana.com\/\",\"sameAs\":[\"https:\/\/www.facebook.com\/TrianaCongreso\/\",\"https:\/\/www.instagram.com\/trianacongreso\/\"],\"logo\":{\"@type\":\"ImageObject\",\"@id\":\"https:\/\/juliocesartriana.com\/#logo\",\"inLanguage\":\"es\",\"url\":\"https:\/\/juliocesartriana.com\/wp-content\/uploads\/2021\/03\/Salo\u0301n-eli\u0301ptico-presidiendo-1.jpeg\",\"contentUrl\":\"https:\/\/juliocesartriana.com\/wp-content\/uploads\/2021\/03\/Salo\u0301n-eli\u0301ptico-presidiendo-1.jpeg\",\"width\":1280,\"height\":853,\"caption\":\"Julio C\u00e9sar Triana - Representante a la C\u00e1mara\"},\"image\":{\"@id\":\"https:\/\/juliocesartriana.com\/#logo\"}},{\"@type\":\"WebSite\",\"@id\":\"https:\/\/juliocesartriana.com\/#website\",\"url\":\"https:\/\/juliocesartriana.com\/\",\"name\":\"Julio C\u00e9sar Triana - Representante a la C\u00e1mara por el Huila\",\"description\":\"Representante a la C\u00e1mara por el Departamento del Huila.\",\"publisher\":{\"@id\":\"https:\/\/juliocesartriana.com\/#organization\"},\"potentialAction\":[{\"@type\":\"SearchAction\",\"target\":{\"@type\":\"EntryPoint\",\"urlTemplate\":\"https:\/\/juliocesartriana.com\/?s={search_term_string}\"},\"query-input\":\"required name=search_term_string\"}],\"inLanguage\":\"es\"},{\"@type\":\"ImageObject\",\"@id\":\"https:\/\/juliocesartriana.com\/index.php\/2022\/01\/25\/sigue-creciendo-el-equipo-de-la-voz-del-huila\/#primaryimage\",\"inLanguage\":\"es\",\"url\":\"https:\/\/juliocesartriana.com\/wp-content\/uploads\/2022\/01\/006EDBBE-178C-40C4-A001-CBBA266FF34E-1-scaled.jpg\",\"contentUrl\":\"https:\/\/juliocesartriana.com\/wp-content\/uploads\/2022\/01\/006EDBBE-178C-40C4-A001-CBBA266FF34E-1-scaled.jpg\",\"width\":2560,\"height\":1437},{\"@type\":\"WebPage\",\"@id\":\"https:\/\/juliocesartriana.com\/index.php\/2022\/01\/25\/sigue-creciendo-el-equipo-de-la-voz-del-huila\/#webpage\",\"url\":\"https:\/\/juliocesartriana.com\/index.php\/2022\/01\/25\/sigue-creciendo-el-equipo-de-la-voz-del-huila\/\",\"name\":\"Julio C\u00e9sar Triana - Representante a la C\u00e1mara por el Huila\",\"isPartOf\":{\"@id\":\"https:\/\/juliocesartriana.com\/#website\"},\"primaryImageOfPage\":{\"@id\":\"https:\/\/juliocesartriana.com\/index.php\/2022\/01\/25\/sigue-creciendo-el-equipo-de-la-voz-del-huila\/#primaryimage\"},\"datePublished\":\"2022-01-25T21:22:55+00:00\",\"dateModified\":\"2022-01-26T00:11:26+00:00\",\"breadcrumb\":{\"@id\":\"https:\/\/juliocesartriana.com\/index.php\/2022\/01\/25\/sigue-creciendo-el-equipo-de-la-voz-del-huila\/#breadcrumb\"},\"inLanguage\":\"es\",\"potentialAction\":[{\"@type\":\"ReadAction\",\"target\":[\"https:\/\/juliocesartriana.com\/index.php\/2022\/01\/25\/sigue-creciendo-el-equipo-de-la-voz-del-huila\/\"]}]},{\"@type\":\"BreadcrumbList\",\"@id\":\"https:\/\/juliocesartriana.com\/index.php\/2022\/01\/25\/sigue-creciendo-el-equipo-de-la-voz-del-huila\/#breadcrumb\",\"itemListElement\":[{\"@type\":\"ListItem\",\"position\":1,\"name\":\"Portada\",\"item\":\"https:\/\/juliocesartriana.com\/\"},{\"@type\":\"ListItem\",\"position\":2,\"name\":\"Sigue creciendo el equipo de la voz del Huila\"}]},{\"@type\":\"Article\",\"@id\":\"https:\/\/juliocesartriana.com\/index.php\/2022\/01\/25\/sigue-creciendo-el-equipo-de-la-voz-del-huila\/#article\",\"isPartOf\":{\"@id\":\"https:\/\/juliocesartriana.com\/index.php\/2022\/01\/25\/sigue-creciendo-el-equipo-de-la-voz-del-huila\/#webpage\"},\"author\":{\"@id\":\"https:\/\/juliocesartriana.com\/#\/schema\/person\/deecb92c18f2299a8c280aa4eabd1a03\"},\"headline\":\"Sigue creciendo el equipo de la voz del Huila\",\"datePublished\":\"2022-01-25T21:22:55+00:00\",\"dateModified\":\"2022-01-26T00:11:26+00:00\",\"mainEntityOfPage\":{\"@id\":\"https:\/\/juliocesartriana.com\/index.php\/2022\/01\/25\/sigue-creciendo-el-equipo-de-la-voz-del-huila\/#webpage\"},\"wordCount\":361,\"commentCount\":0,\"publisher\":{\"@id\":\"https:\/\/juliocesartriana.com\/#organization\"},\"image\":{\"@id\":\"https:\/\/juliocesartriana.com\/index.php\/2022\/01\/25\/sigue-creciendo-el-equipo-de-la-voz-del-huila\/#primaryimage\"},\"thumbnailUrl\":\"https:\/\/juliocesartriana.com\/wp-content\/uploads\/2022\/01\/006EDBBE-178C-40C4-A001-CBBA266FF34E-1-scaled.jpg\",\"articleSection\":[\"Prensa\",\"Uncategorized\"],\"inLanguage\":\"es\",\"potentialAction\":[{\"@type\":\"CommentAction\",\"name\":\"Comment\",\"target\":[\"https:\/\/juliocesartriana.com\/index.php\/2022\/01\/25\/sigue-creciendo-el-equipo-de-la-voz-del-huila\/#respond\"]}]},{\"@type\":\"Person\",\"@id\":\"https:\/\/juliocesartriana.com\/#\/schema\/person\/deecb92c18f2299a8c280aa4eabd1a03\",\"name\":\"admin\",\"image\":{\"@type\":\"ImageObject\",\"@id\":\"https:\/\/juliocesartriana.com\/#personlogo\",\"inLanguage\":\"es\",\"url\":\"https:\/\/secure.gravatar.com\/avatar\/a796496fa1985f3a559e872a5db21305d7a391de67117abdfa8eb899c7bea95c?s=96&d=mm&r=g\",\"contentUrl\":\"https:\/\/secure.gravatar.com\/avatar\/a796496fa1985f3a559e872a5db21305d7a391de67117abdfa8eb899c7bea95c?s=96&d=mm&r=g\",\"caption\":\"admin\"},\"sameAs\":[\"https:\/\/juliocesartriana.com\"],\"url\":\"https:\/\/juliocesartriana.com\/index.php\/author\/admin_dovqajq2\/\"}]}<\/script>\n<!-- \/ Yoast SEO plugin. -->","yoast_head_json":{"title":"Julio C\u00e9sar Triana - Representante a la C\u00e1mara por el Huila","robots":{"index":"index","follow":"follow","max-snippet":"max-snippet:-1","max-image-preview":"max-image-preview:large","max-video-preview":"max-video-preview:-1"},"canonical":"https:\/\/juliocesartriana.com\/index.php\/2022\/01\/25\/sigue-creciendo-el-equipo-de-la-voz-del-huila\/","og_locale":"es_ES","og_type":"article","og_title":"Julio C\u00e9sar Triana - Representante a la C\u00e1mara por el Huila","og_description":"El Centro Y Norte Del Huila Se Unen Al Equipo Ganador Este fin de semana nuestro recorrido empez\u00f3 en \u2018La Capital Arrocera\u2019 del departamento del Huila, en el municipio de Campoalegre, donde tuvimos la oportunidad de compartir en diferentes reuniones con la ciudadan\u00eda, a quien le contamos sobre el trabajo constante que hemos realizado desde &hellip; Sigue creciendo el equipo de la voz del Huila Leer m\u00e1s &raquo;","og_url":"https:\/\/juliocesartriana.com\/index.php\/2022\/01\/25\/sigue-creciendo-el-equipo-de-la-voz-del-huila\/","og_site_name":"Julio C\u00e9sar Triana - Representante a la C\u00e1mara por el Huila","article_publisher":"https:\/\/www.facebook.com\/TrianaCongreso\/","article_published_time":"2022-01-25T21:22:55+00:00","article_modified_time":"2022-01-26T00:11:26+00:00","og_image":[{"width":2560,"height":1437,"url":"https:\/\/juliocesartriana.com\/wp-content\/uploads\/2022\/01\/006EDBBE-178C-40C4-A001-CBBA266FF34E-1-scaled.jpg","type":"image\/jpeg"}],"twitter_card":"summary_large_image","twitter_misc":{"Escrito por":"admin","Tiempo de lectura":"2 minutos"},"schema":{"@context":"https:\/\/schema.org","@graph":[{"@type":"Organization","@id":"https:\/\/juliocesartriana.com\/#organization","name":"Julio C\u00e9sar Triana - Representante a la C\u00e1mara","url":"https:\/\/juliocesartriana.com\/","sameAs":["https:\/\/www.facebook.com\/TrianaCongreso\/","https:\/\/www.instagram.com\/trianacongreso\/"],"logo":{"@type":"ImageObject","@id":"https:\/\/juliocesartriana.com\/#logo","inLanguage":"es","url":"https:\/\/juliocesartriana.com\/wp-content\/uploads\/2021\/03\/Salo\u0301n-eli\u0301ptico-presidiendo-1.jpeg","contentUrl":"https:\/\/juliocesartriana.com\/wp-content\/uploads\/2021\/03\/Salo\u0301n-eli\u0301ptico-presidiendo-1.jpeg","width":1280,"height":853,"caption":"Julio C\u00e9sar Triana - Representante a la C\u00e1mara"},"image":{"@id":"https:\/\/juliocesartriana.com\/#logo"}},{"@type":"WebSite","@id":"https:\/\/juliocesartriana.com\/#website","url":"https:\/\/juliocesartriana.com\/","name":"Julio C\u00e9sar Triana - Representante a la C\u00e1mara por el Huila","description":"Representante a la C\u00e1mara por el Departamento del Huila.","publisher":{"@id":"https:\/\/juliocesartriana.com\/#organization"},"potentialAction":[{"@type":"SearchAction","target":{"@type":"EntryPoint","urlTemplate":"https:\/\/juliocesartriana.com\/?s={search_term_string}"},"query-input":"required name=search_term_string"}],"inLanguage":"es"},{"@type":"ImageObject","@id":"https:\/\/juliocesartriana.com\/index.php\/2022\/01\/25\/sigue-creciendo-el-equipo-de-la-voz-del-huila\/#primaryimage","inLanguage":"es","url":"https:\/\/juliocesartriana.com\/wp-content\/uploads\/2022\/01\/006EDBBE-178C-40C4-A001-CBBA266FF34E-1-scaled.jpg","contentUrl":"https:\/\/juliocesartriana.com\/wp-content\/uploads\/2022\/01\/006EDBBE-178C-40C4-A001-CBBA266FF34E-1-scaled.jpg","width":2560,"height":1437},{"@type":"WebPage","@id":"https:\/\/juliocesartriana.com\/index.php\/2022\/01\/25\/sigue-creciendo-el-equipo-de-la-voz-del-huila\/#webpage","url":"https:\/\/juliocesartriana.com\/index.php\/2022\/01\/25\/sigue-creciendo-el-equipo-de-la-voz-del-huila\/","name":"Julio C\u00e9sar Triana - Representante a la C\u00e1mara por el Huila","isPartOf":{"@id":"https:\/\/juliocesartriana.com\/#website"},"primaryImageOfPage":{"@id":"https:\/\/juliocesartriana.com\/index.php\/2022\/01\/25\/sigue-creciendo-el-equipo-de-la-voz-del-huila\/#primaryimage"},"datePublished":"2022-01-25T21:22:55+00:00","dateModified":"2022-01-26T00:11:26+00:00","breadcrumb":{"@id":"https:\/\/juliocesartriana.com\/index.php\/2022\/01\/25\/sigue-creciendo-el-equipo-de-la-voz-del-huila\/#breadcrumb"},"inLanguage":"es","potentialAction":[{"@type":"ReadAction","target":["https:\/\/juliocesartriana.com\/index.php\/2022\/01\/25\/sigue-creciendo-el-equipo-de-la-voz-del-huila\/"]}]},{"@type":"BreadcrumbList","@id":"https:\/\/juliocesartriana.com\/index.php\/2022\/01\/25\/sigue-creciendo-el-equipo-de-la-voz-del-huila\/#breadcrumb","itemListElement":[{"@type":"ListItem","position":1,"name":"Portada","item":"https:\/\/juliocesartriana.com\/"},{"@type":"ListItem","position":2,"name":"Sigue creciendo el equipo de la voz del Huila"}]},{"@type":"Article","@id":"https:\/\/juliocesartriana.com\/index.php\/2022\/01\/25\/sigue-creciendo-el-equipo-de-la-voz-del-huila\/#article","isPartOf":{"@id":"https:\/\/juliocesartriana.com\/index.php\/2022\/01\/25\/sigue-creciendo-el-equipo-de-la-voz-del-huila\/#webpage"},"author":{"@id":"https:\/\/juliocesartriana.com\/#\/schema\/person\/deecb92c18f2299a8c280aa4eabd1a03"},"headline":"Sigue creciendo el equipo de la voz del Huila","datePublished":"2022-01-25T21:22:55+00:00","dateModified":"2022-01-26T00:11:26+00:00","mainEntityOfPage":{"@id":"https:\/\/juliocesartriana.com\/index.php\/2022\/01\/25\/sigue-creciendo-el-equipo-de-la-voz-del-huila\/#webpage"},"wordCount":361,"commentCount":0,"publisher":{"@id":"https:\/\/juliocesartriana.com\/#organization"},"image":{"@id":"https:\/\/juliocesartriana.com\/index.php\/2022\/01\/25\/sigue-creciendo-el-equipo-de-la-voz-del-huila\/#primaryimage"},"thumbnailUrl":"https:\/\/juliocesartriana.com\/wp-content\/uploads\/2022\/01\/006EDBBE-178C-40C4-A001-CBBA266FF34E-1-scaled.jpg","articleSection":["Prensa","Uncategorized"],"inLanguage":"es","potentialAction":[{"@type":"CommentAction","name":"Comment","target":["https:\/\/juliocesartriana.com\/index.php\/2022\/01\/25\/sigue-creciendo-el-equipo-de-la-voz-del-huila\/#respond"]}]},{"@type":"Person","@id":"https:\/\/juliocesartriana.com\/#\/schema\/person\/deecb92c18f2299a8c280aa4eabd1a03","name":"admin","image":{"@type":"ImageObject","@id":"https:\/\/juliocesartriana.com\/#personlogo","inLanguage":"es","url":"https:\/\/secure.gravatar.com\/avatar\/a796496fa1985f3a559e872a5db21305d7a391de67117abdfa8eb899c7bea95c?s=96&d=mm&r=g","contentUrl":"https:\/\/secure.gravatar.com\/avatar\/a796496fa1985f3a559e872a5db21305d7a391de67117abdfa8eb899c7bea95c?s=96&d=mm&r=g","caption":"admin"},"sameAs":["https:\/\/juliocesartriana.com"],"url":"https:\/\/juliocesartriana.com\/index.php\/author\/admin_dovqajq2\/"}]}},"_links":{"self":[{"href":"https:\/\/juliocesartriana.com\/index.php\/wp-json\/wp\/v2\/posts\/3583","targetHints":{"allow":["GET"]}}],"collection":[{"href":"https:\/\/juliocesartriana.com\/index.php\/wp-json\/wp\/v2\/posts"}],"about":[{"href":"https:\/\/juliocesartriana.com\/index.php\/wp-json\/wp\/v2\/types\/post"}],"author":[{"embeddable":true,"href":"https:\/\/juliocesartriana.com\/index.php\/wp-json\/wp\/v2\/users\/1"}],"replies":[{"embeddable":true,"href":"https:\/\/juliocesartriana.com\/index.php\/wp-json\/wp\/v2\/comments?post=3583"}],"version-history":[{"count":11,"href":"https:\/\/juliocesartriana.com\/index.php\/wp-json\/wp\/v2\/posts\/3583\/revisions"}],"predecessor-version":[{"id":3607,"href":"https:\/\/juliocesartriana.com\/index.php\/wp-json\/wp\/v2\/posts\/3583\/revisions\/3607"}],"wp:featuredmedia":[{"embeddable":true,"href":"https:\/\/juliocesartriana.com\/index.php\/wp-json\/wp\/v2\/media\/3588"}],"wp:attachment":[{"href":"https:\/\/juliocesartriana.com\/index.php\/wp-json\/wp\/v2\/media?parent=3583"}],"wp:term":[{"taxonomy":"category","embeddable":true,"href":"https:\/\/juliocesartriana.com\/index.php\/wp-json\/wp\/v2\/categories?post=3583"},{"taxonomy":"post_tag","embeddable":true,"href":"https:\/\/juliocesartriana.com\/index.php\/wp-json\/wp\/v2\/tags?post=3583"}],"curies":[{"name":"wp","href":"https:\/\/api.w.org\/{rel}","templated":true}]}}