{"id":3411,"date":"2021-12-11T13:18:02","date_gmt":"2021-12-11T13:18:02","guid":{"rendered":"https:\/\/juliocesartriana.com\/?p=3411"},"modified":"2021-12-11T16:30:16","modified_gmt":"2021-12-11T16:30:16","slug":"lideres-de-opinion-se-suman-a-la-candidatura-a-la-camara-de-triana","status":"publish","type":"post","link":"https:\/\/juliocesartriana.com\/index.php\/2021\/12\/11\/lideres-de-opinion-se-suman-a-la-candidatura-a-la-camara-de-triana\/","title":{"rendered":"L\u00edderes de opini\u00f3n se suman a la candidatura de Triana a la C\u00e1mara"},"content":{"rendered":"\n<p>En medio de una noche navide\u00f1a, realizada en la ciudad de Neiva, centenares de huilenses, en representaci\u00f3n de m\u00faltiples comunidades, sectores de opini\u00f3n y gremios de la Capital Opita, se reunieron para anunciar su respaldo total a la candidatura a la C\u00e1mara del actual congresista Julio C\u00e9sar Triana Quintero.<\/p>\n\n\n\n<p><br>En medio de expresiones culturales y art\u00edsticas, se exalt\u00f3 la destacada labor que ha venido desempe\u00f1ando el Representante huilense en beneficio del departamento, visibilizando las principales problem\u00e1ticas y necesidades de la regi\u00f3n, y que le han permitido ser elegido por segundo a\u00f1o consecutivo como uno de los 10 mejores congresistas del pa\u00eds.<\/p>\n\n\n\n<p><br>El congresista Triana Quintero agradeci\u00f3 por la masiva asistencia y apoyo a su candidatura, con la que busca refrendar su credencial y seguir trabajando con el mismo compromiso por los intereses del departamento: <\/p>\n\n\n\n<p><em><strong>\u201cEs gratificante recibir el respaldo de tantas personas, desde hace cuatro a\u00f1os hemos venido trabajando incansablemente por ser la voz del Huila en el Congreso, y estamos seguros que con el apoyo de las comunidades podremos seguir avanzando en los prop\u00f3sitos de desarrollo de nuestra regi\u00f3n\u201d.<\/strong><\/em><\/p>\n\n\n\n<p><br>Recientemente el representante Julio C\u00e9sar Triana inscribi\u00f3 su candidatura por el partido Cambio Radical, liderando la lista con el n\u00famero 101 en el tarjet\u00f3n.&nbsp;<\/p>\n\n\n\n<!-- default-view.php -->\n<div\n\tclass=\"ngg-galleryoverview default-view \"\n\tid=\"ngg-gallery-e39150147f998c570e0d83f5df8a1765-1\">\n\n\t\t<!-- Thumbnails -->\n\t\t\t\t<div id=\"ngg-image-0\" class=\"ngg-gallery-thumbnail-box \" >\n\t\t\t\t        <div class=\"ngg-gallery-thumbnail\">\n            <a href=\"https:\/\/juliocesartriana.com\/wp-content\/gallery\/11-12-2021\/0K7A6932-min.JPG\"\n               title=\"\"\n               data-src=\"https:\/\/juliocesartriana.com\/wp-content\/gallery\/11-12-2021\/0K7A6932-min.JPG\"\n               data-thumbnail=\"https:\/\/juliocesartriana.com\/wp-content\/gallery\/11-12-2021\/thumbs\/thumbs_0K7A6932-min.JPG\"\n               data-image-id=\"12\"\n               data-title=\"0K7A6932-min\"\n               data-description=\"\"\n               data-image-slug=\"0k7a6932-min\"\n               class=\"ngg-simplelightbox\" rel=\"e39150147f998c570e0d83f5df8a1765\">\n                <img\n                    title=\"0K7A6932-min\"\n                    alt=\"0K7A6932-min\"\n                    src=\"https:\/\/juliocesartriana.com\/wp-content\/gallery\/11-12-2021\/thumbs\/thumbs_0K7A6932-min.JPG\"\n                    width=\"240\"\n                    height=\"160\"\n                    style=\"max-width:100%;\"\n                \/>\n            <\/a>\n        <\/div>\n\t\t\t\t\t\t\t<\/div> \n\t\t\t\n\t\t\t\t<div id=\"ngg-image-1\" class=\"ngg-gallery-thumbnail-box \" >\n\t\t\t\t        <div class=\"ngg-gallery-thumbnail\">\n            <a href=\"https:\/\/juliocesartriana.com\/wp-content\/gallery\/11-12-2021\/0K7A7005-min.JPG\"\n               title=\"\"\n               data-src=\"https:\/\/juliocesartriana.com\/wp-content\/gallery\/11-12-2021\/0K7A7005-min.JPG\"\n               data-thumbnail=\"https:\/\/juliocesartriana.com\/wp-content\/gallery\/11-12-2021\/thumbs\/thumbs_0K7A7005-min.JPG\"\n               data-image-id=\"13\"\n               data-title=\"0K7A7005-min\"\n               data-description=\"\"\n               data-image-slug=\"0k7a7005-min\"\n               class=\"ngg-simplelightbox\" rel=\"e39150147f998c570e0d83f5df8a1765\">\n                <img\n                    title=\"0K7A7005-min\"\n                    alt=\"0K7A7005-min\"\n                    src=\"https:\/\/juliocesartriana.com\/wp-content\/gallery\/11-12-2021\/thumbs\/thumbs_0K7A7005-min.JPG\"\n                    width=\"240\"\n                    height=\"160\"\n                    style=\"max-width:100%;\"\n                \/>\n            <\/a>\n        <\/div>\n\t\t\t\t\t\t\t<\/div> \n\t\t\t\n\t\t\t\t<div id=\"ngg-image-2\" class=\"ngg-gallery-thumbnail-box \" >\n\t\t\t\t        <div class=\"ngg-gallery-thumbnail\">\n            <a href=\"https:\/\/juliocesartriana.com\/wp-content\/gallery\/11-12-2021\/20211210_205206_03.jpg\"\n               title=\"\"\n               data-src=\"https:\/\/juliocesartriana.com\/wp-content\/gallery\/11-12-2021\/20211210_205206_03.jpg\"\n               data-thumbnail=\"https:\/\/juliocesartriana.com\/wp-content\/gallery\/11-12-2021\/thumbs\/thumbs_20211210_205206_03.jpg\"\n               data-image-id=\"19\"\n               data-title=\"20211210_205206_03\"\n               data-description=\"\"\n               data-image-slug=\"20211210_205206_03\"\n               class=\"ngg-simplelightbox\" rel=\"e39150147f998c570e0d83f5df8a1765\">\n                <img\n                    title=\"20211210_205206_03\"\n                    alt=\"20211210_205206_03\"\n                    src=\"https:\/\/juliocesartriana.com\/wp-content\/gallery\/11-12-2021\/thumbs\/thumbs_20211210_205206_03.jpg\"\n                    width=\"240\"\n                    height=\"160\"\n                    style=\"max-width:100%;\"\n                \/>\n            <\/a>\n        <\/div>\n\t\t\t\t\t\t\t<\/div> \n\t\t\t\n\t\t\t\t<div id=\"ngg-image-3\" class=\"ngg-gallery-thumbnail-box \" >\n\t\t\t\t        <div class=\"ngg-gallery-thumbnail\">\n            <a href=\"https:\/\/juliocesartriana.com\/wp-content\/gallery\/11-12-2021\/0K7A6944-min.JPG\"\n               title=\"\"\n               data-src=\"https:\/\/juliocesartriana.com\/wp-content\/gallery\/11-12-2021\/0K7A6944-min.JPG\"\n               data-thumbnail=\"https:\/\/juliocesartriana.com\/wp-content\/gallery\/11-12-2021\/thumbs\/thumbs_0K7A6944-min.JPG\"\n               data-image-id=\"14\"\n               data-title=\"0K7A6944-min\"\n               data-description=\"\"\n               data-image-slug=\"0k7a6944-min\"\n               class=\"ngg-simplelightbox\" rel=\"e39150147f998c570e0d83f5df8a1765\">\n                <img\n                    title=\"0K7A6944-min\"\n                    alt=\"0K7A6944-min\"\n                    src=\"https:\/\/juliocesartriana.com\/wp-content\/gallery\/11-12-2021\/thumbs\/thumbs_0K7A6944-min.JPG\"\n                    width=\"240\"\n                    height=\"160\"\n                    style=\"max-width:100%;\"\n                \/>\n            <\/a>\n        <\/div>\n\t\t\t\t\t\t\t<\/div> \n\t\t\t\n\t\t\t\t<div id=\"ngg-image-4\" class=\"ngg-gallery-thumbnail-box \" >\n\t\t\t\t        <div class=\"ngg-gallery-thumbnail\">\n            <a href=\"https:\/\/juliocesartriana.com\/wp-content\/gallery\/11-12-2021\/0K7A6922-min.JPG\"\n               title=\"\"\n               data-src=\"https:\/\/juliocesartriana.com\/wp-content\/gallery\/11-12-2021\/0K7A6922-min.JPG\"\n               data-thumbnail=\"https:\/\/juliocesartriana.com\/wp-content\/gallery\/11-12-2021\/thumbs\/thumbs_0K7A6922-min.JPG\"\n               data-image-id=\"15\"\n               data-title=\"0K7A6922-min\"\n               data-description=\"\"\n               data-image-slug=\"0k7a6922-min\"\n               class=\"ngg-simplelightbox\" rel=\"e39150147f998c570e0d83f5df8a1765\">\n                <img\n                    title=\"0K7A6922-min\"\n                    alt=\"0K7A6922-min\"\n                    src=\"https:\/\/juliocesartriana.com\/wp-content\/gallery\/11-12-2021\/thumbs\/thumbs_0K7A6922-min.JPG\"\n                    width=\"240\"\n                    height=\"160\"\n                    style=\"max-width:100%;\"\n                \/>\n            <\/a>\n        <\/div>\n\t\t\t\t\t\t\t<\/div> \n\t\t\t\n\t\t\t\t<div id=\"ngg-image-5\" class=\"ngg-gallery-thumbnail-box \" >\n\t\t\t\t        <div class=\"ngg-gallery-thumbnail\">\n            <a href=\"https:\/\/juliocesartriana.com\/wp-content\/gallery\/11-12-2021\/0K7A6903-min.JPG\"\n               title=\"\"\n               data-src=\"https:\/\/juliocesartriana.com\/wp-content\/gallery\/11-12-2021\/0K7A6903-min.JPG\"\n               data-thumbnail=\"https:\/\/juliocesartriana.com\/wp-content\/gallery\/11-12-2021\/thumbs\/thumbs_0K7A6903-min.JPG\"\n               data-image-id=\"16\"\n               data-title=\"0K7A6903-min\"\n               data-description=\"\"\n               data-image-slug=\"0k7a6903-min\"\n               class=\"ngg-simplelightbox\" rel=\"e39150147f998c570e0d83f5df8a1765\">\n                <img\n                    title=\"0K7A6903-min\"\n                    alt=\"0K7A6903-min\"\n                    src=\"https:\/\/juliocesartriana.com\/wp-content\/gallery\/11-12-2021\/thumbs\/thumbs_0K7A6903-min.JPG\"\n                    width=\"240\"\n                    height=\"160\"\n                    style=\"max-width:100%;\"\n                \/>\n            <\/a>\n        <\/div>\n\t\t\t\t\t\t\t<\/div> \n\t\t\t\n\t\t\t\t<div id=\"ngg-image-6\" class=\"ngg-gallery-thumbnail-box \" >\n\t\t\t\t        <div class=\"ngg-gallery-thumbnail\">\n            <a href=\"https:\/\/juliocesartriana.com\/wp-content\/gallery\/11-12-2021\/0K7A7049-min.JPG\"\n               title=\"\"\n               data-src=\"https:\/\/juliocesartriana.com\/wp-content\/gallery\/11-12-2021\/0K7A7049-min.JPG\"\n               data-thumbnail=\"https:\/\/juliocesartriana.com\/wp-content\/gallery\/11-12-2021\/thumbs\/thumbs_0K7A7049-min.JPG\"\n               data-image-id=\"17\"\n               data-title=\"0K7A7049-min\"\n               data-description=\"\"\n               data-image-slug=\"0k7a7049-min\"\n               class=\"ngg-simplelightbox\" rel=\"e39150147f998c570e0d83f5df8a1765\">\n                <img\n                    title=\"0K7A7049-min\"\n                    alt=\"0K7A7049-min\"\n                    src=\"https:\/\/juliocesartriana.com\/wp-content\/gallery\/11-12-2021\/thumbs\/thumbs_0K7A7049-min.JPG\"\n                    width=\"240\"\n                    height=\"160\"\n                    style=\"max-width:100%;\"\n                \/>\n            <\/a>\n        <\/div>\n\t\t\t\t\t\t\t<\/div> \n\t\t\t\n\t\t\t\t<div id=\"ngg-image-7\" class=\"ngg-gallery-thumbnail-box \" >\n\t\t\t\t        <div class=\"ngg-gallery-thumbnail\">\n            <a href=\"https:\/\/juliocesartriana.com\/wp-content\/gallery\/11-12-2021\/0K7A7071-min.JPG\"\n               title=\"\"\n               data-src=\"https:\/\/juliocesartriana.com\/wp-content\/gallery\/11-12-2021\/0K7A7071-min.JPG\"\n               data-thumbnail=\"https:\/\/juliocesartriana.com\/wp-content\/gallery\/11-12-2021\/thumbs\/thumbs_0K7A7071-min.JPG\"\n               data-image-id=\"18\"\n               data-title=\"0K7A7071-min\"\n               data-description=\"\"\n               data-image-slug=\"0k7a7071-min\"\n               class=\"ngg-simplelightbox\" rel=\"e39150147f998c570e0d83f5df8a1765\">\n                <img\n                    title=\"0K7A7071-min\"\n                    alt=\"0K7A7071-min\"\n                    src=\"https:\/\/juliocesartriana.com\/wp-content\/gallery\/11-12-2021\/thumbs\/thumbs_0K7A7071-min.JPG\"\n                    width=\"240\"\n                    height=\"160\"\n                    style=\"max-width:100%;\"\n                \/>\n            <\/a>\n        <\/div>\n\t\t\t\t\t\t\t<\/div> \n\t\t\t\n\t\n\t<br style=\"clear: both\" \/>\n\n\t\n\t\t<!-- Pagination -->\n\t<div class='ngg-clear'><\/div>\t<\/div>\n\n","protected":false},"excerpt":{"rendered":"<p>En medio de una noche navide\u00f1a, realizada en la ciudad de Neiva, centenares de huilenses, en representaci\u00f3n de m\u00faltiples comunidades, sectores de opini\u00f3n y gremios de la Capital Opita, se reunieron para anunciar su respaldo total a la candidatura a la C\u00e1mara del actual congresista Julio C\u00e9sar Triana Quintero. En medio de expresiones culturales y &hellip;<\/p>\n<p class=\"read-more\"> <a class=\"\" href=\"https:\/\/juliocesartriana.com\/index.php\/2021\/12\/11\/lideres-de-opinion-se-suman-a-la-candidatura-a-la-camara-de-triana\/\"> <span class=\"screen-reader-text\">L\u00edderes de opini\u00f3n se suman a la candidatura de Triana a la C\u00e1mara<\/span> Leer m\u00e1s &raquo;<\/a><\/p>\n","protected":false},"author":1,"featured_media":3438,"comment_status":"open","ping_status":"open","sticky":false,"template":"","format":"standard","meta":{"ngg_post_thumbnail":0,"footnotes":""},"categories":[9],"tags":[],"class_list":["post-3411","post","type-post","status-publish","format-standard","has-post-thumbnail","hentry","category-prensa"],"yoast_head":"<!-- This site is optimized with the Yoast SEO plugin v18.5.1 - https:\/\/yoast.com\/wordpress\/plugins\/seo\/ -->\n<title>Julio C\u00e9sar Triana - Representante a la C\u00e1mara por el Huila<\/title>\n<meta name=\"robots\" content=\"index, follow, max-snippet:-1, max-image-preview:large, max-video-preview:-1\" \/>\n<link rel=\"canonical\" href=\"https:\/\/juliocesartriana.com\/index.php\/2021\/12\/11\/lideres-de-opinion-se-suman-a-la-candidatura-a-la-camara-de-triana\/\" \/>\n<meta property=\"og:locale\" content=\"es_ES\" \/>\n<meta property=\"og:type\" content=\"article\" \/>\n<meta property=\"og:title\" content=\"Julio C\u00e9sar Triana - Representante a la C\u00e1mara por el Huila\" \/>\n<meta property=\"og:description\" content=\"En medio de una noche navide\u00f1a, realizada en la ciudad de Neiva, centenares de huilenses, en representaci\u00f3n de m\u00faltiples comunidades, sectores de opini\u00f3n y gremios de la Capital Opita, se reunieron para anunciar su respaldo total a la candidatura a la C\u00e1mara del actual congresista Julio C\u00e9sar Triana Quintero. En medio de expresiones culturales y &hellip; L\u00edderes de opini\u00f3n se suman a la candidatura de Triana a la C\u00e1mara Leer m\u00e1s &raquo;\" \/>\n<meta property=\"og:url\" content=\"https:\/\/juliocesartriana.com\/index.php\/2021\/12\/11\/lideres-de-opinion-se-suman-a-la-candidatura-a-la-camara-de-triana\/\" \/>\n<meta property=\"og:site_name\" content=\"Julio C\u00e9sar Triana - Representante a la C\u00e1mara por el Huila\" \/>\n<meta property=\"article:publisher\" content=\"https:\/\/www.facebook.com\/TrianaCongreso\/\" \/>\n<meta property=\"article:published_time\" content=\"2021-12-11T13:18:02+00:00\" \/>\n<meta property=\"article:modified_time\" content=\"2021-12-11T16:30:16+00:00\" \/>\n<meta property=\"og:image\" content=\"https:\/\/juliocesartriana.com\/wp-content\/uploads\/2021\/12\/02-min.jpg\" \/>\n\t<meta property=\"og:image:width\" content=\"1920\" \/>\n\t<meta property=\"og:image:height\" content=\"1080\" \/>\n\t<meta property=\"og:image:type\" content=\"image\/jpeg\" \/>\n<meta name=\"twitter:card\" content=\"summary_large_image\" \/>\n<meta name=\"twitter:label1\" content=\"Escrito por\" \/>\n\t<meta name=\"twitter:data1\" content=\"admin\" \/>\n\t<meta name=\"twitter:label2\" content=\"Tiempo de lectura\" \/>\n\t<meta name=\"twitter:data2\" content=\"1 minuto\" \/>\n<script type=\"application\/ld+json\" class=\"yoast-schema-graph\">{\"@context\":\"https:\/\/schema.org\",\"@graph\":[{\"@type\":\"Organization\",\"@id\":\"https:\/\/juliocesartriana.com\/#organization\",\"name\":\"Julio C\u00e9sar Triana - Representante a la C\u00e1mara\",\"url\":\"https:\/\/juliocesartriana.com\/\",\"sameAs\":[\"https:\/\/www.facebook.com\/TrianaCongreso\/\",\"https:\/\/www.instagram.com\/trianacongreso\/\"],\"logo\":{\"@type\":\"ImageObject\",\"@id\":\"https:\/\/juliocesartriana.com\/#logo\",\"inLanguage\":\"es\",\"url\":\"https:\/\/juliocesartriana.com\/wp-content\/uploads\/2021\/03\/Salo\u0301n-eli\u0301ptico-presidiendo-1.jpeg\",\"contentUrl\":\"https:\/\/juliocesartriana.com\/wp-content\/uploads\/2021\/03\/Salo\u0301n-eli\u0301ptico-presidiendo-1.jpeg\",\"width\":1280,\"height\":853,\"caption\":\"Julio C\u00e9sar Triana - Representante a la C\u00e1mara\"},\"image\":{\"@id\":\"https:\/\/juliocesartriana.com\/#logo\"}},{\"@type\":\"WebSite\",\"@id\":\"https:\/\/juliocesartriana.com\/#website\",\"url\":\"https:\/\/juliocesartriana.com\/\",\"name\":\"Julio C\u00e9sar Triana - Representante a la C\u00e1mara por el Huila\",\"description\":\"Representante a la C\u00e1mara por el Departamento del Huila.\",\"publisher\":{\"@id\":\"https:\/\/juliocesartriana.com\/#organization\"},\"potentialAction\":[{\"@type\":\"SearchAction\",\"target\":{\"@type\":\"EntryPoint\",\"urlTemplate\":\"https:\/\/juliocesartriana.com\/?s={search_term_string}\"},\"query-input\":\"required name=search_term_string\"}],\"inLanguage\":\"es\"},{\"@type\":\"ImageObject\",\"@id\":\"https:\/\/juliocesartriana.com\/index.php\/2021\/12\/11\/lideres-de-opinion-se-suman-a-la-candidatura-a-la-camara-de-triana\/#primaryimage\",\"inLanguage\":\"es\",\"url\":\"https:\/\/juliocesartriana.com\/wp-content\/uploads\/2021\/12\/02-min.jpg\",\"contentUrl\":\"https:\/\/juliocesartriana.com\/wp-content\/uploads\/2021\/12\/02-min.jpg\",\"width\":1920,\"height\":1080},{\"@type\":\"WebPage\",\"@id\":\"https:\/\/juliocesartriana.com\/index.php\/2021\/12\/11\/lideres-de-opinion-se-suman-a-la-candidatura-a-la-camara-de-triana\/#webpage\",\"url\":\"https:\/\/juliocesartriana.com\/index.php\/2021\/12\/11\/lideres-de-opinion-se-suman-a-la-candidatura-a-la-camara-de-triana\/\",\"name\":\"Julio C\u00e9sar Triana - Representante a la C\u00e1mara por el Huila\",\"isPartOf\":{\"@id\":\"https:\/\/juliocesartriana.com\/#website\"},\"primaryImageOfPage\":{\"@id\":\"https:\/\/juliocesartriana.com\/index.php\/2021\/12\/11\/lideres-de-opinion-se-suman-a-la-candidatura-a-la-camara-de-triana\/#primaryimage\"},\"datePublished\":\"2021-12-11T13:18:02+00:00\",\"dateModified\":\"2021-12-11T16:30:16+00:00\",\"breadcrumb\":{\"@id\":\"https:\/\/juliocesartriana.com\/index.php\/2021\/12\/11\/lideres-de-opinion-se-suman-a-la-candidatura-a-la-camara-de-triana\/#breadcrumb\"},\"inLanguage\":\"es\",\"potentialAction\":[{\"@type\":\"ReadAction\",\"target\":[\"https:\/\/juliocesartriana.com\/index.php\/2021\/12\/11\/lideres-de-opinion-se-suman-a-la-candidatura-a-la-camara-de-triana\/\"]}]},{\"@type\":\"BreadcrumbList\",\"@id\":\"https:\/\/juliocesartriana.com\/index.php\/2021\/12\/11\/lideres-de-opinion-se-suman-a-la-candidatura-a-la-camara-de-triana\/#breadcrumb\",\"itemListElement\":[{\"@type\":\"ListItem\",\"position\":1,\"name\":\"Portada\",\"item\":\"https:\/\/juliocesartriana.com\/\"},{\"@type\":\"ListItem\",\"position\":2,\"name\":\"L\u00edderes de opini\u00f3n se suman a la candidatura de Triana a la C\u00e1mara\"}]},{\"@type\":\"Article\",\"@id\":\"https:\/\/juliocesartriana.com\/index.php\/2021\/12\/11\/lideres-de-opinion-se-suman-a-la-candidatura-a-la-camara-de-triana\/#article\",\"isPartOf\":{\"@id\":\"https:\/\/juliocesartriana.com\/index.php\/2021\/12\/11\/lideres-de-opinion-se-suman-a-la-candidatura-a-la-camara-de-triana\/#webpage\"},\"author\":{\"@id\":\"https:\/\/juliocesartriana.com\/#\/schema\/person\/deecb92c18f2299a8c280aa4eabd1a03\"},\"headline\":\"L\u00edderes de opini\u00f3n se suman a la candidatura de Triana a la C\u00e1mara\",\"datePublished\":\"2021-12-11T13:18:02+00:00\",\"dateModified\":\"2021-12-11T16:30:16+00:00\",\"mainEntityOfPage\":{\"@id\":\"https:\/\/juliocesartriana.com\/index.php\/2021\/12\/11\/lideres-de-opinion-se-suman-a-la-candidatura-a-la-camara-de-triana\/#webpage\"},\"wordCount\":246,\"commentCount\":0,\"publisher\":{\"@id\":\"https:\/\/juliocesartriana.com\/#organization\"},\"image\":{\"@id\":\"https:\/\/juliocesartriana.com\/index.php\/2021\/12\/11\/lideres-de-opinion-se-suman-a-la-candidatura-a-la-camara-de-triana\/#primaryimage\"},\"thumbnailUrl\":\"https:\/\/juliocesartriana.com\/wp-content\/uploads\/2021\/12\/02-min.jpg\",\"articleSection\":[\"Prensa\"],\"inLanguage\":\"es\",\"potentialAction\":[{\"@type\":\"CommentAction\",\"name\":\"Comment\",\"target\":[\"https:\/\/juliocesartriana.com\/index.php\/2021\/12\/11\/lideres-de-opinion-se-suman-a-la-candidatura-a-la-camara-de-triana\/#respond\"]}]},{\"@type\":\"Person\",\"@id\":\"https:\/\/juliocesartriana.com\/#\/schema\/person\/deecb92c18f2299a8c280aa4eabd1a03\",\"name\":\"admin\",\"image\":{\"@type\":\"ImageObject\",\"@id\":\"https:\/\/juliocesartriana.com\/#personlogo\",\"inLanguage\":\"es\",\"url\":\"https:\/\/secure.gravatar.com\/avatar\/a796496fa1985f3a559e872a5db21305d7a391de67117abdfa8eb899c7bea95c?s=96&d=mm&r=g\",\"contentUrl\":\"https:\/\/secure.gravatar.com\/avatar\/a796496fa1985f3a559e872a5db21305d7a391de67117abdfa8eb899c7bea95c?s=96&d=mm&r=g\",\"caption\":\"admin\"},\"sameAs\":[\"https:\/\/juliocesartriana.com\"],\"url\":\"https:\/\/juliocesartriana.com\/index.php\/author\/admin_dovqajq2\/\"}]}<\/script>\n<!-- \/ Yoast SEO plugin. -->","yoast_head_json":{"title":"Julio C\u00e9sar Triana - Representante a la C\u00e1mara por el Huila","robots":{"index":"index","follow":"follow","max-snippet":"max-snippet:-1","max-image-preview":"max-image-preview:large","max-video-preview":"max-video-preview:-1"},"canonical":"https:\/\/juliocesartriana.com\/index.php\/2021\/12\/11\/lideres-de-opinion-se-suman-a-la-candidatura-a-la-camara-de-triana\/","og_locale":"es_ES","og_type":"article","og_title":"Julio C\u00e9sar Triana - Representante a la C\u00e1mara por el Huila","og_description":"En medio de una noche navide\u00f1a, realizada en la ciudad de Neiva, centenares de huilenses, en representaci\u00f3n de m\u00faltiples comunidades, sectores de opini\u00f3n y gremios de la Capital Opita, se reunieron para anunciar su respaldo total a la candidatura a la C\u00e1mara del actual congresista Julio C\u00e9sar Triana Quintero. En medio de expresiones culturales y &hellip; L\u00edderes de opini\u00f3n se suman a la candidatura de Triana a la C\u00e1mara Leer m\u00e1s &raquo;","og_url":"https:\/\/juliocesartriana.com\/index.php\/2021\/12\/11\/lideres-de-opinion-se-suman-a-la-candidatura-a-la-camara-de-triana\/","og_site_name":"Julio C\u00e9sar Triana - Representante a la C\u00e1mara por el Huila","article_publisher":"https:\/\/www.facebook.com\/TrianaCongreso\/","article_published_time":"2021-12-11T13:18:02+00:00","article_modified_time":"2021-12-11T16:30:16+00:00","og_image":[{"width":1920,"height":1080,"url":"https:\/\/juliocesartriana.com\/wp-content\/uploads\/2021\/12\/02-min.jpg","type":"image\/jpeg"}],"twitter_card":"summary_large_image","twitter_misc":{"Escrito por":"admin","Tiempo de lectura":"1 minuto"},"schema":{"@context":"https:\/\/schema.org","@graph":[{"@type":"Organization","@id":"https:\/\/juliocesartriana.com\/#organization","name":"Julio C\u00e9sar Triana - Representante a la C\u00e1mara","url":"https:\/\/juliocesartriana.com\/","sameAs":["https:\/\/www.facebook.com\/TrianaCongreso\/","https:\/\/www.instagram.com\/trianacongreso\/"],"logo":{"@type":"ImageObject","@id":"https:\/\/juliocesartriana.com\/#logo","inLanguage":"es","url":"https:\/\/juliocesartriana.com\/wp-content\/uploads\/2021\/03\/Salo\u0301n-eli\u0301ptico-presidiendo-1.jpeg","contentUrl":"https:\/\/juliocesartriana.com\/wp-content\/uploads\/2021\/03\/Salo\u0301n-eli\u0301ptico-presidiendo-1.jpeg","width":1280,"height":853,"caption":"Julio C\u00e9sar Triana - Representante a la C\u00e1mara"},"image":{"@id":"https:\/\/juliocesartriana.com\/#logo"}},{"@type":"WebSite","@id":"https:\/\/juliocesartriana.com\/#website","url":"https:\/\/juliocesartriana.com\/","name":"Julio C\u00e9sar Triana - Representante a la C\u00e1mara por el Huila","description":"Representante a la C\u00e1mara por el Departamento del Huila.","publisher":{"@id":"https:\/\/juliocesartriana.com\/#organization"},"potentialAction":[{"@type":"SearchAction","target":{"@type":"EntryPoint","urlTemplate":"https:\/\/juliocesartriana.com\/?s={search_term_string}"},"query-input":"required name=search_term_string"}],"inLanguage":"es"},{"@type":"ImageObject","@id":"https:\/\/juliocesartriana.com\/index.php\/2021\/12\/11\/lideres-de-opinion-se-suman-a-la-candidatura-a-la-camara-de-triana\/#primaryimage","inLanguage":"es","url":"https:\/\/juliocesartriana.com\/wp-content\/uploads\/2021\/12\/02-min.jpg","contentUrl":"https:\/\/juliocesartriana.com\/wp-content\/uploads\/2021\/12\/02-min.jpg","width":1920,"height":1080},{"@type":"WebPage","@id":"https:\/\/juliocesartriana.com\/index.php\/2021\/12\/11\/lideres-de-opinion-se-suman-a-la-candidatura-a-la-camara-de-triana\/#webpage","url":"https:\/\/juliocesartriana.com\/index.php\/2021\/12\/11\/lideres-de-opinion-se-suman-a-la-candidatura-a-la-camara-de-triana\/","name":"Julio C\u00e9sar Triana - Representante a la C\u00e1mara por el Huila","isPartOf":{"@id":"https:\/\/juliocesartriana.com\/#website"},"primaryImageOfPage":{"@id":"https:\/\/juliocesartriana.com\/index.php\/2021\/12\/11\/lideres-de-opinion-se-suman-a-la-candidatura-a-la-camara-de-triana\/#primaryimage"},"datePublished":"2021-12-11T13:18:02+00:00","dateModified":"2021-12-11T16:30:16+00:00","breadcrumb":{"@id":"https:\/\/juliocesartriana.com\/index.php\/2021\/12\/11\/lideres-de-opinion-se-suman-a-la-candidatura-a-la-camara-de-triana\/#breadcrumb"},"inLanguage":"es","potentialAction":[{"@type":"ReadAction","target":["https:\/\/juliocesartriana.com\/index.php\/2021\/12\/11\/lideres-de-opinion-se-suman-a-la-candidatura-a-la-camara-de-triana\/"]}]},{"@type":"BreadcrumbList","@id":"https:\/\/juliocesartriana.com\/index.php\/2021\/12\/11\/lideres-de-opinion-se-suman-a-la-candidatura-a-la-camara-de-triana\/#breadcrumb","itemListElement":[{"@type":"ListItem","position":1,"name":"Portada","item":"https:\/\/juliocesartriana.com\/"},{"@type":"ListItem","position":2,"name":"L\u00edderes de opini\u00f3n se suman a la candidatura de Triana a la C\u00e1mara"}]},{"@type":"Article","@id":"https:\/\/juliocesartriana.com\/index.php\/2021\/12\/11\/lideres-de-opinion-se-suman-a-la-candidatura-a-la-camara-de-triana\/#article","isPartOf":{"@id":"https:\/\/juliocesartriana.com\/index.php\/2021\/12\/11\/lideres-de-opinion-se-suman-a-la-candidatura-a-la-camara-de-triana\/#webpage"},"author":{"@id":"https:\/\/juliocesartriana.com\/#\/schema\/person\/deecb92c18f2299a8c280aa4eabd1a03"},"headline":"L\u00edderes de opini\u00f3n se suman a la candidatura de Triana a la C\u00e1mara","datePublished":"2021-12-11T13:18:02+00:00","dateModified":"2021-12-11T16:30:16+00:00","mainEntityOfPage":{"@id":"https:\/\/juliocesartriana.com\/index.php\/2021\/12\/11\/lideres-de-opinion-se-suman-a-la-candidatura-a-la-camara-de-triana\/#webpage"},"wordCount":246,"commentCount":0,"publisher":{"@id":"https:\/\/juliocesartriana.com\/#organization"},"image":{"@id":"https:\/\/juliocesartriana.com\/index.php\/2021\/12\/11\/lideres-de-opinion-se-suman-a-la-candidatura-a-la-camara-de-triana\/#primaryimage"},"thumbnailUrl":"https:\/\/juliocesartriana.com\/wp-content\/uploads\/2021\/12\/02-min.jpg","articleSection":["Prensa"],"inLanguage":"es","potentialAction":[{"@type":"CommentAction","name":"Comment","target":["https:\/\/juliocesartriana.com\/index.php\/2021\/12\/11\/lideres-de-opinion-se-suman-a-la-candidatura-a-la-camara-de-triana\/#respond"]}]},{"@type":"Person","@id":"https:\/\/juliocesartriana.com\/#\/schema\/person\/deecb92c18f2299a8c280aa4eabd1a03","name":"admin","image":{"@type":"ImageObject","@id":"https:\/\/juliocesartriana.com\/#personlogo","inLanguage":"es","url":"https:\/\/secure.gravatar.com\/avatar\/a796496fa1985f3a559e872a5db21305d7a391de67117abdfa8eb899c7bea95c?s=96&d=mm&r=g","contentUrl":"https:\/\/secure.gravatar.com\/avatar\/a796496fa1985f3a559e872a5db21305d7a391de67117abdfa8eb899c7bea95c?s=96&d=mm&r=g","caption":"admin"},"sameAs":["https:\/\/juliocesartriana.com"],"url":"https:\/\/juliocesartriana.com\/index.php\/author\/admin_dovqajq2\/"}]}},"_links":{"self":[{"href":"https:\/\/juliocesartriana.com\/index.php\/wp-json\/wp\/v2\/posts\/3411","targetHints":{"allow":["GET"]}}],"collection":[{"href":"https:\/\/juliocesartriana.com\/index.php\/wp-json\/wp\/v2\/posts"}],"about":[{"href":"https:\/\/juliocesartriana.com\/index.php\/wp-json\/wp\/v2\/types\/post"}],"author":[{"embeddable":true,"href":"https:\/\/juliocesartriana.com\/index.php\/wp-json\/wp\/v2\/users\/1"}],"replies":[{"embeddable":true,"href":"https:\/\/juliocesartriana.com\/index.php\/wp-json\/wp\/v2\/comments?post=3411"}],"version-history":[{"count":4,"href":"https:\/\/juliocesartriana.com\/index.php\/wp-json\/wp\/v2\/posts\/3411\/revisions"}],"predecessor-version":[{"id":3442,"href":"https:\/\/juliocesartriana.com\/index.php\/wp-json\/wp\/v2\/posts\/3411\/revisions\/3442"}],"wp:featuredmedia":[{"embeddable":true,"href":"https:\/\/juliocesartriana.com\/index.php\/wp-json\/wp\/v2\/media\/3438"}],"wp:attachment":[{"href":"https:\/\/juliocesartriana.com\/index.php\/wp-json\/wp\/v2\/media?parent=3411"}],"wp:term":[{"taxonomy":"category","embeddable":true,"href":"https:\/\/juliocesartriana.com\/index.php\/wp-json\/wp\/v2\/categories?post=3411"},{"taxonomy":"post_tag","embeddable":true,"href":"https:\/\/juliocesartriana.com\/index.php\/wp-json\/wp\/v2\/tags?post=3411"}],"curies":[{"name":"wp","href":"https:\/\/api.w.org\/{rel}","templated":true}]}}