{"id":3396,"date":"2021-12-07T17:19:07","date_gmt":"2021-12-07T17:19:07","guid":{"rendered":"https:\/\/juliocesartriana.com\/?p=3396"},"modified":"2021-12-07T17:26:11","modified_gmt":"2021-12-07T17:26:11","slug":"volveremos-a-aspirar-a-la-camara-de-representantes","status":"publish","type":"post","link":"https:\/\/juliocesartriana.com\/index.php\/2021\/12\/07\/volveremos-a-aspirar-a-la-camara-de-representantes\/","title":{"rendered":"Volveremos a Aspirar a la C\u00e1mara de Representantes"},"content":{"rendered":"\n<p>Con la tranquilidad de haber hecho un trabajo responsable, dedicado y con resultados, he decidido volver a aspirar a la C\u00e1mara de Representantes por mi departamento.<a href=\"https:\/\/fb.watch\/9KodVTFdUd\/\" data-type=\"URL\" data-id=\"https:\/\/fb.watch\/9KodVTFdUd\/\"><strong><span style=\"color:#1d4258\" class=\"has-inline-color\"> <\/span><em><span style=\"color:#11547b\" class=\"has-inline-color\">(Ver video).<\/span><\/em><\/strong><\/a><\/p>\n\n\n\n<p>Asumo este reto, convencido de que todav\u00eda podemos seguir trabajando por nuestro Huila querido, por su gente y por el desarrollo integral de la regi\u00f3n. Queremos seguir siendo La Voz de los j\u00f3venes, &nbsp;de las mujeres, de los campesinos y de los opitas.<\/p>\n\n\n\n<p>Desde que llegamos al Congreso, no hemos parado de trabajar. Hemos presentado m\u00e1s de 85 proyectos de ley, 9 ya son leyes de la Rep\u00fablica, hemos llevado a cabo m\u00e1s de 5 debates de control pol\u00edtico, logramos ser reconocidos a nivel nacional como uno de los mejores 10 congresistas y presidimos la comisi\u00f3n m\u00e1s importante de la C\u00e1mara de Representantes.<\/p>\n\n\n\n<p>Hemos defendido los intereses de nuestros cafeteros, denunciado el alto costo de los agroinsumos, hemos luchado por promover la vinculaci\u00f3n laboral de los j\u00f3venes, por mayores garant\u00edas para las mujeres y, por supuesto, tambi\u00e9n hemos defendido con vehemencia la protecci\u00f3n de nuestros ni\u00f1os y ni\u00f1as.<\/p>\n\n\n\n<p>Tampoco hemos parado de recorrer el departamento. Hemos hecho m\u00e1s de 180 visitas a municipios, corregimientos, veredas, para escuchar a nuestra ciudadan\u00eda, sus preocupaciones, sus iniciativas y, como deber ser, para rendir cuentas sobre nuestro trabajo en el Congreso.<\/p>\n\n\n\n<p>Hoy, quiero agradecerte por haber depositado tu confianza en m\u00ed hace cuatro a\u00f1os y te invito a que me apoyes nuevamente para poder ser La Voz del Huila en el Congreso.<\/p>\n","protected":false},"excerpt":{"rendered":"<p>Con la tranquilidad de haber hecho un trabajo responsable, dedicado y con resultados, he decidido volver a aspirar a la C\u00e1mara de Representantes por mi departamento. (Ver video). Asumo este reto, convencido de que todav\u00eda podemos seguir trabajando por nuestro Huila querido, por su gente y por el desarrollo integral de la regi\u00f3n. Queremos seguir &hellip;<\/p>\n<p class=\"read-more\"> <a class=\"\" href=\"https:\/\/juliocesartriana.com\/index.php\/2021\/12\/07\/volveremos-a-aspirar-a-la-camara-de-representantes\/\"> <span class=\"screen-reader-text\">Volveremos a Aspirar a la C\u00e1mara de Representantes<\/span> Leer m\u00e1s &raquo;<\/a><\/p>\n","protected":false},"author":1,"featured_media":3399,"comment_status":"open","ping_status":"open","sticky":false,"template":"","format":"standard","meta":{"ngg_post_thumbnail":0,"footnotes":""},"categories":[9],"tags":[],"class_list":["post-3396","post","type-post","status-publish","format-standard","has-post-thumbnail","hentry","category-prensa"],"yoast_head":"<!-- This site is optimized with the Yoast SEO plugin v18.5.1 - https:\/\/yoast.com\/wordpress\/plugins\/seo\/ -->\n<title>Julio C\u00e9sar Triana - Representante a la C\u00e1mara por el Huila<\/title>\n<meta name=\"robots\" content=\"index, follow, max-snippet:-1, max-image-preview:large, max-video-preview:-1\" \/>\n<link rel=\"canonical\" href=\"https:\/\/juliocesartriana.com\/index.php\/2021\/12\/07\/volveremos-a-aspirar-a-la-camara-de-representantes\/\" \/>\n<meta property=\"og:locale\" content=\"es_ES\" \/>\n<meta property=\"og:type\" content=\"article\" \/>\n<meta property=\"og:title\" content=\"Julio C\u00e9sar Triana - Representante a la C\u00e1mara por el Huila\" \/>\n<meta property=\"og:description\" content=\"Con la tranquilidad de haber hecho un trabajo responsable, dedicado y con resultados, he decidido volver a aspirar a la C\u00e1mara de Representantes por mi departamento. (Ver video). Asumo este reto, convencido de que todav\u00eda podemos seguir trabajando por nuestro Huila querido, por su gente y por el desarrollo integral de la regi\u00f3n. Queremos seguir &hellip; Volveremos a Aspirar a la C\u00e1mara de Representantes Leer m\u00e1s &raquo;\" \/>\n<meta property=\"og:url\" content=\"https:\/\/juliocesartriana.com\/index.php\/2021\/12\/07\/volveremos-a-aspirar-a-la-camara-de-representantes\/\" \/>\n<meta property=\"og:site_name\" content=\"Julio C\u00e9sar Triana - Representante a la C\u00e1mara por el Huila\" \/>\n<meta property=\"article:publisher\" content=\"https:\/\/www.facebook.com\/TrianaCongreso\/\" \/>\n<meta property=\"article:published_time\" content=\"2021-12-07T17:19:07+00:00\" \/>\n<meta property=\"article:modified_time\" content=\"2021-12-07T17:26:11+00:00\" \/>\n<meta property=\"og:image\" content=\"https:\/\/juliocesartriana.com\/wp-content\/uploads\/2021\/12\/C.jpeg\" \/>\n\t<meta property=\"og:image:width\" content=\"1024\" \/>\n\t<meta property=\"og:image:height\" content=\"768\" \/>\n\t<meta property=\"og:image:type\" content=\"image\/jpeg\" \/>\n<meta name=\"twitter:card\" content=\"summary_large_image\" \/>\n<meta name=\"twitter:label1\" content=\"Escrito por\" \/>\n\t<meta name=\"twitter:data1\" content=\"admin\" \/>\n\t<meta name=\"twitter:label2\" content=\"Tiempo de lectura\" \/>\n\t<meta name=\"twitter:data2\" content=\"1 minuto\" \/>\n<script type=\"application\/ld+json\" class=\"yoast-schema-graph\">{\"@context\":\"https:\/\/schema.org\",\"@graph\":[{\"@type\":\"Organization\",\"@id\":\"https:\/\/juliocesartriana.com\/#organization\",\"name\":\"Julio C\u00e9sar Triana - Representante a la C\u00e1mara\",\"url\":\"https:\/\/juliocesartriana.com\/\",\"sameAs\":[\"https:\/\/www.facebook.com\/TrianaCongreso\/\",\"https:\/\/www.instagram.com\/trianacongreso\/\"],\"logo\":{\"@type\":\"ImageObject\",\"@id\":\"https:\/\/juliocesartriana.com\/#logo\",\"inLanguage\":\"es\",\"url\":\"https:\/\/juliocesartriana.com\/wp-content\/uploads\/2021\/03\/Salo\u0301n-eli\u0301ptico-presidiendo-1.jpeg\",\"contentUrl\":\"https:\/\/juliocesartriana.com\/wp-content\/uploads\/2021\/03\/Salo\u0301n-eli\u0301ptico-presidiendo-1.jpeg\",\"width\":1280,\"height\":853,\"caption\":\"Julio C\u00e9sar Triana - Representante a la C\u00e1mara\"},\"image\":{\"@id\":\"https:\/\/juliocesartriana.com\/#logo\"}},{\"@type\":\"WebSite\",\"@id\":\"https:\/\/juliocesartriana.com\/#website\",\"url\":\"https:\/\/juliocesartriana.com\/\",\"name\":\"Julio C\u00e9sar Triana - Representante a la C\u00e1mara por el Huila\",\"description\":\"Representante a la C\u00e1mara por el Departamento del Huila.\",\"publisher\":{\"@id\":\"https:\/\/juliocesartriana.com\/#organization\"},\"potentialAction\":[{\"@type\":\"SearchAction\",\"target\":{\"@type\":\"EntryPoint\",\"urlTemplate\":\"https:\/\/juliocesartriana.com\/?s={search_term_string}\"},\"query-input\":\"required name=search_term_string\"}],\"inLanguage\":\"es\"},{\"@type\":\"ImageObject\",\"@id\":\"https:\/\/juliocesartriana.com\/index.php\/2021\/12\/07\/volveremos-a-aspirar-a-la-camara-de-representantes\/#primaryimage\",\"inLanguage\":\"es\",\"url\":\"https:\/\/juliocesartriana.com\/wp-content\/uploads\/2021\/12\/C.jpeg\",\"contentUrl\":\"https:\/\/juliocesartriana.com\/wp-content\/uploads\/2021\/12\/C.jpeg\",\"width\":1024,\"height\":768},{\"@type\":\"WebPage\",\"@id\":\"https:\/\/juliocesartriana.com\/index.php\/2021\/12\/07\/volveremos-a-aspirar-a-la-camara-de-representantes\/#webpage\",\"url\":\"https:\/\/juliocesartriana.com\/index.php\/2021\/12\/07\/volveremos-a-aspirar-a-la-camara-de-representantes\/\",\"name\":\"Julio C\u00e9sar Triana - Representante a la C\u00e1mara por el Huila\",\"isPartOf\":{\"@id\":\"https:\/\/juliocesartriana.com\/#website\"},\"primaryImageOfPage\":{\"@id\":\"https:\/\/juliocesartriana.com\/index.php\/2021\/12\/07\/volveremos-a-aspirar-a-la-camara-de-representantes\/#primaryimage\"},\"datePublished\":\"2021-12-07T17:19:07+00:00\",\"dateModified\":\"2021-12-07T17:26:11+00:00\",\"breadcrumb\":{\"@id\":\"https:\/\/juliocesartriana.com\/index.php\/2021\/12\/07\/volveremos-a-aspirar-a-la-camara-de-representantes\/#breadcrumb\"},\"inLanguage\":\"es\",\"potentialAction\":[{\"@type\":\"ReadAction\",\"target\":[\"https:\/\/juliocesartriana.com\/index.php\/2021\/12\/07\/volveremos-a-aspirar-a-la-camara-de-representantes\/\"]}]},{\"@type\":\"BreadcrumbList\",\"@id\":\"https:\/\/juliocesartriana.com\/index.php\/2021\/12\/07\/volveremos-a-aspirar-a-la-camara-de-representantes\/#breadcrumb\",\"itemListElement\":[{\"@type\":\"ListItem\",\"position\":1,\"name\":\"Portada\",\"item\":\"https:\/\/juliocesartriana.com\/\"},{\"@type\":\"ListItem\",\"position\":2,\"name\":\"Volveremos a Aspirar a la C\u00e1mara de Representantes\"}]},{\"@type\":\"Article\",\"@id\":\"https:\/\/juliocesartriana.com\/index.php\/2021\/12\/07\/volveremos-a-aspirar-a-la-camara-de-representantes\/#article\",\"isPartOf\":{\"@id\":\"https:\/\/juliocesartriana.com\/index.php\/2021\/12\/07\/volveremos-a-aspirar-a-la-camara-de-representantes\/#webpage\"},\"author\":{\"@id\":\"https:\/\/juliocesartriana.com\/#\/schema\/person\/deecb92c18f2299a8c280aa4eabd1a03\"},\"headline\":\"Volveremos a Aspirar a la C\u00e1mara de Representantes\",\"datePublished\":\"2021-12-07T17:19:07+00:00\",\"dateModified\":\"2021-12-07T17:26:11+00:00\",\"mainEntityOfPage\":{\"@id\":\"https:\/\/juliocesartriana.com\/index.php\/2021\/12\/07\/volveremos-a-aspirar-a-la-camara-de-representantes\/#webpage\"},\"wordCount\":272,\"commentCount\":0,\"publisher\":{\"@id\":\"https:\/\/juliocesartriana.com\/#organization\"},\"image\":{\"@id\":\"https:\/\/juliocesartriana.com\/index.php\/2021\/12\/07\/volveremos-a-aspirar-a-la-camara-de-representantes\/#primaryimage\"},\"thumbnailUrl\":\"https:\/\/juliocesartriana.com\/wp-content\/uploads\/2021\/12\/C.jpeg\",\"articleSection\":[\"Prensa\"],\"inLanguage\":\"es\",\"potentialAction\":[{\"@type\":\"CommentAction\",\"name\":\"Comment\",\"target\":[\"https:\/\/juliocesartriana.com\/index.php\/2021\/12\/07\/volveremos-a-aspirar-a-la-camara-de-representantes\/#respond\"]}]},{\"@type\":\"Person\",\"@id\":\"https:\/\/juliocesartriana.com\/#\/schema\/person\/deecb92c18f2299a8c280aa4eabd1a03\",\"name\":\"admin\",\"image\":{\"@type\":\"ImageObject\",\"@id\":\"https:\/\/juliocesartriana.com\/#personlogo\",\"inLanguage\":\"es\",\"url\":\"https:\/\/secure.gravatar.com\/avatar\/a796496fa1985f3a559e872a5db21305d7a391de67117abdfa8eb899c7bea95c?s=96&d=mm&r=g\",\"contentUrl\":\"https:\/\/secure.gravatar.com\/avatar\/a796496fa1985f3a559e872a5db21305d7a391de67117abdfa8eb899c7bea95c?s=96&d=mm&r=g\",\"caption\":\"admin\"},\"sameAs\":[\"https:\/\/juliocesartriana.com\"],\"url\":\"https:\/\/juliocesartriana.com\/index.php\/author\/admin_dovqajq2\/\"}]}<\/script>\n<!-- \/ Yoast SEO plugin. -->","yoast_head_json":{"title":"Julio C\u00e9sar Triana - Representante a la C\u00e1mara por el Huila","robots":{"index":"index","follow":"follow","max-snippet":"max-snippet:-1","max-image-preview":"max-image-preview:large","max-video-preview":"max-video-preview:-1"},"canonical":"https:\/\/juliocesartriana.com\/index.php\/2021\/12\/07\/volveremos-a-aspirar-a-la-camara-de-representantes\/","og_locale":"es_ES","og_type":"article","og_title":"Julio C\u00e9sar Triana - Representante a la C\u00e1mara por el Huila","og_description":"Con la tranquilidad de haber hecho un trabajo responsable, dedicado y con resultados, he decidido volver a aspirar a la C\u00e1mara de Representantes por mi departamento. (Ver video). Asumo este reto, convencido de que todav\u00eda podemos seguir trabajando por nuestro Huila querido, por su gente y por el desarrollo integral de la regi\u00f3n. Queremos seguir &hellip; Volveremos a Aspirar a la C\u00e1mara de Representantes Leer m\u00e1s &raquo;","og_url":"https:\/\/juliocesartriana.com\/index.php\/2021\/12\/07\/volveremos-a-aspirar-a-la-camara-de-representantes\/","og_site_name":"Julio C\u00e9sar Triana - Representante a la C\u00e1mara por el Huila","article_publisher":"https:\/\/www.facebook.com\/TrianaCongreso\/","article_published_time":"2021-12-07T17:19:07+00:00","article_modified_time":"2021-12-07T17:26:11+00:00","og_image":[{"width":1024,"height":768,"url":"https:\/\/juliocesartriana.com\/wp-content\/uploads\/2021\/12\/C.jpeg","type":"image\/jpeg"}],"twitter_card":"summary_large_image","twitter_misc":{"Escrito por":"admin","Tiempo de lectura":"1 minuto"},"schema":{"@context":"https:\/\/schema.org","@graph":[{"@type":"Organization","@id":"https:\/\/juliocesartriana.com\/#organization","name":"Julio C\u00e9sar Triana - Representante a la C\u00e1mara","url":"https:\/\/juliocesartriana.com\/","sameAs":["https:\/\/www.facebook.com\/TrianaCongreso\/","https:\/\/www.instagram.com\/trianacongreso\/"],"logo":{"@type":"ImageObject","@id":"https:\/\/juliocesartriana.com\/#logo","inLanguage":"es","url":"https:\/\/juliocesartriana.com\/wp-content\/uploads\/2021\/03\/Salo\u0301n-eli\u0301ptico-presidiendo-1.jpeg","contentUrl":"https:\/\/juliocesartriana.com\/wp-content\/uploads\/2021\/03\/Salo\u0301n-eli\u0301ptico-presidiendo-1.jpeg","width":1280,"height":853,"caption":"Julio C\u00e9sar Triana - Representante a la C\u00e1mara"},"image":{"@id":"https:\/\/juliocesartriana.com\/#logo"}},{"@type":"WebSite","@id":"https:\/\/juliocesartriana.com\/#website","url":"https:\/\/juliocesartriana.com\/","name":"Julio C\u00e9sar Triana - Representante a la C\u00e1mara por el Huila","description":"Representante a la C\u00e1mara por el Departamento del Huila.","publisher":{"@id":"https:\/\/juliocesartriana.com\/#organization"},"potentialAction":[{"@type":"SearchAction","target":{"@type":"EntryPoint","urlTemplate":"https:\/\/juliocesartriana.com\/?s={search_term_string}"},"query-input":"required name=search_term_string"}],"inLanguage":"es"},{"@type":"ImageObject","@id":"https:\/\/juliocesartriana.com\/index.php\/2021\/12\/07\/volveremos-a-aspirar-a-la-camara-de-representantes\/#primaryimage","inLanguage":"es","url":"https:\/\/juliocesartriana.com\/wp-content\/uploads\/2021\/12\/C.jpeg","contentUrl":"https:\/\/juliocesartriana.com\/wp-content\/uploads\/2021\/12\/C.jpeg","width":1024,"height":768},{"@type":"WebPage","@id":"https:\/\/juliocesartriana.com\/index.php\/2021\/12\/07\/volveremos-a-aspirar-a-la-camara-de-representantes\/#webpage","url":"https:\/\/juliocesartriana.com\/index.php\/2021\/12\/07\/volveremos-a-aspirar-a-la-camara-de-representantes\/","name":"Julio C\u00e9sar Triana - Representante a la C\u00e1mara por el Huila","isPartOf":{"@id":"https:\/\/juliocesartriana.com\/#website"},"primaryImageOfPage":{"@id":"https:\/\/juliocesartriana.com\/index.php\/2021\/12\/07\/volveremos-a-aspirar-a-la-camara-de-representantes\/#primaryimage"},"datePublished":"2021-12-07T17:19:07+00:00","dateModified":"2021-12-07T17:26:11+00:00","breadcrumb":{"@id":"https:\/\/juliocesartriana.com\/index.php\/2021\/12\/07\/volveremos-a-aspirar-a-la-camara-de-representantes\/#breadcrumb"},"inLanguage":"es","potentialAction":[{"@type":"ReadAction","target":["https:\/\/juliocesartriana.com\/index.php\/2021\/12\/07\/volveremos-a-aspirar-a-la-camara-de-representantes\/"]}]},{"@type":"BreadcrumbList","@id":"https:\/\/juliocesartriana.com\/index.php\/2021\/12\/07\/volveremos-a-aspirar-a-la-camara-de-representantes\/#breadcrumb","itemListElement":[{"@type":"ListItem","position":1,"name":"Portada","item":"https:\/\/juliocesartriana.com\/"},{"@type":"ListItem","position":2,"name":"Volveremos a Aspirar a la C\u00e1mara de Representantes"}]},{"@type":"Article","@id":"https:\/\/juliocesartriana.com\/index.php\/2021\/12\/07\/volveremos-a-aspirar-a-la-camara-de-representantes\/#article","isPartOf":{"@id":"https:\/\/juliocesartriana.com\/index.php\/2021\/12\/07\/volveremos-a-aspirar-a-la-camara-de-representantes\/#webpage"},"author":{"@id":"https:\/\/juliocesartriana.com\/#\/schema\/person\/deecb92c18f2299a8c280aa4eabd1a03"},"headline":"Volveremos a Aspirar a la C\u00e1mara de Representantes","datePublished":"2021-12-07T17:19:07+00:00","dateModified":"2021-12-07T17:26:11+00:00","mainEntityOfPage":{"@id":"https:\/\/juliocesartriana.com\/index.php\/2021\/12\/07\/volveremos-a-aspirar-a-la-camara-de-representantes\/#webpage"},"wordCount":272,"commentCount":0,"publisher":{"@id":"https:\/\/juliocesartriana.com\/#organization"},"image":{"@id":"https:\/\/juliocesartriana.com\/index.php\/2021\/12\/07\/volveremos-a-aspirar-a-la-camara-de-representantes\/#primaryimage"},"thumbnailUrl":"https:\/\/juliocesartriana.com\/wp-content\/uploads\/2021\/12\/C.jpeg","articleSection":["Prensa"],"inLanguage":"es","potentialAction":[{"@type":"CommentAction","name":"Comment","target":["https:\/\/juliocesartriana.com\/index.php\/2021\/12\/07\/volveremos-a-aspirar-a-la-camara-de-representantes\/#respond"]}]},{"@type":"Person","@id":"https:\/\/juliocesartriana.com\/#\/schema\/person\/deecb92c18f2299a8c280aa4eabd1a03","name":"admin","image":{"@type":"ImageObject","@id":"https:\/\/juliocesartriana.com\/#personlogo","inLanguage":"es","url":"https:\/\/secure.gravatar.com\/avatar\/a796496fa1985f3a559e872a5db21305d7a391de67117abdfa8eb899c7bea95c?s=96&d=mm&r=g","contentUrl":"https:\/\/secure.gravatar.com\/avatar\/a796496fa1985f3a559e872a5db21305d7a391de67117abdfa8eb899c7bea95c?s=96&d=mm&r=g","caption":"admin"},"sameAs":["https:\/\/juliocesartriana.com"],"url":"https:\/\/juliocesartriana.com\/index.php\/author\/admin_dovqajq2\/"}]}},"_links":{"self":[{"href":"https:\/\/juliocesartriana.com\/index.php\/wp-json\/wp\/v2\/posts\/3396","targetHints":{"allow":["GET"]}}],"collection":[{"href":"https:\/\/juliocesartriana.com\/index.php\/wp-json\/wp\/v2\/posts"}],"about":[{"href":"https:\/\/juliocesartriana.com\/index.php\/wp-json\/wp\/v2\/types\/post"}],"author":[{"embeddable":true,"href":"https:\/\/juliocesartriana.com\/index.php\/wp-json\/wp\/v2\/users\/1"}],"replies":[{"embeddable":true,"href":"https:\/\/juliocesartriana.com\/index.php\/wp-json\/wp\/v2\/comments?post=3396"}],"version-history":[{"count":2,"href":"https:\/\/juliocesartriana.com\/index.php\/wp-json\/wp\/v2\/posts\/3396\/revisions"}],"predecessor-version":[{"id":3400,"href":"https:\/\/juliocesartriana.com\/index.php\/wp-json\/wp\/v2\/posts\/3396\/revisions\/3400"}],"wp:featuredmedia":[{"embeddable":true,"href":"https:\/\/juliocesartriana.com\/index.php\/wp-json\/wp\/v2\/media\/3399"}],"wp:attachment":[{"href":"https:\/\/juliocesartriana.com\/index.php\/wp-json\/wp\/v2\/media?parent=3396"}],"wp:term":[{"taxonomy":"category","embeddable":true,"href":"https:\/\/juliocesartriana.com\/index.php\/wp-json\/wp\/v2\/categories?post=3396"},{"taxonomy":"post_tag","embeddable":true,"href":"https:\/\/juliocesartriana.com\/index.php\/wp-json\/wp\/v2\/tags?post=3396"}],"curies":[{"name":"wp","href":"https:\/\/api.w.org\/{rel}","templated":true}]}}