{"id":3368,"date":"2021-11-05T22:50:57","date_gmt":"2021-11-05T22:50:57","guid":{"rendered":"https:\/\/juliocesartriana.com\/?p=3368"},"modified":"2021-11-06T13:08:33","modified_gmt":"2021-11-06T13:08:33","slug":"los-jovenes-del-huila-llegaron-al-capitolio-nacional","status":"publish","type":"post","link":"https:\/\/juliocesartriana.com\/index.php\/2021\/11\/05\/los-jovenes-del-huila-llegaron-al-capitolio-nacional\/","title":{"rendered":"Los j\u00f3venes del Huila llegaron al Capitolio Nacional"},"content":{"rendered":"\n<p>Este jueves, los candidatos a los Consejos Municipales de juventud por el departamento del Huila llegaron a Bogot\u00e1 a participar de una jornada l\u00fadica en el Congreso de la Rep\u00fablica, liderada por el Representante a la C\u00e1mara, Julio C\u00e9sar Triana. All\u00ed, los j\u00f3venes pudieron conocer la historia, arquitectura y arte de este recinto.<\/p>\n\n\n\n<p>Durante el recorrido, los candidatos a los CMJ pudieron conocer el Sal\u00f3n El\u00edptico, el Sal\u00f3n Boyac\u00e1 y los diferentes lugares donde se llevan a cabo las plenarias.<\/p>\n\n\n\n<p><em><strong>\u201cMe llena de emoci\u00f3n haber contribuido para que estos j\u00f3venes pudieran conocer \u2018La Casa de la Democracia\u2019. Desde muy peque\u00f1o tuve el sue\u00f1o de poder recorrer estos pasillos y ver hoy que este grupo tiene la posibilidad de hacerlo me llena de satisfacci\u00f3n. Estos j\u00f3venes se han convertido en agentes de cambio y en grandes l\u00edderes de nuestro departamento del Huila\u201d, afirm\u00f3 el Representante Triana.<\/strong><\/em><\/p>\n\n\n\n<p>En las horas de la tarde, las puertas de la Presidencia de la Rep\u00fablica se abrieron para que los j\u00f3venes del Huila conocieran las instalaciones de la Casa de Nari\u00f1o. All\u00ed, adem\u00e1s de conocer la historia que esconde esta edificaci\u00f3n, pudieron adentrarse en el significado de cada uno de los objetos que componen este lugar.<\/p>\n\n\n\n<p>Este jueves, los candidatos a los Consejos Municipales de juventud por el departamento del Huila llegaron a Bogot\u00e1 a participar de una jornada l\u00fadica en el Congreso de la Rep\u00fablica, liderada por el Representante a la C\u00e1mara, Julio C\u00e9sar Triana. All\u00ed, los j\u00f3venes pudieron conocer la historia, arquitectura y arte de este recinto.<\/p>\n\n\n\n<p>\u201cMe llena de emoci\u00f3n haber contribuido para que estos j\u00f3venes pudieran conocer \u2018La Casa de la Democracia\u2019. Desde muy peque\u00f1o tuve el sue\u00f1o de poder recorrer estos pasillos y ver hoy que este grupo tiene la posibilidad de hacerlo me llena de satisfacci\u00f3n. Estos j\u00f3venes se han convertido en agentes de cambio y en grandes l\u00edderes de nuestro departamento del Huila\u201d, afirm\u00f3 el Representante Triana.<\/p>\n\n\n\n<p>Durante el recorrido, los candidatos a los CMJ pudieron conocer el Sal\u00f3n El\u00edptico, el Sal\u00f3n Boyac\u00e1 y los diferentes lugares donde se llevan a cabo las plenarias.<\/p>\n\n\n\n<p>En las horas de la tarde, las puertas de la Presidencia de la Rep\u00fablica se abrieron para que los j\u00f3venes del Huila conocieran las instalaciones de la Casa de Nari\u00f1o. All\u00ed, adem\u00e1s de conocer la historia que esconde esta edificaci\u00f3n, pudieron adentrarse en el significado de cada uno de los objetos que componen este lugar.<\/p>\n","protected":false},"excerpt":{"rendered":"<p>Este jueves, los candidatos a los Consejos Municipales de juventud por el departamento del Huila llegaron a Bogot\u00e1 a participar de una jornada l\u00fadica en el Congreso de la Rep\u00fablica, liderada por el Representante a la C\u00e1mara, Julio C\u00e9sar Triana. All\u00ed, los j\u00f3venes pudieron conocer la historia, arquitectura y arte de este recinto. Durante el &hellip;<\/p>\n<p class=\"read-more\"> <a class=\"\" href=\"https:\/\/juliocesartriana.com\/index.php\/2021\/11\/05\/los-jovenes-del-huila-llegaron-al-capitolio-nacional\/\"> <span class=\"screen-reader-text\">Los j\u00f3venes del Huila llegaron al Capitolio Nacional<\/span> Leer m\u00e1s &raquo;<\/a><\/p>\n","protected":false},"author":1,"featured_media":3375,"comment_status":"open","ping_status":"open","sticky":false,"template":"","format":"standard","meta":{"ngg_post_thumbnail":0,"footnotes":""},"categories":[9],"tags":[],"class_list":["post-3368","post","type-post","status-publish","format-standard","has-post-thumbnail","hentry","category-prensa"],"yoast_head":"<!-- This site is optimized with the Yoast SEO plugin v18.5.1 - https:\/\/yoast.com\/wordpress\/plugins\/seo\/ -->\n<title>Julio C\u00e9sar Triana - Representante a la C\u00e1mara por el Huila<\/title>\n<meta name=\"robots\" content=\"index, follow, max-snippet:-1, max-image-preview:large, max-video-preview:-1\" \/>\n<link rel=\"canonical\" href=\"https:\/\/juliocesartriana.com\/index.php\/2021\/11\/05\/los-jovenes-del-huila-llegaron-al-capitolio-nacional\/\" \/>\n<meta property=\"og:locale\" content=\"es_ES\" \/>\n<meta property=\"og:type\" content=\"article\" \/>\n<meta property=\"og:title\" content=\"Julio C\u00e9sar Triana - Representante a la C\u00e1mara por el Huila\" \/>\n<meta property=\"og:description\" content=\"Este jueves, los candidatos a los Consejos Municipales de juventud por el departamento del Huila llegaron a Bogot\u00e1 a participar de una jornada l\u00fadica en el Congreso de la Rep\u00fablica, liderada por el Representante a la C\u00e1mara, Julio C\u00e9sar Triana. All\u00ed, los j\u00f3venes pudieron conocer la historia, arquitectura y arte de este recinto. Durante el &hellip; Los j\u00f3venes del Huila llegaron al Capitolio Nacional Leer m\u00e1s &raquo;\" \/>\n<meta property=\"og:url\" content=\"https:\/\/juliocesartriana.com\/index.php\/2021\/11\/05\/los-jovenes-del-huila-llegaron-al-capitolio-nacional\/\" \/>\n<meta property=\"og:site_name\" content=\"Julio C\u00e9sar Triana - Representante a la C\u00e1mara por el Huila\" \/>\n<meta property=\"article:publisher\" content=\"https:\/\/www.facebook.com\/TrianaCongreso\/\" \/>\n<meta property=\"article:published_time\" content=\"2021-11-05T22:50:57+00:00\" \/>\n<meta property=\"article:modified_time\" content=\"2021-11-06T13:08:33+00:00\" \/>\n<meta property=\"og:image\" content=\"https:\/\/juliocesartriana.com\/wp-content\/uploads\/2021\/11\/IMG_0367-1-scaled.jpg\" \/>\n\t<meta property=\"og:image:width\" content=\"2560\" \/>\n\t<meta property=\"og:image:height\" content=\"1950\" \/>\n\t<meta property=\"og:image:type\" content=\"image\/jpeg\" \/>\n<meta name=\"twitter:card\" content=\"summary_large_image\" \/>\n<meta name=\"twitter:label1\" content=\"Escrito por\" \/>\n\t<meta name=\"twitter:data1\" content=\"admin\" \/>\n\t<meta name=\"twitter:label2\" content=\"Tiempo de lectura\" \/>\n\t<meta name=\"twitter:data2\" content=\"2 minutos\" \/>\n<script type=\"application\/ld+json\" class=\"yoast-schema-graph\">{\"@context\":\"https:\/\/schema.org\",\"@graph\":[{\"@type\":\"Organization\",\"@id\":\"https:\/\/juliocesartriana.com\/#organization\",\"name\":\"Julio C\u00e9sar Triana - Representante a la C\u00e1mara\",\"url\":\"https:\/\/juliocesartriana.com\/\",\"sameAs\":[\"https:\/\/www.facebook.com\/TrianaCongreso\/\",\"https:\/\/www.instagram.com\/trianacongreso\/\"],\"logo\":{\"@type\":\"ImageObject\",\"@id\":\"https:\/\/juliocesartriana.com\/#logo\",\"inLanguage\":\"es\",\"url\":\"https:\/\/juliocesartriana.com\/wp-content\/uploads\/2021\/03\/Salo\u0301n-eli\u0301ptico-presidiendo-1.jpeg\",\"contentUrl\":\"https:\/\/juliocesartriana.com\/wp-content\/uploads\/2021\/03\/Salo\u0301n-eli\u0301ptico-presidiendo-1.jpeg\",\"width\":1280,\"height\":853,\"caption\":\"Julio C\u00e9sar Triana - Representante a la C\u00e1mara\"},\"image\":{\"@id\":\"https:\/\/juliocesartriana.com\/#logo\"}},{\"@type\":\"WebSite\",\"@id\":\"https:\/\/juliocesartriana.com\/#website\",\"url\":\"https:\/\/juliocesartriana.com\/\",\"name\":\"Julio C\u00e9sar Triana - Representante a la C\u00e1mara por el Huila\",\"description\":\"Representante a la C\u00e1mara por el Departamento del Huila.\",\"publisher\":{\"@id\":\"https:\/\/juliocesartriana.com\/#organization\"},\"potentialAction\":[{\"@type\":\"SearchAction\",\"target\":{\"@type\":\"EntryPoint\",\"urlTemplate\":\"https:\/\/juliocesartriana.com\/?s={search_term_string}\"},\"query-input\":\"required name=search_term_string\"}],\"inLanguage\":\"es\"},{\"@type\":\"ImageObject\",\"@id\":\"https:\/\/juliocesartriana.com\/index.php\/2021\/11\/05\/los-jovenes-del-huila-llegaron-al-capitolio-nacional\/#primaryimage\",\"inLanguage\":\"es\",\"url\":\"https:\/\/juliocesartriana.com\/wp-content\/uploads\/2021\/11\/IMG_0367-1-scaled.jpg\",\"contentUrl\":\"https:\/\/juliocesartriana.com\/wp-content\/uploads\/2021\/11\/IMG_0367-1-scaled.jpg\",\"width\":2560,\"height\":1950},{\"@type\":\"WebPage\",\"@id\":\"https:\/\/juliocesartriana.com\/index.php\/2021\/11\/05\/los-jovenes-del-huila-llegaron-al-capitolio-nacional\/#webpage\",\"url\":\"https:\/\/juliocesartriana.com\/index.php\/2021\/11\/05\/los-jovenes-del-huila-llegaron-al-capitolio-nacional\/\",\"name\":\"Julio C\u00e9sar Triana - Representante a la C\u00e1mara por el Huila\",\"isPartOf\":{\"@id\":\"https:\/\/juliocesartriana.com\/#website\"},\"primaryImageOfPage\":{\"@id\":\"https:\/\/juliocesartriana.com\/index.php\/2021\/11\/05\/los-jovenes-del-huila-llegaron-al-capitolio-nacional\/#primaryimage\"},\"datePublished\":\"2021-11-05T22:50:57+00:00\",\"dateModified\":\"2021-11-06T13:08:33+00:00\",\"breadcrumb\":{\"@id\":\"https:\/\/juliocesartriana.com\/index.php\/2021\/11\/05\/los-jovenes-del-huila-llegaron-al-capitolio-nacional\/#breadcrumb\"},\"inLanguage\":\"es\",\"potentialAction\":[{\"@type\":\"ReadAction\",\"target\":[\"https:\/\/juliocesartriana.com\/index.php\/2021\/11\/05\/los-jovenes-del-huila-llegaron-al-capitolio-nacional\/\"]}]},{\"@type\":\"BreadcrumbList\",\"@id\":\"https:\/\/juliocesartriana.com\/index.php\/2021\/11\/05\/los-jovenes-del-huila-llegaron-al-capitolio-nacional\/#breadcrumb\",\"itemListElement\":[{\"@type\":\"ListItem\",\"position\":1,\"name\":\"Portada\",\"item\":\"https:\/\/juliocesartriana.com\/\"},{\"@type\":\"ListItem\",\"position\":2,\"name\":\"Los j\u00f3venes del Huila llegaron al Capitolio Nacional\"}]},{\"@type\":\"Article\",\"@id\":\"https:\/\/juliocesartriana.com\/index.php\/2021\/11\/05\/los-jovenes-del-huila-llegaron-al-capitolio-nacional\/#article\",\"isPartOf\":{\"@id\":\"https:\/\/juliocesartriana.com\/index.php\/2021\/11\/05\/los-jovenes-del-huila-llegaron-al-capitolio-nacional\/#webpage\"},\"author\":{\"@id\":\"https:\/\/juliocesartriana.com\/#\/schema\/person\/deecb92c18f2299a8c280aa4eabd1a03\"},\"headline\":\"Los j\u00f3venes del Huila llegaron al Capitolio Nacional\",\"datePublished\":\"2021-11-05T22:50:57+00:00\",\"dateModified\":\"2021-11-06T13:08:33+00:00\",\"mainEntityOfPage\":{\"@id\":\"https:\/\/juliocesartriana.com\/index.php\/2021\/11\/05\/los-jovenes-del-huila-llegaron-al-capitolio-nacional\/#webpage\"},\"wordCount\":449,\"commentCount\":0,\"publisher\":{\"@id\":\"https:\/\/juliocesartriana.com\/#organization\"},\"image\":{\"@id\":\"https:\/\/juliocesartriana.com\/index.php\/2021\/11\/05\/los-jovenes-del-huila-llegaron-al-capitolio-nacional\/#primaryimage\"},\"thumbnailUrl\":\"https:\/\/juliocesartriana.com\/wp-content\/uploads\/2021\/11\/IMG_0367-1-scaled.jpg\",\"articleSection\":[\"Prensa\"],\"inLanguage\":\"es\",\"potentialAction\":[{\"@type\":\"CommentAction\",\"name\":\"Comment\",\"target\":[\"https:\/\/juliocesartriana.com\/index.php\/2021\/11\/05\/los-jovenes-del-huila-llegaron-al-capitolio-nacional\/#respond\"]}]},{\"@type\":\"Person\",\"@id\":\"https:\/\/juliocesartriana.com\/#\/schema\/person\/deecb92c18f2299a8c280aa4eabd1a03\",\"name\":\"admin\",\"image\":{\"@type\":\"ImageObject\",\"@id\":\"https:\/\/juliocesartriana.com\/#personlogo\",\"inLanguage\":\"es\",\"url\":\"https:\/\/secure.gravatar.com\/avatar\/a796496fa1985f3a559e872a5db21305d7a391de67117abdfa8eb899c7bea95c?s=96&d=mm&r=g\",\"contentUrl\":\"https:\/\/secure.gravatar.com\/avatar\/a796496fa1985f3a559e872a5db21305d7a391de67117abdfa8eb899c7bea95c?s=96&d=mm&r=g\",\"caption\":\"admin\"},\"sameAs\":[\"https:\/\/juliocesartriana.com\"],\"url\":\"https:\/\/juliocesartriana.com\/index.php\/author\/admin_dovqajq2\/\"}]}<\/script>\n<!-- \/ Yoast SEO plugin. -->","yoast_head_json":{"title":"Julio C\u00e9sar Triana - Representante a la C\u00e1mara por el Huila","robots":{"index":"index","follow":"follow","max-snippet":"max-snippet:-1","max-image-preview":"max-image-preview:large","max-video-preview":"max-video-preview:-1"},"canonical":"https:\/\/juliocesartriana.com\/index.php\/2021\/11\/05\/los-jovenes-del-huila-llegaron-al-capitolio-nacional\/","og_locale":"es_ES","og_type":"article","og_title":"Julio C\u00e9sar Triana - Representante a la C\u00e1mara por el Huila","og_description":"Este jueves, los candidatos a los Consejos Municipales de juventud por el departamento del Huila llegaron a Bogot\u00e1 a participar de una jornada l\u00fadica en el Congreso de la Rep\u00fablica, liderada por el Representante a la C\u00e1mara, Julio C\u00e9sar Triana. All\u00ed, los j\u00f3venes pudieron conocer la historia, arquitectura y arte de este recinto. Durante el &hellip; Los j\u00f3venes del Huila llegaron al Capitolio Nacional Leer m\u00e1s &raquo;","og_url":"https:\/\/juliocesartriana.com\/index.php\/2021\/11\/05\/los-jovenes-del-huila-llegaron-al-capitolio-nacional\/","og_site_name":"Julio C\u00e9sar Triana - Representante a la C\u00e1mara por el Huila","article_publisher":"https:\/\/www.facebook.com\/TrianaCongreso\/","article_published_time":"2021-11-05T22:50:57+00:00","article_modified_time":"2021-11-06T13:08:33+00:00","og_image":[{"width":2560,"height":1950,"url":"https:\/\/juliocesartriana.com\/wp-content\/uploads\/2021\/11\/IMG_0367-1-scaled.jpg","type":"image\/jpeg"}],"twitter_card":"summary_large_image","twitter_misc":{"Escrito por":"admin","Tiempo de lectura":"2 minutos"},"schema":{"@context":"https:\/\/schema.org","@graph":[{"@type":"Organization","@id":"https:\/\/juliocesartriana.com\/#organization","name":"Julio C\u00e9sar Triana - Representante a la C\u00e1mara","url":"https:\/\/juliocesartriana.com\/","sameAs":["https:\/\/www.facebook.com\/TrianaCongreso\/","https:\/\/www.instagram.com\/trianacongreso\/"],"logo":{"@type":"ImageObject","@id":"https:\/\/juliocesartriana.com\/#logo","inLanguage":"es","url":"https:\/\/juliocesartriana.com\/wp-content\/uploads\/2021\/03\/Salo\u0301n-eli\u0301ptico-presidiendo-1.jpeg","contentUrl":"https:\/\/juliocesartriana.com\/wp-content\/uploads\/2021\/03\/Salo\u0301n-eli\u0301ptico-presidiendo-1.jpeg","width":1280,"height":853,"caption":"Julio C\u00e9sar Triana - Representante a la C\u00e1mara"},"image":{"@id":"https:\/\/juliocesartriana.com\/#logo"}},{"@type":"WebSite","@id":"https:\/\/juliocesartriana.com\/#website","url":"https:\/\/juliocesartriana.com\/","name":"Julio C\u00e9sar Triana - Representante a la C\u00e1mara por el Huila","description":"Representante a la C\u00e1mara por el Departamento del Huila.","publisher":{"@id":"https:\/\/juliocesartriana.com\/#organization"},"potentialAction":[{"@type":"SearchAction","target":{"@type":"EntryPoint","urlTemplate":"https:\/\/juliocesartriana.com\/?s={search_term_string}"},"query-input":"required name=search_term_string"}],"inLanguage":"es"},{"@type":"ImageObject","@id":"https:\/\/juliocesartriana.com\/index.php\/2021\/11\/05\/los-jovenes-del-huila-llegaron-al-capitolio-nacional\/#primaryimage","inLanguage":"es","url":"https:\/\/juliocesartriana.com\/wp-content\/uploads\/2021\/11\/IMG_0367-1-scaled.jpg","contentUrl":"https:\/\/juliocesartriana.com\/wp-content\/uploads\/2021\/11\/IMG_0367-1-scaled.jpg","width":2560,"height":1950},{"@type":"WebPage","@id":"https:\/\/juliocesartriana.com\/index.php\/2021\/11\/05\/los-jovenes-del-huila-llegaron-al-capitolio-nacional\/#webpage","url":"https:\/\/juliocesartriana.com\/index.php\/2021\/11\/05\/los-jovenes-del-huila-llegaron-al-capitolio-nacional\/","name":"Julio C\u00e9sar Triana - Representante a la C\u00e1mara por el Huila","isPartOf":{"@id":"https:\/\/juliocesartriana.com\/#website"},"primaryImageOfPage":{"@id":"https:\/\/juliocesartriana.com\/index.php\/2021\/11\/05\/los-jovenes-del-huila-llegaron-al-capitolio-nacional\/#primaryimage"},"datePublished":"2021-11-05T22:50:57+00:00","dateModified":"2021-11-06T13:08:33+00:00","breadcrumb":{"@id":"https:\/\/juliocesartriana.com\/index.php\/2021\/11\/05\/los-jovenes-del-huila-llegaron-al-capitolio-nacional\/#breadcrumb"},"inLanguage":"es","potentialAction":[{"@type":"ReadAction","target":["https:\/\/juliocesartriana.com\/index.php\/2021\/11\/05\/los-jovenes-del-huila-llegaron-al-capitolio-nacional\/"]}]},{"@type":"BreadcrumbList","@id":"https:\/\/juliocesartriana.com\/index.php\/2021\/11\/05\/los-jovenes-del-huila-llegaron-al-capitolio-nacional\/#breadcrumb","itemListElement":[{"@type":"ListItem","position":1,"name":"Portada","item":"https:\/\/juliocesartriana.com\/"},{"@type":"ListItem","position":2,"name":"Los j\u00f3venes del Huila llegaron al Capitolio Nacional"}]},{"@type":"Article","@id":"https:\/\/juliocesartriana.com\/index.php\/2021\/11\/05\/los-jovenes-del-huila-llegaron-al-capitolio-nacional\/#article","isPartOf":{"@id":"https:\/\/juliocesartriana.com\/index.php\/2021\/11\/05\/los-jovenes-del-huila-llegaron-al-capitolio-nacional\/#webpage"},"author":{"@id":"https:\/\/juliocesartriana.com\/#\/schema\/person\/deecb92c18f2299a8c280aa4eabd1a03"},"headline":"Los j\u00f3venes del Huila llegaron al Capitolio Nacional","datePublished":"2021-11-05T22:50:57+00:00","dateModified":"2021-11-06T13:08:33+00:00","mainEntityOfPage":{"@id":"https:\/\/juliocesartriana.com\/index.php\/2021\/11\/05\/los-jovenes-del-huila-llegaron-al-capitolio-nacional\/#webpage"},"wordCount":449,"commentCount":0,"publisher":{"@id":"https:\/\/juliocesartriana.com\/#organization"},"image":{"@id":"https:\/\/juliocesartriana.com\/index.php\/2021\/11\/05\/los-jovenes-del-huila-llegaron-al-capitolio-nacional\/#primaryimage"},"thumbnailUrl":"https:\/\/juliocesartriana.com\/wp-content\/uploads\/2021\/11\/IMG_0367-1-scaled.jpg","articleSection":["Prensa"],"inLanguage":"es","potentialAction":[{"@type":"CommentAction","name":"Comment","target":["https:\/\/juliocesartriana.com\/index.php\/2021\/11\/05\/los-jovenes-del-huila-llegaron-al-capitolio-nacional\/#respond"]}]},{"@type":"Person","@id":"https:\/\/juliocesartriana.com\/#\/schema\/person\/deecb92c18f2299a8c280aa4eabd1a03","name":"admin","image":{"@type":"ImageObject","@id":"https:\/\/juliocesartriana.com\/#personlogo","inLanguage":"es","url":"https:\/\/secure.gravatar.com\/avatar\/a796496fa1985f3a559e872a5db21305d7a391de67117abdfa8eb899c7bea95c?s=96&d=mm&r=g","contentUrl":"https:\/\/secure.gravatar.com\/avatar\/a796496fa1985f3a559e872a5db21305d7a391de67117abdfa8eb899c7bea95c?s=96&d=mm&r=g","caption":"admin"},"sameAs":["https:\/\/juliocesartriana.com"],"url":"https:\/\/juliocesartriana.com\/index.php\/author\/admin_dovqajq2\/"}]}},"_links":{"self":[{"href":"https:\/\/juliocesartriana.com\/index.php\/wp-json\/wp\/v2\/posts\/3368","targetHints":{"allow":["GET"]}}],"collection":[{"href":"https:\/\/juliocesartriana.com\/index.php\/wp-json\/wp\/v2\/posts"}],"about":[{"href":"https:\/\/juliocesartriana.com\/index.php\/wp-json\/wp\/v2\/types\/post"}],"author":[{"embeddable":true,"href":"https:\/\/juliocesartriana.com\/index.php\/wp-json\/wp\/v2\/users\/1"}],"replies":[{"embeddable":true,"href":"https:\/\/juliocesartriana.com\/index.php\/wp-json\/wp\/v2\/comments?post=3368"}],"version-history":[{"count":2,"href":"https:\/\/juliocesartriana.com\/index.php\/wp-json\/wp\/v2\/posts\/3368\/revisions"}],"predecessor-version":[{"id":3377,"href":"https:\/\/juliocesartriana.com\/index.php\/wp-json\/wp\/v2\/posts\/3368\/revisions\/3377"}],"wp:featuredmedia":[{"embeddable":true,"href":"https:\/\/juliocesartriana.com\/index.php\/wp-json\/wp\/v2\/media\/3375"}],"wp:attachment":[{"href":"https:\/\/juliocesartriana.com\/index.php\/wp-json\/wp\/v2\/media?parent=3368"}],"wp:term":[{"taxonomy":"category","embeddable":true,"href":"https:\/\/juliocesartriana.com\/index.php\/wp-json\/wp\/v2\/categories?post=3368"},{"taxonomy":"post_tag","embeddable":true,"href":"https:\/\/juliocesartriana.com\/index.php\/wp-json\/wp\/v2\/tags?post=3368"}],"curies":[{"name":"wp","href":"https:\/\/api.w.org\/{rel}","templated":true}]}}