{"id":3355,"date":"2021-10-26T18:23:35","date_gmt":"2021-10-26T18:23:35","guid":{"rendered":"https:\/\/juliocesartriana.com\/?p=3355"},"modified":"2021-10-26T19:35:41","modified_gmt":"2021-10-26T19:35:41","slug":"aprobado-en-primer-debate-el-proyecto-de-ley-sacudete","status":"publish","type":"post","link":"https:\/\/juliocesartriana.com\/index.php\/2021\/10\/26\/aprobado-en-primer-debate-el-proyecto-de-ley-sacudete\/","title":{"rendered":"Aprobado en primer debate el proyecto de Ley \u2018Sac\u00fadete\u2019"},"content":{"rendered":"\n<p><em>Con ponencia positiva del congresista Julio C\u00e9sar Triana, este martes fue aprobado en la Comisi\u00f3n Primera de la C\u00e1mara de Representantes, el proyecto de ley que busca convertir la estrategia <u>\u2018Sac\u00fadete\u2019<\/u> en pol\u00edtica de estado.<\/em><\/p>\n\n\n\n<p>&#8216;Sac\u00fadete&#8217;  es un programa implementado actualmente por el Ministerio del Interior, el Gobierno Nacional, el ICBF y la Consejer\u00eda Presidencial que acompa\u00f1a a adolescentes y j\u00f3venes entre los 14 y 28 a\u00f1os en el fortalecimiento de sus habilidades y la identificaci\u00f3n de sus talentos,  para que con estos que con estas desarrollen emprendimientos para la estructuraci\u00f3n de sus proyectos de vida.<\/p>\n\n\n\n<p>Para garantizar una atenci\u00f3n integral, la metodolog\u00eda \u2018Sac\u00fadete\u2019 abarca tres fases:<\/p>\n\n\n\n<ul class=\"wp-block-list\"><li><strong>&nbsp;Insp\u00edrate<\/strong>: Ac\u00e1 se busca encontrar el talento de los j\u00f3venes a trav\u00e9s de herramientas de aprendizaje, que fomentan la creatividad, innovaci\u00f3n y pensamiento cr\u00edtico.<\/li><li><strong>Enf\u00f3cate<\/strong>: Tiene como prop\u00f3sito poner en pr\u00e1ctica las habilidades y t\u00e9cnicas que permiten a los participantes estructurar sus proyectos de vida a partir de asesor\u00eda y acompa\u00f1amiento.<\/li><li><strong>Transf\u00f3rmate<\/strong>: Se apoya la materializaci\u00f3n de las iniciativas de los participantes, a partir de alianzas, con miras a la promoci\u00f3n de las 3E: Educaci\u00f3n, Empleo y Emprendimiento.<\/li><\/ul>\n\n\n\n<blockquote class=\"wp-block-quote is-layout-flow wp-block-quote-is-layout-flow\"><p><em>\u00abHoy en d\u00eda, Sac\u00fadete\u2019 tiene 131.012 beneficiarios en mas de 870 municipios y 75.000 j\u00f3venes est\u00e1n en curso de formaci\u00f3n. Por eso, es importante que este tipo de estrategias perduren en el tiempo para que tengan un verdadero impacto en los j\u00f3venes<\/em>. Este programa, adem\u00e1s, ha permitido alejar a los j\u00f3venes de la violencia\u00bb, afirm\u00f3 el Representante a la C\u00e1mara Julio C\u00e9sar Triana. <\/p><\/blockquote>\n\n\n\n<p>Este proyecto continuar\u00e1 su tr\u00e1mite en el Congreso y pasar\u00e1 a segundo debate en la Plenaria de la C\u00e1mara de Representantes.<\/p>\n","protected":false},"excerpt":{"rendered":"<p>Con ponencia positiva del congresista Julio C\u00e9sar Triana, este martes fue aprobado en la Comisi\u00f3n Primera de la C\u00e1mara de Representantes, el proyecto de ley que busca convertir la estrategia \u2018Sac\u00fadete\u2019 en pol\u00edtica de estado. &#8216;Sac\u00fadete&#8217; es un programa implementado actualmente por el Ministerio del Interior, el Gobierno Nacional, el ICBF y la Consejer\u00eda Presidencial &hellip;<\/p>\n<p class=\"read-more\"> <a class=\"\" href=\"https:\/\/juliocesartriana.com\/index.php\/2021\/10\/26\/aprobado-en-primer-debate-el-proyecto-de-ley-sacudete\/\"> <span class=\"screen-reader-text\">Aprobado en primer debate el proyecto de Ley \u2018Sac\u00fadete\u2019<\/span> Leer m\u00e1s &raquo;<\/a><\/p>\n","protected":false},"author":1,"featured_media":3357,"comment_status":"open","ping_status":"open","sticky":false,"template":"","format":"standard","meta":{"ngg_post_thumbnail":0,"footnotes":""},"categories":[9],"tags":[],"class_list":["post-3355","post","type-post","status-publish","format-standard","has-post-thumbnail","hentry","category-prensa"],"yoast_head":"<!-- This site is optimized with the Yoast SEO plugin v18.5.1 - https:\/\/yoast.com\/wordpress\/plugins\/seo\/ -->\n<title>Julio C\u00e9sar Triana - Representante a la C\u00e1mara por el Huila<\/title>\n<meta name=\"robots\" content=\"index, follow, max-snippet:-1, max-image-preview:large, max-video-preview:-1\" \/>\n<link rel=\"canonical\" href=\"https:\/\/juliocesartriana.com\/index.php\/2021\/10\/26\/aprobado-en-primer-debate-el-proyecto-de-ley-sacudete\/\" \/>\n<meta property=\"og:locale\" content=\"es_ES\" \/>\n<meta property=\"og:type\" content=\"article\" \/>\n<meta property=\"og:title\" content=\"Julio C\u00e9sar Triana - Representante a la C\u00e1mara por el Huila\" \/>\n<meta property=\"og:description\" content=\"Con ponencia positiva del congresista Julio C\u00e9sar Triana, este martes fue aprobado en la Comisi\u00f3n Primera de la C\u00e1mara de Representantes, el proyecto de ley que busca convertir la estrategia \u2018Sac\u00fadete\u2019 en pol\u00edtica de estado. &#8216;Sac\u00fadete&#8217; es un programa implementado actualmente por el Ministerio del Interior, el Gobierno Nacional, el ICBF y la Consejer\u00eda Presidencial &hellip; Aprobado en primer debate el proyecto de Ley \u2018Sac\u00fadete\u2019 Leer m\u00e1s &raquo;\" \/>\n<meta property=\"og:url\" content=\"https:\/\/juliocesartriana.com\/index.php\/2021\/10\/26\/aprobado-en-primer-debate-el-proyecto-de-ley-sacudete\/\" \/>\n<meta property=\"og:site_name\" content=\"Julio C\u00e9sar Triana - Representante a la C\u00e1mara por el Huila\" \/>\n<meta property=\"article:publisher\" content=\"https:\/\/www.facebook.com\/TrianaCongreso\/\" \/>\n<meta property=\"article:published_time\" content=\"2021-10-26T18:23:35+00:00\" \/>\n<meta property=\"article:modified_time\" content=\"2021-10-26T19:35:41+00:00\" \/>\n<meta property=\"og:image\" content=\"https:\/\/juliocesartriana.com\/wp-content\/uploads\/2021\/10\/WhatsApp-Image-2021-10-26-at-12.55.32-PM.jpeg\" \/>\n\t<meta property=\"og:image:width\" content=\"1024\" \/>\n\t<meta property=\"og:image:height\" content=\"768\" \/>\n\t<meta property=\"og:image:type\" content=\"image\/jpeg\" \/>\n<meta name=\"twitter:card\" content=\"summary_large_image\" \/>\n<meta name=\"twitter:label1\" content=\"Escrito por\" \/>\n\t<meta name=\"twitter:data1\" content=\"admin\" \/>\n\t<meta name=\"twitter:label2\" content=\"Tiempo de lectura\" \/>\n\t<meta name=\"twitter:data2\" content=\"2 minutos\" \/>\n<script type=\"application\/ld+json\" class=\"yoast-schema-graph\">{\"@context\":\"https:\/\/schema.org\",\"@graph\":[{\"@type\":\"Organization\",\"@id\":\"https:\/\/juliocesartriana.com\/#organization\",\"name\":\"Julio C\u00e9sar Triana - Representante a la C\u00e1mara\",\"url\":\"https:\/\/juliocesartriana.com\/\",\"sameAs\":[\"https:\/\/www.facebook.com\/TrianaCongreso\/\",\"https:\/\/www.instagram.com\/trianacongreso\/\"],\"logo\":{\"@type\":\"ImageObject\",\"@id\":\"https:\/\/juliocesartriana.com\/#logo\",\"inLanguage\":\"es\",\"url\":\"https:\/\/juliocesartriana.com\/wp-content\/uploads\/2021\/03\/Salo\u0301n-eli\u0301ptico-presidiendo-1.jpeg\",\"contentUrl\":\"https:\/\/juliocesartriana.com\/wp-content\/uploads\/2021\/03\/Salo\u0301n-eli\u0301ptico-presidiendo-1.jpeg\",\"width\":1280,\"height\":853,\"caption\":\"Julio C\u00e9sar Triana - Representante a la C\u00e1mara\"},\"image\":{\"@id\":\"https:\/\/juliocesartriana.com\/#logo\"}},{\"@type\":\"WebSite\",\"@id\":\"https:\/\/juliocesartriana.com\/#website\",\"url\":\"https:\/\/juliocesartriana.com\/\",\"name\":\"Julio C\u00e9sar Triana - Representante a la C\u00e1mara por el Huila\",\"description\":\"Representante a la C\u00e1mara por el Departamento del Huila.\",\"publisher\":{\"@id\":\"https:\/\/juliocesartriana.com\/#organization\"},\"potentialAction\":[{\"@type\":\"SearchAction\",\"target\":{\"@type\":\"EntryPoint\",\"urlTemplate\":\"https:\/\/juliocesartriana.com\/?s={search_term_string}\"},\"query-input\":\"required name=search_term_string\"}],\"inLanguage\":\"es\"},{\"@type\":\"ImageObject\",\"@id\":\"https:\/\/juliocesartriana.com\/index.php\/2021\/10\/26\/aprobado-en-primer-debate-el-proyecto-de-ley-sacudete\/#primaryimage\",\"inLanguage\":\"es\",\"url\":\"https:\/\/juliocesartriana.com\/wp-content\/uploads\/2021\/10\/WhatsApp-Image-2021-10-26-at-12.55.32-PM.jpeg\",\"contentUrl\":\"https:\/\/juliocesartriana.com\/wp-content\/uploads\/2021\/10\/WhatsApp-Image-2021-10-26-at-12.55.32-PM.jpeg\",\"width\":1024,\"height\":768},{\"@type\":\"WebPage\",\"@id\":\"https:\/\/juliocesartriana.com\/index.php\/2021\/10\/26\/aprobado-en-primer-debate-el-proyecto-de-ley-sacudete\/#webpage\",\"url\":\"https:\/\/juliocesartriana.com\/index.php\/2021\/10\/26\/aprobado-en-primer-debate-el-proyecto-de-ley-sacudete\/\",\"name\":\"Julio C\u00e9sar Triana - Representante a la C\u00e1mara por el Huila\",\"isPartOf\":{\"@id\":\"https:\/\/juliocesartriana.com\/#website\"},\"primaryImageOfPage\":{\"@id\":\"https:\/\/juliocesartriana.com\/index.php\/2021\/10\/26\/aprobado-en-primer-debate-el-proyecto-de-ley-sacudete\/#primaryimage\"},\"datePublished\":\"2021-10-26T18:23:35+00:00\",\"dateModified\":\"2021-10-26T19:35:41+00:00\",\"breadcrumb\":{\"@id\":\"https:\/\/juliocesartriana.com\/index.php\/2021\/10\/26\/aprobado-en-primer-debate-el-proyecto-de-ley-sacudete\/#breadcrumb\"},\"inLanguage\":\"es\",\"potentialAction\":[{\"@type\":\"ReadAction\",\"target\":[\"https:\/\/juliocesartriana.com\/index.php\/2021\/10\/26\/aprobado-en-primer-debate-el-proyecto-de-ley-sacudete\/\"]}]},{\"@type\":\"BreadcrumbList\",\"@id\":\"https:\/\/juliocesartriana.com\/index.php\/2021\/10\/26\/aprobado-en-primer-debate-el-proyecto-de-ley-sacudete\/#breadcrumb\",\"itemListElement\":[{\"@type\":\"ListItem\",\"position\":1,\"name\":\"Portada\",\"item\":\"https:\/\/juliocesartriana.com\/\"},{\"@type\":\"ListItem\",\"position\":2,\"name\":\"Aprobado en primer debate el proyecto de Ley \u2018Sac\u00fadete\u2019\"}]},{\"@type\":\"Article\",\"@id\":\"https:\/\/juliocesartriana.com\/index.php\/2021\/10\/26\/aprobado-en-primer-debate-el-proyecto-de-ley-sacudete\/#article\",\"isPartOf\":{\"@id\":\"https:\/\/juliocesartriana.com\/index.php\/2021\/10\/26\/aprobado-en-primer-debate-el-proyecto-de-ley-sacudete\/#webpage\"},\"author\":{\"@id\":\"https:\/\/juliocesartriana.com\/#\/schema\/person\/deecb92c18f2299a8c280aa4eabd1a03\"},\"headline\":\"Aprobado en primer debate el proyecto de Ley \u2018Sac\u00fadete\u2019\",\"datePublished\":\"2021-10-26T18:23:35+00:00\",\"dateModified\":\"2021-10-26T19:35:41+00:00\",\"mainEntityOfPage\":{\"@id\":\"https:\/\/juliocesartriana.com\/index.php\/2021\/10\/26\/aprobado-en-primer-debate-el-proyecto-de-ley-sacudete\/#webpage\"},\"wordCount\":317,\"commentCount\":0,\"publisher\":{\"@id\":\"https:\/\/juliocesartriana.com\/#organization\"},\"image\":{\"@id\":\"https:\/\/juliocesartriana.com\/index.php\/2021\/10\/26\/aprobado-en-primer-debate-el-proyecto-de-ley-sacudete\/#primaryimage\"},\"thumbnailUrl\":\"https:\/\/juliocesartriana.com\/wp-content\/uploads\/2021\/10\/WhatsApp-Image-2021-10-26-at-12.55.32-PM.jpeg\",\"articleSection\":[\"Prensa\"],\"inLanguage\":\"es\",\"potentialAction\":[{\"@type\":\"CommentAction\",\"name\":\"Comment\",\"target\":[\"https:\/\/juliocesartriana.com\/index.php\/2021\/10\/26\/aprobado-en-primer-debate-el-proyecto-de-ley-sacudete\/#respond\"]}]},{\"@type\":\"Person\",\"@id\":\"https:\/\/juliocesartriana.com\/#\/schema\/person\/deecb92c18f2299a8c280aa4eabd1a03\",\"name\":\"admin\",\"image\":{\"@type\":\"ImageObject\",\"@id\":\"https:\/\/juliocesartriana.com\/#personlogo\",\"inLanguage\":\"es\",\"url\":\"https:\/\/secure.gravatar.com\/avatar\/a796496fa1985f3a559e872a5db21305d7a391de67117abdfa8eb899c7bea95c?s=96&d=mm&r=g\",\"contentUrl\":\"https:\/\/secure.gravatar.com\/avatar\/a796496fa1985f3a559e872a5db21305d7a391de67117abdfa8eb899c7bea95c?s=96&d=mm&r=g\",\"caption\":\"admin\"},\"sameAs\":[\"https:\/\/juliocesartriana.com\"],\"url\":\"https:\/\/juliocesartriana.com\/index.php\/author\/admin_dovqajq2\/\"}]}<\/script>\n<!-- \/ Yoast SEO plugin. -->","yoast_head_json":{"title":"Julio C\u00e9sar Triana - Representante a la C\u00e1mara por el Huila","robots":{"index":"index","follow":"follow","max-snippet":"max-snippet:-1","max-image-preview":"max-image-preview:large","max-video-preview":"max-video-preview:-1"},"canonical":"https:\/\/juliocesartriana.com\/index.php\/2021\/10\/26\/aprobado-en-primer-debate-el-proyecto-de-ley-sacudete\/","og_locale":"es_ES","og_type":"article","og_title":"Julio C\u00e9sar Triana - Representante a la C\u00e1mara por el Huila","og_description":"Con ponencia positiva del congresista Julio C\u00e9sar Triana, este martes fue aprobado en la Comisi\u00f3n Primera de la C\u00e1mara de Representantes, el proyecto de ley que busca convertir la estrategia \u2018Sac\u00fadete\u2019 en pol\u00edtica de estado. &#8216;Sac\u00fadete&#8217; es un programa implementado actualmente por el Ministerio del Interior, el Gobierno Nacional, el ICBF y la Consejer\u00eda Presidencial &hellip; Aprobado en primer debate el proyecto de Ley \u2018Sac\u00fadete\u2019 Leer m\u00e1s &raquo;","og_url":"https:\/\/juliocesartriana.com\/index.php\/2021\/10\/26\/aprobado-en-primer-debate-el-proyecto-de-ley-sacudete\/","og_site_name":"Julio C\u00e9sar Triana - Representante a la C\u00e1mara por el Huila","article_publisher":"https:\/\/www.facebook.com\/TrianaCongreso\/","article_published_time":"2021-10-26T18:23:35+00:00","article_modified_time":"2021-10-26T19:35:41+00:00","og_image":[{"width":1024,"height":768,"url":"https:\/\/juliocesartriana.com\/wp-content\/uploads\/2021\/10\/WhatsApp-Image-2021-10-26-at-12.55.32-PM.jpeg","type":"image\/jpeg"}],"twitter_card":"summary_large_image","twitter_misc":{"Escrito por":"admin","Tiempo de lectura":"2 minutos"},"schema":{"@context":"https:\/\/schema.org","@graph":[{"@type":"Organization","@id":"https:\/\/juliocesartriana.com\/#organization","name":"Julio C\u00e9sar Triana - Representante a la C\u00e1mara","url":"https:\/\/juliocesartriana.com\/","sameAs":["https:\/\/www.facebook.com\/TrianaCongreso\/","https:\/\/www.instagram.com\/trianacongreso\/"],"logo":{"@type":"ImageObject","@id":"https:\/\/juliocesartriana.com\/#logo","inLanguage":"es","url":"https:\/\/juliocesartriana.com\/wp-content\/uploads\/2021\/03\/Salo\u0301n-eli\u0301ptico-presidiendo-1.jpeg","contentUrl":"https:\/\/juliocesartriana.com\/wp-content\/uploads\/2021\/03\/Salo\u0301n-eli\u0301ptico-presidiendo-1.jpeg","width":1280,"height":853,"caption":"Julio C\u00e9sar Triana - Representante a la C\u00e1mara"},"image":{"@id":"https:\/\/juliocesartriana.com\/#logo"}},{"@type":"WebSite","@id":"https:\/\/juliocesartriana.com\/#website","url":"https:\/\/juliocesartriana.com\/","name":"Julio C\u00e9sar Triana - Representante a la C\u00e1mara por el Huila","description":"Representante a la C\u00e1mara por el Departamento del Huila.","publisher":{"@id":"https:\/\/juliocesartriana.com\/#organization"},"potentialAction":[{"@type":"SearchAction","target":{"@type":"EntryPoint","urlTemplate":"https:\/\/juliocesartriana.com\/?s={search_term_string}"},"query-input":"required name=search_term_string"}],"inLanguage":"es"},{"@type":"ImageObject","@id":"https:\/\/juliocesartriana.com\/index.php\/2021\/10\/26\/aprobado-en-primer-debate-el-proyecto-de-ley-sacudete\/#primaryimage","inLanguage":"es","url":"https:\/\/juliocesartriana.com\/wp-content\/uploads\/2021\/10\/WhatsApp-Image-2021-10-26-at-12.55.32-PM.jpeg","contentUrl":"https:\/\/juliocesartriana.com\/wp-content\/uploads\/2021\/10\/WhatsApp-Image-2021-10-26-at-12.55.32-PM.jpeg","width":1024,"height":768},{"@type":"WebPage","@id":"https:\/\/juliocesartriana.com\/index.php\/2021\/10\/26\/aprobado-en-primer-debate-el-proyecto-de-ley-sacudete\/#webpage","url":"https:\/\/juliocesartriana.com\/index.php\/2021\/10\/26\/aprobado-en-primer-debate-el-proyecto-de-ley-sacudete\/","name":"Julio C\u00e9sar Triana - Representante a la C\u00e1mara por el Huila","isPartOf":{"@id":"https:\/\/juliocesartriana.com\/#website"},"primaryImageOfPage":{"@id":"https:\/\/juliocesartriana.com\/index.php\/2021\/10\/26\/aprobado-en-primer-debate-el-proyecto-de-ley-sacudete\/#primaryimage"},"datePublished":"2021-10-26T18:23:35+00:00","dateModified":"2021-10-26T19:35:41+00:00","breadcrumb":{"@id":"https:\/\/juliocesartriana.com\/index.php\/2021\/10\/26\/aprobado-en-primer-debate-el-proyecto-de-ley-sacudete\/#breadcrumb"},"inLanguage":"es","potentialAction":[{"@type":"ReadAction","target":["https:\/\/juliocesartriana.com\/index.php\/2021\/10\/26\/aprobado-en-primer-debate-el-proyecto-de-ley-sacudete\/"]}]},{"@type":"BreadcrumbList","@id":"https:\/\/juliocesartriana.com\/index.php\/2021\/10\/26\/aprobado-en-primer-debate-el-proyecto-de-ley-sacudete\/#breadcrumb","itemListElement":[{"@type":"ListItem","position":1,"name":"Portada","item":"https:\/\/juliocesartriana.com\/"},{"@type":"ListItem","position":2,"name":"Aprobado en primer debate el proyecto de Ley \u2018Sac\u00fadete\u2019"}]},{"@type":"Article","@id":"https:\/\/juliocesartriana.com\/index.php\/2021\/10\/26\/aprobado-en-primer-debate-el-proyecto-de-ley-sacudete\/#article","isPartOf":{"@id":"https:\/\/juliocesartriana.com\/index.php\/2021\/10\/26\/aprobado-en-primer-debate-el-proyecto-de-ley-sacudete\/#webpage"},"author":{"@id":"https:\/\/juliocesartriana.com\/#\/schema\/person\/deecb92c18f2299a8c280aa4eabd1a03"},"headline":"Aprobado en primer debate el proyecto de Ley \u2018Sac\u00fadete\u2019","datePublished":"2021-10-26T18:23:35+00:00","dateModified":"2021-10-26T19:35:41+00:00","mainEntityOfPage":{"@id":"https:\/\/juliocesartriana.com\/index.php\/2021\/10\/26\/aprobado-en-primer-debate-el-proyecto-de-ley-sacudete\/#webpage"},"wordCount":317,"commentCount":0,"publisher":{"@id":"https:\/\/juliocesartriana.com\/#organization"},"image":{"@id":"https:\/\/juliocesartriana.com\/index.php\/2021\/10\/26\/aprobado-en-primer-debate-el-proyecto-de-ley-sacudete\/#primaryimage"},"thumbnailUrl":"https:\/\/juliocesartriana.com\/wp-content\/uploads\/2021\/10\/WhatsApp-Image-2021-10-26-at-12.55.32-PM.jpeg","articleSection":["Prensa"],"inLanguage":"es","potentialAction":[{"@type":"CommentAction","name":"Comment","target":["https:\/\/juliocesartriana.com\/index.php\/2021\/10\/26\/aprobado-en-primer-debate-el-proyecto-de-ley-sacudete\/#respond"]}]},{"@type":"Person","@id":"https:\/\/juliocesartriana.com\/#\/schema\/person\/deecb92c18f2299a8c280aa4eabd1a03","name":"admin","image":{"@type":"ImageObject","@id":"https:\/\/juliocesartriana.com\/#personlogo","inLanguage":"es","url":"https:\/\/secure.gravatar.com\/avatar\/a796496fa1985f3a559e872a5db21305d7a391de67117abdfa8eb899c7bea95c?s=96&d=mm&r=g","contentUrl":"https:\/\/secure.gravatar.com\/avatar\/a796496fa1985f3a559e872a5db21305d7a391de67117abdfa8eb899c7bea95c?s=96&d=mm&r=g","caption":"admin"},"sameAs":["https:\/\/juliocesartriana.com"],"url":"https:\/\/juliocesartriana.com\/index.php\/author\/admin_dovqajq2\/"}]}},"_links":{"self":[{"href":"https:\/\/juliocesartriana.com\/index.php\/wp-json\/wp\/v2\/posts\/3355","targetHints":{"allow":["GET"]}}],"collection":[{"href":"https:\/\/juliocesartriana.com\/index.php\/wp-json\/wp\/v2\/posts"}],"about":[{"href":"https:\/\/juliocesartriana.com\/index.php\/wp-json\/wp\/v2\/types\/post"}],"author":[{"embeddable":true,"href":"https:\/\/juliocesartriana.com\/index.php\/wp-json\/wp\/v2\/users\/1"}],"replies":[{"embeddable":true,"href":"https:\/\/juliocesartriana.com\/index.php\/wp-json\/wp\/v2\/comments?post=3355"}],"version-history":[{"count":4,"href":"https:\/\/juliocesartriana.com\/index.php\/wp-json\/wp\/v2\/posts\/3355\/revisions"}],"predecessor-version":[{"id":3366,"href":"https:\/\/juliocesartriana.com\/index.php\/wp-json\/wp\/v2\/posts\/3355\/revisions\/3366"}],"wp:featuredmedia":[{"embeddable":true,"href":"https:\/\/juliocesartriana.com\/index.php\/wp-json\/wp\/v2\/media\/3357"}],"wp:attachment":[{"href":"https:\/\/juliocesartriana.com\/index.php\/wp-json\/wp\/v2\/media?parent=3355"}],"wp:term":[{"taxonomy":"category","embeddable":true,"href":"https:\/\/juliocesartriana.com\/index.php\/wp-json\/wp\/v2\/categories?post=3355"},{"taxonomy":"post_tag","embeddable":true,"href":"https:\/\/juliocesartriana.com\/index.php\/wp-json\/wp\/v2\/tags?post=3355"}],"curies":[{"name":"wp","href":"https:\/\/api.w.org\/{rel}","templated":true}]}}