{"id":3195,"date":"2021-10-20T23:00:09","date_gmt":"2021-10-20T23:00:09","guid":{"rendered":"https:\/\/juliocesartriana.com\/?p=3195"},"modified":"2022-02-02T22:41:29","modified_gmt":"2022-02-02T22:41:29","slug":"gestionamos-recursos-para-el-nuevo-acelerador-lineal-del-huila","status":"publish","type":"post","link":"https:\/\/juliocesartriana.com\/index.php\/2021\/10\/20\/gestionamos-recursos-para-el-nuevo-acelerador-lineal-del-huila\/","title":{"rendered":"Gestionamos recursos para el nuevo acelerador lineal del Huila"},"content":{"rendered":"\n<p>\u00a1Prometimos y cumplimos! El Huila contar\u00e1 con un nuevo acelerador lineal, gracias a la gesti\u00f3n en la que participamos para que el Ministerio de Salud destinara 11 mil millones de pesos para la compra de este equipo, que es fundamental en el tratamiento del c\u00e1ncer y que har\u00e1 parte de la Unidad Cancerol\u00f3gica del Hospital Universitario de Neiva.<\/p>\n\n\n\n<p>A la fecha, el Hospital Universitario de Neiva cuenta con un acelerador de m\u00e1s de 20 a\u00f1os de antig\u00fcedad y que ha servido para tratar a pacientes con c\u00e1ncer del Huila, Putumayo, Cauca y Casanare. Ahora, con este nuevo equipo estas personas podr\u00e1n acceder a tratamientos de \u00faltima tecnolog\u00eda para combatir el c\u00e1ncer.<\/p>\n\n\n\n<p><strong>Nuestra gesti\u00f3n<\/strong><\/p>\n\n\n\n<p>Desde el 2018, nos dimos a la tarea de visibilizar la necesidad de un nuevo acelerador lineal para el Huila. As\u00ed lo hicimos en el taller \u2018Construyendo Pa\u00eds\u2019,<span style=\"color:#1374c4\" class=\"has-inline-color\"> <\/span><a href=\"https:\/\/www.facebook.com\/TrianaCongreso\/videos\/250572115660864\/\" data-type=\"URL\" data-id=\"https:\/\/www.facebook.com\/TrianaCongreso\/videos\/250572115660864\/\"><strong><em><span style=\"color:#007cc4\" class=\"has-inline-color\">(Ver video)<\/span><\/em><\/strong><\/a> y en la Comisi\u00f3n Primera de la C\u00e1mara de Representantes <a href=\"https:\/\/www.facebook.com\/TrianaCongreso\/videos\/2693952324207813\" data-type=\"URL\" data-id=\"https:\/\/www.facebook.com\/TrianaCongreso\/videos\/2693952324207813\"><strong><em><span style=\"color:#007cc4\" class=\"has-inline-color\">(Ver intervenci\u00f3n)<\/span><\/em><\/strong>.<\/a><\/p>\n\n\n\n<p>Tambi\u00e9n nos reunimos en reiteradas oportunidades con el Ministro de Salud, Fernando Ruiz, solicitando recursos para un nuevo acelerador lineal para el Huila. Hoy, nos complace anunciar, que este acelerador, es una realidad.<\/p>\n\n\n\n<p class=\"has-text-align-left\"><strong>\u00bfQu\u00e9 es un acelerador lineal?<\/strong><\/p>\n\n\n\n<div class=\"wp-block-image is-style-default\"><figure class=\"alignleft size-full is-resized\"><img loading=\"lazy\" decoding=\"async\" src=\"https:\/\/juliocesartriana.com\/wp-content\/uploads\/2021\/10\/acelerador.jpeg\" alt=\"\" class=\"wp-image-3213\" width=\"308\" height=\"308\" srcset=\"https:\/\/juliocesartriana.com\/wp-content\/uploads\/2021\/10\/acelerador.jpeg 500w, https:\/\/juliocesartriana.com\/wp-content\/uploads\/2021\/10\/acelerador-300x300.jpeg 300w, https:\/\/juliocesartriana.com\/wp-content\/uploads\/2021\/10\/acelerador-150x150.jpeg 150w\" sizes=\"auto, (max-width: 308px) 100vw, 308px\" \/><figcaption><em>Foto tomada de: <\/em>https:\/\/www.medicalexpo.es\/<\/figcaption><\/figure><\/div>\n\n\n\n<p><\/p>\n\n\n\n<p>Un \u2018Acelerador Lineal\u2019 es un dispositivo que se usa para dar radioterapia a enfermos con c\u00e1ncer y sirve para tratar todas las partes y \u00f3rganos del cuerpo. &nbsp;Para ello, suministra rayos X de alta energ\u00eda a la regi\u00f3n del tumor del paciente.<\/p>\n","protected":false},"excerpt":{"rendered":"<p>\u00a1Prometimos y cumplimos! El Huila contar\u00e1 con un nuevo acelerador lineal, gracias a la gesti\u00f3n en la que participamos para que el Ministerio de Salud destinara 11 mil millones de pesos para la compra de este equipo, que es fundamental en el tratamiento del c\u00e1ncer y que har\u00e1 parte de la Unidad Cancerol\u00f3gica del Hospital &hellip;<\/p>\n<p class=\"read-more\"> <a class=\"\" href=\"https:\/\/juliocesartriana.com\/index.php\/2021\/10\/20\/gestionamos-recursos-para-el-nuevo-acelerador-lineal-del-huila\/\"> <span class=\"screen-reader-text\">Gestionamos recursos para el nuevo acelerador lineal del Huila<\/span> Leer m\u00e1s &raquo;<\/a><\/p>\n","protected":false},"author":1,"featured_media":3610,"comment_status":"open","ping_status":"open","sticky":false,"template":"","format":"standard","meta":{"ngg_post_thumbnail":0,"footnotes":""},"categories":[8],"tags":[],"class_list":["post-3195","post","type-post","status-publish","format-standard","has-post-thumbnail","hentry","category-gestion-por-el-huila"],"yoast_head":"<!-- This site is optimized with the Yoast SEO plugin v18.5.1 - https:\/\/yoast.com\/wordpress\/plugins\/seo\/ -->\n<title>Julio C\u00e9sar Triana - Representante a la C\u00e1mara por el Huila<\/title>\n<meta name=\"robots\" content=\"index, follow, max-snippet:-1, max-image-preview:large, max-video-preview:-1\" \/>\n<link rel=\"canonical\" href=\"https:\/\/juliocesartriana.com\/index.php\/2021\/10\/20\/gestionamos-recursos-para-el-nuevo-acelerador-lineal-del-huila\/\" \/>\n<meta property=\"og:locale\" content=\"es_ES\" \/>\n<meta property=\"og:type\" content=\"article\" \/>\n<meta property=\"og:title\" content=\"Julio C\u00e9sar Triana - Representante a la C\u00e1mara por el Huila\" \/>\n<meta property=\"og:description\" content=\"\u00a1Prometimos y cumplimos! El Huila contar\u00e1 con un nuevo acelerador lineal, gracias a la gesti\u00f3n en la que participamos para que el Ministerio de Salud destinara 11 mil millones de pesos para la compra de este equipo, que es fundamental en el tratamiento del c\u00e1ncer y que har\u00e1 parte de la Unidad Cancerol\u00f3gica del Hospital &hellip; Gestionamos recursos para el nuevo acelerador lineal del Huila Leer m\u00e1s &raquo;\" \/>\n<meta property=\"og:url\" content=\"https:\/\/juliocesartriana.com\/index.php\/2021\/10\/20\/gestionamos-recursos-para-el-nuevo-acelerador-lineal-del-huila\/\" \/>\n<meta property=\"og:site_name\" content=\"Julio C\u00e9sar Triana - Representante a la C\u00e1mara por el Huila\" \/>\n<meta property=\"article:publisher\" content=\"https:\/\/www.facebook.com\/TrianaCongreso\/\" \/>\n<meta property=\"article:published_time\" content=\"2021-10-20T23:00:09+00:00\" \/>\n<meta property=\"article:modified_time\" content=\"2022-02-02T22:41:29+00:00\" \/>\n<meta property=\"og:image\" content=\"https:\/\/juliocesartriana.com\/wp-content\/uploads\/2021\/10\/IMG_9855-2-scaled.jpg\" \/>\n\t<meta property=\"og:image:width\" content=\"2560\" \/>\n\t<meta property=\"og:image:height\" content=\"1613\" \/>\n\t<meta property=\"og:image:type\" content=\"image\/jpeg\" \/>\n<meta name=\"twitter:card\" content=\"summary_large_image\" \/>\n<meta name=\"twitter:label1\" content=\"Escrito por\" \/>\n\t<meta name=\"twitter:data1\" content=\"admin\" \/>\n\t<meta name=\"twitter:label2\" content=\"Tiempo de lectura\" \/>\n\t<meta name=\"twitter:data2\" content=\"1 minuto\" \/>\n<script type=\"application\/ld+json\" class=\"yoast-schema-graph\">{\"@context\":\"https:\/\/schema.org\",\"@graph\":[{\"@type\":\"Organization\",\"@id\":\"https:\/\/juliocesartriana.com\/#organization\",\"name\":\"Julio C\u00e9sar Triana - Representante a la C\u00e1mara\",\"url\":\"https:\/\/juliocesartriana.com\/\",\"sameAs\":[\"https:\/\/www.facebook.com\/TrianaCongreso\/\",\"https:\/\/www.instagram.com\/trianacongreso\/\"],\"logo\":{\"@type\":\"ImageObject\",\"@id\":\"https:\/\/juliocesartriana.com\/#logo\",\"inLanguage\":\"es\",\"url\":\"https:\/\/juliocesartriana.com\/wp-content\/uploads\/2021\/03\/Salo\u0301n-eli\u0301ptico-presidiendo-1.jpeg\",\"contentUrl\":\"https:\/\/juliocesartriana.com\/wp-content\/uploads\/2021\/03\/Salo\u0301n-eli\u0301ptico-presidiendo-1.jpeg\",\"width\":1280,\"height\":853,\"caption\":\"Julio C\u00e9sar Triana - Representante a la C\u00e1mara\"},\"image\":{\"@id\":\"https:\/\/juliocesartriana.com\/#logo\"}},{\"@type\":\"WebSite\",\"@id\":\"https:\/\/juliocesartriana.com\/#website\",\"url\":\"https:\/\/juliocesartriana.com\/\",\"name\":\"Julio C\u00e9sar Triana - Representante a la C\u00e1mara por el Huila\",\"description\":\"Representante a la C\u00e1mara por el Departamento del Huila.\",\"publisher\":{\"@id\":\"https:\/\/juliocesartriana.com\/#organization\"},\"potentialAction\":[{\"@type\":\"SearchAction\",\"target\":{\"@type\":\"EntryPoint\",\"urlTemplate\":\"https:\/\/juliocesartriana.com\/?s={search_term_string}\"},\"query-input\":\"required name=search_term_string\"}],\"inLanguage\":\"es\"},{\"@type\":\"ImageObject\",\"@id\":\"https:\/\/juliocesartriana.com\/index.php\/2021\/10\/20\/gestionamos-recursos-para-el-nuevo-acelerador-lineal-del-huila\/#primaryimage\",\"inLanguage\":\"es\",\"url\":\"https:\/\/juliocesartriana.com\/wp-content\/uploads\/2021\/10\/IMG_9855-2-scaled.jpg\",\"contentUrl\":\"https:\/\/juliocesartriana.com\/wp-content\/uploads\/2021\/10\/IMG_9855-2-scaled.jpg\",\"width\":2560,\"height\":1613},{\"@type\":\"WebPage\",\"@id\":\"https:\/\/juliocesartriana.com\/index.php\/2021\/10\/20\/gestionamos-recursos-para-el-nuevo-acelerador-lineal-del-huila\/#webpage\",\"url\":\"https:\/\/juliocesartriana.com\/index.php\/2021\/10\/20\/gestionamos-recursos-para-el-nuevo-acelerador-lineal-del-huila\/\",\"name\":\"Julio C\u00e9sar Triana - Representante a la C\u00e1mara por el Huila\",\"isPartOf\":{\"@id\":\"https:\/\/juliocesartriana.com\/#website\"},\"primaryImageOfPage\":{\"@id\":\"https:\/\/juliocesartriana.com\/index.php\/2021\/10\/20\/gestionamos-recursos-para-el-nuevo-acelerador-lineal-del-huila\/#primaryimage\"},\"datePublished\":\"2021-10-20T23:00:09+00:00\",\"dateModified\":\"2022-02-02T22:41:29+00:00\",\"breadcrumb\":{\"@id\":\"https:\/\/juliocesartriana.com\/index.php\/2021\/10\/20\/gestionamos-recursos-para-el-nuevo-acelerador-lineal-del-huila\/#breadcrumb\"},\"inLanguage\":\"es\",\"potentialAction\":[{\"@type\":\"ReadAction\",\"target\":[\"https:\/\/juliocesartriana.com\/index.php\/2021\/10\/20\/gestionamos-recursos-para-el-nuevo-acelerador-lineal-del-huila\/\"]}]},{\"@type\":\"BreadcrumbList\",\"@id\":\"https:\/\/juliocesartriana.com\/index.php\/2021\/10\/20\/gestionamos-recursos-para-el-nuevo-acelerador-lineal-del-huila\/#breadcrumb\",\"itemListElement\":[{\"@type\":\"ListItem\",\"position\":1,\"name\":\"Portada\",\"item\":\"https:\/\/juliocesartriana.com\/\"},{\"@type\":\"ListItem\",\"position\":2,\"name\":\"Gestionamos recursos para el nuevo acelerador lineal del Huila\"}]},{\"@type\":\"Article\",\"@id\":\"https:\/\/juliocesartriana.com\/index.php\/2021\/10\/20\/gestionamos-recursos-para-el-nuevo-acelerador-lineal-del-huila\/#article\",\"isPartOf\":{\"@id\":\"https:\/\/juliocesartriana.com\/index.php\/2021\/10\/20\/gestionamos-recursos-para-el-nuevo-acelerador-lineal-del-huila\/#webpage\"},\"author\":{\"@id\":\"https:\/\/juliocesartriana.com\/#\/schema\/person\/deecb92c18f2299a8c280aa4eabd1a03\"},\"headline\":\"Gestionamos recursos para el nuevo acelerador lineal del Huila\",\"datePublished\":\"2021-10-20T23:00:09+00:00\",\"dateModified\":\"2022-02-02T22:41:29+00:00\",\"mainEntityOfPage\":{\"@id\":\"https:\/\/juliocesartriana.com\/index.php\/2021\/10\/20\/gestionamos-recursos-para-el-nuevo-acelerador-lineal-del-huila\/#webpage\"},\"wordCount\":268,\"commentCount\":0,\"publisher\":{\"@id\":\"https:\/\/juliocesartriana.com\/#organization\"},\"image\":{\"@id\":\"https:\/\/juliocesartriana.com\/index.php\/2021\/10\/20\/gestionamos-recursos-para-el-nuevo-acelerador-lineal-del-huila\/#primaryimage\"},\"thumbnailUrl\":\"https:\/\/juliocesartriana.com\/wp-content\/uploads\/2021\/10\/IMG_9855-2-scaled.jpg\",\"articleSection\":[\"Gesti\u00f3n por el Huila\"],\"inLanguage\":\"es\",\"potentialAction\":[{\"@type\":\"CommentAction\",\"name\":\"Comment\",\"target\":[\"https:\/\/juliocesartriana.com\/index.php\/2021\/10\/20\/gestionamos-recursos-para-el-nuevo-acelerador-lineal-del-huila\/#respond\"]}]},{\"@type\":\"Person\",\"@id\":\"https:\/\/juliocesartriana.com\/#\/schema\/person\/deecb92c18f2299a8c280aa4eabd1a03\",\"name\":\"admin\",\"image\":{\"@type\":\"ImageObject\",\"@id\":\"https:\/\/juliocesartriana.com\/#personlogo\",\"inLanguage\":\"es\",\"url\":\"https:\/\/secure.gravatar.com\/avatar\/a796496fa1985f3a559e872a5db21305d7a391de67117abdfa8eb899c7bea95c?s=96&d=mm&r=g\",\"contentUrl\":\"https:\/\/secure.gravatar.com\/avatar\/a796496fa1985f3a559e872a5db21305d7a391de67117abdfa8eb899c7bea95c?s=96&d=mm&r=g\",\"caption\":\"admin\"},\"sameAs\":[\"https:\/\/juliocesartriana.com\"],\"url\":\"https:\/\/juliocesartriana.com\/index.php\/author\/admin_dovqajq2\/\"}]}<\/script>\n<!-- \/ Yoast SEO plugin. -->","yoast_head_json":{"title":"Julio C\u00e9sar Triana - Representante a la C\u00e1mara por el Huila","robots":{"index":"index","follow":"follow","max-snippet":"max-snippet:-1","max-image-preview":"max-image-preview:large","max-video-preview":"max-video-preview:-1"},"canonical":"https:\/\/juliocesartriana.com\/index.php\/2021\/10\/20\/gestionamos-recursos-para-el-nuevo-acelerador-lineal-del-huila\/","og_locale":"es_ES","og_type":"article","og_title":"Julio C\u00e9sar Triana - Representante a la C\u00e1mara por el Huila","og_description":"\u00a1Prometimos y cumplimos! El Huila contar\u00e1 con un nuevo acelerador lineal, gracias a la gesti\u00f3n en la que participamos para que el Ministerio de Salud destinara 11 mil millones de pesos para la compra de este equipo, que es fundamental en el tratamiento del c\u00e1ncer y que har\u00e1 parte de la Unidad Cancerol\u00f3gica del Hospital &hellip; Gestionamos recursos para el nuevo acelerador lineal del Huila Leer m\u00e1s &raquo;","og_url":"https:\/\/juliocesartriana.com\/index.php\/2021\/10\/20\/gestionamos-recursos-para-el-nuevo-acelerador-lineal-del-huila\/","og_site_name":"Julio C\u00e9sar Triana - Representante a la C\u00e1mara por el Huila","article_publisher":"https:\/\/www.facebook.com\/TrianaCongreso\/","article_published_time":"2021-10-20T23:00:09+00:00","article_modified_time":"2022-02-02T22:41:29+00:00","og_image":[{"width":2560,"height":1613,"url":"https:\/\/juliocesartriana.com\/wp-content\/uploads\/2021\/10\/IMG_9855-2-scaled.jpg","type":"image\/jpeg"}],"twitter_card":"summary_large_image","twitter_misc":{"Escrito por":"admin","Tiempo de lectura":"1 minuto"},"schema":{"@context":"https:\/\/schema.org","@graph":[{"@type":"Organization","@id":"https:\/\/juliocesartriana.com\/#organization","name":"Julio C\u00e9sar Triana - Representante a la C\u00e1mara","url":"https:\/\/juliocesartriana.com\/","sameAs":["https:\/\/www.facebook.com\/TrianaCongreso\/","https:\/\/www.instagram.com\/trianacongreso\/"],"logo":{"@type":"ImageObject","@id":"https:\/\/juliocesartriana.com\/#logo","inLanguage":"es","url":"https:\/\/juliocesartriana.com\/wp-content\/uploads\/2021\/03\/Salo\u0301n-eli\u0301ptico-presidiendo-1.jpeg","contentUrl":"https:\/\/juliocesartriana.com\/wp-content\/uploads\/2021\/03\/Salo\u0301n-eli\u0301ptico-presidiendo-1.jpeg","width":1280,"height":853,"caption":"Julio C\u00e9sar Triana - Representante a la C\u00e1mara"},"image":{"@id":"https:\/\/juliocesartriana.com\/#logo"}},{"@type":"WebSite","@id":"https:\/\/juliocesartriana.com\/#website","url":"https:\/\/juliocesartriana.com\/","name":"Julio C\u00e9sar Triana - Representante a la C\u00e1mara por el Huila","description":"Representante a la C\u00e1mara por el Departamento del Huila.","publisher":{"@id":"https:\/\/juliocesartriana.com\/#organization"},"potentialAction":[{"@type":"SearchAction","target":{"@type":"EntryPoint","urlTemplate":"https:\/\/juliocesartriana.com\/?s={search_term_string}"},"query-input":"required name=search_term_string"}],"inLanguage":"es"},{"@type":"ImageObject","@id":"https:\/\/juliocesartriana.com\/index.php\/2021\/10\/20\/gestionamos-recursos-para-el-nuevo-acelerador-lineal-del-huila\/#primaryimage","inLanguage":"es","url":"https:\/\/juliocesartriana.com\/wp-content\/uploads\/2021\/10\/IMG_9855-2-scaled.jpg","contentUrl":"https:\/\/juliocesartriana.com\/wp-content\/uploads\/2021\/10\/IMG_9855-2-scaled.jpg","width":2560,"height":1613},{"@type":"WebPage","@id":"https:\/\/juliocesartriana.com\/index.php\/2021\/10\/20\/gestionamos-recursos-para-el-nuevo-acelerador-lineal-del-huila\/#webpage","url":"https:\/\/juliocesartriana.com\/index.php\/2021\/10\/20\/gestionamos-recursos-para-el-nuevo-acelerador-lineal-del-huila\/","name":"Julio C\u00e9sar Triana - Representante a la C\u00e1mara por el Huila","isPartOf":{"@id":"https:\/\/juliocesartriana.com\/#website"},"primaryImageOfPage":{"@id":"https:\/\/juliocesartriana.com\/index.php\/2021\/10\/20\/gestionamos-recursos-para-el-nuevo-acelerador-lineal-del-huila\/#primaryimage"},"datePublished":"2021-10-20T23:00:09+00:00","dateModified":"2022-02-02T22:41:29+00:00","breadcrumb":{"@id":"https:\/\/juliocesartriana.com\/index.php\/2021\/10\/20\/gestionamos-recursos-para-el-nuevo-acelerador-lineal-del-huila\/#breadcrumb"},"inLanguage":"es","potentialAction":[{"@type":"ReadAction","target":["https:\/\/juliocesartriana.com\/index.php\/2021\/10\/20\/gestionamos-recursos-para-el-nuevo-acelerador-lineal-del-huila\/"]}]},{"@type":"BreadcrumbList","@id":"https:\/\/juliocesartriana.com\/index.php\/2021\/10\/20\/gestionamos-recursos-para-el-nuevo-acelerador-lineal-del-huila\/#breadcrumb","itemListElement":[{"@type":"ListItem","position":1,"name":"Portada","item":"https:\/\/juliocesartriana.com\/"},{"@type":"ListItem","position":2,"name":"Gestionamos recursos para el nuevo acelerador lineal del Huila"}]},{"@type":"Article","@id":"https:\/\/juliocesartriana.com\/index.php\/2021\/10\/20\/gestionamos-recursos-para-el-nuevo-acelerador-lineal-del-huila\/#article","isPartOf":{"@id":"https:\/\/juliocesartriana.com\/index.php\/2021\/10\/20\/gestionamos-recursos-para-el-nuevo-acelerador-lineal-del-huila\/#webpage"},"author":{"@id":"https:\/\/juliocesartriana.com\/#\/schema\/person\/deecb92c18f2299a8c280aa4eabd1a03"},"headline":"Gestionamos recursos para el nuevo acelerador lineal del Huila","datePublished":"2021-10-20T23:00:09+00:00","dateModified":"2022-02-02T22:41:29+00:00","mainEntityOfPage":{"@id":"https:\/\/juliocesartriana.com\/index.php\/2021\/10\/20\/gestionamos-recursos-para-el-nuevo-acelerador-lineal-del-huila\/#webpage"},"wordCount":268,"commentCount":0,"publisher":{"@id":"https:\/\/juliocesartriana.com\/#organization"},"image":{"@id":"https:\/\/juliocesartriana.com\/index.php\/2021\/10\/20\/gestionamos-recursos-para-el-nuevo-acelerador-lineal-del-huila\/#primaryimage"},"thumbnailUrl":"https:\/\/juliocesartriana.com\/wp-content\/uploads\/2021\/10\/IMG_9855-2-scaled.jpg","articleSection":["Gesti\u00f3n por el Huila"],"inLanguage":"es","potentialAction":[{"@type":"CommentAction","name":"Comment","target":["https:\/\/juliocesartriana.com\/index.php\/2021\/10\/20\/gestionamos-recursos-para-el-nuevo-acelerador-lineal-del-huila\/#respond"]}]},{"@type":"Person","@id":"https:\/\/juliocesartriana.com\/#\/schema\/person\/deecb92c18f2299a8c280aa4eabd1a03","name":"admin","image":{"@type":"ImageObject","@id":"https:\/\/juliocesartriana.com\/#personlogo","inLanguage":"es","url":"https:\/\/secure.gravatar.com\/avatar\/a796496fa1985f3a559e872a5db21305d7a391de67117abdfa8eb899c7bea95c?s=96&d=mm&r=g","contentUrl":"https:\/\/secure.gravatar.com\/avatar\/a796496fa1985f3a559e872a5db21305d7a391de67117abdfa8eb899c7bea95c?s=96&d=mm&r=g","caption":"admin"},"sameAs":["https:\/\/juliocesartriana.com"],"url":"https:\/\/juliocesartriana.com\/index.php\/author\/admin_dovqajq2\/"}]}},"_links":{"self":[{"href":"https:\/\/juliocesartriana.com\/index.php\/wp-json\/wp\/v2\/posts\/3195","targetHints":{"allow":["GET"]}}],"collection":[{"href":"https:\/\/juliocesartriana.com\/index.php\/wp-json\/wp\/v2\/posts"}],"about":[{"href":"https:\/\/juliocesartriana.com\/index.php\/wp-json\/wp\/v2\/types\/post"}],"author":[{"embeddable":true,"href":"https:\/\/juliocesartriana.com\/index.php\/wp-json\/wp\/v2\/users\/1"}],"replies":[{"embeddable":true,"href":"https:\/\/juliocesartriana.com\/index.php\/wp-json\/wp\/v2\/comments?post=3195"}],"version-history":[{"count":5,"href":"https:\/\/juliocesartriana.com\/index.php\/wp-json\/wp\/v2\/posts\/3195\/revisions"}],"predecessor-version":[{"id":3611,"href":"https:\/\/juliocesartriana.com\/index.php\/wp-json\/wp\/v2\/posts\/3195\/revisions\/3611"}],"wp:featuredmedia":[{"embeddable":true,"href":"https:\/\/juliocesartriana.com\/index.php\/wp-json\/wp\/v2\/media\/3610"}],"wp:attachment":[{"href":"https:\/\/juliocesartriana.com\/index.php\/wp-json\/wp\/v2\/media?parent=3195"}],"wp:term":[{"taxonomy":"category","embeddable":true,"href":"https:\/\/juliocesartriana.com\/index.php\/wp-json\/wp\/v2\/categories?post=3195"},{"taxonomy":"post_tag","embeddable":true,"href":"https:\/\/juliocesartriana.com\/index.php\/wp-json\/wp\/v2\/tags?post=3195"}],"curies":[{"name":"wp","href":"https:\/\/api.w.org\/{rel}","templated":true}]}}