{"id":3095,"date":"2021-10-07T14:34:55","date_gmt":"2021-10-07T14:34:55","guid":{"rendered":"https:\/\/juliocesartriana.com\/?p=3095"},"modified":"2021-10-07T14:44:23","modified_gmt":"2021-10-07T14:44:23","slug":"logramos-que-el-gobierno-atendiera-nuestro-reclamo-por-el-alto-precio-de-los-agroinsumos","status":"publish","type":"post","link":"https:\/\/juliocesartriana.com\/index.php\/2021\/10\/07\/logramos-que-el-gobierno-atendiera-nuestro-reclamo-por-el-alto-precio-de-los-agroinsumos\/","title":{"rendered":"Logramos que el Gobierno atendiera nuestro reclamo por el alto precio de los agroinsumos"},"content":{"rendered":"\n<p>Tras nuestras reiteradas denuncias desde que llegamos a la C\u00e1mara de Representantes, en las que evidenciamos el alto costo de los agroinsumos en el pa\u00eds, especialmente en el Huila, el Ministerio de Agricultura present\u00f3 una iniciativa para busca crear una pol\u00edtica de estabilizaci\u00f3n de los precios de los insumos agr\u00edcolas. <\/p>\n\n\n\n<p>Han sido varias las instancias y mecanismos en las que hemos denunciado la grave situaci\u00f3n que viven los caficultores y campesinos en nuestro pa\u00eds, en especial, el &#8216;calvario&#8217; que tienen que padecer los productores del campo cuando van a comprar los insumos agr\u00edcolas.<\/p>\n\n\n\n<p><strong>As\u00ed ha sido nuestra gesti\u00f3n por los caficultores:<\/strong><\/p>\n\n\n\n<ul class=\"wp-block-list\"><li>En el 2018, realizamos un debate de control pol\u00edtico en la plenaria de la C\u00e1mara de Representantes donde expusimos la dif\u00edcil situaci\u00f3n que viv\u00eda el sector cafetero en el momento e insistimos en la necesidad de crear el Fondo de Estabilizaci\u00f3n del Precio del Caf\u00e9, que hoy ya es una realidad <a href=\"https:\/\/fb.watch\/8tHueGgHkJ\/\" data-type=\"URL\" data-id=\"https:\/\/fb.watch\/8tHueGgHkJ\/\"><strong><em>(Ver debate).<\/em><\/strong><\/a><\/li><\/ul>\n\n\n\n<ul class=\"wp-block-list\"><li>Dentro del marco de las manifestaciones sociales, alzamos la voz por los miles de campesinos que aclamaban una regulaci\u00f3n en el precio de los agroinsumos. Fuimos enf\u00e1ticos en que el Gobierno pod\u00eda ser ajeno a las peticiones de los campesinos <a href=\"http:\/\/Dentro del marco de las manifestaciones sociales, fuimos la voz de los miles de campesinos que aclamaban una regulaci\u00f3n en el precio de los agroinsumos (Ver intervenci\u00f3n). .https:\/\/www.facebook.com\/TrianaCongreso\/videos\/528436991897246\/?extid=WA-UNK-UNK-UNK-IOS_GK0T-GK1C&amp;ref=sharing\"><strong><em>(Ve<\/em>r intervenci\u00f3n).<\/strong><\/a><\/li><\/ul>\n\n\n\n<ul class=\"wp-block-list\"><li>Luego de la pandemia del Covid-19, el precio de los agroinsumos subi\u00f3 en un 40% . La \u00farea, el Fosfato di Am\u00f3nico, que son los m\u00e1s utilizados para la cosecha de diferentes productos, tuvieron un incremento considerable que, hasta el d\u00eda de hoy, no han podido volver a su precio original. Por eso, en mayo del presente a\u00f1o, radicamos un derecho de petici\u00f3n, con el fin de solicitar que se estableciera una pol\u00edtica de Estado para el control de los precios de los agroinsumos y que adem\u00e1s estableciera un subsidio especial para los principales insumos agropecuarios <strong><em><a href=\"https:\/\/www.facebook.com\/TrianaCongreso\/videos\/488590155534362\/?extid=WA-UNK-UNK-UNK-IOS_GK0T-GK1C&amp;ref=sharing\" data-type=\"URL\" data-id=\"https:\/\/www.facebook.com\/TrianaCongreso\/videos\/488590155534362\/?extid=WA-UNK-UNK-UNK-IOS_GK0T-GK1C&amp;ref=sharing\">(Ver derecho de petici\u00f3n)<\/a>. <\/em><\/strong><\/li><\/ul>\n\n\n\n<ul class=\"wp-block-list\"><li>En septiembre del presente a\u00f1o, presentamos una constancia en Plenaria de la C\u00e1mara de Representantes, en la cual visibilizamos el espejismo de los buenos precios del caf\u00e9. Si bien, la cosecha cafetera est\u00e1 en un buen momento por el incremento en el precio del d\u00f3lar, las ganancias que obtienen los peque\u00f1os productores las pierden al momento de comprar los agroinsumos, pues estos productos tambi\u00e9n dependen del valor del d\u00f3lar <strong><em><a href=\"https:\/\/fb.watch\/8kEXb5fXVK\/\" data-type=\"URL\" data-id=\"https:\/\/fb.watch\/8kEXb5fXVK\/\">(Ver constancia)<\/a>. <\/em><\/strong><\/li><\/ul>\n\n\n\n<p><\/p>\n\n\n\n<p> <\/p>\n","protected":false},"excerpt":{"rendered":"<p>Tras nuestras reiteradas denuncias desde que llegamos a la C\u00e1mara de Representantes, en las que evidenciamos el alto costo de los agroinsumos en el pa\u00eds, especialmente en el Huila, el Ministerio de Agricultura present\u00f3 una iniciativa para busca crear una pol\u00edtica de estabilizaci\u00f3n de los precios de los insumos agr\u00edcolas. Han sido varias las instancias &hellip;<\/p>\n<p class=\"read-more\"> <a class=\"\" href=\"https:\/\/juliocesartriana.com\/index.php\/2021\/10\/07\/logramos-que-el-gobierno-atendiera-nuestro-reclamo-por-el-alto-precio-de-los-agroinsumos\/\"> <span class=\"screen-reader-text\">Logramos que el Gobierno atendiera nuestro reclamo por el alto precio de los agroinsumos<\/span> Leer m\u00e1s &raquo;<\/a><\/p>\n","protected":false},"author":1,"featured_media":3162,"comment_status":"open","ping_status":"open","sticky":false,"template":"","format":"standard","meta":{"ngg_post_thumbnail":0,"footnotes":""},"categories":[8],"tags":[],"class_list":["post-3095","post","type-post","status-publish","format-standard","has-post-thumbnail","hentry","category-gestion-por-el-huila"],"yoast_head":"<!-- This site is optimized with the Yoast SEO plugin v18.5.1 - https:\/\/yoast.com\/wordpress\/plugins\/seo\/ -->\n<title>Julio C\u00e9sar Triana - Representante a la C\u00e1mara por el Huila<\/title>\n<meta name=\"robots\" content=\"index, follow, max-snippet:-1, max-image-preview:large, max-video-preview:-1\" \/>\n<link rel=\"canonical\" href=\"https:\/\/juliocesartriana.com\/index.php\/2021\/10\/07\/logramos-que-el-gobierno-atendiera-nuestro-reclamo-por-el-alto-precio-de-los-agroinsumos\/\" \/>\n<meta property=\"og:locale\" content=\"es_ES\" \/>\n<meta property=\"og:type\" content=\"article\" \/>\n<meta property=\"og:title\" content=\"Julio C\u00e9sar Triana - Representante a la C\u00e1mara por el Huila\" \/>\n<meta property=\"og:description\" content=\"Tras nuestras reiteradas denuncias desde que llegamos a la C\u00e1mara de Representantes, en las que evidenciamos el alto costo de los agroinsumos en el pa\u00eds, especialmente en el Huila, el Ministerio de Agricultura present\u00f3 una iniciativa para busca crear una pol\u00edtica de estabilizaci\u00f3n de los precios de los insumos agr\u00edcolas. Han sido varias las instancias &hellip; Logramos que el Gobierno atendiera nuestro reclamo por el alto precio de los agroinsumos Leer m\u00e1s &raquo;\" \/>\n<meta property=\"og:url\" content=\"https:\/\/juliocesartriana.com\/index.php\/2021\/10\/07\/logramos-que-el-gobierno-atendiera-nuestro-reclamo-por-el-alto-precio-de-los-agroinsumos\/\" \/>\n<meta property=\"og:site_name\" content=\"Julio C\u00e9sar Triana - Representante a la C\u00e1mara por el Huila\" \/>\n<meta property=\"article:publisher\" content=\"https:\/\/www.facebook.com\/TrianaCongreso\/\" \/>\n<meta property=\"article:published_time\" content=\"2021-10-07T14:34:55+00:00\" \/>\n<meta property=\"article:modified_time\" content=\"2021-10-07T14:44:23+00:00\" \/>\n<meta property=\"og:image\" content=\"https:\/\/juliocesartriana.com\/wp-content\/uploads\/2021\/10\/fa01325d-5bdd-4d28-b12e-e0a2328be973-2.jpg\" \/>\n\t<meta property=\"og:image:width\" content=\"1280\" \/>\n\t<meta property=\"og:image:height\" content=\"853\" \/>\n\t<meta property=\"og:image:type\" content=\"image\/jpeg\" \/>\n<meta name=\"twitter:card\" content=\"summary_large_image\" \/>\n<meta name=\"twitter:label1\" content=\"Escrito por\" \/>\n\t<meta name=\"twitter:data1\" content=\"admin\" \/>\n\t<meta name=\"twitter:label2\" content=\"Tiempo de lectura\" \/>\n\t<meta name=\"twitter:data2\" content=\"2 minutos\" \/>\n<script type=\"application\/ld+json\" class=\"yoast-schema-graph\">{\"@context\":\"https:\/\/schema.org\",\"@graph\":[{\"@type\":\"Organization\",\"@id\":\"https:\/\/juliocesartriana.com\/#organization\",\"name\":\"Julio C\u00e9sar Triana - Representante a la C\u00e1mara\",\"url\":\"https:\/\/juliocesartriana.com\/\",\"sameAs\":[\"https:\/\/www.facebook.com\/TrianaCongreso\/\",\"https:\/\/www.instagram.com\/trianacongreso\/\"],\"logo\":{\"@type\":\"ImageObject\",\"@id\":\"https:\/\/juliocesartriana.com\/#logo\",\"inLanguage\":\"es\",\"url\":\"https:\/\/juliocesartriana.com\/wp-content\/uploads\/2021\/03\/Salo\u0301n-eli\u0301ptico-presidiendo-1.jpeg\",\"contentUrl\":\"https:\/\/juliocesartriana.com\/wp-content\/uploads\/2021\/03\/Salo\u0301n-eli\u0301ptico-presidiendo-1.jpeg\",\"width\":1280,\"height\":853,\"caption\":\"Julio C\u00e9sar Triana - Representante a la C\u00e1mara\"},\"image\":{\"@id\":\"https:\/\/juliocesartriana.com\/#logo\"}},{\"@type\":\"WebSite\",\"@id\":\"https:\/\/juliocesartriana.com\/#website\",\"url\":\"https:\/\/juliocesartriana.com\/\",\"name\":\"Julio C\u00e9sar Triana - Representante a la C\u00e1mara por el Huila\",\"description\":\"Representante a la C\u00e1mara por el Departamento del Huila.\",\"publisher\":{\"@id\":\"https:\/\/juliocesartriana.com\/#organization\"},\"potentialAction\":[{\"@type\":\"SearchAction\",\"target\":{\"@type\":\"EntryPoint\",\"urlTemplate\":\"https:\/\/juliocesartriana.com\/?s={search_term_string}\"},\"query-input\":\"required name=search_term_string\"}],\"inLanguage\":\"es\"},{\"@type\":\"ImageObject\",\"@id\":\"https:\/\/juliocesartriana.com\/index.php\/2021\/10\/07\/logramos-que-el-gobierno-atendiera-nuestro-reclamo-por-el-alto-precio-de-los-agroinsumos\/#primaryimage\",\"inLanguage\":\"es\",\"url\":\"https:\/\/juliocesartriana.com\/wp-content\/uploads\/2021\/10\/fa01325d-5bdd-4d28-b12e-e0a2328be973-2.jpg\",\"contentUrl\":\"https:\/\/juliocesartriana.com\/wp-content\/uploads\/2021\/10\/fa01325d-5bdd-4d28-b12e-e0a2328be973-2.jpg\",\"width\":1280,\"height\":853},{\"@type\":\"WebPage\",\"@id\":\"https:\/\/juliocesartriana.com\/index.php\/2021\/10\/07\/logramos-que-el-gobierno-atendiera-nuestro-reclamo-por-el-alto-precio-de-los-agroinsumos\/#webpage\",\"url\":\"https:\/\/juliocesartriana.com\/index.php\/2021\/10\/07\/logramos-que-el-gobierno-atendiera-nuestro-reclamo-por-el-alto-precio-de-los-agroinsumos\/\",\"name\":\"Julio C\u00e9sar Triana - Representante a la C\u00e1mara por el Huila\",\"isPartOf\":{\"@id\":\"https:\/\/juliocesartriana.com\/#website\"},\"primaryImageOfPage\":{\"@id\":\"https:\/\/juliocesartriana.com\/index.php\/2021\/10\/07\/logramos-que-el-gobierno-atendiera-nuestro-reclamo-por-el-alto-precio-de-los-agroinsumos\/#primaryimage\"},\"datePublished\":\"2021-10-07T14:34:55+00:00\",\"dateModified\":\"2021-10-07T14:44:23+00:00\",\"breadcrumb\":{\"@id\":\"https:\/\/juliocesartriana.com\/index.php\/2021\/10\/07\/logramos-que-el-gobierno-atendiera-nuestro-reclamo-por-el-alto-precio-de-los-agroinsumos\/#breadcrumb\"},\"inLanguage\":\"es\",\"potentialAction\":[{\"@type\":\"ReadAction\",\"target\":[\"https:\/\/juliocesartriana.com\/index.php\/2021\/10\/07\/logramos-que-el-gobierno-atendiera-nuestro-reclamo-por-el-alto-precio-de-los-agroinsumos\/\"]}]},{\"@type\":\"BreadcrumbList\",\"@id\":\"https:\/\/juliocesartriana.com\/index.php\/2021\/10\/07\/logramos-que-el-gobierno-atendiera-nuestro-reclamo-por-el-alto-precio-de-los-agroinsumos\/#breadcrumb\",\"itemListElement\":[{\"@type\":\"ListItem\",\"position\":1,\"name\":\"Portada\",\"item\":\"https:\/\/juliocesartriana.com\/\"},{\"@type\":\"ListItem\",\"position\":2,\"name\":\"Logramos que el Gobierno atendiera nuestro reclamo por el alto precio de los agroinsumos\"}]},{\"@type\":\"Article\",\"@id\":\"https:\/\/juliocesartriana.com\/index.php\/2021\/10\/07\/logramos-que-el-gobierno-atendiera-nuestro-reclamo-por-el-alto-precio-de-los-agroinsumos\/#article\",\"isPartOf\":{\"@id\":\"https:\/\/juliocesartriana.com\/index.php\/2021\/10\/07\/logramos-que-el-gobierno-atendiera-nuestro-reclamo-por-el-alto-precio-de-los-agroinsumos\/#webpage\"},\"author\":{\"@id\":\"https:\/\/juliocesartriana.com\/#\/schema\/person\/deecb92c18f2299a8c280aa4eabd1a03\"},\"headline\":\"Logramos que el Gobierno atendiera nuestro reclamo por el alto precio de los agroinsumos\",\"datePublished\":\"2021-10-07T14:34:55+00:00\",\"dateModified\":\"2021-10-07T14:44:23+00:00\",\"mainEntityOfPage\":{\"@id\":\"https:\/\/juliocesartriana.com\/index.php\/2021\/10\/07\/logramos-que-el-gobierno-atendiera-nuestro-reclamo-por-el-alto-precio-de-los-agroinsumos\/#webpage\"},\"wordCount\":411,\"commentCount\":0,\"publisher\":{\"@id\":\"https:\/\/juliocesartriana.com\/#organization\"},\"image\":{\"@id\":\"https:\/\/juliocesartriana.com\/index.php\/2021\/10\/07\/logramos-que-el-gobierno-atendiera-nuestro-reclamo-por-el-alto-precio-de-los-agroinsumos\/#primaryimage\"},\"thumbnailUrl\":\"https:\/\/juliocesartriana.com\/wp-content\/uploads\/2021\/10\/fa01325d-5bdd-4d28-b12e-e0a2328be973-2.jpg\",\"articleSection\":[\"Gesti\u00f3n por el Huila\"],\"inLanguage\":\"es\",\"potentialAction\":[{\"@type\":\"CommentAction\",\"name\":\"Comment\",\"target\":[\"https:\/\/juliocesartriana.com\/index.php\/2021\/10\/07\/logramos-que-el-gobierno-atendiera-nuestro-reclamo-por-el-alto-precio-de-los-agroinsumos\/#respond\"]}]},{\"@type\":\"Person\",\"@id\":\"https:\/\/juliocesartriana.com\/#\/schema\/person\/deecb92c18f2299a8c280aa4eabd1a03\",\"name\":\"admin\",\"image\":{\"@type\":\"ImageObject\",\"@id\":\"https:\/\/juliocesartriana.com\/#personlogo\",\"inLanguage\":\"es\",\"url\":\"https:\/\/secure.gravatar.com\/avatar\/a796496fa1985f3a559e872a5db21305d7a391de67117abdfa8eb899c7bea95c?s=96&d=mm&r=g\",\"contentUrl\":\"https:\/\/secure.gravatar.com\/avatar\/a796496fa1985f3a559e872a5db21305d7a391de67117abdfa8eb899c7bea95c?s=96&d=mm&r=g\",\"caption\":\"admin\"},\"sameAs\":[\"https:\/\/juliocesartriana.com\"],\"url\":\"https:\/\/juliocesartriana.com\/index.php\/author\/admin_dovqajq2\/\"}]}<\/script>\n<!-- \/ Yoast SEO plugin. -->","yoast_head_json":{"title":"Julio C\u00e9sar Triana - Representante a la C\u00e1mara por el Huila","robots":{"index":"index","follow":"follow","max-snippet":"max-snippet:-1","max-image-preview":"max-image-preview:large","max-video-preview":"max-video-preview:-1"},"canonical":"https:\/\/juliocesartriana.com\/index.php\/2021\/10\/07\/logramos-que-el-gobierno-atendiera-nuestro-reclamo-por-el-alto-precio-de-los-agroinsumos\/","og_locale":"es_ES","og_type":"article","og_title":"Julio C\u00e9sar Triana - Representante a la C\u00e1mara por el Huila","og_description":"Tras nuestras reiteradas denuncias desde que llegamos a la C\u00e1mara de Representantes, en las que evidenciamos el alto costo de los agroinsumos en el pa\u00eds, especialmente en el Huila, el Ministerio de Agricultura present\u00f3 una iniciativa para busca crear una pol\u00edtica de estabilizaci\u00f3n de los precios de los insumos agr\u00edcolas. Han sido varias las instancias &hellip; Logramos que el Gobierno atendiera nuestro reclamo por el alto precio de los agroinsumos Leer m\u00e1s &raquo;","og_url":"https:\/\/juliocesartriana.com\/index.php\/2021\/10\/07\/logramos-que-el-gobierno-atendiera-nuestro-reclamo-por-el-alto-precio-de-los-agroinsumos\/","og_site_name":"Julio C\u00e9sar Triana - Representante a la C\u00e1mara por el Huila","article_publisher":"https:\/\/www.facebook.com\/TrianaCongreso\/","article_published_time":"2021-10-07T14:34:55+00:00","article_modified_time":"2021-10-07T14:44:23+00:00","og_image":[{"width":1280,"height":853,"url":"https:\/\/juliocesartriana.com\/wp-content\/uploads\/2021\/10\/fa01325d-5bdd-4d28-b12e-e0a2328be973-2.jpg","type":"image\/jpeg"}],"twitter_card":"summary_large_image","twitter_misc":{"Escrito por":"admin","Tiempo de lectura":"2 minutos"},"schema":{"@context":"https:\/\/schema.org","@graph":[{"@type":"Organization","@id":"https:\/\/juliocesartriana.com\/#organization","name":"Julio C\u00e9sar Triana - Representante a la C\u00e1mara","url":"https:\/\/juliocesartriana.com\/","sameAs":["https:\/\/www.facebook.com\/TrianaCongreso\/","https:\/\/www.instagram.com\/trianacongreso\/"],"logo":{"@type":"ImageObject","@id":"https:\/\/juliocesartriana.com\/#logo","inLanguage":"es","url":"https:\/\/juliocesartriana.com\/wp-content\/uploads\/2021\/03\/Salo\u0301n-eli\u0301ptico-presidiendo-1.jpeg","contentUrl":"https:\/\/juliocesartriana.com\/wp-content\/uploads\/2021\/03\/Salo\u0301n-eli\u0301ptico-presidiendo-1.jpeg","width":1280,"height":853,"caption":"Julio C\u00e9sar Triana - Representante a la C\u00e1mara"},"image":{"@id":"https:\/\/juliocesartriana.com\/#logo"}},{"@type":"WebSite","@id":"https:\/\/juliocesartriana.com\/#website","url":"https:\/\/juliocesartriana.com\/","name":"Julio C\u00e9sar Triana - Representante a la C\u00e1mara por el Huila","description":"Representante a la C\u00e1mara por el Departamento del Huila.","publisher":{"@id":"https:\/\/juliocesartriana.com\/#organization"},"potentialAction":[{"@type":"SearchAction","target":{"@type":"EntryPoint","urlTemplate":"https:\/\/juliocesartriana.com\/?s={search_term_string}"},"query-input":"required name=search_term_string"}],"inLanguage":"es"},{"@type":"ImageObject","@id":"https:\/\/juliocesartriana.com\/index.php\/2021\/10\/07\/logramos-que-el-gobierno-atendiera-nuestro-reclamo-por-el-alto-precio-de-los-agroinsumos\/#primaryimage","inLanguage":"es","url":"https:\/\/juliocesartriana.com\/wp-content\/uploads\/2021\/10\/fa01325d-5bdd-4d28-b12e-e0a2328be973-2.jpg","contentUrl":"https:\/\/juliocesartriana.com\/wp-content\/uploads\/2021\/10\/fa01325d-5bdd-4d28-b12e-e0a2328be973-2.jpg","width":1280,"height":853},{"@type":"WebPage","@id":"https:\/\/juliocesartriana.com\/index.php\/2021\/10\/07\/logramos-que-el-gobierno-atendiera-nuestro-reclamo-por-el-alto-precio-de-los-agroinsumos\/#webpage","url":"https:\/\/juliocesartriana.com\/index.php\/2021\/10\/07\/logramos-que-el-gobierno-atendiera-nuestro-reclamo-por-el-alto-precio-de-los-agroinsumos\/","name":"Julio C\u00e9sar Triana - Representante a la C\u00e1mara por el Huila","isPartOf":{"@id":"https:\/\/juliocesartriana.com\/#website"},"primaryImageOfPage":{"@id":"https:\/\/juliocesartriana.com\/index.php\/2021\/10\/07\/logramos-que-el-gobierno-atendiera-nuestro-reclamo-por-el-alto-precio-de-los-agroinsumos\/#primaryimage"},"datePublished":"2021-10-07T14:34:55+00:00","dateModified":"2021-10-07T14:44:23+00:00","breadcrumb":{"@id":"https:\/\/juliocesartriana.com\/index.php\/2021\/10\/07\/logramos-que-el-gobierno-atendiera-nuestro-reclamo-por-el-alto-precio-de-los-agroinsumos\/#breadcrumb"},"inLanguage":"es","potentialAction":[{"@type":"ReadAction","target":["https:\/\/juliocesartriana.com\/index.php\/2021\/10\/07\/logramos-que-el-gobierno-atendiera-nuestro-reclamo-por-el-alto-precio-de-los-agroinsumos\/"]}]},{"@type":"BreadcrumbList","@id":"https:\/\/juliocesartriana.com\/index.php\/2021\/10\/07\/logramos-que-el-gobierno-atendiera-nuestro-reclamo-por-el-alto-precio-de-los-agroinsumos\/#breadcrumb","itemListElement":[{"@type":"ListItem","position":1,"name":"Portada","item":"https:\/\/juliocesartriana.com\/"},{"@type":"ListItem","position":2,"name":"Logramos que el Gobierno atendiera nuestro reclamo por el alto precio de los agroinsumos"}]},{"@type":"Article","@id":"https:\/\/juliocesartriana.com\/index.php\/2021\/10\/07\/logramos-que-el-gobierno-atendiera-nuestro-reclamo-por-el-alto-precio-de-los-agroinsumos\/#article","isPartOf":{"@id":"https:\/\/juliocesartriana.com\/index.php\/2021\/10\/07\/logramos-que-el-gobierno-atendiera-nuestro-reclamo-por-el-alto-precio-de-los-agroinsumos\/#webpage"},"author":{"@id":"https:\/\/juliocesartriana.com\/#\/schema\/person\/deecb92c18f2299a8c280aa4eabd1a03"},"headline":"Logramos que el Gobierno atendiera nuestro reclamo por el alto precio de los agroinsumos","datePublished":"2021-10-07T14:34:55+00:00","dateModified":"2021-10-07T14:44:23+00:00","mainEntityOfPage":{"@id":"https:\/\/juliocesartriana.com\/index.php\/2021\/10\/07\/logramos-que-el-gobierno-atendiera-nuestro-reclamo-por-el-alto-precio-de-los-agroinsumos\/#webpage"},"wordCount":411,"commentCount":0,"publisher":{"@id":"https:\/\/juliocesartriana.com\/#organization"},"image":{"@id":"https:\/\/juliocesartriana.com\/index.php\/2021\/10\/07\/logramos-que-el-gobierno-atendiera-nuestro-reclamo-por-el-alto-precio-de-los-agroinsumos\/#primaryimage"},"thumbnailUrl":"https:\/\/juliocesartriana.com\/wp-content\/uploads\/2021\/10\/fa01325d-5bdd-4d28-b12e-e0a2328be973-2.jpg","articleSection":["Gesti\u00f3n por el Huila"],"inLanguage":"es","potentialAction":[{"@type":"CommentAction","name":"Comment","target":["https:\/\/juliocesartriana.com\/index.php\/2021\/10\/07\/logramos-que-el-gobierno-atendiera-nuestro-reclamo-por-el-alto-precio-de-los-agroinsumos\/#respond"]}]},{"@type":"Person","@id":"https:\/\/juliocesartriana.com\/#\/schema\/person\/deecb92c18f2299a8c280aa4eabd1a03","name":"admin","image":{"@type":"ImageObject","@id":"https:\/\/juliocesartriana.com\/#personlogo","inLanguage":"es","url":"https:\/\/secure.gravatar.com\/avatar\/a796496fa1985f3a559e872a5db21305d7a391de67117abdfa8eb899c7bea95c?s=96&d=mm&r=g","contentUrl":"https:\/\/secure.gravatar.com\/avatar\/a796496fa1985f3a559e872a5db21305d7a391de67117abdfa8eb899c7bea95c?s=96&d=mm&r=g","caption":"admin"},"sameAs":["https:\/\/juliocesartriana.com"],"url":"https:\/\/juliocesartriana.com\/index.php\/author\/admin_dovqajq2\/"}]}},"_links":{"self":[{"href":"https:\/\/juliocesartriana.com\/index.php\/wp-json\/wp\/v2\/posts\/3095","targetHints":{"allow":["GET"]}}],"collection":[{"href":"https:\/\/juliocesartriana.com\/index.php\/wp-json\/wp\/v2\/posts"}],"about":[{"href":"https:\/\/juliocesartriana.com\/index.php\/wp-json\/wp\/v2\/types\/post"}],"author":[{"embeddable":true,"href":"https:\/\/juliocesartriana.com\/index.php\/wp-json\/wp\/v2\/users\/1"}],"replies":[{"embeddable":true,"href":"https:\/\/juliocesartriana.com\/index.php\/wp-json\/wp\/v2\/comments?post=3095"}],"version-history":[{"count":2,"href":"https:\/\/juliocesartriana.com\/index.php\/wp-json\/wp\/v2\/posts\/3095\/revisions"}],"predecessor-version":[{"id":3164,"href":"https:\/\/juliocesartriana.com\/index.php\/wp-json\/wp\/v2\/posts\/3095\/revisions\/3164"}],"wp:featuredmedia":[{"embeddable":true,"href":"https:\/\/juliocesartriana.com\/index.php\/wp-json\/wp\/v2\/media\/3162"}],"wp:attachment":[{"href":"https:\/\/juliocesartriana.com\/index.php\/wp-json\/wp\/v2\/media?parent=3095"}],"wp:term":[{"taxonomy":"category","embeddable":true,"href":"https:\/\/juliocesartriana.com\/index.php\/wp-json\/wp\/v2\/categories?post=3095"},{"taxonomy":"post_tag","embeddable":true,"href":"https:\/\/juliocesartriana.com\/index.php\/wp-json\/wp\/v2\/tags?post=3095"}],"curies":[{"name":"wp","href":"https:\/\/api.w.org\/{rel}","templated":true}]}}