{"id":2693,"date":"2021-09-15T20:16:40","date_gmt":"2021-09-15T20:16:40","guid":{"rendered":"https:\/\/juliocesartriana.com\/?p=2693"},"modified":"2021-09-21T16:07:28","modified_gmt":"2021-09-21T16:07:28","slug":"reclamamos-las-compensaciones-por-la-construccion-de-el-quimbo","status":"publish","type":"post","link":"https:\/\/juliocesartriana.com\/index.php\/2021\/09\/15\/reclamamos-las-compensaciones-por-la-construccion-de-el-quimbo\/","title":{"rendered":"Reclamamos las compensaciones por la construcci\u00f3n de El Quimbo"},"content":{"rendered":"\n<p>Diez a\u00f1os y Emgesa no responde por los da\u00f1os ambientales, econ\u00f3micos, culturales y sociales que ha generado en la regi\u00f3n por la construcci\u00f3n de la Hidroel\u00e9ctrica El Quimbo.<\/p>\n\n\n\n<p>Entre las compensaciones contempladas se encuentran la construcci\u00f3n de una v\u00eda perimetral en la zona de influencia, la reposici\u00f3n de 1.079 hect\u00e1reas para compensar los da\u00f1os ambientales, suministrar y operar un ferry y garantizar la concesi\u00f3n de aguas para consumo humano e irrigaci\u00f3n de tierras de Neiva, Campoalegre y Hobo. Sin embargo, a la fecha, solo se ha cumplido con una m\u00ednima parte de lo acordado al momento de adquirir la licencia.<\/p>\n\n\n\n<p>Recientemente, el Tribunal Administrativo del Huila confirm\u00f3 que ENEL vulner\u00f3 el \u201cderecho colectivo de la existencia del equilibrio ecol\u00f3gico y el manejo y aprovechamiento racional de los recursos naturales para garantizar el desarrollo sostenible, su conservaci\u00f3n, restauraci\u00f3n o sustituci\u00f3n en lo relacionado con la existencia de zonas boscosas, bosque seco tropical\u201d.<\/p>\n\n\n\n<p>Teniendo en cuenta lo anterior, y considerando las graves consecuencias que ha dejado la construcci\u00f3n de esta hidroel\u00e9ctrica, coadyuv\u00e9 la acci\u00f3n popular instaurada ante el Tribunal Administrativo de Cundinamarca, que busca el cumplimiento de las compensaciones pendientes por parte de Enel &#8211; Emgesa, due\u00f1os y operadores de la Hidroel\u00e9ctrica El Quimbo <a href=\"https:\/\/www.facebook.com\/watch\/?v=1541066542771077\" data-type=\"URL\" data-id=\"https:\/\/www.facebook.com\/watch\/?v=1541066542771077\"><strong><em>(Ver denuncia).<\/em><\/strong><\/a><\/p>\n","protected":false},"excerpt":{"rendered":"<p>Diez a\u00f1os y Emgesa no responde por los da\u00f1os ambientales, econ\u00f3micos, culturales y sociales que ha generado en la regi\u00f3n por la construcci\u00f3n de la Hidroel\u00e9ctrica El Quimbo. Entre las compensaciones contempladas se encuentran la construcci\u00f3n de una v\u00eda perimetral en la zona de influencia, la reposici\u00f3n de 1.079 hect\u00e1reas para compensar los da\u00f1os ambientales, &hellip;<\/p>\n<p class=\"read-more\"> <a class=\"\" href=\"https:\/\/juliocesartriana.com\/index.php\/2021\/09\/15\/reclamamos-las-compensaciones-por-la-construccion-de-el-quimbo\/\"> <span class=\"screen-reader-text\">Reclamamos las compensaciones por la construcci\u00f3n de El Quimbo<\/span> Leer m\u00e1s &raquo;<\/a><\/p>\n","protected":false},"author":1,"featured_media":2768,"comment_status":"open","ping_status":"open","sticky":false,"template":"","format":"standard","meta":{"ngg_post_thumbnail":0,"footnotes":""},"categories":[8],"tags":[],"class_list":["post-2693","post","type-post","status-publish","format-standard","has-post-thumbnail","hentry","category-gestion-por-el-huila"],"yoast_head":"<!-- This site is optimized with the Yoast SEO plugin v18.5.1 - https:\/\/yoast.com\/wordpress\/plugins\/seo\/ -->\n<title>Julio C\u00e9sar Triana - Representante a la C\u00e1mara por el Huila<\/title>\n<meta name=\"robots\" content=\"index, follow, max-snippet:-1, max-image-preview:large, max-video-preview:-1\" \/>\n<link rel=\"canonical\" href=\"https:\/\/juliocesartriana.com\/index.php\/2021\/09\/15\/reclamamos-las-compensaciones-por-la-construccion-de-el-quimbo\/\" \/>\n<meta property=\"og:locale\" content=\"es_ES\" \/>\n<meta property=\"og:type\" content=\"article\" \/>\n<meta property=\"og:title\" content=\"Julio C\u00e9sar Triana - Representante a la C\u00e1mara por el Huila\" \/>\n<meta property=\"og:description\" content=\"Diez a\u00f1os y Emgesa no responde por los da\u00f1os ambientales, econ\u00f3micos, culturales y sociales que ha generado en la regi\u00f3n por la construcci\u00f3n de la Hidroel\u00e9ctrica El Quimbo. Entre las compensaciones contempladas se encuentran la construcci\u00f3n de una v\u00eda perimetral en la zona de influencia, la reposici\u00f3n de 1.079 hect\u00e1reas para compensar los da\u00f1os ambientales, &hellip; Reclamamos las compensaciones por la construcci\u00f3n de El Quimbo Leer m\u00e1s &raquo;\" \/>\n<meta property=\"og:url\" content=\"https:\/\/juliocesartriana.com\/index.php\/2021\/09\/15\/reclamamos-las-compensaciones-por-la-construccion-de-el-quimbo\/\" \/>\n<meta property=\"og:site_name\" content=\"Julio C\u00e9sar Triana - Representante a la C\u00e1mara por el Huila\" \/>\n<meta property=\"article:publisher\" content=\"https:\/\/www.facebook.com\/TrianaCongreso\/\" \/>\n<meta property=\"article:published_time\" content=\"2021-09-15T20:16:40+00:00\" \/>\n<meta property=\"article:modified_time\" content=\"2021-09-21T16:07:28+00:00\" \/>\n<meta property=\"og:image\" content=\"https:\/\/juliocesartriana.com\/wp-content\/uploads\/2021\/09\/Compensaciones-El-Quimbo-min-scaled.jpg\" \/>\n\t<meta property=\"og:image:width\" content=\"2560\" \/>\n\t<meta property=\"og:image:height\" content=\"1786\" \/>\n\t<meta property=\"og:image:type\" content=\"image\/jpeg\" \/>\n<meta name=\"twitter:card\" content=\"summary_large_image\" \/>\n<meta name=\"twitter:label1\" content=\"Escrito por\" \/>\n\t<meta name=\"twitter:data1\" content=\"admin\" \/>\n\t<meta name=\"twitter:label2\" content=\"Tiempo de lectura\" \/>\n\t<meta name=\"twitter:data2\" content=\"1 minuto\" \/>\n<script type=\"application\/ld+json\" class=\"yoast-schema-graph\">{\"@context\":\"https:\/\/schema.org\",\"@graph\":[{\"@type\":\"Organization\",\"@id\":\"https:\/\/juliocesartriana.com\/#organization\",\"name\":\"Julio C\u00e9sar Triana - Representante a la C\u00e1mara\",\"url\":\"https:\/\/juliocesartriana.com\/\",\"sameAs\":[\"https:\/\/www.facebook.com\/TrianaCongreso\/\",\"https:\/\/www.instagram.com\/trianacongreso\/\"],\"logo\":{\"@type\":\"ImageObject\",\"@id\":\"https:\/\/juliocesartriana.com\/#logo\",\"inLanguage\":\"es\",\"url\":\"https:\/\/juliocesartriana.com\/wp-content\/uploads\/2021\/03\/Salo\u0301n-eli\u0301ptico-presidiendo-1.jpeg\",\"contentUrl\":\"https:\/\/juliocesartriana.com\/wp-content\/uploads\/2021\/03\/Salo\u0301n-eli\u0301ptico-presidiendo-1.jpeg\",\"width\":1280,\"height\":853,\"caption\":\"Julio C\u00e9sar Triana - Representante a la C\u00e1mara\"},\"image\":{\"@id\":\"https:\/\/juliocesartriana.com\/#logo\"}},{\"@type\":\"WebSite\",\"@id\":\"https:\/\/juliocesartriana.com\/#website\",\"url\":\"https:\/\/juliocesartriana.com\/\",\"name\":\"Julio C\u00e9sar Triana - Representante a la C\u00e1mara por el Huila\",\"description\":\"Representante a la C\u00e1mara por el Departamento del Huila.\",\"publisher\":{\"@id\":\"https:\/\/juliocesartriana.com\/#organization\"},\"potentialAction\":[{\"@type\":\"SearchAction\",\"target\":{\"@type\":\"EntryPoint\",\"urlTemplate\":\"https:\/\/juliocesartriana.com\/?s={search_term_string}\"},\"query-input\":\"required name=search_term_string\"}],\"inLanguage\":\"es\"},{\"@type\":\"ImageObject\",\"@id\":\"https:\/\/juliocesartriana.com\/index.php\/2021\/09\/15\/reclamamos-las-compensaciones-por-la-construccion-de-el-quimbo\/#primaryimage\",\"inLanguage\":\"es\",\"url\":\"https:\/\/juliocesartriana.com\/wp-content\/uploads\/2021\/09\/Compensaciones-El-Quimbo-min-scaled.jpg\",\"contentUrl\":\"https:\/\/juliocesartriana.com\/wp-content\/uploads\/2021\/09\/Compensaciones-El-Quimbo-min-scaled.jpg\",\"width\":2560,\"height\":1786},{\"@type\":\"WebPage\",\"@id\":\"https:\/\/juliocesartriana.com\/index.php\/2021\/09\/15\/reclamamos-las-compensaciones-por-la-construccion-de-el-quimbo\/#webpage\",\"url\":\"https:\/\/juliocesartriana.com\/index.php\/2021\/09\/15\/reclamamos-las-compensaciones-por-la-construccion-de-el-quimbo\/\",\"name\":\"Julio C\u00e9sar Triana - Representante a la C\u00e1mara por el Huila\",\"isPartOf\":{\"@id\":\"https:\/\/juliocesartriana.com\/#website\"},\"primaryImageOfPage\":{\"@id\":\"https:\/\/juliocesartriana.com\/index.php\/2021\/09\/15\/reclamamos-las-compensaciones-por-la-construccion-de-el-quimbo\/#primaryimage\"},\"datePublished\":\"2021-09-15T20:16:40+00:00\",\"dateModified\":\"2021-09-21T16:07:28+00:00\",\"breadcrumb\":{\"@id\":\"https:\/\/juliocesartriana.com\/index.php\/2021\/09\/15\/reclamamos-las-compensaciones-por-la-construccion-de-el-quimbo\/#breadcrumb\"},\"inLanguage\":\"es\",\"potentialAction\":[{\"@type\":\"ReadAction\",\"target\":[\"https:\/\/juliocesartriana.com\/index.php\/2021\/09\/15\/reclamamos-las-compensaciones-por-la-construccion-de-el-quimbo\/\"]}]},{\"@type\":\"BreadcrumbList\",\"@id\":\"https:\/\/juliocesartriana.com\/index.php\/2021\/09\/15\/reclamamos-las-compensaciones-por-la-construccion-de-el-quimbo\/#breadcrumb\",\"itemListElement\":[{\"@type\":\"ListItem\",\"position\":1,\"name\":\"Portada\",\"item\":\"https:\/\/juliocesartriana.com\/\"},{\"@type\":\"ListItem\",\"position\":2,\"name\":\"Reclamamos las compensaciones por la construcci\u00f3n de El Quimbo\"}]},{\"@type\":\"Article\",\"@id\":\"https:\/\/juliocesartriana.com\/index.php\/2021\/09\/15\/reclamamos-las-compensaciones-por-la-construccion-de-el-quimbo\/#article\",\"isPartOf\":{\"@id\":\"https:\/\/juliocesartriana.com\/index.php\/2021\/09\/15\/reclamamos-las-compensaciones-por-la-construccion-de-el-quimbo\/#webpage\"},\"author\":{\"@id\":\"https:\/\/juliocesartriana.com\/#\/schema\/person\/deecb92c18f2299a8c280aa4eabd1a03\"},\"headline\":\"Reclamamos las compensaciones por la construcci\u00f3n de El Quimbo\",\"datePublished\":\"2021-09-15T20:16:40+00:00\",\"dateModified\":\"2021-09-21T16:07:28+00:00\",\"mainEntityOfPage\":{\"@id\":\"https:\/\/juliocesartriana.com\/index.php\/2021\/09\/15\/reclamamos-las-compensaciones-por-la-construccion-de-el-quimbo\/#webpage\"},\"wordCount\":236,\"commentCount\":0,\"publisher\":{\"@id\":\"https:\/\/juliocesartriana.com\/#organization\"},\"image\":{\"@id\":\"https:\/\/juliocesartriana.com\/index.php\/2021\/09\/15\/reclamamos-las-compensaciones-por-la-construccion-de-el-quimbo\/#primaryimage\"},\"thumbnailUrl\":\"https:\/\/juliocesartriana.com\/wp-content\/uploads\/2021\/09\/Compensaciones-El-Quimbo-min-scaled.jpg\",\"articleSection\":[\"Gesti\u00f3n por el Huila\"],\"inLanguage\":\"es\",\"potentialAction\":[{\"@type\":\"CommentAction\",\"name\":\"Comment\",\"target\":[\"https:\/\/juliocesartriana.com\/index.php\/2021\/09\/15\/reclamamos-las-compensaciones-por-la-construccion-de-el-quimbo\/#respond\"]}]},{\"@type\":\"Person\",\"@id\":\"https:\/\/juliocesartriana.com\/#\/schema\/person\/deecb92c18f2299a8c280aa4eabd1a03\",\"name\":\"admin\",\"image\":{\"@type\":\"ImageObject\",\"@id\":\"https:\/\/juliocesartriana.com\/#personlogo\",\"inLanguage\":\"es\",\"url\":\"https:\/\/secure.gravatar.com\/avatar\/a796496fa1985f3a559e872a5db21305d7a391de67117abdfa8eb899c7bea95c?s=96&d=mm&r=g\",\"contentUrl\":\"https:\/\/secure.gravatar.com\/avatar\/a796496fa1985f3a559e872a5db21305d7a391de67117abdfa8eb899c7bea95c?s=96&d=mm&r=g\",\"caption\":\"admin\"},\"sameAs\":[\"https:\/\/juliocesartriana.com\"],\"url\":\"https:\/\/juliocesartriana.com\/index.php\/author\/admin_dovqajq2\/\"}]}<\/script>\n<!-- \/ Yoast SEO plugin. -->","yoast_head_json":{"title":"Julio C\u00e9sar Triana - Representante a la C\u00e1mara por el Huila","robots":{"index":"index","follow":"follow","max-snippet":"max-snippet:-1","max-image-preview":"max-image-preview:large","max-video-preview":"max-video-preview:-1"},"canonical":"https:\/\/juliocesartriana.com\/index.php\/2021\/09\/15\/reclamamos-las-compensaciones-por-la-construccion-de-el-quimbo\/","og_locale":"es_ES","og_type":"article","og_title":"Julio C\u00e9sar Triana - Representante a la C\u00e1mara por el Huila","og_description":"Diez a\u00f1os y Emgesa no responde por los da\u00f1os ambientales, econ\u00f3micos, culturales y sociales que ha generado en la regi\u00f3n por la construcci\u00f3n de la Hidroel\u00e9ctrica El Quimbo. Entre las compensaciones contempladas se encuentran la construcci\u00f3n de una v\u00eda perimetral en la zona de influencia, la reposici\u00f3n de 1.079 hect\u00e1reas para compensar los da\u00f1os ambientales, &hellip; Reclamamos las compensaciones por la construcci\u00f3n de El Quimbo Leer m\u00e1s &raquo;","og_url":"https:\/\/juliocesartriana.com\/index.php\/2021\/09\/15\/reclamamos-las-compensaciones-por-la-construccion-de-el-quimbo\/","og_site_name":"Julio C\u00e9sar Triana - Representante a la C\u00e1mara por el Huila","article_publisher":"https:\/\/www.facebook.com\/TrianaCongreso\/","article_published_time":"2021-09-15T20:16:40+00:00","article_modified_time":"2021-09-21T16:07:28+00:00","og_image":[{"width":2560,"height":1786,"url":"https:\/\/juliocesartriana.com\/wp-content\/uploads\/2021\/09\/Compensaciones-El-Quimbo-min-scaled.jpg","type":"image\/jpeg"}],"twitter_card":"summary_large_image","twitter_misc":{"Escrito por":"admin","Tiempo de lectura":"1 minuto"},"schema":{"@context":"https:\/\/schema.org","@graph":[{"@type":"Organization","@id":"https:\/\/juliocesartriana.com\/#organization","name":"Julio C\u00e9sar Triana - Representante a la C\u00e1mara","url":"https:\/\/juliocesartriana.com\/","sameAs":["https:\/\/www.facebook.com\/TrianaCongreso\/","https:\/\/www.instagram.com\/trianacongreso\/"],"logo":{"@type":"ImageObject","@id":"https:\/\/juliocesartriana.com\/#logo","inLanguage":"es","url":"https:\/\/juliocesartriana.com\/wp-content\/uploads\/2021\/03\/Salo\u0301n-eli\u0301ptico-presidiendo-1.jpeg","contentUrl":"https:\/\/juliocesartriana.com\/wp-content\/uploads\/2021\/03\/Salo\u0301n-eli\u0301ptico-presidiendo-1.jpeg","width":1280,"height":853,"caption":"Julio C\u00e9sar Triana - Representante a la C\u00e1mara"},"image":{"@id":"https:\/\/juliocesartriana.com\/#logo"}},{"@type":"WebSite","@id":"https:\/\/juliocesartriana.com\/#website","url":"https:\/\/juliocesartriana.com\/","name":"Julio C\u00e9sar Triana - Representante a la C\u00e1mara por el Huila","description":"Representante a la C\u00e1mara por el Departamento del Huila.","publisher":{"@id":"https:\/\/juliocesartriana.com\/#organization"},"potentialAction":[{"@type":"SearchAction","target":{"@type":"EntryPoint","urlTemplate":"https:\/\/juliocesartriana.com\/?s={search_term_string}"},"query-input":"required name=search_term_string"}],"inLanguage":"es"},{"@type":"ImageObject","@id":"https:\/\/juliocesartriana.com\/index.php\/2021\/09\/15\/reclamamos-las-compensaciones-por-la-construccion-de-el-quimbo\/#primaryimage","inLanguage":"es","url":"https:\/\/juliocesartriana.com\/wp-content\/uploads\/2021\/09\/Compensaciones-El-Quimbo-min-scaled.jpg","contentUrl":"https:\/\/juliocesartriana.com\/wp-content\/uploads\/2021\/09\/Compensaciones-El-Quimbo-min-scaled.jpg","width":2560,"height":1786},{"@type":"WebPage","@id":"https:\/\/juliocesartriana.com\/index.php\/2021\/09\/15\/reclamamos-las-compensaciones-por-la-construccion-de-el-quimbo\/#webpage","url":"https:\/\/juliocesartriana.com\/index.php\/2021\/09\/15\/reclamamos-las-compensaciones-por-la-construccion-de-el-quimbo\/","name":"Julio C\u00e9sar Triana - Representante a la C\u00e1mara por el Huila","isPartOf":{"@id":"https:\/\/juliocesartriana.com\/#website"},"primaryImageOfPage":{"@id":"https:\/\/juliocesartriana.com\/index.php\/2021\/09\/15\/reclamamos-las-compensaciones-por-la-construccion-de-el-quimbo\/#primaryimage"},"datePublished":"2021-09-15T20:16:40+00:00","dateModified":"2021-09-21T16:07:28+00:00","breadcrumb":{"@id":"https:\/\/juliocesartriana.com\/index.php\/2021\/09\/15\/reclamamos-las-compensaciones-por-la-construccion-de-el-quimbo\/#breadcrumb"},"inLanguage":"es","potentialAction":[{"@type":"ReadAction","target":["https:\/\/juliocesartriana.com\/index.php\/2021\/09\/15\/reclamamos-las-compensaciones-por-la-construccion-de-el-quimbo\/"]}]},{"@type":"BreadcrumbList","@id":"https:\/\/juliocesartriana.com\/index.php\/2021\/09\/15\/reclamamos-las-compensaciones-por-la-construccion-de-el-quimbo\/#breadcrumb","itemListElement":[{"@type":"ListItem","position":1,"name":"Portada","item":"https:\/\/juliocesartriana.com\/"},{"@type":"ListItem","position":2,"name":"Reclamamos las compensaciones por la construcci\u00f3n de El Quimbo"}]},{"@type":"Article","@id":"https:\/\/juliocesartriana.com\/index.php\/2021\/09\/15\/reclamamos-las-compensaciones-por-la-construccion-de-el-quimbo\/#article","isPartOf":{"@id":"https:\/\/juliocesartriana.com\/index.php\/2021\/09\/15\/reclamamos-las-compensaciones-por-la-construccion-de-el-quimbo\/#webpage"},"author":{"@id":"https:\/\/juliocesartriana.com\/#\/schema\/person\/deecb92c18f2299a8c280aa4eabd1a03"},"headline":"Reclamamos las compensaciones por la construcci\u00f3n de El Quimbo","datePublished":"2021-09-15T20:16:40+00:00","dateModified":"2021-09-21T16:07:28+00:00","mainEntityOfPage":{"@id":"https:\/\/juliocesartriana.com\/index.php\/2021\/09\/15\/reclamamos-las-compensaciones-por-la-construccion-de-el-quimbo\/#webpage"},"wordCount":236,"commentCount":0,"publisher":{"@id":"https:\/\/juliocesartriana.com\/#organization"},"image":{"@id":"https:\/\/juliocesartriana.com\/index.php\/2021\/09\/15\/reclamamos-las-compensaciones-por-la-construccion-de-el-quimbo\/#primaryimage"},"thumbnailUrl":"https:\/\/juliocesartriana.com\/wp-content\/uploads\/2021\/09\/Compensaciones-El-Quimbo-min-scaled.jpg","articleSection":["Gesti\u00f3n por el Huila"],"inLanguage":"es","potentialAction":[{"@type":"CommentAction","name":"Comment","target":["https:\/\/juliocesartriana.com\/index.php\/2021\/09\/15\/reclamamos-las-compensaciones-por-la-construccion-de-el-quimbo\/#respond"]}]},{"@type":"Person","@id":"https:\/\/juliocesartriana.com\/#\/schema\/person\/deecb92c18f2299a8c280aa4eabd1a03","name":"admin","image":{"@type":"ImageObject","@id":"https:\/\/juliocesartriana.com\/#personlogo","inLanguage":"es","url":"https:\/\/secure.gravatar.com\/avatar\/a796496fa1985f3a559e872a5db21305d7a391de67117abdfa8eb899c7bea95c?s=96&d=mm&r=g","contentUrl":"https:\/\/secure.gravatar.com\/avatar\/a796496fa1985f3a559e872a5db21305d7a391de67117abdfa8eb899c7bea95c?s=96&d=mm&r=g","caption":"admin"},"sameAs":["https:\/\/juliocesartriana.com"],"url":"https:\/\/juliocesartriana.com\/index.php\/author\/admin_dovqajq2\/"}]}},"_links":{"self":[{"href":"https:\/\/juliocesartriana.com\/index.php\/wp-json\/wp\/v2\/posts\/2693","targetHints":{"allow":["GET"]}}],"collection":[{"href":"https:\/\/juliocesartriana.com\/index.php\/wp-json\/wp\/v2\/posts"}],"about":[{"href":"https:\/\/juliocesartriana.com\/index.php\/wp-json\/wp\/v2\/types\/post"}],"author":[{"embeddable":true,"href":"https:\/\/juliocesartriana.com\/index.php\/wp-json\/wp\/v2\/users\/1"}],"replies":[{"embeddable":true,"href":"https:\/\/juliocesartriana.com\/index.php\/wp-json\/wp\/v2\/comments?post=2693"}],"version-history":[{"count":1,"href":"https:\/\/juliocesartriana.com\/index.php\/wp-json\/wp\/v2\/posts\/2693\/revisions"}],"predecessor-version":[{"id":2695,"href":"https:\/\/juliocesartriana.com\/index.php\/wp-json\/wp\/v2\/posts\/2693\/revisions\/2695"}],"wp:featuredmedia":[{"embeddable":true,"href":"https:\/\/juliocesartriana.com\/index.php\/wp-json\/wp\/v2\/media\/2768"}],"wp:attachment":[{"href":"https:\/\/juliocesartriana.com\/index.php\/wp-json\/wp\/v2\/media?parent=2693"}],"wp:term":[{"taxonomy":"category","embeddable":true,"href":"https:\/\/juliocesartriana.com\/index.php\/wp-json\/wp\/v2\/categories?post=2693"},{"taxonomy":"post_tag","embeddable":true,"href":"https:\/\/juliocesartriana.com\/index.php\/wp-json\/wp\/v2\/tags?post=2693"}],"curies":[{"name":"wp","href":"https:\/\/api.w.org\/{rel}","templated":true}]}}