{"id":2686,"date":"2021-09-14T20:34:05","date_gmt":"2021-09-14T20:34:05","guid":{"rendered":"https:\/\/juliocesartriana.com\/?p=2686"},"modified":"2021-09-21T15:59:07","modified_gmt":"2021-09-21T15:59:07","slug":"gestionamos-inversiones-para-el-centro-deportivo-sacudete","status":"publish","type":"post","link":"https:\/\/juliocesartriana.com\/index.php\/2021\/09\/14\/gestionamos-inversiones-para-el-centro-deportivo-sacudete\/","title":{"rendered":"Gestionamos inversiones para el centro deportivo Sac\u00fadete"},"content":{"rendered":"\n<p>El Huila tendr\u00e1 el primer Sac\u00fadete al Parque, en el municipio de La Plata; un espacio para el desarrollo de actividades deportivas, culturales y de integraci\u00f3n social. Logramos un convenio entre la Alcald\u00eda Municipal de La Platay el Ministerio del Interior para que se destinaran 2.300 millones de pesos para el desarrollo de esta obra que contar\u00e1 con un auditorio, sal\u00f3n comunal, ba\u00f1os, cafeter\u00eda, canchas m\u00faltiples, zona de ciclopaseos, entre otros.<\/p>\n\n\n\n<p><\/p>\n\n\n\n<p>El Ministerio del Interior aportar\u00e1 1.965 millones de pesos y el municipio de la Plata alrededor de 334 millones para este importante proyecto deportivo y cultural que ser\u00e1 construido frente a la iglesia Mar\u00eda Auxiliadora en el barrio La Floresta.<\/p>\n","protected":false},"excerpt":{"rendered":"<p>El Huila tendr\u00e1 el primer Sac\u00fadete al Parque, en el municipio de La Plata; un espacio para el desarrollo de actividades deportivas, culturales y de integraci\u00f3n social. Logramos un convenio entre la Alcald\u00eda Municipal de La Platay el Ministerio del Interior para que se destinaran 2.300 millones de pesos para el desarrollo de esta obra &hellip;<\/p>\n<p class=\"read-more\"> <a class=\"\" href=\"https:\/\/juliocesartriana.com\/index.php\/2021\/09\/14\/gestionamos-inversiones-para-el-centro-deportivo-sacudete\/\"> <span class=\"screen-reader-text\">Gestionamos inversiones para el centro deportivo Sac\u00fadete<\/span> Leer m\u00e1s &raquo;<\/a><\/p>\n","protected":false},"author":1,"featured_media":2758,"comment_status":"open","ping_status":"open","sticky":false,"template":"","format":"standard","meta":{"ngg_post_thumbnail":0,"footnotes":""},"categories":[8],"tags":[],"class_list":["post-2686","post","type-post","status-publish","format-standard","has-post-thumbnail","hentry","category-gestion-por-el-huila"],"yoast_head":"<!-- This site is optimized with the Yoast SEO plugin v18.5.1 - https:\/\/yoast.com\/wordpress\/plugins\/seo\/ -->\n<title>Julio C\u00e9sar Triana - Representante a la C\u00e1mara por el Huila<\/title>\n<meta name=\"robots\" content=\"index, follow, max-snippet:-1, max-image-preview:large, max-video-preview:-1\" \/>\n<link rel=\"canonical\" href=\"https:\/\/juliocesartriana.com\/index.php\/2021\/09\/14\/gestionamos-inversiones-para-el-centro-deportivo-sacudete\/\" \/>\n<meta property=\"og:locale\" content=\"es_ES\" \/>\n<meta property=\"og:type\" content=\"article\" \/>\n<meta property=\"og:title\" content=\"Julio C\u00e9sar Triana - Representante a la C\u00e1mara por el Huila\" \/>\n<meta property=\"og:description\" content=\"El Huila tendr\u00e1 el primer Sac\u00fadete al Parque, en el municipio de La Plata; un espacio para el desarrollo de actividades deportivas, culturales y de integraci\u00f3n social. Logramos un convenio entre la Alcald\u00eda Municipal de La Platay el Ministerio del Interior para que se destinaran 2.300 millones de pesos para el desarrollo de esta obra &hellip; Gestionamos inversiones para el centro deportivo Sac\u00fadete Leer m\u00e1s &raquo;\" \/>\n<meta property=\"og:url\" content=\"https:\/\/juliocesartriana.com\/index.php\/2021\/09\/14\/gestionamos-inversiones-para-el-centro-deportivo-sacudete\/\" \/>\n<meta property=\"og:site_name\" content=\"Julio C\u00e9sar Triana - Representante a la C\u00e1mara por el Huila\" \/>\n<meta property=\"article:publisher\" content=\"https:\/\/www.facebook.com\/TrianaCongreso\/\" \/>\n<meta property=\"article:published_time\" content=\"2021-09-14T20:34:05+00:00\" \/>\n<meta property=\"article:modified_time\" content=\"2021-09-21T15:59:07+00:00\" \/>\n<meta property=\"og:image\" content=\"https:\/\/juliocesartriana.com\/wp-content\/uploads\/2021\/09\/Triana-Sacu\u0301dete-al-parque.jpeg\" \/>\n\t<meta property=\"og:image:width\" content=\"720\" \/>\n\t<meta property=\"og:image:height\" content=\"539\" \/>\n\t<meta property=\"og:image:type\" content=\"image\/jpeg\" \/>\n<meta name=\"twitter:card\" content=\"summary_large_image\" \/>\n<meta name=\"twitter:label1\" content=\"Escrito por\" \/>\n\t<meta name=\"twitter:data1\" content=\"admin\" \/>\n\t<meta name=\"twitter:label2\" content=\"Tiempo de lectura\" \/>\n\t<meta name=\"twitter:data2\" content=\"1 minuto\" \/>\n<script type=\"application\/ld+json\" class=\"yoast-schema-graph\">{\"@context\":\"https:\/\/schema.org\",\"@graph\":[{\"@type\":\"Organization\",\"@id\":\"https:\/\/juliocesartriana.com\/#organization\",\"name\":\"Julio C\u00e9sar Triana - Representante a la C\u00e1mara\",\"url\":\"https:\/\/juliocesartriana.com\/\",\"sameAs\":[\"https:\/\/www.facebook.com\/TrianaCongreso\/\",\"https:\/\/www.instagram.com\/trianacongreso\/\"],\"logo\":{\"@type\":\"ImageObject\",\"@id\":\"https:\/\/juliocesartriana.com\/#logo\",\"inLanguage\":\"es\",\"url\":\"https:\/\/juliocesartriana.com\/wp-content\/uploads\/2021\/03\/Salo\u0301n-eli\u0301ptico-presidiendo-1.jpeg\",\"contentUrl\":\"https:\/\/juliocesartriana.com\/wp-content\/uploads\/2021\/03\/Salo\u0301n-eli\u0301ptico-presidiendo-1.jpeg\",\"width\":1280,\"height\":853,\"caption\":\"Julio C\u00e9sar Triana - Representante a la C\u00e1mara\"},\"image\":{\"@id\":\"https:\/\/juliocesartriana.com\/#logo\"}},{\"@type\":\"WebSite\",\"@id\":\"https:\/\/juliocesartriana.com\/#website\",\"url\":\"https:\/\/juliocesartriana.com\/\",\"name\":\"Julio C\u00e9sar Triana - Representante a la C\u00e1mara por el Huila\",\"description\":\"Representante a la C\u00e1mara por el Departamento del Huila.\",\"publisher\":{\"@id\":\"https:\/\/juliocesartriana.com\/#organization\"},\"potentialAction\":[{\"@type\":\"SearchAction\",\"target\":{\"@type\":\"EntryPoint\",\"urlTemplate\":\"https:\/\/juliocesartriana.com\/?s={search_term_string}\"},\"query-input\":\"required name=search_term_string\"}],\"inLanguage\":\"es\"},{\"@type\":\"ImageObject\",\"@id\":\"https:\/\/juliocesartriana.com\/index.php\/2021\/09\/14\/gestionamos-inversiones-para-el-centro-deportivo-sacudete\/#primaryimage\",\"inLanguage\":\"es\",\"url\":\"https:\/\/juliocesartriana.com\/wp-content\/uploads\/2021\/09\/Triana-Sacu\u0301dete-al-parque.jpeg\",\"contentUrl\":\"https:\/\/juliocesartriana.com\/wp-content\/uploads\/2021\/09\/Triana-Sacu\u0301dete-al-parque.jpeg\",\"width\":720,\"height\":539},{\"@type\":\"WebPage\",\"@id\":\"https:\/\/juliocesartriana.com\/index.php\/2021\/09\/14\/gestionamos-inversiones-para-el-centro-deportivo-sacudete\/#webpage\",\"url\":\"https:\/\/juliocesartriana.com\/index.php\/2021\/09\/14\/gestionamos-inversiones-para-el-centro-deportivo-sacudete\/\",\"name\":\"Julio C\u00e9sar Triana - Representante a la C\u00e1mara por el Huila\",\"isPartOf\":{\"@id\":\"https:\/\/juliocesartriana.com\/#website\"},\"primaryImageOfPage\":{\"@id\":\"https:\/\/juliocesartriana.com\/index.php\/2021\/09\/14\/gestionamos-inversiones-para-el-centro-deportivo-sacudete\/#primaryimage\"},\"datePublished\":\"2021-09-14T20:34:05+00:00\",\"dateModified\":\"2021-09-21T15:59:07+00:00\",\"breadcrumb\":{\"@id\":\"https:\/\/juliocesartriana.com\/index.php\/2021\/09\/14\/gestionamos-inversiones-para-el-centro-deportivo-sacudete\/#breadcrumb\"},\"inLanguage\":\"es\",\"potentialAction\":[{\"@type\":\"ReadAction\",\"target\":[\"https:\/\/juliocesartriana.com\/index.php\/2021\/09\/14\/gestionamos-inversiones-para-el-centro-deportivo-sacudete\/\"]}]},{\"@type\":\"BreadcrumbList\",\"@id\":\"https:\/\/juliocesartriana.com\/index.php\/2021\/09\/14\/gestionamos-inversiones-para-el-centro-deportivo-sacudete\/#breadcrumb\",\"itemListElement\":[{\"@type\":\"ListItem\",\"position\":1,\"name\":\"Portada\",\"item\":\"https:\/\/juliocesartriana.com\/\"},{\"@type\":\"ListItem\",\"position\":2,\"name\":\"Gestionamos inversiones para el centro deportivo Sac\u00fadete\"}]},{\"@type\":\"Article\",\"@id\":\"https:\/\/juliocesartriana.com\/index.php\/2021\/09\/14\/gestionamos-inversiones-para-el-centro-deportivo-sacudete\/#article\",\"isPartOf\":{\"@id\":\"https:\/\/juliocesartriana.com\/index.php\/2021\/09\/14\/gestionamos-inversiones-para-el-centro-deportivo-sacudete\/#webpage\"},\"author\":{\"@id\":\"https:\/\/juliocesartriana.com\/#\/schema\/person\/deecb92c18f2299a8c280aa4eabd1a03\"},\"headline\":\"Gestionamos inversiones para el centro deportivo Sac\u00fadete\",\"datePublished\":\"2021-09-14T20:34:05+00:00\",\"dateModified\":\"2021-09-21T15:59:07+00:00\",\"mainEntityOfPage\":{\"@id\":\"https:\/\/juliocesartriana.com\/index.php\/2021\/09\/14\/gestionamos-inversiones-para-el-centro-deportivo-sacudete\/#webpage\"},\"wordCount\":124,\"commentCount\":0,\"publisher\":{\"@id\":\"https:\/\/juliocesartriana.com\/#organization\"},\"image\":{\"@id\":\"https:\/\/juliocesartriana.com\/index.php\/2021\/09\/14\/gestionamos-inversiones-para-el-centro-deportivo-sacudete\/#primaryimage\"},\"thumbnailUrl\":\"https:\/\/juliocesartriana.com\/wp-content\/uploads\/2021\/09\/Triana-Sacu\u0301dete-al-parque.jpeg\",\"articleSection\":[\"Gesti\u00f3n por el Huila\"],\"inLanguage\":\"es\",\"potentialAction\":[{\"@type\":\"CommentAction\",\"name\":\"Comment\",\"target\":[\"https:\/\/juliocesartriana.com\/index.php\/2021\/09\/14\/gestionamos-inversiones-para-el-centro-deportivo-sacudete\/#respond\"]}]},{\"@type\":\"Person\",\"@id\":\"https:\/\/juliocesartriana.com\/#\/schema\/person\/deecb92c18f2299a8c280aa4eabd1a03\",\"name\":\"admin\",\"image\":{\"@type\":\"ImageObject\",\"@id\":\"https:\/\/juliocesartriana.com\/#personlogo\",\"inLanguage\":\"es\",\"url\":\"https:\/\/secure.gravatar.com\/avatar\/a796496fa1985f3a559e872a5db21305d7a391de67117abdfa8eb899c7bea95c?s=96&d=mm&r=g\",\"contentUrl\":\"https:\/\/secure.gravatar.com\/avatar\/a796496fa1985f3a559e872a5db21305d7a391de67117abdfa8eb899c7bea95c?s=96&d=mm&r=g\",\"caption\":\"admin\"},\"sameAs\":[\"https:\/\/juliocesartriana.com\"],\"url\":\"https:\/\/juliocesartriana.com\/index.php\/author\/admin_dovqajq2\/\"}]}<\/script>\n<!-- \/ Yoast SEO plugin. -->","yoast_head_json":{"title":"Julio C\u00e9sar Triana - Representante a la C\u00e1mara por el Huila","robots":{"index":"index","follow":"follow","max-snippet":"max-snippet:-1","max-image-preview":"max-image-preview:large","max-video-preview":"max-video-preview:-1"},"canonical":"https:\/\/juliocesartriana.com\/index.php\/2021\/09\/14\/gestionamos-inversiones-para-el-centro-deportivo-sacudete\/","og_locale":"es_ES","og_type":"article","og_title":"Julio C\u00e9sar Triana - Representante a la C\u00e1mara por el Huila","og_description":"El Huila tendr\u00e1 el primer Sac\u00fadete al Parque, en el municipio de La Plata; un espacio para el desarrollo de actividades deportivas, culturales y de integraci\u00f3n social. Logramos un convenio entre la Alcald\u00eda Municipal de La Platay el Ministerio del Interior para que se destinaran 2.300 millones de pesos para el desarrollo de esta obra &hellip; Gestionamos inversiones para el centro deportivo Sac\u00fadete Leer m\u00e1s &raquo;","og_url":"https:\/\/juliocesartriana.com\/index.php\/2021\/09\/14\/gestionamos-inversiones-para-el-centro-deportivo-sacudete\/","og_site_name":"Julio C\u00e9sar Triana - Representante a la C\u00e1mara por el Huila","article_publisher":"https:\/\/www.facebook.com\/TrianaCongreso\/","article_published_time":"2021-09-14T20:34:05+00:00","article_modified_time":"2021-09-21T15:59:07+00:00","og_image":[{"width":720,"height":539,"url":"https:\/\/juliocesartriana.com\/wp-content\/uploads\/2021\/09\/Triana-Sacu\u0301dete-al-parque.jpeg","type":"image\/jpeg"}],"twitter_card":"summary_large_image","twitter_misc":{"Escrito por":"admin","Tiempo de lectura":"1 minuto"},"schema":{"@context":"https:\/\/schema.org","@graph":[{"@type":"Organization","@id":"https:\/\/juliocesartriana.com\/#organization","name":"Julio C\u00e9sar Triana - Representante a la C\u00e1mara","url":"https:\/\/juliocesartriana.com\/","sameAs":["https:\/\/www.facebook.com\/TrianaCongreso\/","https:\/\/www.instagram.com\/trianacongreso\/"],"logo":{"@type":"ImageObject","@id":"https:\/\/juliocesartriana.com\/#logo","inLanguage":"es","url":"https:\/\/juliocesartriana.com\/wp-content\/uploads\/2021\/03\/Salo\u0301n-eli\u0301ptico-presidiendo-1.jpeg","contentUrl":"https:\/\/juliocesartriana.com\/wp-content\/uploads\/2021\/03\/Salo\u0301n-eli\u0301ptico-presidiendo-1.jpeg","width":1280,"height":853,"caption":"Julio C\u00e9sar Triana - Representante a la C\u00e1mara"},"image":{"@id":"https:\/\/juliocesartriana.com\/#logo"}},{"@type":"WebSite","@id":"https:\/\/juliocesartriana.com\/#website","url":"https:\/\/juliocesartriana.com\/","name":"Julio C\u00e9sar Triana - Representante a la C\u00e1mara por el Huila","description":"Representante a la C\u00e1mara por el Departamento del Huila.","publisher":{"@id":"https:\/\/juliocesartriana.com\/#organization"},"potentialAction":[{"@type":"SearchAction","target":{"@type":"EntryPoint","urlTemplate":"https:\/\/juliocesartriana.com\/?s={search_term_string}"},"query-input":"required name=search_term_string"}],"inLanguage":"es"},{"@type":"ImageObject","@id":"https:\/\/juliocesartriana.com\/index.php\/2021\/09\/14\/gestionamos-inversiones-para-el-centro-deportivo-sacudete\/#primaryimage","inLanguage":"es","url":"https:\/\/juliocesartriana.com\/wp-content\/uploads\/2021\/09\/Triana-Sacu\u0301dete-al-parque.jpeg","contentUrl":"https:\/\/juliocesartriana.com\/wp-content\/uploads\/2021\/09\/Triana-Sacu\u0301dete-al-parque.jpeg","width":720,"height":539},{"@type":"WebPage","@id":"https:\/\/juliocesartriana.com\/index.php\/2021\/09\/14\/gestionamos-inversiones-para-el-centro-deportivo-sacudete\/#webpage","url":"https:\/\/juliocesartriana.com\/index.php\/2021\/09\/14\/gestionamos-inversiones-para-el-centro-deportivo-sacudete\/","name":"Julio C\u00e9sar Triana - Representante a la C\u00e1mara por el Huila","isPartOf":{"@id":"https:\/\/juliocesartriana.com\/#website"},"primaryImageOfPage":{"@id":"https:\/\/juliocesartriana.com\/index.php\/2021\/09\/14\/gestionamos-inversiones-para-el-centro-deportivo-sacudete\/#primaryimage"},"datePublished":"2021-09-14T20:34:05+00:00","dateModified":"2021-09-21T15:59:07+00:00","breadcrumb":{"@id":"https:\/\/juliocesartriana.com\/index.php\/2021\/09\/14\/gestionamos-inversiones-para-el-centro-deportivo-sacudete\/#breadcrumb"},"inLanguage":"es","potentialAction":[{"@type":"ReadAction","target":["https:\/\/juliocesartriana.com\/index.php\/2021\/09\/14\/gestionamos-inversiones-para-el-centro-deportivo-sacudete\/"]}]},{"@type":"BreadcrumbList","@id":"https:\/\/juliocesartriana.com\/index.php\/2021\/09\/14\/gestionamos-inversiones-para-el-centro-deportivo-sacudete\/#breadcrumb","itemListElement":[{"@type":"ListItem","position":1,"name":"Portada","item":"https:\/\/juliocesartriana.com\/"},{"@type":"ListItem","position":2,"name":"Gestionamos inversiones para el centro deportivo Sac\u00fadete"}]},{"@type":"Article","@id":"https:\/\/juliocesartriana.com\/index.php\/2021\/09\/14\/gestionamos-inversiones-para-el-centro-deportivo-sacudete\/#article","isPartOf":{"@id":"https:\/\/juliocesartriana.com\/index.php\/2021\/09\/14\/gestionamos-inversiones-para-el-centro-deportivo-sacudete\/#webpage"},"author":{"@id":"https:\/\/juliocesartriana.com\/#\/schema\/person\/deecb92c18f2299a8c280aa4eabd1a03"},"headline":"Gestionamos inversiones para el centro deportivo Sac\u00fadete","datePublished":"2021-09-14T20:34:05+00:00","dateModified":"2021-09-21T15:59:07+00:00","mainEntityOfPage":{"@id":"https:\/\/juliocesartriana.com\/index.php\/2021\/09\/14\/gestionamos-inversiones-para-el-centro-deportivo-sacudete\/#webpage"},"wordCount":124,"commentCount":0,"publisher":{"@id":"https:\/\/juliocesartriana.com\/#organization"},"image":{"@id":"https:\/\/juliocesartriana.com\/index.php\/2021\/09\/14\/gestionamos-inversiones-para-el-centro-deportivo-sacudete\/#primaryimage"},"thumbnailUrl":"https:\/\/juliocesartriana.com\/wp-content\/uploads\/2021\/09\/Triana-Sacu\u0301dete-al-parque.jpeg","articleSection":["Gesti\u00f3n por el Huila"],"inLanguage":"es","potentialAction":[{"@type":"CommentAction","name":"Comment","target":["https:\/\/juliocesartriana.com\/index.php\/2021\/09\/14\/gestionamos-inversiones-para-el-centro-deportivo-sacudete\/#respond"]}]},{"@type":"Person","@id":"https:\/\/juliocesartriana.com\/#\/schema\/person\/deecb92c18f2299a8c280aa4eabd1a03","name":"admin","image":{"@type":"ImageObject","@id":"https:\/\/juliocesartriana.com\/#personlogo","inLanguage":"es","url":"https:\/\/secure.gravatar.com\/avatar\/a796496fa1985f3a559e872a5db21305d7a391de67117abdfa8eb899c7bea95c?s=96&d=mm&r=g","contentUrl":"https:\/\/secure.gravatar.com\/avatar\/a796496fa1985f3a559e872a5db21305d7a391de67117abdfa8eb899c7bea95c?s=96&d=mm&r=g","caption":"admin"},"sameAs":["https:\/\/juliocesartriana.com"],"url":"https:\/\/juliocesartriana.com\/index.php\/author\/admin_dovqajq2\/"}]}},"_links":{"self":[{"href":"https:\/\/juliocesartriana.com\/index.php\/wp-json\/wp\/v2\/posts\/2686","targetHints":{"allow":["GET"]}}],"collection":[{"href":"https:\/\/juliocesartriana.com\/index.php\/wp-json\/wp\/v2\/posts"}],"about":[{"href":"https:\/\/juliocesartriana.com\/index.php\/wp-json\/wp\/v2\/types\/post"}],"author":[{"embeddable":true,"href":"https:\/\/juliocesartriana.com\/index.php\/wp-json\/wp\/v2\/users\/1"}],"replies":[{"embeddable":true,"href":"https:\/\/juliocesartriana.com\/index.php\/wp-json\/wp\/v2\/comments?post=2686"}],"version-history":[{"count":1,"href":"https:\/\/juliocesartriana.com\/index.php\/wp-json\/wp\/v2\/posts\/2686\/revisions"}],"predecessor-version":[{"id":2688,"href":"https:\/\/juliocesartriana.com\/index.php\/wp-json\/wp\/v2\/posts\/2686\/revisions\/2688"}],"wp:featuredmedia":[{"embeddable":true,"href":"https:\/\/juliocesartriana.com\/index.php\/wp-json\/wp\/v2\/media\/2758"}],"wp:attachment":[{"href":"https:\/\/juliocesartriana.com\/index.php\/wp-json\/wp\/v2\/media?parent=2686"}],"wp:term":[{"taxonomy":"category","embeddable":true,"href":"https:\/\/juliocesartriana.com\/index.php\/wp-json\/wp\/v2\/categories?post=2686"},{"taxonomy":"post_tag","embeddable":true,"href":"https:\/\/juliocesartriana.com\/index.php\/wp-json\/wp\/v2\/tags?post=2686"}],"curies":[{"name":"wp","href":"https:\/\/api.w.org\/{rel}","templated":true}]}}