{"id":2626,"date":"2021-09-08T18:51:22","date_gmt":"2021-09-08T18:51:22","guid":{"rendered":"https:\/\/juliocesartriana.com\/?p=2626"},"modified":"2026-02-08T22:57:42","modified_gmt":"2026-02-08T22:57:42","slug":"segunda-vuelta-para-alcalde-mayor-de-bogota","status":"publish","type":"post","link":"https:\/\/juliocesartriana.com\/index.php\/2021\/09\/08\/segunda-vuelta-para-alcalde-mayor-de-bogota\/","title":{"rendered":"Segunda vuelta para Alcalde Mayor de Bogot\u00e1"},"content":{"rendered":"\n<p>Con esta ley, buscamos brindarle mayor legitimidad a la elecci\u00f3n del Alcalde de Bogot\u00e1. Es por esto que de ahora en adelante se permitir\u00e1 que los capitalinos vuelvan a las urnas en caso de que el candidato que gane en primera vuelta no logre superar el 40 por ciento de los votos.<\/p>\n\n\n\n<p>El Alcalde Mayor ser\u00e1 elegido para un per\u00edodo de cuatro a\u00f1os, por la mitad m\u00e1s uno de los votos que, de manera secreta y directa, depositen los ciudadanos con las formalidades que determine la ley. Si ning\u00fan candidato obtiene dicha mayor\u00eda, se celebrar\u00e1 una nueva votaci\u00f3n que tendr\u00e1 lugar tres semanas m\u00e1s tarde, en la que s\u00f3lo participar\u00e1n los dos candidatos que hayan obtenido las m\u00e1s altas votaciones.<\/p>\n\n\n\n<p>Ser\u00e1 declarado Alcalde Mayor quien obtenga el mayor n\u00famero de votos, en la segunda vuelta.<\/p>\n\n\n\n<p>Esta ley se aplicar\u00e1 a partir de las elecciones de 2023.<\/p>\n","protected":false},"excerpt":{"rendered":"<p>Con esta ley, buscamos brindarle mayor legitimidad a la elecci\u00f3n del Alcalde de Bogot\u00e1. Es por esto que de ahora en adelante se permitir\u00e1 que los capitalinos vuelvan a las urnas en caso de que el candidato que gane en primera vuelta no logre superar el 40 por ciento de los votos. El Alcalde Mayor &hellip;<\/p>\n<p class=\"read-more\"> <a class=\"\" href=\"https:\/\/juliocesartriana.com\/index.php\/2021\/09\/08\/segunda-vuelta-para-alcalde-mayor-de-bogota\/\"> <span class=\"screen-reader-text\">Segunda vuelta para Alcalde Mayor de Bogot\u00e1<\/span> Leer m\u00e1s &raquo;<\/a><\/p>\n","protected":false},"author":1,"featured_media":2719,"comment_status":"open","ping_status":"open","sticky":false,"template":"","format":"standard","meta":{"ngg_post_thumbnail":0,"footnotes":""},"categories":[11],"tags":[],"class_list":["post-2626","post","type-post","status-publish","format-standard","has-post-thumbnail","hentry","category-leyes-de-la-republica"],"yoast_head":"<!-- This site is optimized with the Yoast SEO plugin v18.5.1 - https:\/\/yoast.com\/wordpress\/plugins\/seo\/ -->\n<title>Julio C\u00e9sar Triana - Representante a la C\u00e1mara por el Huila<\/title>\n<meta name=\"robots\" content=\"index, follow, max-snippet:-1, max-image-preview:large, max-video-preview:-1\" \/>\n<link rel=\"canonical\" href=\"https:\/\/juliocesartriana.com\/index.php\/2021\/09\/08\/segunda-vuelta-para-alcalde-mayor-de-bogota\/\" \/>\n<meta property=\"og:locale\" content=\"es_ES\" \/>\n<meta property=\"og:type\" content=\"article\" \/>\n<meta property=\"og:title\" content=\"Julio C\u00e9sar Triana - Representante a la C\u00e1mara por el Huila\" \/>\n<meta property=\"og:description\" content=\"Con esta ley, buscamos brindarle mayor legitimidad a la elecci\u00f3n del Alcalde de Bogot\u00e1. Es por esto que de ahora en adelante se permitir\u00e1 que los capitalinos vuelvan a las urnas en caso de que el candidato que gane en primera vuelta no logre superar el 40 por ciento de los votos. El Alcalde Mayor &hellip; Segunda vuelta para Alcalde Mayor de Bogot\u00e1 Leer m\u00e1s &raquo;\" \/>\n<meta property=\"og:url\" content=\"https:\/\/juliocesartriana.com\/index.php\/2021\/09\/08\/segunda-vuelta-para-alcalde-mayor-de-bogota\/\" \/>\n<meta property=\"og:site_name\" content=\"Julio C\u00e9sar Triana - Representante a la C\u00e1mara por el Huila\" \/>\n<meta property=\"article:publisher\" content=\"https:\/\/www.facebook.com\/TrianaCongreso\/\" \/>\n<meta property=\"article:published_time\" content=\"2021-09-08T18:51:22+00:00\" \/>\n<meta property=\"article:modified_time\" content=\"2026-02-08T22:57:42+00:00\" \/>\n<meta property=\"og:image\" content=\"https:\/\/juliocesartriana.com\/wp-content\/uploads\/2021\/09\/Segunda-Vuelta-Alcalde-Mayor.jpeg\" \/>\n\t<meta property=\"og:image:width\" content=\"1280\" \/>\n\t<meta property=\"og:image:height\" content=\"853\" \/>\n\t<meta property=\"og:image:type\" content=\"image\/jpeg\" \/>\n<meta name=\"twitter:card\" content=\"summary_large_image\" \/>\n<meta name=\"twitter:label1\" content=\"Escrito por\" \/>\n\t<meta name=\"twitter:data1\" content=\"admin\" \/>\n\t<meta name=\"twitter:label2\" content=\"Tiempo de lectura\" \/>\n\t<meta name=\"twitter:data2\" content=\"1 minuto\" \/>\n<script type=\"application\/ld+json\" class=\"yoast-schema-graph\">{\"@context\":\"https:\/\/schema.org\",\"@graph\":[{\"@type\":\"Organization\",\"@id\":\"https:\/\/juliocesartriana.com\/#organization\",\"name\":\"Julio C\u00e9sar Triana - Representante a la C\u00e1mara\",\"url\":\"https:\/\/juliocesartriana.com\/\",\"sameAs\":[\"https:\/\/www.facebook.com\/TrianaCongreso\/\",\"https:\/\/www.instagram.com\/trianacongreso\/\"],\"logo\":{\"@type\":\"ImageObject\",\"@id\":\"https:\/\/juliocesartriana.com\/#logo\",\"inLanguage\":\"es\",\"url\":\"https:\/\/juliocesartriana.com\/wp-content\/uploads\/2021\/03\/Salo\u0301n-eli\u0301ptico-presidiendo-1.jpeg\",\"contentUrl\":\"https:\/\/juliocesartriana.com\/wp-content\/uploads\/2021\/03\/Salo\u0301n-eli\u0301ptico-presidiendo-1.jpeg\",\"width\":1280,\"height\":853,\"caption\":\"Julio C\u00e9sar Triana - Representante a la C\u00e1mara\"},\"image\":{\"@id\":\"https:\/\/juliocesartriana.com\/#logo\"}},{\"@type\":\"WebSite\",\"@id\":\"https:\/\/juliocesartriana.com\/#website\",\"url\":\"https:\/\/juliocesartriana.com\/\",\"name\":\"Julio C\u00e9sar Triana - Representante a la C\u00e1mara por el Huila\",\"description\":\"Representante a la C\u00e1mara por el Departamento del Huila.\",\"publisher\":{\"@id\":\"https:\/\/juliocesartriana.com\/#organization\"},\"potentialAction\":[{\"@type\":\"SearchAction\",\"target\":{\"@type\":\"EntryPoint\",\"urlTemplate\":\"https:\/\/juliocesartriana.com\/?s={search_term_string}\"},\"query-input\":\"required name=search_term_string\"}],\"inLanguage\":\"es\"},{\"@type\":\"ImageObject\",\"@id\":\"https:\/\/juliocesartriana.com\/index.php\/2021\/09\/08\/segunda-vuelta-para-alcalde-mayor-de-bogota\/#primaryimage\",\"inLanguage\":\"es\",\"url\":\"https:\/\/juliocesartriana.com\/wp-content\/uploads\/2021\/09\/Segunda-Vuelta-Alcalde-Mayor.jpeg\",\"contentUrl\":\"https:\/\/juliocesartriana.com\/wp-content\/uploads\/2021\/09\/Segunda-Vuelta-Alcalde-Mayor.jpeg\",\"width\":1280,\"height\":853},{\"@type\":\"WebPage\",\"@id\":\"https:\/\/juliocesartriana.com\/index.php\/2021\/09\/08\/segunda-vuelta-para-alcalde-mayor-de-bogota\/#webpage\",\"url\":\"https:\/\/juliocesartriana.com\/index.php\/2021\/09\/08\/segunda-vuelta-para-alcalde-mayor-de-bogota\/\",\"name\":\"Julio C\u00e9sar Triana - Representante a la C\u00e1mara por el Huila\",\"isPartOf\":{\"@id\":\"https:\/\/juliocesartriana.com\/#website\"},\"primaryImageOfPage\":{\"@id\":\"https:\/\/juliocesartriana.com\/index.php\/2021\/09\/08\/segunda-vuelta-para-alcalde-mayor-de-bogota\/#primaryimage\"},\"datePublished\":\"2021-09-08T18:51:22+00:00\",\"dateModified\":\"2026-02-08T22:57:42+00:00\",\"breadcrumb\":{\"@id\":\"https:\/\/juliocesartriana.com\/index.php\/2021\/09\/08\/segunda-vuelta-para-alcalde-mayor-de-bogota\/#breadcrumb\"},\"inLanguage\":\"es\",\"potentialAction\":[{\"@type\":\"ReadAction\",\"target\":[\"https:\/\/juliocesartriana.com\/index.php\/2021\/09\/08\/segunda-vuelta-para-alcalde-mayor-de-bogota\/\"]}]},{\"@type\":\"BreadcrumbList\",\"@id\":\"https:\/\/juliocesartriana.com\/index.php\/2021\/09\/08\/segunda-vuelta-para-alcalde-mayor-de-bogota\/#breadcrumb\",\"itemListElement\":[{\"@type\":\"ListItem\",\"position\":1,\"name\":\"Portada\",\"item\":\"https:\/\/juliocesartriana.com\/\"},{\"@type\":\"ListItem\",\"position\":2,\"name\":\"Segunda vuelta para Alcalde Mayor de Bogot\u00e1\"}]},{\"@type\":\"Article\",\"@id\":\"https:\/\/juliocesartriana.com\/index.php\/2021\/09\/08\/segunda-vuelta-para-alcalde-mayor-de-bogota\/#article\",\"isPartOf\":{\"@id\":\"https:\/\/juliocesartriana.com\/index.php\/2021\/09\/08\/segunda-vuelta-para-alcalde-mayor-de-bogota\/#webpage\"},\"author\":{\"@id\":\"https:\/\/juliocesartriana.com\/#\/schema\/person\/deecb92c18f2299a8c280aa4eabd1a03\"},\"headline\":\"Segunda vuelta para Alcalde Mayor de Bogot\u00e1\",\"datePublished\":\"2021-09-08T18:51:22+00:00\",\"dateModified\":\"2026-02-08T22:57:42+00:00\",\"mainEntityOfPage\":{\"@id\":\"https:\/\/juliocesartriana.com\/index.php\/2021\/09\/08\/segunda-vuelta-para-alcalde-mayor-de-bogota\/#webpage\"},\"wordCount\":163,\"commentCount\":0,\"publisher\":{\"@id\":\"https:\/\/juliocesartriana.com\/#organization\"},\"image\":{\"@id\":\"https:\/\/juliocesartriana.com\/index.php\/2021\/09\/08\/segunda-vuelta-para-alcalde-mayor-de-bogota\/#primaryimage\"},\"thumbnailUrl\":\"https:\/\/juliocesartriana.com\/wp-content\/uploads\/2021\/09\/Segunda-Vuelta-Alcalde-Mayor.jpeg\",\"articleSection\":[\"Leyes de la Rep\u00fablica\"],\"inLanguage\":\"es\",\"potentialAction\":[{\"@type\":\"CommentAction\",\"name\":\"Comment\",\"target\":[\"https:\/\/juliocesartriana.com\/index.php\/2021\/09\/08\/segunda-vuelta-para-alcalde-mayor-de-bogota\/#respond\"]}]},{\"@type\":\"Person\",\"@id\":\"https:\/\/juliocesartriana.com\/#\/schema\/person\/deecb92c18f2299a8c280aa4eabd1a03\",\"name\":\"admin\",\"image\":{\"@type\":\"ImageObject\",\"@id\":\"https:\/\/juliocesartriana.com\/#personlogo\",\"inLanguage\":\"es\",\"url\":\"https:\/\/secure.gravatar.com\/avatar\/a796496fa1985f3a559e872a5db21305d7a391de67117abdfa8eb899c7bea95c?s=96&d=mm&r=g\",\"contentUrl\":\"https:\/\/secure.gravatar.com\/avatar\/a796496fa1985f3a559e872a5db21305d7a391de67117abdfa8eb899c7bea95c?s=96&d=mm&r=g\",\"caption\":\"admin\"},\"sameAs\":[\"https:\/\/juliocesartriana.com\"],\"url\":\"https:\/\/juliocesartriana.com\/index.php\/author\/admin_dovqajq2\/\"}]}<\/script>\n<!-- \/ Yoast SEO plugin. -->","yoast_head_json":{"title":"Julio C\u00e9sar Triana - Representante a la C\u00e1mara por el Huila","robots":{"index":"index","follow":"follow","max-snippet":"max-snippet:-1","max-image-preview":"max-image-preview:large","max-video-preview":"max-video-preview:-1"},"canonical":"https:\/\/juliocesartriana.com\/index.php\/2021\/09\/08\/segunda-vuelta-para-alcalde-mayor-de-bogota\/","og_locale":"es_ES","og_type":"article","og_title":"Julio C\u00e9sar Triana - Representante a la C\u00e1mara por el Huila","og_description":"Con esta ley, buscamos brindarle mayor legitimidad a la elecci\u00f3n del Alcalde de Bogot\u00e1. Es por esto que de ahora en adelante se permitir\u00e1 que los capitalinos vuelvan a las urnas en caso de que el candidato que gane en primera vuelta no logre superar el 40 por ciento de los votos. El Alcalde Mayor &hellip; Segunda vuelta para Alcalde Mayor de Bogot\u00e1 Leer m\u00e1s &raquo;","og_url":"https:\/\/juliocesartriana.com\/index.php\/2021\/09\/08\/segunda-vuelta-para-alcalde-mayor-de-bogota\/","og_site_name":"Julio C\u00e9sar Triana - Representante a la C\u00e1mara por el Huila","article_publisher":"https:\/\/www.facebook.com\/TrianaCongreso\/","article_published_time":"2021-09-08T18:51:22+00:00","article_modified_time":"2026-02-08T22:57:42+00:00","og_image":[{"width":1280,"height":853,"url":"https:\/\/juliocesartriana.com\/wp-content\/uploads\/2021\/09\/Segunda-Vuelta-Alcalde-Mayor.jpeg","type":"image\/jpeg"}],"twitter_card":"summary_large_image","twitter_misc":{"Escrito por":"admin","Tiempo de lectura":"1 minuto"},"schema":{"@context":"https:\/\/schema.org","@graph":[{"@type":"Organization","@id":"https:\/\/juliocesartriana.com\/#organization","name":"Julio C\u00e9sar Triana - Representante a la C\u00e1mara","url":"https:\/\/juliocesartriana.com\/","sameAs":["https:\/\/www.facebook.com\/TrianaCongreso\/","https:\/\/www.instagram.com\/trianacongreso\/"],"logo":{"@type":"ImageObject","@id":"https:\/\/juliocesartriana.com\/#logo","inLanguage":"es","url":"https:\/\/juliocesartriana.com\/wp-content\/uploads\/2021\/03\/Salo\u0301n-eli\u0301ptico-presidiendo-1.jpeg","contentUrl":"https:\/\/juliocesartriana.com\/wp-content\/uploads\/2021\/03\/Salo\u0301n-eli\u0301ptico-presidiendo-1.jpeg","width":1280,"height":853,"caption":"Julio C\u00e9sar Triana - Representante a la C\u00e1mara"},"image":{"@id":"https:\/\/juliocesartriana.com\/#logo"}},{"@type":"WebSite","@id":"https:\/\/juliocesartriana.com\/#website","url":"https:\/\/juliocesartriana.com\/","name":"Julio C\u00e9sar Triana - Representante a la C\u00e1mara por el Huila","description":"Representante a la C\u00e1mara por el Departamento del Huila.","publisher":{"@id":"https:\/\/juliocesartriana.com\/#organization"},"potentialAction":[{"@type":"SearchAction","target":{"@type":"EntryPoint","urlTemplate":"https:\/\/juliocesartriana.com\/?s={search_term_string}"},"query-input":"required name=search_term_string"}],"inLanguage":"es"},{"@type":"ImageObject","@id":"https:\/\/juliocesartriana.com\/index.php\/2021\/09\/08\/segunda-vuelta-para-alcalde-mayor-de-bogota\/#primaryimage","inLanguage":"es","url":"https:\/\/juliocesartriana.com\/wp-content\/uploads\/2021\/09\/Segunda-Vuelta-Alcalde-Mayor.jpeg","contentUrl":"https:\/\/juliocesartriana.com\/wp-content\/uploads\/2021\/09\/Segunda-Vuelta-Alcalde-Mayor.jpeg","width":1280,"height":853},{"@type":"WebPage","@id":"https:\/\/juliocesartriana.com\/index.php\/2021\/09\/08\/segunda-vuelta-para-alcalde-mayor-de-bogota\/#webpage","url":"https:\/\/juliocesartriana.com\/index.php\/2021\/09\/08\/segunda-vuelta-para-alcalde-mayor-de-bogota\/","name":"Julio C\u00e9sar Triana - Representante a la C\u00e1mara por el Huila","isPartOf":{"@id":"https:\/\/juliocesartriana.com\/#website"},"primaryImageOfPage":{"@id":"https:\/\/juliocesartriana.com\/index.php\/2021\/09\/08\/segunda-vuelta-para-alcalde-mayor-de-bogota\/#primaryimage"},"datePublished":"2021-09-08T18:51:22+00:00","dateModified":"2026-02-08T22:57:42+00:00","breadcrumb":{"@id":"https:\/\/juliocesartriana.com\/index.php\/2021\/09\/08\/segunda-vuelta-para-alcalde-mayor-de-bogota\/#breadcrumb"},"inLanguage":"es","potentialAction":[{"@type":"ReadAction","target":["https:\/\/juliocesartriana.com\/index.php\/2021\/09\/08\/segunda-vuelta-para-alcalde-mayor-de-bogota\/"]}]},{"@type":"BreadcrumbList","@id":"https:\/\/juliocesartriana.com\/index.php\/2021\/09\/08\/segunda-vuelta-para-alcalde-mayor-de-bogota\/#breadcrumb","itemListElement":[{"@type":"ListItem","position":1,"name":"Portada","item":"https:\/\/juliocesartriana.com\/"},{"@type":"ListItem","position":2,"name":"Segunda vuelta para Alcalde Mayor de Bogot\u00e1"}]},{"@type":"Article","@id":"https:\/\/juliocesartriana.com\/index.php\/2021\/09\/08\/segunda-vuelta-para-alcalde-mayor-de-bogota\/#article","isPartOf":{"@id":"https:\/\/juliocesartriana.com\/index.php\/2021\/09\/08\/segunda-vuelta-para-alcalde-mayor-de-bogota\/#webpage"},"author":{"@id":"https:\/\/juliocesartriana.com\/#\/schema\/person\/deecb92c18f2299a8c280aa4eabd1a03"},"headline":"Segunda vuelta para Alcalde Mayor de Bogot\u00e1","datePublished":"2021-09-08T18:51:22+00:00","dateModified":"2026-02-08T22:57:42+00:00","mainEntityOfPage":{"@id":"https:\/\/juliocesartriana.com\/index.php\/2021\/09\/08\/segunda-vuelta-para-alcalde-mayor-de-bogota\/#webpage"},"wordCount":163,"commentCount":0,"publisher":{"@id":"https:\/\/juliocesartriana.com\/#organization"},"image":{"@id":"https:\/\/juliocesartriana.com\/index.php\/2021\/09\/08\/segunda-vuelta-para-alcalde-mayor-de-bogota\/#primaryimage"},"thumbnailUrl":"https:\/\/juliocesartriana.com\/wp-content\/uploads\/2021\/09\/Segunda-Vuelta-Alcalde-Mayor.jpeg","articleSection":["Leyes de la Rep\u00fablica"],"inLanguage":"es","potentialAction":[{"@type":"CommentAction","name":"Comment","target":["https:\/\/juliocesartriana.com\/index.php\/2021\/09\/08\/segunda-vuelta-para-alcalde-mayor-de-bogota\/#respond"]}]},{"@type":"Person","@id":"https:\/\/juliocesartriana.com\/#\/schema\/person\/deecb92c18f2299a8c280aa4eabd1a03","name":"admin","image":{"@type":"ImageObject","@id":"https:\/\/juliocesartriana.com\/#personlogo","inLanguage":"es","url":"https:\/\/secure.gravatar.com\/avatar\/a796496fa1985f3a559e872a5db21305d7a391de67117abdfa8eb899c7bea95c?s=96&d=mm&r=g","contentUrl":"https:\/\/secure.gravatar.com\/avatar\/a796496fa1985f3a559e872a5db21305d7a391de67117abdfa8eb899c7bea95c?s=96&d=mm&r=g","caption":"admin"},"sameAs":["https:\/\/juliocesartriana.com"],"url":"https:\/\/juliocesartriana.com\/index.php\/author\/admin_dovqajq2\/"}]}},"_links":{"self":[{"href":"https:\/\/juliocesartriana.com\/index.php\/wp-json\/wp\/v2\/posts\/2626","targetHints":{"allow":["GET"]}}],"collection":[{"href":"https:\/\/juliocesartriana.com\/index.php\/wp-json\/wp\/v2\/posts"}],"about":[{"href":"https:\/\/juliocesartriana.com\/index.php\/wp-json\/wp\/v2\/types\/post"}],"author":[{"embeddable":true,"href":"https:\/\/juliocesartriana.com\/index.php\/wp-json\/wp\/v2\/users\/1"}],"replies":[{"embeddable":true,"href":"https:\/\/juliocesartriana.com\/index.php\/wp-json\/wp\/v2\/comments?post=2626"}],"version-history":[{"count":1,"href":"https:\/\/juliocesartriana.com\/index.php\/wp-json\/wp\/v2\/posts\/2626\/revisions"}],"predecessor-version":[{"id":2628,"href":"https:\/\/juliocesartriana.com\/index.php\/wp-json\/wp\/v2\/posts\/2626\/revisions\/2628"}],"wp:featuredmedia":[{"embeddable":true,"href":"https:\/\/juliocesartriana.com\/index.php\/wp-json\/wp\/v2\/media\/2719"}],"wp:attachment":[{"href":"https:\/\/juliocesartriana.com\/index.php\/wp-json\/wp\/v2\/media?parent=2626"}],"wp:term":[{"taxonomy":"category","embeddable":true,"href":"https:\/\/juliocesartriana.com\/index.php\/wp-json\/wp\/v2\/categories?post=2626"},{"taxonomy":"post_tag","embeddable":true,"href":"https:\/\/juliocesartriana.com\/index.php\/wp-json\/wp\/v2\/tags?post=2626"}],"curies":[{"name":"wp","href":"https:\/\/api.w.org\/{rel}","templated":true}]}}