{"id":2599,"date":"2021-09-08T15:56:43","date_gmt":"2021-09-08T15:56:43","guid":{"rendered":"https:\/\/juliocesartriana.com\/?p=2599"},"modified":"2021-09-08T15:56:45","modified_gmt":"2021-09-08T15:56:45","slug":"representante-triana-propone-penitenciarias-productivas-para-la-resocializacion-de-reclusos","status":"publish","type":"post","link":"https:\/\/juliocesartriana.com\/index.php\/2021\/09\/08\/representante-triana-propone-penitenciarias-productivas-para-la-resocializacion-de-reclusos\/","title":{"rendered":"Representante Triana propone Penitenciar\u00edas Productivas para la resocializaci\u00f3n de reclusos"},"content":{"rendered":"\t\t<div data-elementor-type=\"wp-post\" data-elementor-id=\"2599\" class=\"elementor elementor-2599\" data-elementor-settings=\"[]\">\n\t\t\t\t\t\t<div class=\"elementor-inner\">\n\t\t\t\t\t\t\t<div class=\"elementor-section-wrap\">\n\t\t\t\t\t\t\t<section class=\"elementor-section elementor-top-section elementor-element elementor-element-636637c1 elementor-section-boxed elementor-section-height-default elementor-section-height-default\" data-id=\"636637c1\" data-element_type=\"section\">\n\t\t\t\t\t\t<div class=\"elementor-container elementor-column-gap-default\">\n\t\t\t\t\t\t\t<div class=\"elementor-row\">\n\t\t\t\t\t<div class=\"elementor-column elementor-col-100 elementor-top-column elementor-element elementor-element-43efec7c\" data-id=\"43efec7c\" data-element_type=\"column\">\n\t\t\t<div class=\"elementor-column-wrap elementor-element-populated\">\n\t\t\t\t\t\t\t<div class=\"elementor-widget-wrap\">\n\t\t\t\t\t\t<div class=\"elementor-element elementor-element-47b79a38 elementor-widget elementor-widget-text-editor\" data-id=\"47b79a38\" data-element_type=\"widget\" data-widget_type=\"text-editor.default\">\n\t\t\t\t<div class=\"elementor-widget-container\">\n\t\t\t\t\t\t\t\t<div class=\"elementor-text-editor elementor-clearfix\">\n\t\t\t\t<!-- wp:paragraph -->\n<p>Este mi\u00e9rcoles, 8 de septiembre, el Representante a la C\u00e1mara por el Huila, Julio C\u00e9sar Triana, present\u00f3 un proyecto de ley en el que desarrolla medidas para fortalecer la resocializaci\u00f3n de las personas privadas de la libertad (PPL) y la poblaci\u00f3n pospenitenciaria en Colombia.<\/p>\n<!-- \/wp:paragraph -->\n\n<!-- wp:paragraph -->\n<p>Con esta iniciativa se plantea que las Personas Privadas de la Libertad lleven a cabo labores productivas dentro de los centros penitenciarios, las cuales ser\u00e1n remuneradas y cuyo dinero ser\u00e1 destinado a el resarcimiento a la v\u00edctima, al apoyo familiar y a un ahorro programado para su proyecto de vida pospenitenciarias.<\/p>\n<!-- \/wp:paragraph -->\n\n<!-- wp:paragraph -->\n<p>\u201cBuscamos que la resocializaci\u00f3n sea el principal objetivo de la pena. Queremos que las personas puedan desarrollar un proyecto de vida mientras cumplen su tiempo en prisi\u00f3n. Actualmente, los centros de reclusi\u00f3n son escuelas del delito y esto se ve evidenciado en el \u00edndice de reincidencia de quienes recobran la libertad que llega al 30%\u201d, afirm\u00f3 el Representante Triana.<\/p>\n<!-- \/wp:paragraph -->\n\n<!-- wp:paragraph -->\n<p>La iniciativa propone un modelo sostenible para la financiaci\u00f3n de las penitenciar\u00edas productivas a trav\u00e9s de alianzas p\u00fablico privadas, incentivando la participaci\u00f3n de empresas privadas mediante exenciones y beneficios tributarios.<strong><\/strong><\/p>\n<!-- \/wp:paragraph -->\n\n<!-- wp:paragraph -->\n<p><strong><em>Otros aspectos que contempla el Proyecto de ley:<\/em><\/strong><\/p>\n<!-- \/wp:paragraph -->\n\n<!-- wp:list -->\n<ul><li>Se garantizar\u00e1 el acceso a servicios de salud mental.<\/li><li>La poblaci\u00f3n pospenitenciaria podr\u00e1 acceder a:<ul><li>Atenci\u00f3n psicosocial.<\/li><\/ul><ul><li>Vinculaci\u00f3n a servicios b\u00e1sicos ciudadanos.<\/li><\/ul><ul><li>Acompa\u00f1amiento para la consecuci\u00f3n de un empleo.<\/li><\/ul><ul><li>Integraci\u00f3n a proyectos comunitarios.<\/li><\/ul><\/li><li>Se propone la prestaci\u00f3n de servicios en beneficio de la sociedad en entidades p\u00fablicas.<\/li><li>Se garantizar\u00e1n los servicios de salud especializados para las mujeres:<ul><li>Ex\u00e1menes especializados: ginecolog\u00eda, obstetricia, entre otras. <\/li><\/ul><\/li><li>Se realizar\u00e1 acompa\u00f1amiento a los ni\u00f1os y ni\u00f1as mayores de 3 a\u00f1os de las mujeres privadas de la libertad. <\/li><\/ul>\n<!-- \/wp:list -->\t\t\t\t\t<\/div>\n\t\t\t\t\t\t<\/div>\n\t\t\t\t<\/div>\n\t\t\t\t\t\t<\/div>\n\t\t\t\t\t<\/div>\n\t\t<\/div>\n\t\t\t\t\t\t\t\t<\/div>\n\t\t\t\t\t<\/div>\n\t\t<\/section>\n\t\t\t\t\t\t<\/div>\n\t\t\t\t\t\t<\/div>\n\t\t\t\t\t<\/div>\n\t\t","protected":false},"excerpt":{"rendered":"<p>Este mi\u00e9rcoles, 8 de septiembre, el Representante a la C\u00e1mara por el Huila, Julio C\u00e9sar Triana, present\u00f3 un proyecto de ley en el que desarrolla medidas para fortalecer la resocializaci\u00f3n de las personas privadas de la libertad (PPL) y la poblaci\u00f3n pospenitenciaria en Colombia. Con esta iniciativa se plantea que las Personas Privadas de la &hellip;<\/p>\n<p class=\"read-more\"> <a class=\"\" href=\"https:\/\/juliocesartriana.com\/index.php\/2021\/09\/08\/representante-triana-propone-penitenciarias-productivas-para-la-resocializacion-de-reclusos\/\"> <span class=\"screen-reader-text\">Representante Triana propone Penitenciar\u00edas Productivas para la resocializaci\u00f3n de reclusos<\/span> Leer m\u00e1s &raquo;<\/a><\/p>\n","protected":false},"author":1,"featured_media":2604,"comment_status":"open","ping_status":"open","sticky":false,"template":"","format":"standard","meta":{"ngg_post_thumbnail":0,"footnotes":""},"categories":[9],"tags":[],"class_list":["post-2599","post","type-post","status-publish","format-standard","has-post-thumbnail","hentry","category-prensa"],"yoast_head":"<!-- This site is optimized with the Yoast SEO plugin v18.5.1 - https:\/\/yoast.com\/wordpress\/plugins\/seo\/ -->\n<title>Julio C\u00e9sar Triana - Representante a la C\u00e1mara por el Huila<\/title>\n<meta name=\"robots\" content=\"index, follow, max-snippet:-1, max-image-preview:large, max-video-preview:-1\" \/>\n<link rel=\"canonical\" href=\"https:\/\/juliocesartriana.com\/index.php\/2021\/09\/08\/representante-triana-propone-penitenciarias-productivas-para-la-resocializacion-de-reclusos\/\" \/>\n<meta property=\"og:locale\" content=\"es_ES\" \/>\n<meta property=\"og:type\" content=\"article\" \/>\n<meta property=\"og:title\" content=\"Julio C\u00e9sar Triana - Representante a la C\u00e1mara por el Huila\" \/>\n<meta property=\"og:description\" content=\"Este mi\u00e9rcoles, 8 de septiembre, el Representante a la C\u00e1mara por el Huila, Julio C\u00e9sar Triana, present\u00f3 un proyecto de ley en el que desarrolla medidas para fortalecer la resocializaci\u00f3n de las personas privadas de la libertad (PPL) y la poblaci\u00f3n pospenitenciaria en Colombia. Con esta iniciativa se plantea que las Personas Privadas de la &hellip; Representante Triana propone Penitenciar\u00edas Productivas para la resocializaci\u00f3n de reclusos Leer m\u00e1s &raquo;\" \/>\n<meta property=\"og:url\" content=\"https:\/\/juliocesartriana.com\/index.php\/2021\/09\/08\/representante-triana-propone-penitenciarias-productivas-para-la-resocializacion-de-reclusos\/\" \/>\n<meta property=\"og:site_name\" content=\"Julio C\u00e9sar Triana - Representante a la C\u00e1mara por el Huila\" \/>\n<meta property=\"article:publisher\" content=\"https:\/\/www.facebook.com\/TrianaCongreso\/\" \/>\n<meta property=\"article:published_time\" content=\"2021-09-08T15:56:43+00:00\" \/>\n<meta property=\"article:modified_time\" content=\"2021-09-08T15:56:45+00:00\" \/>\n<meta property=\"og:image\" content=\"https:\/\/juliocesartriana.com\/wp-content\/uploads\/2021\/09\/IMG_7781-scaled.jpg\" \/>\n\t<meta property=\"og:image:width\" content=\"2560\" \/>\n\t<meta property=\"og:image:height\" content=\"1920\" \/>\n\t<meta property=\"og:image:type\" content=\"image\/jpeg\" \/>\n<meta name=\"twitter:card\" content=\"summary_large_image\" \/>\n<meta name=\"twitter:label1\" content=\"Escrito por\" \/>\n\t<meta name=\"twitter:data1\" content=\"admin\" \/>\n\t<meta name=\"twitter:label2\" content=\"Tiempo de lectura\" \/>\n\t<meta name=\"twitter:data2\" content=\"2 minutos\" \/>\n<script type=\"application\/ld+json\" class=\"yoast-schema-graph\">{\"@context\":\"https:\/\/schema.org\",\"@graph\":[{\"@type\":\"Organization\",\"@id\":\"https:\/\/juliocesartriana.com\/#organization\",\"name\":\"Julio C\u00e9sar Triana - Representante a la C\u00e1mara\",\"url\":\"https:\/\/juliocesartriana.com\/\",\"sameAs\":[\"https:\/\/www.facebook.com\/TrianaCongreso\/\",\"https:\/\/www.instagram.com\/trianacongreso\/\"],\"logo\":{\"@type\":\"ImageObject\",\"@id\":\"https:\/\/juliocesartriana.com\/#logo\",\"inLanguage\":\"es\",\"url\":\"https:\/\/juliocesartriana.com\/wp-content\/uploads\/2021\/03\/Salo\u0301n-eli\u0301ptico-presidiendo-1.jpeg\",\"contentUrl\":\"https:\/\/juliocesartriana.com\/wp-content\/uploads\/2021\/03\/Salo\u0301n-eli\u0301ptico-presidiendo-1.jpeg\",\"width\":1280,\"height\":853,\"caption\":\"Julio C\u00e9sar Triana - Representante a la C\u00e1mara\"},\"image\":{\"@id\":\"https:\/\/juliocesartriana.com\/#logo\"}},{\"@type\":\"WebSite\",\"@id\":\"https:\/\/juliocesartriana.com\/#website\",\"url\":\"https:\/\/juliocesartriana.com\/\",\"name\":\"Julio C\u00e9sar Triana - Representante a la C\u00e1mara por el Huila\",\"description\":\"Representante a la C\u00e1mara por el Departamento del Huila.\",\"publisher\":{\"@id\":\"https:\/\/juliocesartriana.com\/#organization\"},\"potentialAction\":[{\"@type\":\"SearchAction\",\"target\":{\"@type\":\"EntryPoint\",\"urlTemplate\":\"https:\/\/juliocesartriana.com\/?s={search_term_string}\"},\"query-input\":\"required name=search_term_string\"}],\"inLanguage\":\"es\"},{\"@type\":\"ImageObject\",\"@id\":\"https:\/\/juliocesartriana.com\/index.php\/2021\/09\/08\/representante-triana-propone-penitenciarias-productivas-para-la-resocializacion-de-reclusos\/#primaryimage\",\"inLanguage\":\"es\",\"url\":\"https:\/\/juliocesartriana.com\/wp-content\/uploads\/2021\/09\/IMG_7781-scaled.jpg\",\"contentUrl\":\"https:\/\/juliocesartriana.com\/wp-content\/uploads\/2021\/09\/IMG_7781-scaled.jpg\",\"width\":2560,\"height\":1920},{\"@type\":\"WebPage\",\"@id\":\"https:\/\/juliocesartriana.com\/index.php\/2021\/09\/08\/representante-triana-propone-penitenciarias-productivas-para-la-resocializacion-de-reclusos\/#webpage\",\"url\":\"https:\/\/juliocesartriana.com\/index.php\/2021\/09\/08\/representante-triana-propone-penitenciarias-productivas-para-la-resocializacion-de-reclusos\/\",\"name\":\"Julio C\u00e9sar Triana - Representante a la C\u00e1mara por el Huila\",\"isPartOf\":{\"@id\":\"https:\/\/juliocesartriana.com\/#website\"},\"primaryImageOfPage\":{\"@id\":\"https:\/\/juliocesartriana.com\/index.php\/2021\/09\/08\/representante-triana-propone-penitenciarias-productivas-para-la-resocializacion-de-reclusos\/#primaryimage\"},\"datePublished\":\"2021-09-08T15:56:43+00:00\",\"dateModified\":\"2021-09-08T15:56:45+00:00\",\"breadcrumb\":{\"@id\":\"https:\/\/juliocesartriana.com\/index.php\/2021\/09\/08\/representante-triana-propone-penitenciarias-productivas-para-la-resocializacion-de-reclusos\/#breadcrumb\"},\"inLanguage\":\"es\",\"potentialAction\":[{\"@type\":\"ReadAction\",\"target\":[\"https:\/\/juliocesartriana.com\/index.php\/2021\/09\/08\/representante-triana-propone-penitenciarias-productivas-para-la-resocializacion-de-reclusos\/\"]}]},{\"@type\":\"BreadcrumbList\",\"@id\":\"https:\/\/juliocesartriana.com\/index.php\/2021\/09\/08\/representante-triana-propone-penitenciarias-productivas-para-la-resocializacion-de-reclusos\/#breadcrumb\",\"itemListElement\":[{\"@type\":\"ListItem\",\"position\":1,\"name\":\"Portada\",\"item\":\"https:\/\/juliocesartriana.com\/\"},{\"@type\":\"ListItem\",\"position\":2,\"name\":\"Representante Triana propone Penitenciar\u00edas Productivas para la resocializaci\u00f3n de reclusos\"}]},{\"@type\":\"Article\",\"@id\":\"https:\/\/juliocesartriana.com\/index.php\/2021\/09\/08\/representante-triana-propone-penitenciarias-productivas-para-la-resocializacion-de-reclusos\/#article\",\"isPartOf\":{\"@id\":\"https:\/\/juliocesartriana.com\/index.php\/2021\/09\/08\/representante-triana-propone-penitenciarias-productivas-para-la-resocializacion-de-reclusos\/#webpage\"},\"author\":{\"@id\":\"https:\/\/juliocesartriana.com\/#\/schema\/person\/deecb92c18f2299a8c280aa4eabd1a03\"},\"headline\":\"Representante Triana propone Penitenciar\u00edas Productivas para la resocializaci\u00f3n de reclusos\",\"datePublished\":\"2021-09-08T15:56:43+00:00\",\"dateModified\":\"2021-09-08T15:56:45+00:00\",\"mainEntityOfPage\":{\"@id\":\"https:\/\/juliocesartriana.com\/index.php\/2021\/09\/08\/representante-triana-propone-penitenciarias-productivas-para-la-resocializacion-de-reclusos\/#webpage\"},\"wordCount\":314,\"commentCount\":0,\"publisher\":{\"@id\":\"https:\/\/juliocesartriana.com\/#organization\"},\"image\":{\"@id\":\"https:\/\/juliocesartriana.com\/index.php\/2021\/09\/08\/representante-triana-propone-penitenciarias-productivas-para-la-resocializacion-de-reclusos\/#primaryimage\"},\"thumbnailUrl\":\"https:\/\/juliocesartriana.com\/wp-content\/uploads\/2021\/09\/IMG_7781-scaled.jpg\",\"articleSection\":[\"Prensa\"],\"inLanguage\":\"es\",\"potentialAction\":[{\"@type\":\"CommentAction\",\"name\":\"Comment\",\"target\":[\"https:\/\/juliocesartriana.com\/index.php\/2021\/09\/08\/representante-triana-propone-penitenciarias-productivas-para-la-resocializacion-de-reclusos\/#respond\"]}]},{\"@type\":\"Person\",\"@id\":\"https:\/\/juliocesartriana.com\/#\/schema\/person\/deecb92c18f2299a8c280aa4eabd1a03\",\"name\":\"admin\",\"image\":{\"@type\":\"ImageObject\",\"@id\":\"https:\/\/juliocesartriana.com\/#personlogo\",\"inLanguage\":\"es\",\"url\":\"https:\/\/secure.gravatar.com\/avatar\/a796496fa1985f3a559e872a5db21305d7a391de67117abdfa8eb899c7bea95c?s=96&d=mm&r=g\",\"contentUrl\":\"https:\/\/secure.gravatar.com\/avatar\/a796496fa1985f3a559e872a5db21305d7a391de67117abdfa8eb899c7bea95c?s=96&d=mm&r=g\",\"caption\":\"admin\"},\"sameAs\":[\"https:\/\/juliocesartriana.com\"],\"url\":\"https:\/\/juliocesartriana.com\/index.php\/author\/admin_dovqajq2\/\"}]}<\/script>\n<!-- \/ Yoast SEO plugin. -->","yoast_head_json":{"title":"Julio C\u00e9sar Triana - Representante a la C\u00e1mara por el Huila","robots":{"index":"index","follow":"follow","max-snippet":"max-snippet:-1","max-image-preview":"max-image-preview:large","max-video-preview":"max-video-preview:-1"},"canonical":"https:\/\/juliocesartriana.com\/index.php\/2021\/09\/08\/representante-triana-propone-penitenciarias-productivas-para-la-resocializacion-de-reclusos\/","og_locale":"es_ES","og_type":"article","og_title":"Julio C\u00e9sar Triana - Representante a la C\u00e1mara por el Huila","og_description":"Este mi\u00e9rcoles, 8 de septiembre, el Representante a la C\u00e1mara por el Huila, Julio C\u00e9sar Triana, present\u00f3 un proyecto de ley en el que desarrolla medidas para fortalecer la resocializaci\u00f3n de las personas privadas de la libertad (PPL) y la poblaci\u00f3n pospenitenciaria en Colombia. Con esta iniciativa se plantea que las Personas Privadas de la &hellip; Representante Triana propone Penitenciar\u00edas Productivas para la resocializaci\u00f3n de reclusos Leer m\u00e1s &raquo;","og_url":"https:\/\/juliocesartriana.com\/index.php\/2021\/09\/08\/representante-triana-propone-penitenciarias-productivas-para-la-resocializacion-de-reclusos\/","og_site_name":"Julio C\u00e9sar Triana - Representante a la C\u00e1mara por el Huila","article_publisher":"https:\/\/www.facebook.com\/TrianaCongreso\/","article_published_time":"2021-09-08T15:56:43+00:00","article_modified_time":"2021-09-08T15:56:45+00:00","og_image":[{"width":2560,"height":1920,"url":"https:\/\/juliocesartriana.com\/wp-content\/uploads\/2021\/09\/IMG_7781-scaled.jpg","type":"image\/jpeg"}],"twitter_card":"summary_large_image","twitter_misc":{"Escrito por":"admin","Tiempo de lectura":"2 minutos"},"schema":{"@context":"https:\/\/schema.org","@graph":[{"@type":"Organization","@id":"https:\/\/juliocesartriana.com\/#organization","name":"Julio C\u00e9sar Triana - Representante a la C\u00e1mara","url":"https:\/\/juliocesartriana.com\/","sameAs":["https:\/\/www.facebook.com\/TrianaCongreso\/","https:\/\/www.instagram.com\/trianacongreso\/"],"logo":{"@type":"ImageObject","@id":"https:\/\/juliocesartriana.com\/#logo","inLanguage":"es","url":"https:\/\/juliocesartriana.com\/wp-content\/uploads\/2021\/03\/Salo\u0301n-eli\u0301ptico-presidiendo-1.jpeg","contentUrl":"https:\/\/juliocesartriana.com\/wp-content\/uploads\/2021\/03\/Salo\u0301n-eli\u0301ptico-presidiendo-1.jpeg","width":1280,"height":853,"caption":"Julio C\u00e9sar Triana - Representante a la C\u00e1mara"},"image":{"@id":"https:\/\/juliocesartriana.com\/#logo"}},{"@type":"WebSite","@id":"https:\/\/juliocesartriana.com\/#website","url":"https:\/\/juliocesartriana.com\/","name":"Julio C\u00e9sar Triana - Representante a la C\u00e1mara por el Huila","description":"Representante a la C\u00e1mara por el Departamento del Huila.","publisher":{"@id":"https:\/\/juliocesartriana.com\/#organization"},"potentialAction":[{"@type":"SearchAction","target":{"@type":"EntryPoint","urlTemplate":"https:\/\/juliocesartriana.com\/?s={search_term_string}"},"query-input":"required name=search_term_string"}],"inLanguage":"es"},{"@type":"ImageObject","@id":"https:\/\/juliocesartriana.com\/index.php\/2021\/09\/08\/representante-triana-propone-penitenciarias-productivas-para-la-resocializacion-de-reclusos\/#primaryimage","inLanguage":"es","url":"https:\/\/juliocesartriana.com\/wp-content\/uploads\/2021\/09\/IMG_7781-scaled.jpg","contentUrl":"https:\/\/juliocesartriana.com\/wp-content\/uploads\/2021\/09\/IMG_7781-scaled.jpg","width":2560,"height":1920},{"@type":"WebPage","@id":"https:\/\/juliocesartriana.com\/index.php\/2021\/09\/08\/representante-triana-propone-penitenciarias-productivas-para-la-resocializacion-de-reclusos\/#webpage","url":"https:\/\/juliocesartriana.com\/index.php\/2021\/09\/08\/representante-triana-propone-penitenciarias-productivas-para-la-resocializacion-de-reclusos\/","name":"Julio C\u00e9sar Triana - Representante a la C\u00e1mara por el Huila","isPartOf":{"@id":"https:\/\/juliocesartriana.com\/#website"},"primaryImageOfPage":{"@id":"https:\/\/juliocesartriana.com\/index.php\/2021\/09\/08\/representante-triana-propone-penitenciarias-productivas-para-la-resocializacion-de-reclusos\/#primaryimage"},"datePublished":"2021-09-08T15:56:43+00:00","dateModified":"2021-09-08T15:56:45+00:00","breadcrumb":{"@id":"https:\/\/juliocesartriana.com\/index.php\/2021\/09\/08\/representante-triana-propone-penitenciarias-productivas-para-la-resocializacion-de-reclusos\/#breadcrumb"},"inLanguage":"es","potentialAction":[{"@type":"ReadAction","target":["https:\/\/juliocesartriana.com\/index.php\/2021\/09\/08\/representante-triana-propone-penitenciarias-productivas-para-la-resocializacion-de-reclusos\/"]}]},{"@type":"BreadcrumbList","@id":"https:\/\/juliocesartriana.com\/index.php\/2021\/09\/08\/representante-triana-propone-penitenciarias-productivas-para-la-resocializacion-de-reclusos\/#breadcrumb","itemListElement":[{"@type":"ListItem","position":1,"name":"Portada","item":"https:\/\/juliocesartriana.com\/"},{"@type":"ListItem","position":2,"name":"Representante Triana propone Penitenciar\u00edas Productivas para la resocializaci\u00f3n de reclusos"}]},{"@type":"Article","@id":"https:\/\/juliocesartriana.com\/index.php\/2021\/09\/08\/representante-triana-propone-penitenciarias-productivas-para-la-resocializacion-de-reclusos\/#article","isPartOf":{"@id":"https:\/\/juliocesartriana.com\/index.php\/2021\/09\/08\/representante-triana-propone-penitenciarias-productivas-para-la-resocializacion-de-reclusos\/#webpage"},"author":{"@id":"https:\/\/juliocesartriana.com\/#\/schema\/person\/deecb92c18f2299a8c280aa4eabd1a03"},"headline":"Representante Triana propone Penitenciar\u00edas Productivas para la resocializaci\u00f3n de reclusos","datePublished":"2021-09-08T15:56:43+00:00","dateModified":"2021-09-08T15:56:45+00:00","mainEntityOfPage":{"@id":"https:\/\/juliocesartriana.com\/index.php\/2021\/09\/08\/representante-triana-propone-penitenciarias-productivas-para-la-resocializacion-de-reclusos\/#webpage"},"wordCount":314,"commentCount":0,"publisher":{"@id":"https:\/\/juliocesartriana.com\/#organization"},"image":{"@id":"https:\/\/juliocesartriana.com\/index.php\/2021\/09\/08\/representante-triana-propone-penitenciarias-productivas-para-la-resocializacion-de-reclusos\/#primaryimage"},"thumbnailUrl":"https:\/\/juliocesartriana.com\/wp-content\/uploads\/2021\/09\/IMG_7781-scaled.jpg","articleSection":["Prensa"],"inLanguage":"es","potentialAction":[{"@type":"CommentAction","name":"Comment","target":["https:\/\/juliocesartriana.com\/index.php\/2021\/09\/08\/representante-triana-propone-penitenciarias-productivas-para-la-resocializacion-de-reclusos\/#respond"]}]},{"@type":"Person","@id":"https:\/\/juliocesartriana.com\/#\/schema\/person\/deecb92c18f2299a8c280aa4eabd1a03","name":"admin","image":{"@type":"ImageObject","@id":"https:\/\/juliocesartriana.com\/#personlogo","inLanguage":"es","url":"https:\/\/secure.gravatar.com\/avatar\/a796496fa1985f3a559e872a5db21305d7a391de67117abdfa8eb899c7bea95c?s=96&d=mm&r=g","contentUrl":"https:\/\/secure.gravatar.com\/avatar\/a796496fa1985f3a559e872a5db21305d7a391de67117abdfa8eb899c7bea95c?s=96&d=mm&r=g","caption":"admin"},"sameAs":["https:\/\/juliocesartriana.com"],"url":"https:\/\/juliocesartriana.com\/index.php\/author\/admin_dovqajq2\/"}]}},"_links":{"self":[{"href":"https:\/\/juliocesartriana.com\/index.php\/wp-json\/wp\/v2\/posts\/2599","targetHints":{"allow":["GET"]}}],"collection":[{"href":"https:\/\/juliocesartriana.com\/index.php\/wp-json\/wp\/v2\/posts"}],"about":[{"href":"https:\/\/juliocesartriana.com\/index.php\/wp-json\/wp\/v2\/types\/post"}],"author":[{"embeddable":true,"href":"https:\/\/juliocesartriana.com\/index.php\/wp-json\/wp\/v2\/users\/1"}],"replies":[{"embeddable":true,"href":"https:\/\/juliocesartriana.com\/index.php\/wp-json\/wp\/v2\/comments?post=2599"}],"version-history":[{"count":4,"href":"https:\/\/juliocesartriana.com\/index.php\/wp-json\/wp\/v2\/posts\/2599\/revisions"}],"predecessor-version":[{"id":2603,"href":"https:\/\/juliocesartriana.com\/index.php\/wp-json\/wp\/v2\/posts\/2599\/revisions\/2603"}],"wp:featuredmedia":[{"embeddable":true,"href":"https:\/\/juliocesartriana.com\/index.php\/wp-json\/wp\/v2\/media\/2604"}],"wp:attachment":[{"href":"https:\/\/juliocesartriana.com\/index.php\/wp-json\/wp\/v2\/media?parent=2599"}],"wp:term":[{"taxonomy":"category","embeddable":true,"href":"https:\/\/juliocesartriana.com\/index.php\/wp-json\/wp\/v2\/categories?post=2599"},{"taxonomy":"post_tag","embeddable":true,"href":"https:\/\/juliocesartriana.com\/index.php\/wp-json\/wp\/v2\/tags?post=2599"}],"curies":[{"name":"wp","href":"https:\/\/api.w.org\/{rel}","templated":true}]}}