{"id":2513,"date":"2021-08-18T03:08:00","date_gmt":"2021-08-18T03:08:00","guid":{"rendered":"https:\/\/juliocesartriana.com\/?p=2513"},"modified":"2021-09-21T16:00:48","modified_gmt":"2021-09-21T16:00:48","slug":"mas-seguridad-para-el-huila","status":"publish","type":"post","link":"https:\/\/juliocesartriana.com\/index.php\/2021\/08\/18\/mas-seguridad-para-el-huila\/","title":{"rendered":"Solicitamos m\u00e1s seguridad para el Huila"},"content":{"rendered":"\n<p>En plenaria de la C\u00e1mara de Representantes, alzamos la voz por el problema de inseguridad que alarma al departamento del Huila, especialmente a la ciudad de Neiva. <a href=\"https:\/\/youtu.be\/GImT4508zfo\" data-type=\"URL\" data-id=\"https:\/\/youtu.be\/GImT4508zfo\">Ver video.<\/a><\/p>\n\n\n\n<p>En lo que va corrido del a\u00f1o, tan solo en el municipio de Neiva, se han registrado <strong>1.624 casos de hurto a personas<\/strong> (462 con arma de fuego y 397 con arma blanca), y <strong>59 homicidios<\/strong>. As\u00ed mismo, se han llevado a cabo <strong>120 hurtos a comercios<\/strong> y <strong>220 hurtos a residencias<\/strong>. cifras realmente alarmantes.<\/p>\n\n\n\n<p>Es por esto que solicitamos al Gobierno Nacional, en cabeza del <strong>Ministerio de Defensa y el Ministerio del Interior<\/strong>, <strong>la Polic\u00eda Nacional y dem\u00e1s autoridades locales que tengan competencia<\/strong>, que se lleve a cabo un<strong> <\/strong>Consejo de Seguridad en la ciudad de Neiva, con el fin de que se discutan las acciones inmediatas y a largo plazo que se tomaran para dar soluci\u00f3n a la problem\u00e1tica de seguridad en esta ciudad y el departamento, entre las cuales se encuentran:<\/p>\n\n\n\n<ul class=\"wp-block-list\"><li>Identificar y posteriormente desmantelar las bandas criminales y emergentes.<\/li><li>Aumentar la capacidad de activos de la Polic\u00eda, ya que son ellos los principales actores en la prevenci\u00f3n y control del crimen.<\/li><li>Alinear las acciones de alcald\u00edas, ejercito, polic\u00eda y gobierno nacional hacia un mismo objetivo: disminuir la criminalidad y violencia.<\/li><li>&nbsp;Sin embargo, todas estas medidas solo van a funcionan si se atienden las carencias sociales, tales como el desempleo, la falta de servicios b\u00e1sicos, falta de acceso a educaci\u00f3n, que mantienen los c\u00edrculos de pobreza que perpet\u00faan la delincuencia y violencia.<\/li><\/ul>\n","protected":false},"excerpt":{"rendered":"<p>En plenaria de la C\u00e1mara de Representantes, alzamos la voz por el problema de inseguridad que alarma al departamento del Huila, especialmente a la ciudad de Neiva. Ver video. En lo que va corrido del a\u00f1o, tan solo en el municipio de Neiva, se han registrado 1.624 casos de hurto a personas (462 con arma &hellip;<\/p>\n<p class=\"read-more\"> <a class=\"\" href=\"https:\/\/juliocesartriana.com\/index.php\/2021\/08\/18\/mas-seguridad-para-el-huila\/\"> <span class=\"screen-reader-text\">Solicitamos m\u00e1s seguridad para el Huila<\/span> Leer m\u00e1s &raquo;<\/a><\/p>\n","protected":false},"author":1,"featured_media":2760,"comment_status":"open","ping_status":"open","sticky":false,"template":"","format":"standard","meta":{"ngg_post_thumbnail":0,"footnotes":""},"categories":[8],"tags":[],"class_list":["post-2513","post","type-post","status-publish","format-standard","has-post-thumbnail","hentry","category-gestion-por-el-huila"],"yoast_head":"<!-- This site is optimized with the Yoast SEO plugin v18.5.1 - https:\/\/yoast.com\/wordpress\/plugins\/seo\/ -->\n<title>Julio C\u00e9sar Triana - Representante a la C\u00e1mara por el Huila<\/title>\n<meta name=\"robots\" content=\"index, follow, max-snippet:-1, max-image-preview:large, max-video-preview:-1\" \/>\n<link rel=\"canonical\" href=\"https:\/\/juliocesartriana.com\/index.php\/2021\/08\/18\/mas-seguridad-para-el-huila\/\" \/>\n<meta property=\"og:locale\" content=\"es_ES\" \/>\n<meta property=\"og:type\" content=\"article\" \/>\n<meta property=\"og:title\" content=\"Julio C\u00e9sar Triana - Representante a la C\u00e1mara por el Huila\" \/>\n<meta property=\"og:description\" content=\"En plenaria de la C\u00e1mara de Representantes, alzamos la voz por el problema de inseguridad que alarma al departamento del Huila, especialmente a la ciudad de Neiva. Ver video. En lo que va corrido del a\u00f1o, tan solo en el municipio de Neiva, se han registrado 1.624 casos de hurto a personas (462 con arma &hellip; Solicitamos m\u00e1s seguridad para el Huila Leer m\u00e1s &raquo;\" \/>\n<meta property=\"og:url\" content=\"https:\/\/juliocesartriana.com\/index.php\/2021\/08\/18\/mas-seguridad-para-el-huila\/\" \/>\n<meta property=\"og:site_name\" content=\"Julio C\u00e9sar Triana - Representante a la C\u00e1mara por el Huila\" \/>\n<meta property=\"article:publisher\" content=\"https:\/\/www.facebook.com\/TrianaCongreso\/\" \/>\n<meta property=\"article:published_time\" content=\"2021-08-18T03:08:00+00:00\" \/>\n<meta property=\"article:modified_time\" content=\"2021-09-21T16:00:48+00:00\" \/>\n<meta property=\"og:image\" content=\"https:\/\/juliocesartriana.com\/wp-content\/uploads\/2021\/08\/Ma\u0301s-seguridad-para-el-Huila.jpeg\" \/>\n\t<meta property=\"og:image:width\" content=\"1186\" \/>\n\t<meta property=\"og:image:height\" content=\"733\" \/>\n\t<meta property=\"og:image:type\" content=\"image\/jpeg\" \/>\n<meta name=\"twitter:card\" content=\"summary_large_image\" \/>\n<meta name=\"twitter:label1\" content=\"Escrito por\" \/>\n\t<meta name=\"twitter:data1\" content=\"admin\" \/>\n\t<meta name=\"twitter:label2\" content=\"Tiempo de lectura\" \/>\n\t<meta name=\"twitter:data2\" content=\"1 minuto\" \/>\n<script type=\"application\/ld+json\" class=\"yoast-schema-graph\">{\"@context\":\"https:\/\/schema.org\",\"@graph\":[{\"@type\":\"Organization\",\"@id\":\"https:\/\/juliocesartriana.com\/#organization\",\"name\":\"Julio C\u00e9sar Triana - Representante a la C\u00e1mara\",\"url\":\"https:\/\/juliocesartriana.com\/\",\"sameAs\":[\"https:\/\/www.facebook.com\/TrianaCongreso\/\",\"https:\/\/www.instagram.com\/trianacongreso\/\"],\"logo\":{\"@type\":\"ImageObject\",\"@id\":\"https:\/\/juliocesartriana.com\/#logo\",\"inLanguage\":\"es\",\"url\":\"https:\/\/juliocesartriana.com\/wp-content\/uploads\/2021\/03\/Salo\u0301n-eli\u0301ptico-presidiendo-1.jpeg\",\"contentUrl\":\"https:\/\/juliocesartriana.com\/wp-content\/uploads\/2021\/03\/Salo\u0301n-eli\u0301ptico-presidiendo-1.jpeg\",\"width\":1280,\"height\":853,\"caption\":\"Julio C\u00e9sar Triana - Representante a la C\u00e1mara\"},\"image\":{\"@id\":\"https:\/\/juliocesartriana.com\/#logo\"}},{\"@type\":\"WebSite\",\"@id\":\"https:\/\/juliocesartriana.com\/#website\",\"url\":\"https:\/\/juliocesartriana.com\/\",\"name\":\"Julio C\u00e9sar Triana - Representante a la C\u00e1mara por el Huila\",\"description\":\"Representante a la C\u00e1mara por el Departamento del Huila.\",\"publisher\":{\"@id\":\"https:\/\/juliocesartriana.com\/#organization\"},\"potentialAction\":[{\"@type\":\"SearchAction\",\"target\":{\"@type\":\"EntryPoint\",\"urlTemplate\":\"https:\/\/juliocesartriana.com\/?s={search_term_string}\"},\"query-input\":\"required name=search_term_string\"}],\"inLanguage\":\"es\"},{\"@type\":\"ImageObject\",\"@id\":\"https:\/\/juliocesartriana.com\/index.php\/2021\/08\/18\/mas-seguridad-para-el-huila\/#primaryimage\",\"inLanguage\":\"es\",\"url\":\"https:\/\/juliocesartriana.com\/wp-content\/uploads\/2021\/08\/Ma\u0301s-seguridad-para-el-Huila.jpeg\",\"contentUrl\":\"https:\/\/juliocesartriana.com\/wp-content\/uploads\/2021\/08\/Ma\u0301s-seguridad-para-el-Huila.jpeg\",\"width\":1186,\"height\":733},{\"@type\":\"WebPage\",\"@id\":\"https:\/\/juliocesartriana.com\/index.php\/2021\/08\/18\/mas-seguridad-para-el-huila\/#webpage\",\"url\":\"https:\/\/juliocesartriana.com\/index.php\/2021\/08\/18\/mas-seguridad-para-el-huila\/\",\"name\":\"Julio C\u00e9sar Triana - Representante a la C\u00e1mara por el Huila\",\"isPartOf\":{\"@id\":\"https:\/\/juliocesartriana.com\/#website\"},\"primaryImageOfPage\":{\"@id\":\"https:\/\/juliocesartriana.com\/index.php\/2021\/08\/18\/mas-seguridad-para-el-huila\/#primaryimage\"},\"datePublished\":\"2021-08-18T03:08:00+00:00\",\"dateModified\":\"2021-09-21T16:00:48+00:00\",\"breadcrumb\":{\"@id\":\"https:\/\/juliocesartriana.com\/index.php\/2021\/08\/18\/mas-seguridad-para-el-huila\/#breadcrumb\"},\"inLanguage\":\"es\",\"potentialAction\":[{\"@type\":\"ReadAction\",\"target\":[\"https:\/\/juliocesartriana.com\/index.php\/2021\/08\/18\/mas-seguridad-para-el-huila\/\"]}]},{\"@type\":\"BreadcrumbList\",\"@id\":\"https:\/\/juliocesartriana.com\/index.php\/2021\/08\/18\/mas-seguridad-para-el-huila\/#breadcrumb\",\"itemListElement\":[{\"@type\":\"ListItem\",\"position\":1,\"name\":\"Portada\",\"item\":\"https:\/\/juliocesartriana.com\/\"},{\"@type\":\"ListItem\",\"position\":2,\"name\":\"Solicitamos m\u00e1s seguridad para el Huila\"}]},{\"@type\":\"Article\",\"@id\":\"https:\/\/juliocesartriana.com\/index.php\/2021\/08\/18\/mas-seguridad-para-el-huila\/#article\",\"isPartOf\":{\"@id\":\"https:\/\/juliocesartriana.com\/index.php\/2021\/08\/18\/mas-seguridad-para-el-huila\/#webpage\"},\"author\":{\"@id\":\"https:\/\/juliocesartriana.com\/#\/schema\/person\/deecb92c18f2299a8c280aa4eabd1a03\"},\"headline\":\"Solicitamos m\u00e1s seguridad para el Huila\",\"datePublished\":\"2021-08-18T03:08:00+00:00\",\"dateModified\":\"2021-09-21T16:00:48+00:00\",\"mainEntityOfPage\":{\"@id\":\"https:\/\/juliocesartriana.com\/index.php\/2021\/08\/18\/mas-seguridad-para-el-huila\/#webpage\"},\"wordCount\":270,\"commentCount\":0,\"publisher\":{\"@id\":\"https:\/\/juliocesartriana.com\/#organization\"},\"image\":{\"@id\":\"https:\/\/juliocesartriana.com\/index.php\/2021\/08\/18\/mas-seguridad-para-el-huila\/#primaryimage\"},\"thumbnailUrl\":\"https:\/\/juliocesartriana.com\/wp-content\/uploads\/2021\/08\/Ma\u0301s-seguridad-para-el-Huila.jpeg\",\"articleSection\":[\"Gesti\u00f3n por el Huila\"],\"inLanguage\":\"es\",\"potentialAction\":[{\"@type\":\"CommentAction\",\"name\":\"Comment\",\"target\":[\"https:\/\/juliocesartriana.com\/index.php\/2021\/08\/18\/mas-seguridad-para-el-huila\/#respond\"]}]},{\"@type\":\"Person\",\"@id\":\"https:\/\/juliocesartriana.com\/#\/schema\/person\/deecb92c18f2299a8c280aa4eabd1a03\",\"name\":\"admin\",\"image\":{\"@type\":\"ImageObject\",\"@id\":\"https:\/\/juliocesartriana.com\/#personlogo\",\"inLanguage\":\"es\",\"url\":\"https:\/\/secure.gravatar.com\/avatar\/a796496fa1985f3a559e872a5db21305d7a391de67117abdfa8eb899c7bea95c?s=96&d=mm&r=g\",\"contentUrl\":\"https:\/\/secure.gravatar.com\/avatar\/a796496fa1985f3a559e872a5db21305d7a391de67117abdfa8eb899c7bea95c?s=96&d=mm&r=g\",\"caption\":\"admin\"},\"sameAs\":[\"https:\/\/juliocesartriana.com\"],\"url\":\"https:\/\/juliocesartriana.com\/index.php\/author\/admin_dovqajq2\/\"}]}<\/script>\n<!-- \/ Yoast SEO plugin. -->","yoast_head_json":{"title":"Julio C\u00e9sar Triana - Representante a la C\u00e1mara por el Huila","robots":{"index":"index","follow":"follow","max-snippet":"max-snippet:-1","max-image-preview":"max-image-preview:large","max-video-preview":"max-video-preview:-1"},"canonical":"https:\/\/juliocesartriana.com\/index.php\/2021\/08\/18\/mas-seguridad-para-el-huila\/","og_locale":"es_ES","og_type":"article","og_title":"Julio C\u00e9sar Triana - Representante a la C\u00e1mara por el Huila","og_description":"En plenaria de la C\u00e1mara de Representantes, alzamos la voz por el problema de inseguridad que alarma al departamento del Huila, especialmente a la ciudad de Neiva. Ver video. En lo que va corrido del a\u00f1o, tan solo en el municipio de Neiva, se han registrado 1.624 casos de hurto a personas (462 con arma &hellip; Solicitamos m\u00e1s seguridad para el Huila Leer m\u00e1s &raquo;","og_url":"https:\/\/juliocesartriana.com\/index.php\/2021\/08\/18\/mas-seguridad-para-el-huila\/","og_site_name":"Julio C\u00e9sar Triana - Representante a la C\u00e1mara por el Huila","article_publisher":"https:\/\/www.facebook.com\/TrianaCongreso\/","article_published_time":"2021-08-18T03:08:00+00:00","article_modified_time":"2021-09-21T16:00:48+00:00","og_image":[{"width":1186,"height":733,"url":"https:\/\/juliocesartriana.com\/wp-content\/uploads\/2021\/08\/Ma\u0301s-seguridad-para-el-Huila.jpeg","type":"image\/jpeg"}],"twitter_card":"summary_large_image","twitter_misc":{"Escrito por":"admin","Tiempo de lectura":"1 minuto"},"schema":{"@context":"https:\/\/schema.org","@graph":[{"@type":"Organization","@id":"https:\/\/juliocesartriana.com\/#organization","name":"Julio C\u00e9sar Triana - Representante a la C\u00e1mara","url":"https:\/\/juliocesartriana.com\/","sameAs":["https:\/\/www.facebook.com\/TrianaCongreso\/","https:\/\/www.instagram.com\/trianacongreso\/"],"logo":{"@type":"ImageObject","@id":"https:\/\/juliocesartriana.com\/#logo","inLanguage":"es","url":"https:\/\/juliocesartriana.com\/wp-content\/uploads\/2021\/03\/Salo\u0301n-eli\u0301ptico-presidiendo-1.jpeg","contentUrl":"https:\/\/juliocesartriana.com\/wp-content\/uploads\/2021\/03\/Salo\u0301n-eli\u0301ptico-presidiendo-1.jpeg","width":1280,"height":853,"caption":"Julio C\u00e9sar Triana - Representante a la C\u00e1mara"},"image":{"@id":"https:\/\/juliocesartriana.com\/#logo"}},{"@type":"WebSite","@id":"https:\/\/juliocesartriana.com\/#website","url":"https:\/\/juliocesartriana.com\/","name":"Julio C\u00e9sar Triana - Representante a la C\u00e1mara por el Huila","description":"Representante a la C\u00e1mara por el Departamento del Huila.","publisher":{"@id":"https:\/\/juliocesartriana.com\/#organization"},"potentialAction":[{"@type":"SearchAction","target":{"@type":"EntryPoint","urlTemplate":"https:\/\/juliocesartriana.com\/?s={search_term_string}"},"query-input":"required name=search_term_string"}],"inLanguage":"es"},{"@type":"ImageObject","@id":"https:\/\/juliocesartriana.com\/index.php\/2021\/08\/18\/mas-seguridad-para-el-huila\/#primaryimage","inLanguage":"es","url":"https:\/\/juliocesartriana.com\/wp-content\/uploads\/2021\/08\/Ma\u0301s-seguridad-para-el-Huila.jpeg","contentUrl":"https:\/\/juliocesartriana.com\/wp-content\/uploads\/2021\/08\/Ma\u0301s-seguridad-para-el-Huila.jpeg","width":1186,"height":733},{"@type":"WebPage","@id":"https:\/\/juliocesartriana.com\/index.php\/2021\/08\/18\/mas-seguridad-para-el-huila\/#webpage","url":"https:\/\/juliocesartriana.com\/index.php\/2021\/08\/18\/mas-seguridad-para-el-huila\/","name":"Julio C\u00e9sar Triana - Representante a la C\u00e1mara por el Huila","isPartOf":{"@id":"https:\/\/juliocesartriana.com\/#website"},"primaryImageOfPage":{"@id":"https:\/\/juliocesartriana.com\/index.php\/2021\/08\/18\/mas-seguridad-para-el-huila\/#primaryimage"},"datePublished":"2021-08-18T03:08:00+00:00","dateModified":"2021-09-21T16:00:48+00:00","breadcrumb":{"@id":"https:\/\/juliocesartriana.com\/index.php\/2021\/08\/18\/mas-seguridad-para-el-huila\/#breadcrumb"},"inLanguage":"es","potentialAction":[{"@type":"ReadAction","target":["https:\/\/juliocesartriana.com\/index.php\/2021\/08\/18\/mas-seguridad-para-el-huila\/"]}]},{"@type":"BreadcrumbList","@id":"https:\/\/juliocesartriana.com\/index.php\/2021\/08\/18\/mas-seguridad-para-el-huila\/#breadcrumb","itemListElement":[{"@type":"ListItem","position":1,"name":"Portada","item":"https:\/\/juliocesartriana.com\/"},{"@type":"ListItem","position":2,"name":"Solicitamos m\u00e1s seguridad para el Huila"}]},{"@type":"Article","@id":"https:\/\/juliocesartriana.com\/index.php\/2021\/08\/18\/mas-seguridad-para-el-huila\/#article","isPartOf":{"@id":"https:\/\/juliocesartriana.com\/index.php\/2021\/08\/18\/mas-seguridad-para-el-huila\/#webpage"},"author":{"@id":"https:\/\/juliocesartriana.com\/#\/schema\/person\/deecb92c18f2299a8c280aa4eabd1a03"},"headline":"Solicitamos m\u00e1s seguridad para el Huila","datePublished":"2021-08-18T03:08:00+00:00","dateModified":"2021-09-21T16:00:48+00:00","mainEntityOfPage":{"@id":"https:\/\/juliocesartriana.com\/index.php\/2021\/08\/18\/mas-seguridad-para-el-huila\/#webpage"},"wordCount":270,"commentCount":0,"publisher":{"@id":"https:\/\/juliocesartriana.com\/#organization"},"image":{"@id":"https:\/\/juliocesartriana.com\/index.php\/2021\/08\/18\/mas-seguridad-para-el-huila\/#primaryimage"},"thumbnailUrl":"https:\/\/juliocesartriana.com\/wp-content\/uploads\/2021\/08\/Ma\u0301s-seguridad-para-el-Huila.jpeg","articleSection":["Gesti\u00f3n por el Huila"],"inLanguage":"es","potentialAction":[{"@type":"CommentAction","name":"Comment","target":["https:\/\/juliocesartriana.com\/index.php\/2021\/08\/18\/mas-seguridad-para-el-huila\/#respond"]}]},{"@type":"Person","@id":"https:\/\/juliocesartriana.com\/#\/schema\/person\/deecb92c18f2299a8c280aa4eabd1a03","name":"admin","image":{"@type":"ImageObject","@id":"https:\/\/juliocesartriana.com\/#personlogo","inLanguage":"es","url":"https:\/\/secure.gravatar.com\/avatar\/a796496fa1985f3a559e872a5db21305d7a391de67117abdfa8eb899c7bea95c?s=96&d=mm&r=g","contentUrl":"https:\/\/secure.gravatar.com\/avatar\/a796496fa1985f3a559e872a5db21305d7a391de67117abdfa8eb899c7bea95c?s=96&d=mm&r=g","caption":"admin"},"sameAs":["https:\/\/juliocesartriana.com"],"url":"https:\/\/juliocesartriana.com\/index.php\/author\/admin_dovqajq2\/"}]}},"_links":{"self":[{"href":"https:\/\/juliocesartriana.com\/index.php\/wp-json\/wp\/v2\/posts\/2513","targetHints":{"allow":["GET"]}}],"collection":[{"href":"https:\/\/juliocesartriana.com\/index.php\/wp-json\/wp\/v2\/posts"}],"about":[{"href":"https:\/\/juliocesartriana.com\/index.php\/wp-json\/wp\/v2\/types\/post"}],"author":[{"embeddable":true,"href":"https:\/\/juliocesartriana.com\/index.php\/wp-json\/wp\/v2\/users\/1"}],"replies":[{"embeddable":true,"href":"https:\/\/juliocesartriana.com\/index.php\/wp-json\/wp\/v2\/comments?post=2513"}],"version-history":[{"count":4,"href":"https:\/\/juliocesartriana.com\/index.php\/wp-json\/wp\/v2\/posts\/2513\/revisions"}],"predecessor-version":[{"id":2671,"href":"https:\/\/juliocesartriana.com\/index.php\/wp-json\/wp\/v2\/posts\/2513\/revisions\/2671"}],"wp:featuredmedia":[{"embeddable":true,"href":"https:\/\/juliocesartriana.com\/index.php\/wp-json\/wp\/v2\/media\/2760"}],"wp:attachment":[{"href":"https:\/\/juliocesartriana.com\/index.php\/wp-json\/wp\/v2\/media?parent=2513"}],"wp:term":[{"taxonomy":"category","embeddable":true,"href":"https:\/\/juliocesartriana.com\/index.php\/wp-json\/wp\/v2\/categories?post=2513"},{"taxonomy":"post_tag","embeddable":true,"href":"https:\/\/juliocesartriana.com\/index.php\/wp-json\/wp\/v2\/tags?post=2513"}],"curies":[{"name":"wp","href":"https:\/\/api.w.org\/{rel}","templated":true}]}}