{"id":2483,"date":"2021-07-20T16:15:40","date_gmt":"2021-07-20T16:15:40","guid":{"rendered":"https:\/\/juliocesartriana.com\/?p=2483"},"modified":"2021-09-07T21:09:00","modified_gmt":"2021-09-07T21:09:00","slug":"un-huilense-llego-a-la-presidencia-de-la-comision-primera-de-la-camara-de-representantes","status":"publish","type":"post","link":"https:\/\/juliocesartriana.com\/index.php\/2021\/07\/20\/un-huilense-llego-a-la-presidencia-de-la-comision-primera-de-la-camara-de-representantes\/","title":{"rendered":"Con respaldo absoluto, fuimos elegidos como Presidente de la Comisi\u00f3n Primera"},"content":{"rendered":"\n<p>Este 21 de julio, el Representante a la C\u00e1mara por el departamento del Huila, Julio C\u00e9sar Triana Quintero, fue elegido de manera un\u00e1nime como Presidente de la Comisi\u00f3n Primera para la cuarta legislatura del Congreso, periodo comprendido entre julio del 2021 y junio del 2022, un hecho hist\u00f3rico y de orgullo para la regi\u00f3n opita.<br><\/p>\n\n\n\n<p>Al menos, en los \u00faltimos 50 a\u00f1os, un huilense no hab\u00eda presidido esta Comisi\u00f3n, en la cual se debaten temas relacionados con reformas constitucionales, leyes estatutarias, organizaci\u00f3n territorial, reglamentos de los organismos de control, normas generales sobre contrataci\u00f3n administrativa, entre otros.<\/p>\n\n\n\n<p><br>\u201cPara m\u00ed es un honor ser presidente de esta Comisi\u00f3n. Sin lugar a dudas es un gran reto que vamos a asumir con toda la responsabilidad y el compromiso que requiere este nombramiento y que hoy recibo en nombre de todos los huilenses. Tambi\u00e9n me llena de gratitud haber recibido el respaldo absoluto de todos mis compa\u00f1eros de Comisi\u00f3n Primera\u201d, afirm\u00f3 el Representante a la C\u00e1mara, Julio C\u00e9sar Triana.<\/p>\n\n\n\n<p>De igual manera, el congresista afirm\u00f3 que esta Comisi\u00f3n volver\u00e1 a la presencialidad en la totalidad de sus sesiones y llevar\u00e1 a las regiones los debates de control pol\u00edtico.<\/p>\n\n\n\n<p>Hay que resaltar que durante las primeras tres legislaturas, en la Comisi\u00f3n Primera se tramitaron proyectos de relevancia e impacto nacional como la Cadena Perpetua para violadores, la imprescriptibilidad de delitos sexuales contra menores, el C\u00f3digo Electoral, la reforma al R\u00e9gimen de Regal\u00edas, la Ley Antitr\u00e1mites, la prohibici\u00f3n del consumo de drogas en parques, entre otras iniciativas.<br><\/p>\n\n\n\n<p><\/p>\n","protected":false},"excerpt":{"rendered":"<p>Este 21 de julio, el Representante a la C\u00e1mara por el departamento del Huila, Julio C\u00e9sar Triana Quintero, fue elegido de manera un\u00e1nime como Presidente de la Comisi\u00f3n Primera para la cuarta legislatura del Congreso, periodo comprendido entre julio del 2021 y junio del 2022, un hecho hist\u00f3rico y de orgullo para la regi\u00f3n opita. &hellip;<\/p>\n<p class=\"read-more\"> <a class=\"\" href=\"https:\/\/juliocesartriana.com\/index.php\/2021\/07\/20\/un-huilense-llego-a-la-presidencia-de-la-comision-primera-de-la-camara-de-representantes\/\"> <span class=\"screen-reader-text\">Con respaldo absoluto, fuimos elegidos como Presidente de la Comisi\u00f3n Primera<\/span> Leer m\u00e1s &raquo;<\/a><\/p>\n","protected":false},"author":1,"featured_media":2499,"comment_status":"closed","ping_status":"closed","sticky":false,"template":"","format":"standard","meta":{"ngg_post_thumbnail":0,"footnotes":""},"categories":[9],"tags":[],"class_list":["post-2483","post","type-post","status-publish","format-standard","has-post-thumbnail","hentry","category-prensa"],"yoast_head":"<!-- This site is optimized with the Yoast SEO plugin v18.5.1 - https:\/\/yoast.com\/wordpress\/plugins\/seo\/ -->\n<title>Julio C\u00e9sar Triana - Representante a la C\u00e1mara por el Huila<\/title>\n<meta name=\"robots\" content=\"index, follow, max-snippet:-1, max-image-preview:large, max-video-preview:-1\" \/>\n<link rel=\"canonical\" href=\"https:\/\/juliocesartriana.com\/index.php\/2021\/07\/20\/un-huilense-llego-a-la-presidencia-de-la-comision-primera-de-la-camara-de-representantes\/\" \/>\n<meta property=\"og:locale\" content=\"es_ES\" \/>\n<meta property=\"og:type\" content=\"article\" \/>\n<meta property=\"og:title\" content=\"Julio C\u00e9sar Triana - Representante a la C\u00e1mara por el Huila\" \/>\n<meta property=\"og:description\" content=\"Este 21 de julio, el Representante a la C\u00e1mara por el departamento del Huila, Julio C\u00e9sar Triana Quintero, fue elegido de manera un\u00e1nime como Presidente de la Comisi\u00f3n Primera para la cuarta legislatura del Congreso, periodo comprendido entre julio del 2021 y junio del 2022, un hecho hist\u00f3rico y de orgullo para la regi\u00f3n opita. &hellip; Con respaldo absoluto, fuimos elegidos como Presidente de la Comisi\u00f3n Primera Leer m\u00e1s &raquo;\" \/>\n<meta property=\"og:url\" content=\"https:\/\/juliocesartriana.com\/index.php\/2021\/07\/20\/un-huilense-llego-a-la-presidencia-de-la-comision-primera-de-la-camara-de-representantes\/\" \/>\n<meta property=\"og:site_name\" content=\"Julio C\u00e9sar Triana - Representante a la C\u00e1mara por el Huila\" \/>\n<meta property=\"article:publisher\" content=\"https:\/\/www.facebook.com\/TrianaCongreso\/\" \/>\n<meta property=\"article:published_time\" content=\"2021-07-20T16:15:40+00:00\" \/>\n<meta property=\"article:modified_time\" content=\"2021-09-07T21:09:00+00:00\" \/>\n<meta property=\"og:image\" content=\"https:\/\/juliocesartriana.com\/wp-content\/uploads\/2021\/07\/juliocesartriana.jpeg\" \/>\n\t<meta property=\"og:image:width\" content=\"1280\" \/>\n\t<meta property=\"og:image:height\" content=\"666\" \/>\n\t<meta property=\"og:image:type\" content=\"image\/jpeg\" \/>\n<meta name=\"twitter:card\" content=\"summary_large_image\" \/>\n<meta name=\"twitter:label1\" content=\"Escrito por\" \/>\n\t<meta name=\"twitter:data1\" content=\"admin\" \/>\n\t<meta name=\"twitter:label2\" content=\"Tiempo de lectura\" \/>\n\t<meta name=\"twitter:data2\" content=\"1 minuto\" \/>\n<script type=\"application\/ld+json\" class=\"yoast-schema-graph\">{\"@context\":\"https:\/\/schema.org\",\"@graph\":[{\"@type\":\"Organization\",\"@id\":\"https:\/\/juliocesartriana.com\/#organization\",\"name\":\"Julio C\u00e9sar Triana - Representante a la C\u00e1mara\",\"url\":\"https:\/\/juliocesartriana.com\/\",\"sameAs\":[\"https:\/\/www.facebook.com\/TrianaCongreso\/\",\"https:\/\/www.instagram.com\/trianacongreso\/\"],\"logo\":{\"@type\":\"ImageObject\",\"@id\":\"https:\/\/juliocesartriana.com\/#logo\",\"inLanguage\":\"es\",\"url\":\"https:\/\/juliocesartriana.com\/wp-content\/uploads\/2021\/03\/Salo\u0301n-eli\u0301ptico-presidiendo-1.jpeg\",\"contentUrl\":\"https:\/\/juliocesartriana.com\/wp-content\/uploads\/2021\/03\/Salo\u0301n-eli\u0301ptico-presidiendo-1.jpeg\",\"width\":1280,\"height\":853,\"caption\":\"Julio C\u00e9sar Triana - Representante a la C\u00e1mara\"},\"image\":{\"@id\":\"https:\/\/juliocesartriana.com\/#logo\"}},{\"@type\":\"WebSite\",\"@id\":\"https:\/\/juliocesartriana.com\/#website\",\"url\":\"https:\/\/juliocesartriana.com\/\",\"name\":\"Julio C\u00e9sar Triana - Representante a la C\u00e1mara por el Huila\",\"description\":\"Representante a la C\u00e1mara por el Departamento del Huila.\",\"publisher\":{\"@id\":\"https:\/\/juliocesartriana.com\/#organization\"},\"potentialAction\":[{\"@type\":\"SearchAction\",\"target\":{\"@type\":\"EntryPoint\",\"urlTemplate\":\"https:\/\/juliocesartriana.com\/?s={search_term_string}\"},\"query-input\":\"required name=search_term_string\"}],\"inLanguage\":\"es\"},{\"@type\":\"ImageObject\",\"@id\":\"https:\/\/juliocesartriana.com\/index.php\/2021\/07\/20\/un-huilense-llego-a-la-presidencia-de-la-comision-primera-de-la-camara-de-representantes\/#primaryimage\",\"inLanguage\":\"es\",\"url\":\"https:\/\/juliocesartriana.com\/wp-content\/uploads\/2021\/07\/juliocesartriana.jpeg\",\"contentUrl\":\"https:\/\/juliocesartriana.com\/wp-content\/uploads\/2021\/07\/juliocesartriana.jpeg\",\"width\":1280,\"height\":666},{\"@type\":\"WebPage\",\"@id\":\"https:\/\/juliocesartriana.com\/index.php\/2021\/07\/20\/un-huilense-llego-a-la-presidencia-de-la-comision-primera-de-la-camara-de-representantes\/#webpage\",\"url\":\"https:\/\/juliocesartriana.com\/index.php\/2021\/07\/20\/un-huilense-llego-a-la-presidencia-de-la-comision-primera-de-la-camara-de-representantes\/\",\"name\":\"Julio C\u00e9sar Triana - Representante a la C\u00e1mara por el Huila\",\"isPartOf\":{\"@id\":\"https:\/\/juliocesartriana.com\/#website\"},\"primaryImageOfPage\":{\"@id\":\"https:\/\/juliocesartriana.com\/index.php\/2021\/07\/20\/un-huilense-llego-a-la-presidencia-de-la-comision-primera-de-la-camara-de-representantes\/#primaryimage\"},\"datePublished\":\"2021-07-20T16:15:40+00:00\",\"dateModified\":\"2021-09-07T21:09:00+00:00\",\"breadcrumb\":{\"@id\":\"https:\/\/juliocesartriana.com\/index.php\/2021\/07\/20\/un-huilense-llego-a-la-presidencia-de-la-comision-primera-de-la-camara-de-representantes\/#breadcrumb\"},\"inLanguage\":\"es\",\"potentialAction\":[{\"@type\":\"ReadAction\",\"target\":[\"https:\/\/juliocesartriana.com\/index.php\/2021\/07\/20\/un-huilense-llego-a-la-presidencia-de-la-comision-primera-de-la-camara-de-representantes\/\"]}]},{\"@type\":\"BreadcrumbList\",\"@id\":\"https:\/\/juliocesartriana.com\/index.php\/2021\/07\/20\/un-huilense-llego-a-la-presidencia-de-la-comision-primera-de-la-camara-de-representantes\/#breadcrumb\",\"itemListElement\":[{\"@type\":\"ListItem\",\"position\":1,\"name\":\"Portada\",\"item\":\"https:\/\/juliocesartriana.com\/\"},{\"@type\":\"ListItem\",\"position\":2,\"name\":\"Con respaldo absoluto, fuimos elegidos como Presidente de la Comisi\u00f3n Primera\"}]},{\"@type\":\"Article\",\"@id\":\"https:\/\/juliocesartriana.com\/index.php\/2021\/07\/20\/un-huilense-llego-a-la-presidencia-de-la-comision-primera-de-la-camara-de-representantes\/#article\",\"isPartOf\":{\"@id\":\"https:\/\/juliocesartriana.com\/index.php\/2021\/07\/20\/un-huilense-llego-a-la-presidencia-de-la-comision-primera-de-la-camara-de-representantes\/#webpage\"},\"author\":{\"@id\":\"https:\/\/juliocesartriana.com\/#\/schema\/person\/deecb92c18f2299a8c280aa4eabd1a03\"},\"headline\":\"Con respaldo absoluto, fuimos elegidos como Presidente de la Comisi\u00f3n Primera\",\"datePublished\":\"2021-07-20T16:15:40+00:00\",\"dateModified\":\"2021-09-07T21:09:00+00:00\",\"mainEntityOfPage\":{\"@id\":\"https:\/\/juliocesartriana.com\/index.php\/2021\/07\/20\/un-huilense-llego-a-la-presidencia-de-la-comision-primera-de-la-camara-de-representantes\/#webpage\"},\"wordCount\":284,\"publisher\":{\"@id\":\"https:\/\/juliocesartriana.com\/#organization\"},\"image\":{\"@id\":\"https:\/\/juliocesartriana.com\/index.php\/2021\/07\/20\/un-huilense-llego-a-la-presidencia-de-la-comision-primera-de-la-camara-de-representantes\/#primaryimage\"},\"thumbnailUrl\":\"https:\/\/juliocesartriana.com\/wp-content\/uploads\/2021\/07\/juliocesartriana.jpeg\",\"articleSection\":[\"Prensa\"],\"inLanguage\":\"es\"},{\"@type\":\"Person\",\"@id\":\"https:\/\/juliocesartriana.com\/#\/schema\/person\/deecb92c18f2299a8c280aa4eabd1a03\",\"name\":\"admin\",\"image\":{\"@type\":\"ImageObject\",\"@id\":\"https:\/\/juliocesartriana.com\/#personlogo\",\"inLanguage\":\"es\",\"url\":\"https:\/\/secure.gravatar.com\/avatar\/a796496fa1985f3a559e872a5db21305d7a391de67117abdfa8eb899c7bea95c?s=96&d=mm&r=g\",\"contentUrl\":\"https:\/\/secure.gravatar.com\/avatar\/a796496fa1985f3a559e872a5db21305d7a391de67117abdfa8eb899c7bea95c?s=96&d=mm&r=g\",\"caption\":\"admin\"},\"sameAs\":[\"https:\/\/juliocesartriana.com\"],\"url\":\"https:\/\/juliocesartriana.com\/index.php\/author\/admin_dovqajq2\/\"}]}<\/script>\n<!-- \/ Yoast SEO plugin. -->","yoast_head_json":{"title":"Julio C\u00e9sar Triana - Representante a la C\u00e1mara por el Huila","robots":{"index":"index","follow":"follow","max-snippet":"max-snippet:-1","max-image-preview":"max-image-preview:large","max-video-preview":"max-video-preview:-1"},"canonical":"https:\/\/juliocesartriana.com\/index.php\/2021\/07\/20\/un-huilense-llego-a-la-presidencia-de-la-comision-primera-de-la-camara-de-representantes\/","og_locale":"es_ES","og_type":"article","og_title":"Julio C\u00e9sar Triana - Representante a la C\u00e1mara por el Huila","og_description":"Este 21 de julio, el Representante a la C\u00e1mara por el departamento del Huila, Julio C\u00e9sar Triana Quintero, fue elegido de manera un\u00e1nime como Presidente de la Comisi\u00f3n Primera para la cuarta legislatura del Congreso, periodo comprendido entre julio del 2021 y junio del 2022, un hecho hist\u00f3rico y de orgullo para la regi\u00f3n opita. &hellip; Con respaldo absoluto, fuimos elegidos como Presidente de la Comisi\u00f3n Primera Leer m\u00e1s &raquo;","og_url":"https:\/\/juliocesartriana.com\/index.php\/2021\/07\/20\/un-huilense-llego-a-la-presidencia-de-la-comision-primera-de-la-camara-de-representantes\/","og_site_name":"Julio C\u00e9sar Triana - Representante a la C\u00e1mara por el Huila","article_publisher":"https:\/\/www.facebook.com\/TrianaCongreso\/","article_published_time":"2021-07-20T16:15:40+00:00","article_modified_time":"2021-09-07T21:09:00+00:00","og_image":[{"width":1280,"height":666,"url":"https:\/\/juliocesartriana.com\/wp-content\/uploads\/2021\/07\/juliocesartriana.jpeg","type":"image\/jpeg"}],"twitter_card":"summary_large_image","twitter_misc":{"Escrito por":"admin","Tiempo de lectura":"1 minuto"},"schema":{"@context":"https:\/\/schema.org","@graph":[{"@type":"Organization","@id":"https:\/\/juliocesartriana.com\/#organization","name":"Julio C\u00e9sar Triana - Representante a la C\u00e1mara","url":"https:\/\/juliocesartriana.com\/","sameAs":["https:\/\/www.facebook.com\/TrianaCongreso\/","https:\/\/www.instagram.com\/trianacongreso\/"],"logo":{"@type":"ImageObject","@id":"https:\/\/juliocesartriana.com\/#logo","inLanguage":"es","url":"https:\/\/juliocesartriana.com\/wp-content\/uploads\/2021\/03\/Salo\u0301n-eli\u0301ptico-presidiendo-1.jpeg","contentUrl":"https:\/\/juliocesartriana.com\/wp-content\/uploads\/2021\/03\/Salo\u0301n-eli\u0301ptico-presidiendo-1.jpeg","width":1280,"height":853,"caption":"Julio C\u00e9sar Triana - Representante a la C\u00e1mara"},"image":{"@id":"https:\/\/juliocesartriana.com\/#logo"}},{"@type":"WebSite","@id":"https:\/\/juliocesartriana.com\/#website","url":"https:\/\/juliocesartriana.com\/","name":"Julio C\u00e9sar Triana - Representante a la C\u00e1mara por el Huila","description":"Representante a la C\u00e1mara por el Departamento del Huila.","publisher":{"@id":"https:\/\/juliocesartriana.com\/#organization"},"potentialAction":[{"@type":"SearchAction","target":{"@type":"EntryPoint","urlTemplate":"https:\/\/juliocesartriana.com\/?s={search_term_string}"},"query-input":"required name=search_term_string"}],"inLanguage":"es"},{"@type":"ImageObject","@id":"https:\/\/juliocesartriana.com\/index.php\/2021\/07\/20\/un-huilense-llego-a-la-presidencia-de-la-comision-primera-de-la-camara-de-representantes\/#primaryimage","inLanguage":"es","url":"https:\/\/juliocesartriana.com\/wp-content\/uploads\/2021\/07\/juliocesartriana.jpeg","contentUrl":"https:\/\/juliocesartriana.com\/wp-content\/uploads\/2021\/07\/juliocesartriana.jpeg","width":1280,"height":666},{"@type":"WebPage","@id":"https:\/\/juliocesartriana.com\/index.php\/2021\/07\/20\/un-huilense-llego-a-la-presidencia-de-la-comision-primera-de-la-camara-de-representantes\/#webpage","url":"https:\/\/juliocesartriana.com\/index.php\/2021\/07\/20\/un-huilense-llego-a-la-presidencia-de-la-comision-primera-de-la-camara-de-representantes\/","name":"Julio C\u00e9sar Triana - Representante a la C\u00e1mara por el Huila","isPartOf":{"@id":"https:\/\/juliocesartriana.com\/#website"},"primaryImageOfPage":{"@id":"https:\/\/juliocesartriana.com\/index.php\/2021\/07\/20\/un-huilense-llego-a-la-presidencia-de-la-comision-primera-de-la-camara-de-representantes\/#primaryimage"},"datePublished":"2021-07-20T16:15:40+00:00","dateModified":"2021-09-07T21:09:00+00:00","breadcrumb":{"@id":"https:\/\/juliocesartriana.com\/index.php\/2021\/07\/20\/un-huilense-llego-a-la-presidencia-de-la-comision-primera-de-la-camara-de-representantes\/#breadcrumb"},"inLanguage":"es","potentialAction":[{"@type":"ReadAction","target":["https:\/\/juliocesartriana.com\/index.php\/2021\/07\/20\/un-huilense-llego-a-la-presidencia-de-la-comision-primera-de-la-camara-de-representantes\/"]}]},{"@type":"BreadcrumbList","@id":"https:\/\/juliocesartriana.com\/index.php\/2021\/07\/20\/un-huilense-llego-a-la-presidencia-de-la-comision-primera-de-la-camara-de-representantes\/#breadcrumb","itemListElement":[{"@type":"ListItem","position":1,"name":"Portada","item":"https:\/\/juliocesartriana.com\/"},{"@type":"ListItem","position":2,"name":"Con respaldo absoluto, fuimos elegidos como Presidente de la Comisi\u00f3n Primera"}]},{"@type":"Article","@id":"https:\/\/juliocesartriana.com\/index.php\/2021\/07\/20\/un-huilense-llego-a-la-presidencia-de-la-comision-primera-de-la-camara-de-representantes\/#article","isPartOf":{"@id":"https:\/\/juliocesartriana.com\/index.php\/2021\/07\/20\/un-huilense-llego-a-la-presidencia-de-la-comision-primera-de-la-camara-de-representantes\/#webpage"},"author":{"@id":"https:\/\/juliocesartriana.com\/#\/schema\/person\/deecb92c18f2299a8c280aa4eabd1a03"},"headline":"Con respaldo absoluto, fuimos elegidos como Presidente de la Comisi\u00f3n Primera","datePublished":"2021-07-20T16:15:40+00:00","dateModified":"2021-09-07T21:09:00+00:00","mainEntityOfPage":{"@id":"https:\/\/juliocesartriana.com\/index.php\/2021\/07\/20\/un-huilense-llego-a-la-presidencia-de-la-comision-primera-de-la-camara-de-representantes\/#webpage"},"wordCount":284,"publisher":{"@id":"https:\/\/juliocesartriana.com\/#organization"},"image":{"@id":"https:\/\/juliocesartriana.com\/index.php\/2021\/07\/20\/un-huilense-llego-a-la-presidencia-de-la-comision-primera-de-la-camara-de-representantes\/#primaryimage"},"thumbnailUrl":"https:\/\/juliocesartriana.com\/wp-content\/uploads\/2021\/07\/juliocesartriana.jpeg","articleSection":["Prensa"],"inLanguage":"es"},{"@type":"Person","@id":"https:\/\/juliocesartriana.com\/#\/schema\/person\/deecb92c18f2299a8c280aa4eabd1a03","name":"admin","image":{"@type":"ImageObject","@id":"https:\/\/juliocesartriana.com\/#personlogo","inLanguage":"es","url":"https:\/\/secure.gravatar.com\/avatar\/a796496fa1985f3a559e872a5db21305d7a391de67117abdfa8eb899c7bea95c?s=96&d=mm&r=g","contentUrl":"https:\/\/secure.gravatar.com\/avatar\/a796496fa1985f3a559e872a5db21305d7a391de67117abdfa8eb899c7bea95c?s=96&d=mm&r=g","caption":"admin"},"sameAs":["https:\/\/juliocesartriana.com"],"url":"https:\/\/juliocesartriana.com\/index.php\/author\/admin_dovqajq2\/"}]}},"_links":{"self":[{"href":"https:\/\/juliocesartriana.com\/index.php\/wp-json\/wp\/v2\/posts\/2483","targetHints":{"allow":["GET"]}}],"collection":[{"href":"https:\/\/juliocesartriana.com\/index.php\/wp-json\/wp\/v2\/posts"}],"about":[{"href":"https:\/\/juliocesartriana.com\/index.php\/wp-json\/wp\/v2\/types\/post"}],"author":[{"embeddable":true,"href":"https:\/\/juliocesartriana.com\/index.php\/wp-json\/wp\/v2\/users\/1"}],"replies":[{"embeddable":true,"href":"https:\/\/juliocesartriana.com\/index.php\/wp-json\/wp\/v2\/comments?post=2483"}],"version-history":[{"count":13,"href":"https:\/\/juliocesartriana.com\/index.php\/wp-json\/wp\/v2\/posts\/2483\/revisions"}],"predecessor-version":[{"id":2583,"href":"https:\/\/juliocesartriana.com\/index.php\/wp-json\/wp\/v2\/posts\/2483\/revisions\/2583"}],"wp:featuredmedia":[{"embeddable":true,"href":"https:\/\/juliocesartriana.com\/index.php\/wp-json\/wp\/v2\/media\/2499"}],"wp:attachment":[{"href":"https:\/\/juliocesartriana.com\/index.php\/wp-json\/wp\/v2\/media?parent=2483"}],"wp:term":[{"taxonomy":"category","embeddable":true,"href":"https:\/\/juliocesartriana.com\/index.php\/wp-json\/wp\/v2\/categories?post=2483"},{"taxonomy":"post_tag","embeddable":true,"href":"https:\/\/juliocesartriana.com\/index.php\/wp-json\/wp\/v2\/tags?post=2483"}],"curies":[{"name":"wp","href":"https:\/\/api.w.org\/{rel}","templated":true}]}}