{"id":2473,"date":"2021-07-09T15:46:57","date_gmt":"2021-07-09T15:46:57","guid":{"rendered":"https:\/\/juliocesartriana.com\/?p=2473"},"modified":"2021-09-21T15:58:17","modified_gmt":"2021-09-21T15:58:17","slug":"vacunas-para-caficultores","status":"publish","type":"post","link":"https:\/\/juliocesartriana.com\/index.php\/2021\/07\/09\/vacunas-para-caficultores\/","title":{"rendered":"Vacunas para caficultores YA"},"content":{"rendered":"\n<p>A trav\u00e9s de una solicitud formal, le solicitamos al Gobierno Nacional, en cabeza del Ministerio de Salud, que se priorice la vacunaci\u00f3n de las 84.000 familias cafeteras del departamento. <a href=\"https:\/\/youtu.be\/Db83aidL6bQ\" data-type=\"URL\" data-id=\"https:\/\/youtu.be\/Db83aidL6bQ\">Ver video. <\/a><\/p>\n\n\n\n<p>Nos encontramos en medio de la cosecha del 2021, que es una oportunidad para dinamizar nuestra econom\u00eda, ya que el caf\u00e9 representa el 26,9% de los cultivos permanentes en el departamento y el 90% de nuestras exportaciones en 2021. Sin embargo, para garantizar su efectiva cosecha y recolecci\u00f3n, se hace indispensable la inmunizaci\u00f3n de los peque\u00f1os productores.<\/p>\n\n\n\n<p>En el departamento se estima que se necesitan aproximadamente 70.000 recolectores de caf\u00e9 para la cosecha, de estos el 80% es mano de obra por a\u00f1o por lo que una gran proporci\u00f3n de estos provienen de diferentes regiones del pa\u00eds como los departamentos de Cauca y Nari\u00f1o. El riesgo de contagio al que est\u00e1n expuestos los caficultores ya ha sido reconocido por el MSPS y en coordinaci\u00f3n con la Federaci\u00f3n Nacional de Cafeteros se estableci\u00f3 el <em>\u201cProtocolo Covid19 para caficultores\u201d, <\/em>por lo que la vacunaci\u00f3n debe ser el siguiente paso para proteger a esta poblaci\u00f3n contra el riesgo de contagio.<\/p>\n\n\n\n<p>Cabe recordar que, durante la pandemia, cuando el pa\u00eds se vio altamente afectado en su econom\u00eda, las exportaciones de caf\u00e9 en el Huila crecieron un 19 por ciento, dinamizando la econom\u00eda no solo regional sino a nivel nacional.<\/p>\n\n\n\n<div class=\"wp-block-buttons is-layout-flex wp-block-buttons-is-layout-flex\">\n<div class=\"wp-block-button\"><a class=\"wp-block-button__link\" href=\"https:\/\/juliocesartriana.com\/wp-content\/uploads\/2021\/03\/Carta-Vacunacio\u0301n-Cafeteros-VF.pdf\">Ver documento radicado<\/a><\/div>\n<\/div>\n\n\n\n<p><\/p>\n","protected":false},"excerpt":{"rendered":"<p>A trav\u00e9s de una solicitud formal, le solicitamos al Gobierno Nacional, en cabeza del Ministerio de Salud, que se priorice la vacunaci\u00f3n de las 84.000 familias cafeteras del departamento. Ver video. Nos encontramos en medio de la cosecha del 2021, que es una oportunidad para dinamizar nuestra econom\u00eda, ya que el caf\u00e9 representa el 26,9% &hellip;<\/p>\n<p class=\"read-more\"> <a class=\"\" href=\"https:\/\/juliocesartriana.com\/index.php\/2021\/07\/09\/vacunas-para-caficultores\/\"> <span class=\"screen-reader-text\">Vacunas para caficultores YA<\/span> Leer m\u00e1s &raquo;<\/a><\/p>\n","protected":false},"author":1,"featured_media":2756,"comment_status":"closed","ping_status":"closed","sticky":false,"template":"","format":"standard","meta":{"ngg_post_thumbnail":0,"footnotes":""},"categories":[8],"tags":[],"class_list":["post-2473","post","type-post","status-publish","format-standard","has-post-thumbnail","hentry","category-gestion-por-el-huila"],"yoast_head":"<!-- This site is optimized with the Yoast SEO plugin v18.5.1 - https:\/\/yoast.com\/wordpress\/plugins\/seo\/ -->\n<title>Julio C\u00e9sar Triana - Representante a la C\u00e1mara por el Huila<\/title>\n<meta name=\"robots\" content=\"index, follow, max-snippet:-1, max-image-preview:large, max-video-preview:-1\" \/>\n<link rel=\"canonical\" href=\"https:\/\/juliocesartriana.com\/index.php\/2021\/07\/09\/vacunas-para-caficultores\/\" \/>\n<meta property=\"og:locale\" content=\"es_ES\" \/>\n<meta property=\"og:type\" content=\"article\" \/>\n<meta property=\"og:title\" content=\"Julio C\u00e9sar Triana - Representante a la C\u00e1mara por el Huila\" \/>\n<meta property=\"og:description\" content=\"A trav\u00e9s de una solicitud formal, le solicitamos al Gobierno Nacional, en cabeza del Ministerio de Salud, que se priorice la vacunaci\u00f3n de las 84.000 familias cafeteras del departamento. Ver video. Nos encontramos en medio de la cosecha del 2021, que es una oportunidad para dinamizar nuestra econom\u00eda, ya que el caf\u00e9 representa el 26,9% &hellip; Vacunas para caficultores YA Leer m\u00e1s &raquo;\" \/>\n<meta property=\"og:url\" content=\"https:\/\/juliocesartriana.com\/index.php\/2021\/07\/09\/vacunas-para-caficultores\/\" \/>\n<meta property=\"og:site_name\" content=\"Julio C\u00e9sar Triana - Representante a la C\u00e1mara por el Huila\" \/>\n<meta property=\"article:publisher\" content=\"https:\/\/www.facebook.com\/TrianaCongreso\/\" \/>\n<meta property=\"article:published_time\" content=\"2021-07-09T15:46:57+00:00\" \/>\n<meta property=\"article:modified_time\" content=\"2021-09-21T15:58:17+00:00\" \/>\n<meta property=\"og:image\" content=\"https:\/\/juliocesartriana.com\/wp-content\/uploads\/2021\/07\/Vacunas-para-caficultores-ya.jpeg\" \/>\n\t<meta property=\"og:image:width\" content=\"1280\" \/>\n\t<meta property=\"og:image:height\" content=\"960\" \/>\n\t<meta property=\"og:image:type\" content=\"image\/jpeg\" \/>\n<meta name=\"twitter:card\" content=\"summary_large_image\" \/>\n<meta name=\"twitter:label1\" content=\"Escrito por\" \/>\n\t<meta name=\"twitter:data1\" content=\"admin\" \/>\n\t<meta name=\"twitter:label2\" content=\"Tiempo de lectura\" \/>\n\t<meta name=\"twitter:data2\" content=\"1 minuto\" \/>\n<script type=\"application\/ld+json\" class=\"yoast-schema-graph\">{\"@context\":\"https:\/\/schema.org\",\"@graph\":[{\"@type\":\"Organization\",\"@id\":\"https:\/\/juliocesartriana.com\/#organization\",\"name\":\"Julio C\u00e9sar Triana - Representante a la C\u00e1mara\",\"url\":\"https:\/\/juliocesartriana.com\/\",\"sameAs\":[\"https:\/\/www.facebook.com\/TrianaCongreso\/\",\"https:\/\/www.instagram.com\/trianacongreso\/\"],\"logo\":{\"@type\":\"ImageObject\",\"@id\":\"https:\/\/juliocesartriana.com\/#logo\",\"inLanguage\":\"es\",\"url\":\"https:\/\/juliocesartriana.com\/wp-content\/uploads\/2021\/03\/Salo\u0301n-eli\u0301ptico-presidiendo-1.jpeg\",\"contentUrl\":\"https:\/\/juliocesartriana.com\/wp-content\/uploads\/2021\/03\/Salo\u0301n-eli\u0301ptico-presidiendo-1.jpeg\",\"width\":1280,\"height\":853,\"caption\":\"Julio C\u00e9sar Triana - Representante a la C\u00e1mara\"},\"image\":{\"@id\":\"https:\/\/juliocesartriana.com\/#logo\"}},{\"@type\":\"WebSite\",\"@id\":\"https:\/\/juliocesartriana.com\/#website\",\"url\":\"https:\/\/juliocesartriana.com\/\",\"name\":\"Julio C\u00e9sar Triana - Representante a la C\u00e1mara por el Huila\",\"description\":\"Representante a la C\u00e1mara por el Departamento del Huila.\",\"publisher\":{\"@id\":\"https:\/\/juliocesartriana.com\/#organization\"},\"potentialAction\":[{\"@type\":\"SearchAction\",\"target\":{\"@type\":\"EntryPoint\",\"urlTemplate\":\"https:\/\/juliocesartriana.com\/?s={search_term_string}\"},\"query-input\":\"required name=search_term_string\"}],\"inLanguage\":\"es\"},{\"@type\":\"ImageObject\",\"@id\":\"https:\/\/juliocesartriana.com\/index.php\/2021\/07\/09\/vacunas-para-caficultores\/#primaryimage\",\"inLanguage\":\"es\",\"url\":\"https:\/\/juliocesartriana.com\/wp-content\/uploads\/2021\/07\/Vacunas-para-caficultores-ya.jpeg\",\"contentUrl\":\"https:\/\/juliocesartriana.com\/wp-content\/uploads\/2021\/07\/Vacunas-para-caficultores-ya.jpeg\",\"width\":1280,\"height\":960},{\"@type\":\"WebPage\",\"@id\":\"https:\/\/juliocesartriana.com\/index.php\/2021\/07\/09\/vacunas-para-caficultores\/#webpage\",\"url\":\"https:\/\/juliocesartriana.com\/index.php\/2021\/07\/09\/vacunas-para-caficultores\/\",\"name\":\"Julio C\u00e9sar Triana - Representante a la C\u00e1mara por el Huila\",\"isPartOf\":{\"@id\":\"https:\/\/juliocesartriana.com\/#website\"},\"primaryImageOfPage\":{\"@id\":\"https:\/\/juliocesartriana.com\/index.php\/2021\/07\/09\/vacunas-para-caficultores\/#primaryimage\"},\"datePublished\":\"2021-07-09T15:46:57+00:00\",\"dateModified\":\"2021-09-21T15:58:17+00:00\",\"breadcrumb\":{\"@id\":\"https:\/\/juliocesartriana.com\/index.php\/2021\/07\/09\/vacunas-para-caficultores\/#breadcrumb\"},\"inLanguage\":\"es\",\"potentialAction\":[{\"@type\":\"ReadAction\",\"target\":[\"https:\/\/juliocesartriana.com\/index.php\/2021\/07\/09\/vacunas-para-caficultores\/\"]}]},{\"@type\":\"BreadcrumbList\",\"@id\":\"https:\/\/juliocesartriana.com\/index.php\/2021\/07\/09\/vacunas-para-caficultores\/#breadcrumb\",\"itemListElement\":[{\"@type\":\"ListItem\",\"position\":1,\"name\":\"Portada\",\"item\":\"https:\/\/juliocesartriana.com\/\"},{\"@type\":\"ListItem\",\"position\":2,\"name\":\"Vacunas para caficultores YA\"}]},{\"@type\":\"Article\",\"@id\":\"https:\/\/juliocesartriana.com\/index.php\/2021\/07\/09\/vacunas-para-caficultores\/#article\",\"isPartOf\":{\"@id\":\"https:\/\/juliocesartriana.com\/index.php\/2021\/07\/09\/vacunas-para-caficultores\/#webpage\"},\"author\":{\"@id\":\"https:\/\/juliocesartriana.com\/#\/schema\/person\/deecb92c18f2299a8c280aa4eabd1a03\"},\"headline\":\"Vacunas para caficultores YA\",\"datePublished\":\"2021-07-09T15:46:57+00:00\",\"dateModified\":\"2021-09-21T15:58:17+00:00\",\"mainEntityOfPage\":{\"@id\":\"https:\/\/juliocesartriana.com\/index.php\/2021\/07\/09\/vacunas-para-caficultores\/#webpage\"},\"wordCount\":243,\"publisher\":{\"@id\":\"https:\/\/juliocesartriana.com\/#organization\"},\"image\":{\"@id\":\"https:\/\/juliocesartriana.com\/index.php\/2021\/07\/09\/vacunas-para-caficultores\/#primaryimage\"},\"thumbnailUrl\":\"https:\/\/juliocesartriana.com\/wp-content\/uploads\/2021\/07\/Vacunas-para-caficultores-ya.jpeg\",\"articleSection\":[\"Gesti\u00f3n por el Huila\"],\"inLanguage\":\"es\"},{\"@type\":\"Person\",\"@id\":\"https:\/\/juliocesartriana.com\/#\/schema\/person\/deecb92c18f2299a8c280aa4eabd1a03\",\"name\":\"admin\",\"image\":{\"@type\":\"ImageObject\",\"@id\":\"https:\/\/juliocesartriana.com\/#personlogo\",\"inLanguage\":\"es\",\"url\":\"https:\/\/secure.gravatar.com\/avatar\/a796496fa1985f3a559e872a5db21305d7a391de67117abdfa8eb899c7bea95c?s=96&d=mm&r=g\",\"contentUrl\":\"https:\/\/secure.gravatar.com\/avatar\/a796496fa1985f3a559e872a5db21305d7a391de67117abdfa8eb899c7bea95c?s=96&d=mm&r=g\",\"caption\":\"admin\"},\"sameAs\":[\"https:\/\/juliocesartriana.com\"],\"url\":\"https:\/\/juliocesartriana.com\/index.php\/author\/admin_dovqajq2\/\"}]}<\/script>\n<!-- \/ Yoast SEO plugin. -->","yoast_head_json":{"title":"Julio C\u00e9sar Triana - Representante a la C\u00e1mara por el Huila","robots":{"index":"index","follow":"follow","max-snippet":"max-snippet:-1","max-image-preview":"max-image-preview:large","max-video-preview":"max-video-preview:-1"},"canonical":"https:\/\/juliocesartriana.com\/index.php\/2021\/07\/09\/vacunas-para-caficultores\/","og_locale":"es_ES","og_type":"article","og_title":"Julio C\u00e9sar Triana - Representante a la C\u00e1mara por el Huila","og_description":"A trav\u00e9s de una solicitud formal, le solicitamos al Gobierno Nacional, en cabeza del Ministerio de Salud, que se priorice la vacunaci\u00f3n de las 84.000 familias cafeteras del departamento. Ver video. Nos encontramos en medio de la cosecha del 2021, que es una oportunidad para dinamizar nuestra econom\u00eda, ya que el caf\u00e9 representa el 26,9% &hellip; Vacunas para caficultores YA Leer m\u00e1s &raquo;","og_url":"https:\/\/juliocesartriana.com\/index.php\/2021\/07\/09\/vacunas-para-caficultores\/","og_site_name":"Julio C\u00e9sar Triana - Representante a la C\u00e1mara por el Huila","article_publisher":"https:\/\/www.facebook.com\/TrianaCongreso\/","article_published_time":"2021-07-09T15:46:57+00:00","article_modified_time":"2021-09-21T15:58:17+00:00","og_image":[{"width":1280,"height":960,"url":"https:\/\/juliocesartriana.com\/wp-content\/uploads\/2021\/07\/Vacunas-para-caficultores-ya.jpeg","type":"image\/jpeg"}],"twitter_card":"summary_large_image","twitter_misc":{"Escrito por":"admin","Tiempo de lectura":"1 minuto"},"schema":{"@context":"https:\/\/schema.org","@graph":[{"@type":"Organization","@id":"https:\/\/juliocesartriana.com\/#organization","name":"Julio C\u00e9sar Triana - Representante a la C\u00e1mara","url":"https:\/\/juliocesartriana.com\/","sameAs":["https:\/\/www.facebook.com\/TrianaCongreso\/","https:\/\/www.instagram.com\/trianacongreso\/"],"logo":{"@type":"ImageObject","@id":"https:\/\/juliocesartriana.com\/#logo","inLanguage":"es","url":"https:\/\/juliocesartriana.com\/wp-content\/uploads\/2021\/03\/Salo\u0301n-eli\u0301ptico-presidiendo-1.jpeg","contentUrl":"https:\/\/juliocesartriana.com\/wp-content\/uploads\/2021\/03\/Salo\u0301n-eli\u0301ptico-presidiendo-1.jpeg","width":1280,"height":853,"caption":"Julio C\u00e9sar Triana - Representante a la C\u00e1mara"},"image":{"@id":"https:\/\/juliocesartriana.com\/#logo"}},{"@type":"WebSite","@id":"https:\/\/juliocesartriana.com\/#website","url":"https:\/\/juliocesartriana.com\/","name":"Julio C\u00e9sar Triana - Representante a la C\u00e1mara por el Huila","description":"Representante a la C\u00e1mara por el Departamento del Huila.","publisher":{"@id":"https:\/\/juliocesartriana.com\/#organization"},"potentialAction":[{"@type":"SearchAction","target":{"@type":"EntryPoint","urlTemplate":"https:\/\/juliocesartriana.com\/?s={search_term_string}"},"query-input":"required name=search_term_string"}],"inLanguage":"es"},{"@type":"ImageObject","@id":"https:\/\/juliocesartriana.com\/index.php\/2021\/07\/09\/vacunas-para-caficultores\/#primaryimage","inLanguage":"es","url":"https:\/\/juliocesartriana.com\/wp-content\/uploads\/2021\/07\/Vacunas-para-caficultores-ya.jpeg","contentUrl":"https:\/\/juliocesartriana.com\/wp-content\/uploads\/2021\/07\/Vacunas-para-caficultores-ya.jpeg","width":1280,"height":960},{"@type":"WebPage","@id":"https:\/\/juliocesartriana.com\/index.php\/2021\/07\/09\/vacunas-para-caficultores\/#webpage","url":"https:\/\/juliocesartriana.com\/index.php\/2021\/07\/09\/vacunas-para-caficultores\/","name":"Julio C\u00e9sar Triana - Representante a la C\u00e1mara por el Huila","isPartOf":{"@id":"https:\/\/juliocesartriana.com\/#website"},"primaryImageOfPage":{"@id":"https:\/\/juliocesartriana.com\/index.php\/2021\/07\/09\/vacunas-para-caficultores\/#primaryimage"},"datePublished":"2021-07-09T15:46:57+00:00","dateModified":"2021-09-21T15:58:17+00:00","breadcrumb":{"@id":"https:\/\/juliocesartriana.com\/index.php\/2021\/07\/09\/vacunas-para-caficultores\/#breadcrumb"},"inLanguage":"es","potentialAction":[{"@type":"ReadAction","target":["https:\/\/juliocesartriana.com\/index.php\/2021\/07\/09\/vacunas-para-caficultores\/"]}]},{"@type":"BreadcrumbList","@id":"https:\/\/juliocesartriana.com\/index.php\/2021\/07\/09\/vacunas-para-caficultores\/#breadcrumb","itemListElement":[{"@type":"ListItem","position":1,"name":"Portada","item":"https:\/\/juliocesartriana.com\/"},{"@type":"ListItem","position":2,"name":"Vacunas para caficultores YA"}]},{"@type":"Article","@id":"https:\/\/juliocesartriana.com\/index.php\/2021\/07\/09\/vacunas-para-caficultores\/#article","isPartOf":{"@id":"https:\/\/juliocesartriana.com\/index.php\/2021\/07\/09\/vacunas-para-caficultores\/#webpage"},"author":{"@id":"https:\/\/juliocesartriana.com\/#\/schema\/person\/deecb92c18f2299a8c280aa4eabd1a03"},"headline":"Vacunas para caficultores YA","datePublished":"2021-07-09T15:46:57+00:00","dateModified":"2021-09-21T15:58:17+00:00","mainEntityOfPage":{"@id":"https:\/\/juliocesartriana.com\/index.php\/2021\/07\/09\/vacunas-para-caficultores\/#webpage"},"wordCount":243,"publisher":{"@id":"https:\/\/juliocesartriana.com\/#organization"},"image":{"@id":"https:\/\/juliocesartriana.com\/index.php\/2021\/07\/09\/vacunas-para-caficultores\/#primaryimage"},"thumbnailUrl":"https:\/\/juliocesartriana.com\/wp-content\/uploads\/2021\/07\/Vacunas-para-caficultores-ya.jpeg","articleSection":["Gesti\u00f3n por el Huila"],"inLanguage":"es"},{"@type":"Person","@id":"https:\/\/juliocesartriana.com\/#\/schema\/person\/deecb92c18f2299a8c280aa4eabd1a03","name":"admin","image":{"@type":"ImageObject","@id":"https:\/\/juliocesartriana.com\/#personlogo","inLanguage":"es","url":"https:\/\/secure.gravatar.com\/avatar\/a796496fa1985f3a559e872a5db21305d7a391de67117abdfa8eb899c7bea95c?s=96&d=mm&r=g","contentUrl":"https:\/\/secure.gravatar.com\/avatar\/a796496fa1985f3a559e872a5db21305d7a391de67117abdfa8eb899c7bea95c?s=96&d=mm&r=g","caption":"admin"},"sameAs":["https:\/\/juliocesartriana.com"],"url":"https:\/\/juliocesartriana.com\/index.php\/author\/admin_dovqajq2\/"}]}},"_links":{"self":[{"href":"https:\/\/juliocesartriana.com\/index.php\/wp-json\/wp\/v2\/posts\/2473","targetHints":{"allow":["GET"]}}],"collection":[{"href":"https:\/\/juliocesartriana.com\/index.php\/wp-json\/wp\/v2\/posts"}],"about":[{"href":"https:\/\/juliocesartriana.com\/index.php\/wp-json\/wp\/v2\/types\/post"}],"author":[{"embeddable":true,"href":"https:\/\/juliocesartriana.com\/index.php\/wp-json\/wp\/v2\/users\/1"}],"replies":[{"embeddable":true,"href":"https:\/\/juliocesartriana.com\/index.php\/wp-json\/wp\/v2\/comments?post=2473"}],"version-history":[{"count":3,"href":"https:\/\/juliocesartriana.com\/index.php\/wp-json\/wp\/v2\/posts\/2473\/revisions"}],"predecessor-version":[{"id":2672,"href":"https:\/\/juliocesartriana.com\/index.php\/wp-json\/wp\/v2\/posts\/2473\/revisions\/2672"}],"wp:featuredmedia":[{"embeddable":true,"href":"https:\/\/juliocesartriana.com\/index.php\/wp-json\/wp\/v2\/media\/2756"}],"wp:attachment":[{"href":"https:\/\/juliocesartriana.com\/index.php\/wp-json\/wp\/v2\/media?parent=2473"}],"wp:term":[{"taxonomy":"category","embeddable":true,"href":"https:\/\/juliocesartriana.com\/index.php\/wp-json\/wp\/v2\/categories?post=2473"},{"taxonomy":"post_tag","embeddable":true,"href":"https:\/\/juliocesartriana.com\/index.php\/wp-json\/wp\/v2\/tags?post=2473"}],"curies":[{"name":"wp","href":"https:\/\/api.w.org\/{rel}","templated":true}]}}