{"id":2446,"date":"2021-05-29T14:10:50","date_gmt":"2021-05-29T14:10:50","guid":{"rendered":"https:\/\/juliocesartriana.com\/?p=2446"},"modified":"2021-09-21T14:14:38","modified_gmt":"2021-09-21T14:14:38","slug":"igualdad-laboral-de-la-mujer","status":"publish","type":"post","link":"https:\/\/juliocesartriana.com\/index.php\/2021\/05\/29\/igualdad-laboral-de-la-mujer\/","title":{"rendered":"Igualdad laboral de la mujer"},"content":{"rendered":"\n<p>Ratificamos nuestro compromiso con las mujeres. Es por esto que con este proyecto, que ya hizo su tr\u00e1mite en el Congreso y est\u00e1 para sanci\u00f3n presidencial, buscamos fortalecer y promover la igualdad de la mujer en sectores econ\u00f3micos donde hist\u00f3ricamente han tenido poca participaci\u00f3n, hacer una diferenciaci\u00f3n positiva que ayude a mejorar sus condiciones de vida y que disminuya la brecha salarial entre hombres y mujeres.<\/p>\n\n\n\n<p>Es por ello que dentro de los seis meses siguientes a la entrada en vigencia de la presente ley, el Gobierno nacional, bajo la coordinaci\u00f3n del Ministerio de Comercio, Industria y Turismo, deber\u00e1:<\/p>\n\n\n\n<p>a) Dise\u00f1ar programas de microcr\u00e9dito y cr\u00e9dito orientados a empresas del sector rural y urbano, creadas por j\u00f3venes menores de 28 a\u00f1os, que conduzcan a la formalizaci\u00f3n y generaci\u00f3n empresarial, y del empleo.<\/p>\n\n\n\n<p>b) Promover, en el nivel central y en las entidades territoriales, el desarrollo de programas de apoyo t\u00e9cnico y financiero para asistencia t\u00e9cnica, capital de trabajo y activos fijos, que conduzca la formalizaci\u00f3n y generaci\u00f3n empresarial, y del empleo en el sector rural.<\/p>\n\n\n\n<p>d) Fortalecer las relaciones entre universidadempresa-Estado, fomentando en todo el pa\u00eds iniciativas tendientes a que estos tres sectores trabajen mancomunadamente en el desarrollo innovador en sus regiones.<\/p>\n\n\n\n<p>e) Mejorar la ocupabilidad de los j\u00f3venes, dise\u00f1ando, gestionando y evaluando una oferta que contemple todas las necesidades formativas de una persona en situaci\u00f3n de exclusi\u00f3n y que cubra todas las etapas que necesite para su inserci\u00f3n social y laboral.<\/p>\n\n\n\n<p>f) Dise\u00f1ar y promover programas de formaci\u00f3n y capacitaci\u00f3n para las mujeres, que las conduzca a la formalizaci\u00f3n y generaci\u00f3n empresarial, del empleo y el teletrabajo en sectores econ\u00f3micos como el agropecuario, transporte, minas y energ\u00eda y construcci\u00f3n. Dichos programas contemplar\u00e1n mejorar la ocupabilidad de las mujeres en estos<\/p>\n","protected":false},"excerpt":{"rendered":"<p>Ratificamos nuestro compromiso con las mujeres. Es por esto que con este proyecto, que ya hizo su tr\u00e1mite en el Congreso y est\u00e1 para sanci\u00f3n presidencial, buscamos fortalecer y promover la igualdad de la mujer en sectores econ\u00f3micos donde hist\u00f3ricamente han tenido poca participaci\u00f3n, hacer una diferenciaci\u00f3n positiva que ayude a mejorar sus condiciones de &hellip;<\/p>\n<p class=\"read-more\"> <a class=\"\" href=\"https:\/\/juliocesartriana.com\/index.php\/2021\/05\/29\/igualdad-laboral-de-la-mujer\/\"> <span class=\"screen-reader-text\">Igualdad laboral de la mujer<\/span> Leer m\u00e1s &raquo;<\/a><\/p>\n","protected":false},"author":1,"featured_media":2723,"comment_status":"closed","ping_status":"closed","sticky":false,"template":"","format":"standard","meta":{"ngg_post_thumbnail":0,"footnotes":""},"categories":[11],"tags":[],"class_list":["post-2446","post","type-post","status-publish","format-standard","has-post-thumbnail","hentry","category-leyes-de-la-republica"],"yoast_head":"<!-- This site is optimized with the Yoast SEO plugin v18.5.1 - https:\/\/yoast.com\/wordpress\/plugins\/seo\/ -->\n<title>Julio C\u00e9sar Triana - Representante a la C\u00e1mara por el Huila<\/title>\n<meta name=\"robots\" content=\"index, follow, max-snippet:-1, max-image-preview:large, max-video-preview:-1\" \/>\n<link rel=\"canonical\" href=\"https:\/\/juliocesartriana.com\/index.php\/2021\/05\/29\/igualdad-laboral-de-la-mujer\/\" \/>\n<meta property=\"og:locale\" content=\"es_ES\" \/>\n<meta property=\"og:type\" content=\"article\" \/>\n<meta property=\"og:title\" content=\"Julio C\u00e9sar Triana - Representante a la C\u00e1mara por el Huila\" \/>\n<meta property=\"og:description\" content=\"Ratificamos nuestro compromiso con las mujeres. Es por esto que con este proyecto, que ya hizo su tr\u00e1mite en el Congreso y est\u00e1 para sanci\u00f3n presidencial, buscamos fortalecer y promover la igualdad de la mujer en sectores econ\u00f3micos donde hist\u00f3ricamente han tenido poca participaci\u00f3n, hacer una diferenciaci\u00f3n positiva que ayude a mejorar sus condiciones de &hellip; Igualdad laboral de la mujer Leer m\u00e1s &raquo;\" \/>\n<meta property=\"og:url\" content=\"https:\/\/juliocesartriana.com\/index.php\/2021\/05\/29\/igualdad-laboral-de-la-mujer\/\" \/>\n<meta property=\"og:site_name\" content=\"Julio C\u00e9sar Triana - Representante a la C\u00e1mara por el Huila\" \/>\n<meta property=\"article:publisher\" content=\"https:\/\/www.facebook.com\/TrianaCongreso\/\" \/>\n<meta property=\"article:published_time\" content=\"2021-05-29T14:10:50+00:00\" \/>\n<meta property=\"article:modified_time\" content=\"2021-09-21T14:14:38+00:00\" \/>\n<meta property=\"og:image\" content=\"https:\/\/juliocesartriana.com\/wp-content\/uploads\/2021\/05\/Igualdad-laboral-de-la-mujer-Ley-Creo-en-ti-min-scaled.jpg\" \/>\n\t<meta property=\"og:image:width\" content=\"2560\" \/>\n\t<meta property=\"og:image:height\" content=\"2156\" \/>\n\t<meta property=\"og:image:type\" content=\"image\/jpeg\" \/>\n<meta name=\"twitter:card\" content=\"summary_large_image\" \/>\n<meta name=\"twitter:label1\" content=\"Escrito por\" \/>\n\t<meta name=\"twitter:data1\" content=\"admin\" \/>\n\t<meta name=\"twitter:label2\" content=\"Tiempo de lectura\" \/>\n\t<meta name=\"twitter:data2\" content=\"2 minutos\" \/>\n<script type=\"application\/ld+json\" class=\"yoast-schema-graph\">{\"@context\":\"https:\/\/schema.org\",\"@graph\":[{\"@type\":\"Organization\",\"@id\":\"https:\/\/juliocesartriana.com\/#organization\",\"name\":\"Julio C\u00e9sar Triana - Representante a la C\u00e1mara\",\"url\":\"https:\/\/juliocesartriana.com\/\",\"sameAs\":[\"https:\/\/www.facebook.com\/TrianaCongreso\/\",\"https:\/\/www.instagram.com\/trianacongreso\/\"],\"logo\":{\"@type\":\"ImageObject\",\"@id\":\"https:\/\/juliocesartriana.com\/#logo\",\"inLanguage\":\"es\",\"url\":\"https:\/\/juliocesartriana.com\/wp-content\/uploads\/2021\/03\/Salo\u0301n-eli\u0301ptico-presidiendo-1.jpeg\",\"contentUrl\":\"https:\/\/juliocesartriana.com\/wp-content\/uploads\/2021\/03\/Salo\u0301n-eli\u0301ptico-presidiendo-1.jpeg\",\"width\":1280,\"height\":853,\"caption\":\"Julio C\u00e9sar Triana - Representante a la C\u00e1mara\"},\"image\":{\"@id\":\"https:\/\/juliocesartriana.com\/#logo\"}},{\"@type\":\"WebSite\",\"@id\":\"https:\/\/juliocesartriana.com\/#website\",\"url\":\"https:\/\/juliocesartriana.com\/\",\"name\":\"Julio C\u00e9sar Triana - Representante a la C\u00e1mara por el Huila\",\"description\":\"Representante a la C\u00e1mara por el Departamento del Huila.\",\"publisher\":{\"@id\":\"https:\/\/juliocesartriana.com\/#organization\"},\"potentialAction\":[{\"@type\":\"SearchAction\",\"target\":{\"@type\":\"EntryPoint\",\"urlTemplate\":\"https:\/\/juliocesartriana.com\/?s={search_term_string}\"},\"query-input\":\"required name=search_term_string\"}],\"inLanguage\":\"es\"},{\"@type\":\"ImageObject\",\"@id\":\"https:\/\/juliocesartriana.com\/index.php\/2021\/05\/29\/igualdad-laboral-de-la-mujer\/#primaryimage\",\"inLanguage\":\"es\",\"url\":\"https:\/\/juliocesartriana.com\/wp-content\/uploads\/2021\/05\/Igualdad-laboral-de-la-mujer-Ley-Creo-en-ti-min-scaled.jpg\",\"contentUrl\":\"https:\/\/juliocesartriana.com\/wp-content\/uploads\/2021\/05\/Igualdad-laboral-de-la-mujer-Ley-Creo-en-ti-min-scaled.jpg\",\"width\":2560,\"height\":2156},{\"@type\":\"WebPage\",\"@id\":\"https:\/\/juliocesartriana.com\/index.php\/2021\/05\/29\/igualdad-laboral-de-la-mujer\/#webpage\",\"url\":\"https:\/\/juliocesartriana.com\/index.php\/2021\/05\/29\/igualdad-laboral-de-la-mujer\/\",\"name\":\"Julio C\u00e9sar Triana - Representante a la C\u00e1mara por el Huila\",\"isPartOf\":{\"@id\":\"https:\/\/juliocesartriana.com\/#website\"},\"primaryImageOfPage\":{\"@id\":\"https:\/\/juliocesartriana.com\/index.php\/2021\/05\/29\/igualdad-laboral-de-la-mujer\/#primaryimage\"},\"datePublished\":\"2021-05-29T14:10:50+00:00\",\"dateModified\":\"2021-09-21T14:14:38+00:00\",\"breadcrumb\":{\"@id\":\"https:\/\/juliocesartriana.com\/index.php\/2021\/05\/29\/igualdad-laboral-de-la-mujer\/#breadcrumb\"},\"inLanguage\":\"es\",\"potentialAction\":[{\"@type\":\"ReadAction\",\"target\":[\"https:\/\/juliocesartriana.com\/index.php\/2021\/05\/29\/igualdad-laboral-de-la-mujer\/\"]}]},{\"@type\":\"BreadcrumbList\",\"@id\":\"https:\/\/juliocesartriana.com\/index.php\/2021\/05\/29\/igualdad-laboral-de-la-mujer\/#breadcrumb\",\"itemListElement\":[{\"@type\":\"ListItem\",\"position\":1,\"name\":\"Portada\",\"item\":\"https:\/\/juliocesartriana.com\/\"},{\"@type\":\"ListItem\",\"position\":2,\"name\":\"Igualdad laboral de la mujer\"}]},{\"@type\":\"Article\",\"@id\":\"https:\/\/juliocesartriana.com\/index.php\/2021\/05\/29\/igualdad-laboral-de-la-mujer\/#article\",\"isPartOf\":{\"@id\":\"https:\/\/juliocesartriana.com\/index.php\/2021\/05\/29\/igualdad-laboral-de-la-mujer\/#webpage\"},\"author\":{\"@id\":\"https:\/\/juliocesartriana.com\/#\/schema\/person\/deecb92c18f2299a8c280aa4eabd1a03\"},\"headline\":\"Igualdad laboral de la mujer\",\"datePublished\":\"2021-05-29T14:10:50+00:00\",\"dateModified\":\"2021-09-21T14:14:38+00:00\",\"mainEntityOfPage\":{\"@id\":\"https:\/\/juliocesartriana.com\/index.php\/2021\/05\/29\/igualdad-laboral-de-la-mujer\/#webpage\"},\"wordCount\":328,\"publisher\":{\"@id\":\"https:\/\/juliocesartriana.com\/#organization\"},\"image\":{\"@id\":\"https:\/\/juliocesartriana.com\/index.php\/2021\/05\/29\/igualdad-laboral-de-la-mujer\/#primaryimage\"},\"thumbnailUrl\":\"https:\/\/juliocesartriana.com\/wp-content\/uploads\/2021\/05\/Igualdad-laboral-de-la-mujer-Ley-Creo-en-ti-min-scaled.jpg\",\"articleSection\":[\"Leyes de la Rep\u00fablica\"],\"inLanguage\":\"es\"},{\"@type\":\"Person\",\"@id\":\"https:\/\/juliocesartriana.com\/#\/schema\/person\/deecb92c18f2299a8c280aa4eabd1a03\",\"name\":\"admin\",\"image\":{\"@type\":\"ImageObject\",\"@id\":\"https:\/\/juliocesartriana.com\/#personlogo\",\"inLanguage\":\"es\",\"url\":\"https:\/\/secure.gravatar.com\/avatar\/a796496fa1985f3a559e872a5db21305d7a391de67117abdfa8eb899c7bea95c?s=96&d=mm&r=g\",\"contentUrl\":\"https:\/\/secure.gravatar.com\/avatar\/a796496fa1985f3a559e872a5db21305d7a391de67117abdfa8eb899c7bea95c?s=96&d=mm&r=g\",\"caption\":\"admin\"},\"sameAs\":[\"https:\/\/juliocesartriana.com\"],\"url\":\"https:\/\/juliocesartriana.com\/index.php\/author\/admin_dovqajq2\/\"}]}<\/script>\n<!-- \/ Yoast SEO plugin. -->","yoast_head_json":{"title":"Julio C\u00e9sar Triana - Representante a la C\u00e1mara por el Huila","robots":{"index":"index","follow":"follow","max-snippet":"max-snippet:-1","max-image-preview":"max-image-preview:large","max-video-preview":"max-video-preview:-1"},"canonical":"https:\/\/juliocesartriana.com\/index.php\/2021\/05\/29\/igualdad-laboral-de-la-mujer\/","og_locale":"es_ES","og_type":"article","og_title":"Julio C\u00e9sar Triana - Representante a la C\u00e1mara por el Huila","og_description":"Ratificamos nuestro compromiso con las mujeres. Es por esto que con este proyecto, que ya hizo su tr\u00e1mite en el Congreso y est\u00e1 para sanci\u00f3n presidencial, buscamos fortalecer y promover la igualdad de la mujer en sectores econ\u00f3micos donde hist\u00f3ricamente han tenido poca participaci\u00f3n, hacer una diferenciaci\u00f3n positiva que ayude a mejorar sus condiciones de &hellip; Igualdad laboral de la mujer Leer m\u00e1s &raquo;","og_url":"https:\/\/juliocesartriana.com\/index.php\/2021\/05\/29\/igualdad-laboral-de-la-mujer\/","og_site_name":"Julio C\u00e9sar Triana - Representante a la C\u00e1mara por el Huila","article_publisher":"https:\/\/www.facebook.com\/TrianaCongreso\/","article_published_time":"2021-05-29T14:10:50+00:00","article_modified_time":"2021-09-21T14:14:38+00:00","og_image":[{"width":2560,"height":2156,"url":"https:\/\/juliocesartriana.com\/wp-content\/uploads\/2021\/05\/Igualdad-laboral-de-la-mujer-Ley-Creo-en-ti-min-scaled.jpg","type":"image\/jpeg"}],"twitter_card":"summary_large_image","twitter_misc":{"Escrito por":"admin","Tiempo de lectura":"2 minutos"},"schema":{"@context":"https:\/\/schema.org","@graph":[{"@type":"Organization","@id":"https:\/\/juliocesartriana.com\/#organization","name":"Julio C\u00e9sar Triana - Representante a la C\u00e1mara","url":"https:\/\/juliocesartriana.com\/","sameAs":["https:\/\/www.facebook.com\/TrianaCongreso\/","https:\/\/www.instagram.com\/trianacongreso\/"],"logo":{"@type":"ImageObject","@id":"https:\/\/juliocesartriana.com\/#logo","inLanguage":"es","url":"https:\/\/juliocesartriana.com\/wp-content\/uploads\/2021\/03\/Salo\u0301n-eli\u0301ptico-presidiendo-1.jpeg","contentUrl":"https:\/\/juliocesartriana.com\/wp-content\/uploads\/2021\/03\/Salo\u0301n-eli\u0301ptico-presidiendo-1.jpeg","width":1280,"height":853,"caption":"Julio C\u00e9sar Triana - Representante a la C\u00e1mara"},"image":{"@id":"https:\/\/juliocesartriana.com\/#logo"}},{"@type":"WebSite","@id":"https:\/\/juliocesartriana.com\/#website","url":"https:\/\/juliocesartriana.com\/","name":"Julio C\u00e9sar Triana - Representante a la C\u00e1mara por el Huila","description":"Representante a la C\u00e1mara por el Departamento del Huila.","publisher":{"@id":"https:\/\/juliocesartriana.com\/#organization"},"potentialAction":[{"@type":"SearchAction","target":{"@type":"EntryPoint","urlTemplate":"https:\/\/juliocesartriana.com\/?s={search_term_string}"},"query-input":"required name=search_term_string"}],"inLanguage":"es"},{"@type":"ImageObject","@id":"https:\/\/juliocesartriana.com\/index.php\/2021\/05\/29\/igualdad-laboral-de-la-mujer\/#primaryimage","inLanguage":"es","url":"https:\/\/juliocesartriana.com\/wp-content\/uploads\/2021\/05\/Igualdad-laboral-de-la-mujer-Ley-Creo-en-ti-min-scaled.jpg","contentUrl":"https:\/\/juliocesartriana.com\/wp-content\/uploads\/2021\/05\/Igualdad-laboral-de-la-mujer-Ley-Creo-en-ti-min-scaled.jpg","width":2560,"height":2156},{"@type":"WebPage","@id":"https:\/\/juliocesartriana.com\/index.php\/2021\/05\/29\/igualdad-laboral-de-la-mujer\/#webpage","url":"https:\/\/juliocesartriana.com\/index.php\/2021\/05\/29\/igualdad-laboral-de-la-mujer\/","name":"Julio C\u00e9sar Triana - Representante a la C\u00e1mara por el Huila","isPartOf":{"@id":"https:\/\/juliocesartriana.com\/#website"},"primaryImageOfPage":{"@id":"https:\/\/juliocesartriana.com\/index.php\/2021\/05\/29\/igualdad-laboral-de-la-mujer\/#primaryimage"},"datePublished":"2021-05-29T14:10:50+00:00","dateModified":"2021-09-21T14:14:38+00:00","breadcrumb":{"@id":"https:\/\/juliocesartriana.com\/index.php\/2021\/05\/29\/igualdad-laboral-de-la-mujer\/#breadcrumb"},"inLanguage":"es","potentialAction":[{"@type":"ReadAction","target":["https:\/\/juliocesartriana.com\/index.php\/2021\/05\/29\/igualdad-laboral-de-la-mujer\/"]}]},{"@type":"BreadcrumbList","@id":"https:\/\/juliocesartriana.com\/index.php\/2021\/05\/29\/igualdad-laboral-de-la-mujer\/#breadcrumb","itemListElement":[{"@type":"ListItem","position":1,"name":"Portada","item":"https:\/\/juliocesartriana.com\/"},{"@type":"ListItem","position":2,"name":"Igualdad laboral de la mujer"}]},{"@type":"Article","@id":"https:\/\/juliocesartriana.com\/index.php\/2021\/05\/29\/igualdad-laboral-de-la-mujer\/#article","isPartOf":{"@id":"https:\/\/juliocesartriana.com\/index.php\/2021\/05\/29\/igualdad-laboral-de-la-mujer\/#webpage"},"author":{"@id":"https:\/\/juliocesartriana.com\/#\/schema\/person\/deecb92c18f2299a8c280aa4eabd1a03"},"headline":"Igualdad laboral de la mujer","datePublished":"2021-05-29T14:10:50+00:00","dateModified":"2021-09-21T14:14:38+00:00","mainEntityOfPage":{"@id":"https:\/\/juliocesartriana.com\/index.php\/2021\/05\/29\/igualdad-laboral-de-la-mujer\/#webpage"},"wordCount":328,"publisher":{"@id":"https:\/\/juliocesartriana.com\/#organization"},"image":{"@id":"https:\/\/juliocesartriana.com\/index.php\/2021\/05\/29\/igualdad-laboral-de-la-mujer\/#primaryimage"},"thumbnailUrl":"https:\/\/juliocesartriana.com\/wp-content\/uploads\/2021\/05\/Igualdad-laboral-de-la-mujer-Ley-Creo-en-ti-min-scaled.jpg","articleSection":["Leyes de la Rep\u00fablica"],"inLanguage":"es"},{"@type":"Person","@id":"https:\/\/juliocesartriana.com\/#\/schema\/person\/deecb92c18f2299a8c280aa4eabd1a03","name":"admin","image":{"@type":"ImageObject","@id":"https:\/\/juliocesartriana.com\/#personlogo","inLanguage":"es","url":"https:\/\/secure.gravatar.com\/avatar\/a796496fa1985f3a559e872a5db21305d7a391de67117abdfa8eb899c7bea95c?s=96&d=mm&r=g","contentUrl":"https:\/\/secure.gravatar.com\/avatar\/a796496fa1985f3a559e872a5db21305d7a391de67117abdfa8eb899c7bea95c?s=96&d=mm&r=g","caption":"admin"},"sameAs":["https:\/\/juliocesartriana.com"],"url":"https:\/\/juliocesartriana.com\/index.php\/author\/admin_dovqajq2\/"}]}},"_links":{"self":[{"href":"https:\/\/juliocesartriana.com\/index.php\/wp-json\/wp\/v2\/posts\/2446","targetHints":{"allow":["GET"]}}],"collection":[{"href":"https:\/\/juliocesartriana.com\/index.php\/wp-json\/wp\/v2\/posts"}],"about":[{"href":"https:\/\/juliocesartriana.com\/index.php\/wp-json\/wp\/v2\/types\/post"}],"author":[{"embeddable":true,"href":"https:\/\/juliocesartriana.com\/index.php\/wp-json\/wp\/v2\/users\/1"}],"replies":[{"embeddable":true,"href":"https:\/\/juliocesartriana.com\/index.php\/wp-json\/wp\/v2\/comments?post=2446"}],"version-history":[{"count":1,"href":"https:\/\/juliocesartriana.com\/index.php\/wp-json\/wp\/v2\/posts\/2446\/revisions"}],"predecessor-version":[{"id":2448,"href":"https:\/\/juliocesartriana.com\/index.php\/wp-json\/wp\/v2\/posts\/2446\/revisions\/2448"}],"wp:featuredmedia":[{"embeddable":true,"href":"https:\/\/juliocesartriana.com\/index.php\/wp-json\/wp\/v2\/media\/2723"}],"wp:attachment":[{"href":"https:\/\/juliocesartriana.com\/index.php\/wp-json\/wp\/v2\/media?parent=2446"}],"wp:term":[{"taxonomy":"category","embeddable":true,"href":"https:\/\/juliocesartriana.com\/index.php\/wp-json\/wp\/v2\/categories?post=2446"},{"taxonomy":"post_tag","embeddable":true,"href":"https:\/\/juliocesartriana.com\/index.php\/wp-json\/wp\/v2\/tags?post=2446"}],"curies":[{"name":"wp","href":"https:\/\/api.w.org\/{rel}","templated":true}]}}