{"id":2425,"date":"2021-05-29T14:03:24","date_gmt":"2021-05-29T14:03:24","guid":{"rendered":"https:\/\/juliocesartriana.com\/?p=2425"},"modified":"2021-09-21T15:12:35","modified_gmt":"2021-09-21T15:12:35","slug":"profesionalizacion-del-campesino","status":"publish","type":"post","link":"https:\/\/juliocesartriana.com\/index.php\/2021\/05\/29\/profesionalizacion-del-campesino\/","title":{"rendered":"Profesionalizaci\u00f3n del campesino"},"content":{"rendered":"\n<p>Con esta iniciativa establecemos un conjunto de medidas que sirven como base para fomentar y promover las acciones necesarias para la consolidaci\u00f3n de una pol\u00edtica de Estado que logre subsanar la deuda que el pa\u00eds tiene con la poblaci\u00f3n campesina, garantizando mejores condiciones de vida, dignidad y trato justo a trav\u00e9s del reconocimiento de sus particularidades y necesidades como sujetos de especial protecci\u00f3n.<\/p>\n\n\n\n<p>Adem\u00e1s, se busca profesionalizar la labor del campesinado colombiano y fomentar el emprendimiento, creando un modelo de certificaci\u00f3n de competencias laborales con el objetivo de formar una mano de obra cualificada y productiva en el \u00e1rea rural colombiana.<\/p>\n\n\n\n<p>Para ello, impulsar\u00e1 programas de formaci\u00f3n y profesionalizaci\u00f3n de las y los campesinos y de los trabajadores agrarios. El Servicio Nacional de Aprendizaje \u2013 SENA \u2013 en busca de la profesionalizaci\u00f3n de la actividad, implementar\u00e1 un pensum acad\u00e9mico con ciclos de competencias laborales, t\u00e9cnico de campo, tecn\u00f3logo de campo, auxiliares y especializaci\u00f3n tecnol\u00f3gica dirigida a los campesinos y agricultores seg\u00fan corresponda, para lo cual podr\u00e1 celebrar convenios de asociaci\u00f3n. Por su parte, el Ministerio Agricultura y Desarrollo Rural se encargar\u00e1 de emprender labores en torno a la capacitaci\u00f3n campesina fomentando charlas, foros, cursos y programas dirigidos a la ampliaci\u00f3n de los conocimientos de la poblaci\u00f3n que se encuentre en cualquier nivel educativo bien sea b\u00e1sico, medio o superior.<\/p>\n\n\n\n<div class=\"wp-block-buttons is-layout-flex wp-block-buttons-is-layout-flex\">\n<div class=\"wp-block-button has-custom-width wp-block-button__width-25 is-style-fill\"><a class=\"wp-block-button__link has-white-color has-text-color has-background\" href=\"https:\/\/juliocesartriana.com\/wp-content\/uploads\/2021\/03\/Profesionalizacion-del-campesino-1.pdf\" style=\"border-radius:8px;background-color:#fe0000\" target=\"_blank\" rel=\"https:\/\/juliocesartriana.com\/wp-content\/uploads\/2021\/03\/menosvacaciones.pdf noopener\"><em><em>Ver proyecto de ley<\/em><\/em><\/a><\/div>\n<\/div>\n\n\n\n<p><\/p>\n","protected":false},"excerpt":{"rendered":"<p>Con esta iniciativa establecemos un conjunto de medidas que sirven como base para fomentar y promover las acciones necesarias para la consolidaci\u00f3n de una pol\u00edtica de Estado que logre subsanar la deuda que el pa\u00eds tiene con la poblaci\u00f3n campesina, garantizando mejores condiciones de vida, dignidad y trato justo a trav\u00e9s del reconocimiento de sus &hellip;<\/p>\n<p class=\"read-more\"> <a class=\"\" href=\"https:\/\/juliocesartriana.com\/index.php\/2021\/05\/29\/profesionalizacion-del-campesino\/\"> <span class=\"screen-reader-text\">Profesionalizaci\u00f3n del campesino<\/span> Leer m\u00e1s &raquo;<\/a><\/p>\n","protected":false},"author":1,"featured_media":2745,"comment_status":"closed","ping_status":"closed","sticky":false,"template":"","format":"standard","meta":{"ngg_post_thumbnail":0,"footnotes":""},"categories":[4],"tags":[],"class_list":["post-2425","post","type-post","status-publish","format-standard","has-post-thumbnail","hentry","category-proyectos-de-ley"],"yoast_head":"<!-- This site is optimized with the Yoast SEO plugin v18.5.1 - https:\/\/yoast.com\/wordpress\/plugins\/seo\/ -->\n<title>Julio C\u00e9sar Triana - Representante a la C\u00e1mara por el Huila<\/title>\n<meta name=\"robots\" content=\"index, follow, max-snippet:-1, max-image-preview:large, max-video-preview:-1\" \/>\n<link rel=\"canonical\" href=\"https:\/\/juliocesartriana.com\/index.php\/2021\/05\/29\/profesionalizacion-del-campesino\/\" \/>\n<meta property=\"og:locale\" content=\"es_ES\" \/>\n<meta property=\"og:type\" content=\"article\" \/>\n<meta property=\"og:title\" content=\"Julio C\u00e9sar Triana - Representante a la C\u00e1mara por el Huila\" \/>\n<meta property=\"og:description\" content=\"Con esta iniciativa establecemos un conjunto de medidas que sirven como base para fomentar y promover las acciones necesarias para la consolidaci\u00f3n de una pol\u00edtica de Estado que logre subsanar la deuda que el pa\u00eds tiene con la poblaci\u00f3n campesina, garantizando mejores condiciones de vida, dignidad y trato justo a trav\u00e9s del reconocimiento de sus &hellip; Profesionalizaci\u00f3n del campesino Leer m\u00e1s &raquo;\" \/>\n<meta property=\"og:url\" content=\"https:\/\/juliocesartriana.com\/index.php\/2021\/05\/29\/profesionalizacion-del-campesino\/\" \/>\n<meta property=\"og:site_name\" content=\"Julio C\u00e9sar Triana - Representante a la C\u00e1mara por el Huila\" \/>\n<meta property=\"article:publisher\" content=\"https:\/\/www.facebook.com\/TrianaCongreso\/\" \/>\n<meta property=\"article:published_time\" content=\"2021-05-29T14:03:24+00:00\" \/>\n<meta property=\"article:modified_time\" content=\"2021-09-21T15:12:35+00:00\" \/>\n<meta property=\"og:image\" content=\"https:\/\/juliocesartriana.com\/wp-content\/uploads\/2021\/05\/Profesionaizacio\u0301n-del-campesino.jpeg\" \/>\n\t<meta property=\"og:image:width\" content=\"1280\" \/>\n\t<meta property=\"og:image:height\" content=\"960\" \/>\n\t<meta property=\"og:image:type\" content=\"image\/jpeg\" \/>\n<meta name=\"twitter:card\" content=\"summary_large_image\" \/>\n<meta name=\"twitter:label1\" content=\"Escrito por\" \/>\n\t<meta name=\"twitter:data1\" content=\"admin\" \/>\n\t<meta name=\"twitter:label2\" content=\"Tiempo de lectura\" \/>\n\t<meta name=\"twitter:data2\" content=\"1 minuto\" \/>\n<script type=\"application\/ld+json\" class=\"yoast-schema-graph\">{\"@context\":\"https:\/\/schema.org\",\"@graph\":[{\"@type\":\"Organization\",\"@id\":\"https:\/\/juliocesartriana.com\/#organization\",\"name\":\"Julio C\u00e9sar Triana - Representante a la C\u00e1mara\",\"url\":\"https:\/\/juliocesartriana.com\/\",\"sameAs\":[\"https:\/\/www.facebook.com\/TrianaCongreso\/\",\"https:\/\/www.instagram.com\/trianacongreso\/\"],\"logo\":{\"@type\":\"ImageObject\",\"@id\":\"https:\/\/juliocesartriana.com\/#logo\",\"inLanguage\":\"es\",\"url\":\"https:\/\/juliocesartriana.com\/wp-content\/uploads\/2021\/03\/Salo\u0301n-eli\u0301ptico-presidiendo-1.jpeg\",\"contentUrl\":\"https:\/\/juliocesartriana.com\/wp-content\/uploads\/2021\/03\/Salo\u0301n-eli\u0301ptico-presidiendo-1.jpeg\",\"width\":1280,\"height\":853,\"caption\":\"Julio C\u00e9sar Triana - Representante a la C\u00e1mara\"},\"image\":{\"@id\":\"https:\/\/juliocesartriana.com\/#logo\"}},{\"@type\":\"WebSite\",\"@id\":\"https:\/\/juliocesartriana.com\/#website\",\"url\":\"https:\/\/juliocesartriana.com\/\",\"name\":\"Julio C\u00e9sar Triana - Representante a la C\u00e1mara por el Huila\",\"description\":\"Representante a la C\u00e1mara por el Departamento del Huila.\",\"publisher\":{\"@id\":\"https:\/\/juliocesartriana.com\/#organization\"},\"potentialAction\":[{\"@type\":\"SearchAction\",\"target\":{\"@type\":\"EntryPoint\",\"urlTemplate\":\"https:\/\/juliocesartriana.com\/?s={search_term_string}\"},\"query-input\":\"required name=search_term_string\"}],\"inLanguage\":\"es\"},{\"@type\":\"ImageObject\",\"@id\":\"https:\/\/juliocesartriana.com\/index.php\/2021\/05\/29\/profesionalizacion-del-campesino\/#primaryimage\",\"inLanguage\":\"es\",\"url\":\"https:\/\/juliocesartriana.com\/wp-content\/uploads\/2021\/05\/Profesionaizacio\u0301n-del-campesino.jpeg\",\"contentUrl\":\"https:\/\/juliocesartriana.com\/wp-content\/uploads\/2021\/05\/Profesionaizacio\u0301n-del-campesino.jpeg\",\"width\":1280,\"height\":960},{\"@type\":\"WebPage\",\"@id\":\"https:\/\/juliocesartriana.com\/index.php\/2021\/05\/29\/profesionalizacion-del-campesino\/#webpage\",\"url\":\"https:\/\/juliocesartriana.com\/index.php\/2021\/05\/29\/profesionalizacion-del-campesino\/\",\"name\":\"Julio C\u00e9sar Triana - Representante a la C\u00e1mara por el Huila\",\"isPartOf\":{\"@id\":\"https:\/\/juliocesartriana.com\/#website\"},\"primaryImageOfPage\":{\"@id\":\"https:\/\/juliocesartriana.com\/index.php\/2021\/05\/29\/profesionalizacion-del-campesino\/#primaryimage\"},\"datePublished\":\"2021-05-29T14:03:24+00:00\",\"dateModified\":\"2021-09-21T15:12:35+00:00\",\"breadcrumb\":{\"@id\":\"https:\/\/juliocesartriana.com\/index.php\/2021\/05\/29\/profesionalizacion-del-campesino\/#breadcrumb\"},\"inLanguage\":\"es\",\"potentialAction\":[{\"@type\":\"ReadAction\",\"target\":[\"https:\/\/juliocesartriana.com\/index.php\/2021\/05\/29\/profesionalizacion-del-campesino\/\"]}]},{\"@type\":\"BreadcrumbList\",\"@id\":\"https:\/\/juliocesartriana.com\/index.php\/2021\/05\/29\/profesionalizacion-del-campesino\/#breadcrumb\",\"itemListElement\":[{\"@type\":\"ListItem\",\"position\":1,\"name\":\"Portada\",\"item\":\"https:\/\/juliocesartriana.com\/\"},{\"@type\":\"ListItem\",\"position\":2,\"name\":\"Profesionalizaci\u00f3n del campesino\"}]},{\"@type\":\"Article\",\"@id\":\"https:\/\/juliocesartriana.com\/index.php\/2021\/05\/29\/profesionalizacion-del-campesino\/#article\",\"isPartOf\":{\"@id\":\"https:\/\/juliocesartriana.com\/index.php\/2021\/05\/29\/profesionalizacion-del-campesino\/#webpage\"},\"author\":{\"@id\":\"https:\/\/juliocesartriana.com\/#\/schema\/person\/deecb92c18f2299a8c280aa4eabd1a03\"},\"headline\":\"Profesionalizaci\u00f3n del campesino\",\"datePublished\":\"2021-05-29T14:03:24+00:00\",\"dateModified\":\"2021-09-21T15:12:35+00:00\",\"mainEntityOfPage\":{\"@id\":\"https:\/\/juliocesartriana.com\/index.php\/2021\/05\/29\/profesionalizacion-del-campesino\/#webpage\"},\"wordCount\":247,\"publisher\":{\"@id\":\"https:\/\/juliocesartriana.com\/#organization\"},\"image\":{\"@id\":\"https:\/\/juliocesartriana.com\/index.php\/2021\/05\/29\/profesionalizacion-del-campesino\/#primaryimage\"},\"thumbnailUrl\":\"https:\/\/juliocesartriana.com\/wp-content\/uploads\/2021\/05\/Profesionaizacio\u0301n-del-campesino.jpeg\",\"articleSection\":[\"Proyectos de Ley\"],\"inLanguage\":\"es\"},{\"@type\":\"Person\",\"@id\":\"https:\/\/juliocesartriana.com\/#\/schema\/person\/deecb92c18f2299a8c280aa4eabd1a03\",\"name\":\"admin\",\"image\":{\"@type\":\"ImageObject\",\"@id\":\"https:\/\/juliocesartriana.com\/#personlogo\",\"inLanguage\":\"es\",\"url\":\"https:\/\/secure.gravatar.com\/avatar\/a796496fa1985f3a559e872a5db21305d7a391de67117abdfa8eb899c7bea95c?s=96&d=mm&r=g\",\"contentUrl\":\"https:\/\/secure.gravatar.com\/avatar\/a796496fa1985f3a559e872a5db21305d7a391de67117abdfa8eb899c7bea95c?s=96&d=mm&r=g\",\"caption\":\"admin\"},\"sameAs\":[\"https:\/\/juliocesartriana.com\"],\"url\":\"https:\/\/juliocesartriana.com\/index.php\/author\/admin_dovqajq2\/\"}]}<\/script>\n<!-- \/ Yoast SEO plugin. -->","yoast_head_json":{"title":"Julio C\u00e9sar Triana - Representante a la C\u00e1mara por el Huila","robots":{"index":"index","follow":"follow","max-snippet":"max-snippet:-1","max-image-preview":"max-image-preview:large","max-video-preview":"max-video-preview:-1"},"canonical":"https:\/\/juliocesartriana.com\/index.php\/2021\/05\/29\/profesionalizacion-del-campesino\/","og_locale":"es_ES","og_type":"article","og_title":"Julio C\u00e9sar Triana - Representante a la C\u00e1mara por el Huila","og_description":"Con esta iniciativa establecemos un conjunto de medidas que sirven como base para fomentar y promover las acciones necesarias para la consolidaci\u00f3n de una pol\u00edtica de Estado que logre subsanar la deuda que el pa\u00eds tiene con la poblaci\u00f3n campesina, garantizando mejores condiciones de vida, dignidad y trato justo a trav\u00e9s del reconocimiento de sus &hellip; Profesionalizaci\u00f3n del campesino Leer m\u00e1s &raquo;","og_url":"https:\/\/juliocesartriana.com\/index.php\/2021\/05\/29\/profesionalizacion-del-campesino\/","og_site_name":"Julio C\u00e9sar Triana - Representante a la C\u00e1mara por el Huila","article_publisher":"https:\/\/www.facebook.com\/TrianaCongreso\/","article_published_time":"2021-05-29T14:03:24+00:00","article_modified_time":"2021-09-21T15:12:35+00:00","og_image":[{"width":1280,"height":960,"url":"https:\/\/juliocesartriana.com\/wp-content\/uploads\/2021\/05\/Profesionaizacio\u0301n-del-campesino.jpeg","type":"image\/jpeg"}],"twitter_card":"summary_large_image","twitter_misc":{"Escrito por":"admin","Tiempo de lectura":"1 minuto"},"schema":{"@context":"https:\/\/schema.org","@graph":[{"@type":"Organization","@id":"https:\/\/juliocesartriana.com\/#organization","name":"Julio C\u00e9sar Triana - Representante a la C\u00e1mara","url":"https:\/\/juliocesartriana.com\/","sameAs":["https:\/\/www.facebook.com\/TrianaCongreso\/","https:\/\/www.instagram.com\/trianacongreso\/"],"logo":{"@type":"ImageObject","@id":"https:\/\/juliocesartriana.com\/#logo","inLanguage":"es","url":"https:\/\/juliocesartriana.com\/wp-content\/uploads\/2021\/03\/Salo\u0301n-eli\u0301ptico-presidiendo-1.jpeg","contentUrl":"https:\/\/juliocesartriana.com\/wp-content\/uploads\/2021\/03\/Salo\u0301n-eli\u0301ptico-presidiendo-1.jpeg","width":1280,"height":853,"caption":"Julio C\u00e9sar Triana - Representante a la C\u00e1mara"},"image":{"@id":"https:\/\/juliocesartriana.com\/#logo"}},{"@type":"WebSite","@id":"https:\/\/juliocesartriana.com\/#website","url":"https:\/\/juliocesartriana.com\/","name":"Julio C\u00e9sar Triana - Representante a la C\u00e1mara por el Huila","description":"Representante a la C\u00e1mara por el Departamento del Huila.","publisher":{"@id":"https:\/\/juliocesartriana.com\/#organization"},"potentialAction":[{"@type":"SearchAction","target":{"@type":"EntryPoint","urlTemplate":"https:\/\/juliocesartriana.com\/?s={search_term_string}"},"query-input":"required name=search_term_string"}],"inLanguage":"es"},{"@type":"ImageObject","@id":"https:\/\/juliocesartriana.com\/index.php\/2021\/05\/29\/profesionalizacion-del-campesino\/#primaryimage","inLanguage":"es","url":"https:\/\/juliocesartriana.com\/wp-content\/uploads\/2021\/05\/Profesionaizacio\u0301n-del-campesino.jpeg","contentUrl":"https:\/\/juliocesartriana.com\/wp-content\/uploads\/2021\/05\/Profesionaizacio\u0301n-del-campesino.jpeg","width":1280,"height":960},{"@type":"WebPage","@id":"https:\/\/juliocesartriana.com\/index.php\/2021\/05\/29\/profesionalizacion-del-campesino\/#webpage","url":"https:\/\/juliocesartriana.com\/index.php\/2021\/05\/29\/profesionalizacion-del-campesino\/","name":"Julio C\u00e9sar Triana - Representante a la C\u00e1mara por el Huila","isPartOf":{"@id":"https:\/\/juliocesartriana.com\/#website"},"primaryImageOfPage":{"@id":"https:\/\/juliocesartriana.com\/index.php\/2021\/05\/29\/profesionalizacion-del-campesino\/#primaryimage"},"datePublished":"2021-05-29T14:03:24+00:00","dateModified":"2021-09-21T15:12:35+00:00","breadcrumb":{"@id":"https:\/\/juliocesartriana.com\/index.php\/2021\/05\/29\/profesionalizacion-del-campesino\/#breadcrumb"},"inLanguage":"es","potentialAction":[{"@type":"ReadAction","target":["https:\/\/juliocesartriana.com\/index.php\/2021\/05\/29\/profesionalizacion-del-campesino\/"]}]},{"@type":"BreadcrumbList","@id":"https:\/\/juliocesartriana.com\/index.php\/2021\/05\/29\/profesionalizacion-del-campesino\/#breadcrumb","itemListElement":[{"@type":"ListItem","position":1,"name":"Portada","item":"https:\/\/juliocesartriana.com\/"},{"@type":"ListItem","position":2,"name":"Profesionalizaci\u00f3n del campesino"}]},{"@type":"Article","@id":"https:\/\/juliocesartriana.com\/index.php\/2021\/05\/29\/profesionalizacion-del-campesino\/#article","isPartOf":{"@id":"https:\/\/juliocesartriana.com\/index.php\/2021\/05\/29\/profesionalizacion-del-campesino\/#webpage"},"author":{"@id":"https:\/\/juliocesartriana.com\/#\/schema\/person\/deecb92c18f2299a8c280aa4eabd1a03"},"headline":"Profesionalizaci\u00f3n del campesino","datePublished":"2021-05-29T14:03:24+00:00","dateModified":"2021-09-21T15:12:35+00:00","mainEntityOfPage":{"@id":"https:\/\/juliocesartriana.com\/index.php\/2021\/05\/29\/profesionalizacion-del-campesino\/#webpage"},"wordCount":247,"publisher":{"@id":"https:\/\/juliocesartriana.com\/#organization"},"image":{"@id":"https:\/\/juliocesartriana.com\/index.php\/2021\/05\/29\/profesionalizacion-del-campesino\/#primaryimage"},"thumbnailUrl":"https:\/\/juliocesartriana.com\/wp-content\/uploads\/2021\/05\/Profesionaizacio\u0301n-del-campesino.jpeg","articleSection":["Proyectos de Ley"],"inLanguage":"es"},{"@type":"Person","@id":"https:\/\/juliocesartriana.com\/#\/schema\/person\/deecb92c18f2299a8c280aa4eabd1a03","name":"admin","image":{"@type":"ImageObject","@id":"https:\/\/juliocesartriana.com\/#personlogo","inLanguage":"es","url":"https:\/\/secure.gravatar.com\/avatar\/a796496fa1985f3a559e872a5db21305d7a391de67117abdfa8eb899c7bea95c?s=96&d=mm&r=g","contentUrl":"https:\/\/secure.gravatar.com\/avatar\/a796496fa1985f3a559e872a5db21305d7a391de67117abdfa8eb899c7bea95c?s=96&d=mm&r=g","caption":"admin"},"sameAs":["https:\/\/juliocesartriana.com"],"url":"https:\/\/juliocesartriana.com\/index.php\/author\/admin_dovqajq2\/"}]}},"_links":{"self":[{"href":"https:\/\/juliocesartriana.com\/index.php\/wp-json\/wp\/v2\/posts\/2425","targetHints":{"allow":["GET"]}}],"collection":[{"href":"https:\/\/juliocesartriana.com\/index.php\/wp-json\/wp\/v2\/posts"}],"about":[{"href":"https:\/\/juliocesartriana.com\/index.php\/wp-json\/wp\/v2\/types\/post"}],"author":[{"embeddable":true,"href":"https:\/\/juliocesartriana.com\/index.php\/wp-json\/wp\/v2\/users\/1"}],"replies":[{"embeddable":true,"href":"https:\/\/juliocesartriana.com\/index.php\/wp-json\/wp\/v2\/comments?post=2425"}],"version-history":[{"count":3,"href":"https:\/\/juliocesartriana.com\/index.php\/wp-json\/wp\/v2\/posts\/2425\/revisions"}],"predecessor-version":[{"id":2746,"href":"https:\/\/juliocesartriana.com\/index.php\/wp-json\/wp\/v2\/posts\/2425\/revisions\/2746"}],"wp:featuredmedia":[{"embeddable":true,"href":"https:\/\/juliocesartriana.com\/index.php\/wp-json\/wp\/v2\/media\/2745"}],"wp:attachment":[{"href":"https:\/\/juliocesartriana.com\/index.php\/wp-json\/wp\/v2\/media?parent=2425"}],"wp:term":[{"taxonomy":"category","embeddable":true,"href":"https:\/\/juliocesartriana.com\/index.php\/wp-json\/wp\/v2\/categories?post=2425"},{"taxonomy":"post_tag","embeddable":true,"href":"https:\/\/juliocesartriana.com\/index.php\/wp-json\/wp\/v2\/tags?post=2425"}],"curies":[{"name":"wp","href":"https:\/\/api.w.org\/{rel}","templated":true}]}}