{"id":2419,"date":"2021-05-29T13:57:53","date_gmt":"2021-05-29T13:57:53","guid":{"rendered":"https:\/\/juliocesartriana.com\/?p=2419"},"modified":"2021-05-29T13:58:57","modified_gmt":"2021-05-29T13:58:57","slug":"ciudades-capitales","status":"publish","type":"post","link":"https:\/\/juliocesartriana.com\/index.php\/2021\/05\/29\/ciudades-capitales\/","title":{"rendered":"Ciudades Capitales"},"content":{"rendered":"\n<p>Logramos que este proyecto se convirtiera en Ley de la Rep\u00fablica, con el fin de crear la categor\u00eda de \u00abciudades capitales\u00bb y as\u00ed adoptar mecanismos para fortalecer la descentralizaci\u00f3n administrativa.<\/p>\n\n\n\n<p>Es as\u00ed como todos los municipios que tienen la condici\u00f3n de capitales departamentales pertenecer\u00e1n a la categor\u00eda de \u00abciudades capitales\u00bb y tendr\u00e1n un r\u00e9gimen especial para su organizaci\u00f3n, gobierno y administraci\u00f3n y un tratamiento diferenciado \u00b7por parte de las autoridades administrativas para promover su desarrollo integral y regional, a partir de su poblaci\u00f3n e importancia econ\u00f3mica.<\/p>\n\n\n\n<p>Las pol\u00edticas p\u00fablicas nacionales deber\u00e1n procurar un desarrollo territorial arm\u00f3nico, equilibrado, equitativo y sostenible, para lo cual incluir\u00e1n, dentro de los criterios de asignaci\u00f3n de recursos y de focalizaci\u00f3n, reglas diferenciadas y medidas de acci\u00f3n afirmativa dirigidas a reducir las desigualdades en la calidad de vida entre los habitantes de las distintas ciudades capitales.<\/p>\n\n\n\n<p>Las reglas de distribuci\u00f3n de recursos establecer\u00e1n criterios para compensar las cargas adicionales que soportan las ciudades capitales y aquellos municipios que integren su \u00e1rea metropolitana como receptoras de poblaci\u00f3n en situaci\u00f3n de desplazamiento, \u00edndice de pobreza multidimensional, desempleo, as\u00ed como de las migraciones derivadas de las condiciones sociales y econ\u00f3micas del pa\u00eds y de otros pa\u00edses, teniendo un tratamiento especial en este \u00faltimo para aquellas ciudades capitales fronterizas. Tambi\u00e9n se establecer\u00e1n criterios para compensar las cargas adicionales a las ciudades capitales que por sus condiciones ambientales y\/o pactos internacionales ven limitada su productividad y ventajas competitivas.<\/p>\n\n\n\n<div class=\"wp-block-buttons is-layout-flex wp-block-buttons-is-layout-flex\">\n<div class=\"wp-block-button has-custom-width wp-block-button__width-25 is-style-fill\"><a class=\"wp-block-button__link has-white-color has-text-color has-background\" href=\"https:\/\/juliocesartriana.com\/wp-content\/uploads\/2021\/03\/Ciudades-Capitales.pdf\" style=\"border-radius:8px;background-color:#fe0000\" target=\"_blank\" rel=\"https:\/\/juliocesartriana.com\/wp-content\/uploads\/2021\/03\/menosvacaciones.pdf noopener\"><em>Ver Ley de la Rep\u00fablica<\/em><\/a><\/div>\n<\/div>\n\n\n\n<p><\/p>\n","protected":false},"excerpt":{"rendered":"<p>Logramos que este proyecto se convirtiera en Ley de la Rep\u00fablica, con el fin de crear la categor\u00eda de \u00abciudades capitales\u00bb y as\u00ed adoptar mecanismos para fortalecer la descentralizaci\u00f3n administrativa. Es as\u00ed como todos los municipios que tienen la condici\u00f3n de capitales departamentales pertenecer\u00e1n a la categor\u00eda de \u00abciudades capitales\u00bb y tendr\u00e1n un r\u00e9gimen especial &hellip;<\/p>\n<p class=\"read-more\"> <a class=\"\" href=\"https:\/\/juliocesartriana.com\/index.php\/2021\/05\/29\/ciudades-capitales\/\"> <span class=\"screen-reader-text\">Ciudades Capitales<\/span> Leer m\u00e1s &raquo;<\/a><\/p>\n","protected":false},"author":1,"featured_media":2420,"comment_status":"closed","ping_status":"closed","sticky":false,"template":"","format":"standard","meta":{"ngg_post_thumbnail":0,"footnotes":""},"categories":[4],"tags":[],"class_list":["post-2419","post","type-post","status-publish","format-standard","has-post-thumbnail","hentry","category-proyectos-de-ley"],"yoast_head":"<!-- This site is optimized with the Yoast SEO plugin v18.5.1 - https:\/\/yoast.com\/wordpress\/plugins\/seo\/ -->\n<title>Julio C\u00e9sar Triana - Representante a la C\u00e1mara por el Huila<\/title>\n<meta name=\"robots\" content=\"index, follow, max-snippet:-1, max-image-preview:large, max-video-preview:-1\" \/>\n<link rel=\"canonical\" href=\"https:\/\/juliocesartriana.com\/index.php\/2021\/05\/29\/ciudades-capitales\/\" \/>\n<meta property=\"og:locale\" content=\"es_ES\" \/>\n<meta property=\"og:type\" content=\"article\" \/>\n<meta property=\"og:title\" content=\"Julio C\u00e9sar Triana - Representante a la C\u00e1mara por el Huila\" \/>\n<meta property=\"og:description\" content=\"Logramos que este proyecto se convirtiera en Ley de la Rep\u00fablica, con el fin de crear la categor\u00eda de \u00abciudades capitales\u00bb y as\u00ed adoptar mecanismos para fortalecer la descentralizaci\u00f3n administrativa. Es as\u00ed como todos los municipios que tienen la condici\u00f3n de capitales departamentales pertenecer\u00e1n a la categor\u00eda de \u00abciudades capitales\u00bb y tendr\u00e1n un r\u00e9gimen especial &hellip; Ciudades Capitales Leer m\u00e1s &raquo;\" \/>\n<meta property=\"og:url\" content=\"https:\/\/juliocesartriana.com\/index.php\/2021\/05\/29\/ciudades-capitales\/\" \/>\n<meta property=\"og:site_name\" content=\"Julio C\u00e9sar Triana - Representante a la C\u00e1mara por el Huila\" \/>\n<meta property=\"article:publisher\" content=\"https:\/\/www.facebook.com\/TrianaCongreso\/\" \/>\n<meta property=\"article:published_time\" content=\"2021-05-29T13:57:53+00:00\" \/>\n<meta property=\"article:modified_time\" content=\"2021-05-29T13:58:57+00:00\" \/>\n<meta property=\"og:image\" content=\"https:\/\/juliocesartriana.com\/wp-content\/uploads\/2021\/05\/Ciudades-capitales-scaled-e1622296631207.jpg\" \/>\n\t<meta property=\"og:image:width\" content=\"1160\" \/>\n\t<meta property=\"og:image:height\" content=\"773\" \/>\n\t<meta property=\"og:image:type\" content=\"image\/jpeg\" \/>\n<meta name=\"twitter:card\" content=\"summary_large_image\" \/>\n<meta name=\"twitter:label1\" content=\"Escrito por\" \/>\n\t<meta name=\"twitter:data1\" content=\"admin\" \/>\n\t<meta name=\"twitter:label2\" content=\"Tiempo de lectura\" \/>\n\t<meta name=\"twitter:data2\" content=\"1 minuto\" \/>\n<script type=\"application\/ld+json\" class=\"yoast-schema-graph\">{\"@context\":\"https:\/\/schema.org\",\"@graph\":[{\"@type\":\"Organization\",\"@id\":\"https:\/\/juliocesartriana.com\/#organization\",\"name\":\"Julio C\u00e9sar Triana - Representante a la C\u00e1mara\",\"url\":\"https:\/\/juliocesartriana.com\/\",\"sameAs\":[\"https:\/\/www.facebook.com\/TrianaCongreso\/\",\"https:\/\/www.instagram.com\/trianacongreso\/\"],\"logo\":{\"@type\":\"ImageObject\",\"@id\":\"https:\/\/juliocesartriana.com\/#logo\",\"inLanguage\":\"es\",\"url\":\"https:\/\/juliocesartriana.com\/wp-content\/uploads\/2021\/03\/Salo\u0301n-eli\u0301ptico-presidiendo-1.jpeg\",\"contentUrl\":\"https:\/\/juliocesartriana.com\/wp-content\/uploads\/2021\/03\/Salo\u0301n-eli\u0301ptico-presidiendo-1.jpeg\",\"width\":1280,\"height\":853,\"caption\":\"Julio C\u00e9sar Triana - Representante a la C\u00e1mara\"},\"image\":{\"@id\":\"https:\/\/juliocesartriana.com\/#logo\"}},{\"@type\":\"WebSite\",\"@id\":\"https:\/\/juliocesartriana.com\/#website\",\"url\":\"https:\/\/juliocesartriana.com\/\",\"name\":\"Julio C\u00e9sar Triana - Representante a la C\u00e1mara por el Huila\",\"description\":\"Representante a la C\u00e1mara por el Departamento del Huila.\",\"publisher\":{\"@id\":\"https:\/\/juliocesartriana.com\/#organization\"},\"potentialAction\":[{\"@type\":\"SearchAction\",\"target\":{\"@type\":\"EntryPoint\",\"urlTemplate\":\"https:\/\/juliocesartriana.com\/?s={search_term_string}\"},\"query-input\":\"required name=search_term_string\"}],\"inLanguage\":\"es\"},{\"@type\":\"ImageObject\",\"@id\":\"https:\/\/juliocesartriana.com\/index.php\/2021\/05\/29\/ciudades-capitales\/#primaryimage\",\"inLanguage\":\"es\",\"url\":\"https:\/\/juliocesartriana.com\/wp-content\/uploads\/2021\/05\/Ciudades-capitales-scaled-e1622296631207.jpg\",\"contentUrl\":\"https:\/\/juliocesartriana.com\/wp-content\/uploads\/2021\/05\/Ciudades-capitales-scaled-e1622296631207.jpg\",\"width\":1160,\"height\":773},{\"@type\":\"WebPage\",\"@id\":\"https:\/\/juliocesartriana.com\/index.php\/2021\/05\/29\/ciudades-capitales\/#webpage\",\"url\":\"https:\/\/juliocesartriana.com\/index.php\/2021\/05\/29\/ciudades-capitales\/\",\"name\":\"Julio C\u00e9sar Triana - Representante a la C\u00e1mara por el Huila\",\"isPartOf\":{\"@id\":\"https:\/\/juliocesartriana.com\/#website\"},\"primaryImageOfPage\":{\"@id\":\"https:\/\/juliocesartriana.com\/index.php\/2021\/05\/29\/ciudades-capitales\/#primaryimage\"},\"datePublished\":\"2021-05-29T13:57:53+00:00\",\"dateModified\":\"2021-05-29T13:58:57+00:00\",\"breadcrumb\":{\"@id\":\"https:\/\/juliocesartriana.com\/index.php\/2021\/05\/29\/ciudades-capitales\/#breadcrumb\"},\"inLanguage\":\"es\",\"potentialAction\":[{\"@type\":\"ReadAction\",\"target\":[\"https:\/\/juliocesartriana.com\/index.php\/2021\/05\/29\/ciudades-capitales\/\"]}]},{\"@type\":\"BreadcrumbList\",\"@id\":\"https:\/\/juliocesartriana.com\/index.php\/2021\/05\/29\/ciudades-capitales\/#breadcrumb\",\"itemListElement\":[{\"@type\":\"ListItem\",\"position\":1,\"name\":\"Portada\",\"item\":\"https:\/\/juliocesartriana.com\/\"},{\"@type\":\"ListItem\",\"position\":2,\"name\":\"Ciudades Capitales\"}]},{\"@type\":\"Article\",\"@id\":\"https:\/\/juliocesartriana.com\/index.php\/2021\/05\/29\/ciudades-capitales\/#article\",\"isPartOf\":{\"@id\":\"https:\/\/juliocesartriana.com\/index.php\/2021\/05\/29\/ciudades-capitales\/#webpage\"},\"author\":{\"@id\":\"https:\/\/juliocesartriana.com\/#\/schema\/person\/deecb92c18f2299a8c280aa4eabd1a03\"},\"headline\":\"Ciudades Capitales\",\"datePublished\":\"2021-05-29T13:57:53+00:00\",\"dateModified\":\"2021-05-29T13:58:57+00:00\",\"mainEntityOfPage\":{\"@id\":\"https:\/\/juliocesartriana.com\/index.php\/2021\/05\/29\/ciudades-capitales\/#webpage\"},\"wordCount\":275,\"publisher\":{\"@id\":\"https:\/\/juliocesartriana.com\/#organization\"},\"image\":{\"@id\":\"https:\/\/juliocesartriana.com\/index.php\/2021\/05\/29\/ciudades-capitales\/#primaryimage\"},\"thumbnailUrl\":\"https:\/\/juliocesartriana.com\/wp-content\/uploads\/2021\/05\/Ciudades-capitales-scaled-e1622296631207.jpg\",\"articleSection\":[\"Proyectos de Ley\"],\"inLanguage\":\"es\"},{\"@type\":\"Person\",\"@id\":\"https:\/\/juliocesartriana.com\/#\/schema\/person\/deecb92c18f2299a8c280aa4eabd1a03\",\"name\":\"admin\",\"image\":{\"@type\":\"ImageObject\",\"@id\":\"https:\/\/juliocesartriana.com\/#personlogo\",\"inLanguage\":\"es\",\"url\":\"https:\/\/secure.gravatar.com\/avatar\/a796496fa1985f3a559e872a5db21305d7a391de67117abdfa8eb899c7bea95c?s=96&d=mm&r=g\",\"contentUrl\":\"https:\/\/secure.gravatar.com\/avatar\/a796496fa1985f3a559e872a5db21305d7a391de67117abdfa8eb899c7bea95c?s=96&d=mm&r=g\",\"caption\":\"admin\"},\"sameAs\":[\"https:\/\/juliocesartriana.com\"],\"url\":\"https:\/\/juliocesartriana.com\/index.php\/author\/admin_dovqajq2\/\"}]}<\/script>\n<!-- \/ Yoast SEO plugin. -->","yoast_head_json":{"title":"Julio C\u00e9sar Triana - Representante a la C\u00e1mara por el Huila","robots":{"index":"index","follow":"follow","max-snippet":"max-snippet:-1","max-image-preview":"max-image-preview:large","max-video-preview":"max-video-preview:-1"},"canonical":"https:\/\/juliocesartriana.com\/index.php\/2021\/05\/29\/ciudades-capitales\/","og_locale":"es_ES","og_type":"article","og_title":"Julio C\u00e9sar Triana - Representante a la C\u00e1mara por el Huila","og_description":"Logramos que este proyecto se convirtiera en Ley de la Rep\u00fablica, con el fin de crear la categor\u00eda de \u00abciudades capitales\u00bb y as\u00ed adoptar mecanismos para fortalecer la descentralizaci\u00f3n administrativa. Es as\u00ed como todos los municipios que tienen la condici\u00f3n de capitales departamentales pertenecer\u00e1n a la categor\u00eda de \u00abciudades capitales\u00bb y tendr\u00e1n un r\u00e9gimen especial &hellip; Ciudades Capitales Leer m\u00e1s &raquo;","og_url":"https:\/\/juliocesartriana.com\/index.php\/2021\/05\/29\/ciudades-capitales\/","og_site_name":"Julio C\u00e9sar Triana - Representante a la C\u00e1mara por el Huila","article_publisher":"https:\/\/www.facebook.com\/TrianaCongreso\/","article_published_time":"2021-05-29T13:57:53+00:00","article_modified_time":"2021-05-29T13:58:57+00:00","og_image":[{"width":1160,"height":773,"url":"https:\/\/juliocesartriana.com\/wp-content\/uploads\/2021\/05\/Ciudades-capitales-scaled-e1622296631207.jpg","type":"image\/jpeg"}],"twitter_card":"summary_large_image","twitter_misc":{"Escrito por":"admin","Tiempo de lectura":"1 minuto"},"schema":{"@context":"https:\/\/schema.org","@graph":[{"@type":"Organization","@id":"https:\/\/juliocesartriana.com\/#organization","name":"Julio C\u00e9sar Triana - Representante a la C\u00e1mara","url":"https:\/\/juliocesartriana.com\/","sameAs":["https:\/\/www.facebook.com\/TrianaCongreso\/","https:\/\/www.instagram.com\/trianacongreso\/"],"logo":{"@type":"ImageObject","@id":"https:\/\/juliocesartriana.com\/#logo","inLanguage":"es","url":"https:\/\/juliocesartriana.com\/wp-content\/uploads\/2021\/03\/Salo\u0301n-eli\u0301ptico-presidiendo-1.jpeg","contentUrl":"https:\/\/juliocesartriana.com\/wp-content\/uploads\/2021\/03\/Salo\u0301n-eli\u0301ptico-presidiendo-1.jpeg","width":1280,"height":853,"caption":"Julio C\u00e9sar Triana - Representante a la C\u00e1mara"},"image":{"@id":"https:\/\/juliocesartriana.com\/#logo"}},{"@type":"WebSite","@id":"https:\/\/juliocesartriana.com\/#website","url":"https:\/\/juliocesartriana.com\/","name":"Julio C\u00e9sar Triana - Representante a la C\u00e1mara por el Huila","description":"Representante a la C\u00e1mara por el Departamento del Huila.","publisher":{"@id":"https:\/\/juliocesartriana.com\/#organization"},"potentialAction":[{"@type":"SearchAction","target":{"@type":"EntryPoint","urlTemplate":"https:\/\/juliocesartriana.com\/?s={search_term_string}"},"query-input":"required name=search_term_string"}],"inLanguage":"es"},{"@type":"ImageObject","@id":"https:\/\/juliocesartriana.com\/index.php\/2021\/05\/29\/ciudades-capitales\/#primaryimage","inLanguage":"es","url":"https:\/\/juliocesartriana.com\/wp-content\/uploads\/2021\/05\/Ciudades-capitales-scaled-e1622296631207.jpg","contentUrl":"https:\/\/juliocesartriana.com\/wp-content\/uploads\/2021\/05\/Ciudades-capitales-scaled-e1622296631207.jpg","width":1160,"height":773},{"@type":"WebPage","@id":"https:\/\/juliocesartriana.com\/index.php\/2021\/05\/29\/ciudades-capitales\/#webpage","url":"https:\/\/juliocesartriana.com\/index.php\/2021\/05\/29\/ciudades-capitales\/","name":"Julio C\u00e9sar Triana - Representante a la C\u00e1mara por el Huila","isPartOf":{"@id":"https:\/\/juliocesartriana.com\/#website"},"primaryImageOfPage":{"@id":"https:\/\/juliocesartriana.com\/index.php\/2021\/05\/29\/ciudades-capitales\/#primaryimage"},"datePublished":"2021-05-29T13:57:53+00:00","dateModified":"2021-05-29T13:58:57+00:00","breadcrumb":{"@id":"https:\/\/juliocesartriana.com\/index.php\/2021\/05\/29\/ciudades-capitales\/#breadcrumb"},"inLanguage":"es","potentialAction":[{"@type":"ReadAction","target":["https:\/\/juliocesartriana.com\/index.php\/2021\/05\/29\/ciudades-capitales\/"]}]},{"@type":"BreadcrumbList","@id":"https:\/\/juliocesartriana.com\/index.php\/2021\/05\/29\/ciudades-capitales\/#breadcrumb","itemListElement":[{"@type":"ListItem","position":1,"name":"Portada","item":"https:\/\/juliocesartriana.com\/"},{"@type":"ListItem","position":2,"name":"Ciudades Capitales"}]},{"@type":"Article","@id":"https:\/\/juliocesartriana.com\/index.php\/2021\/05\/29\/ciudades-capitales\/#article","isPartOf":{"@id":"https:\/\/juliocesartriana.com\/index.php\/2021\/05\/29\/ciudades-capitales\/#webpage"},"author":{"@id":"https:\/\/juliocesartriana.com\/#\/schema\/person\/deecb92c18f2299a8c280aa4eabd1a03"},"headline":"Ciudades Capitales","datePublished":"2021-05-29T13:57:53+00:00","dateModified":"2021-05-29T13:58:57+00:00","mainEntityOfPage":{"@id":"https:\/\/juliocesartriana.com\/index.php\/2021\/05\/29\/ciudades-capitales\/#webpage"},"wordCount":275,"publisher":{"@id":"https:\/\/juliocesartriana.com\/#organization"},"image":{"@id":"https:\/\/juliocesartriana.com\/index.php\/2021\/05\/29\/ciudades-capitales\/#primaryimage"},"thumbnailUrl":"https:\/\/juliocesartriana.com\/wp-content\/uploads\/2021\/05\/Ciudades-capitales-scaled-e1622296631207.jpg","articleSection":["Proyectos de Ley"],"inLanguage":"es"},{"@type":"Person","@id":"https:\/\/juliocesartriana.com\/#\/schema\/person\/deecb92c18f2299a8c280aa4eabd1a03","name":"admin","image":{"@type":"ImageObject","@id":"https:\/\/juliocesartriana.com\/#personlogo","inLanguage":"es","url":"https:\/\/secure.gravatar.com\/avatar\/a796496fa1985f3a559e872a5db21305d7a391de67117abdfa8eb899c7bea95c?s=96&d=mm&r=g","contentUrl":"https:\/\/secure.gravatar.com\/avatar\/a796496fa1985f3a559e872a5db21305d7a391de67117abdfa8eb899c7bea95c?s=96&d=mm&r=g","caption":"admin"},"sameAs":["https:\/\/juliocesartriana.com"],"url":"https:\/\/juliocesartriana.com\/index.php\/author\/admin_dovqajq2\/"}]}},"_links":{"self":[{"href":"https:\/\/juliocesartriana.com\/index.php\/wp-json\/wp\/v2\/posts\/2419","targetHints":{"allow":["GET"]}}],"collection":[{"href":"https:\/\/juliocesartriana.com\/index.php\/wp-json\/wp\/v2\/posts"}],"about":[{"href":"https:\/\/juliocesartriana.com\/index.php\/wp-json\/wp\/v2\/types\/post"}],"author":[{"embeddable":true,"href":"https:\/\/juliocesartriana.com\/index.php\/wp-json\/wp\/v2\/users\/1"}],"replies":[{"embeddable":true,"href":"https:\/\/juliocesartriana.com\/index.php\/wp-json\/wp\/v2\/comments?post=2419"}],"version-history":[{"count":3,"href":"https:\/\/juliocesartriana.com\/index.php\/wp-json\/wp\/v2\/posts\/2419\/revisions"}],"predecessor-version":[{"id":2424,"href":"https:\/\/juliocesartriana.com\/index.php\/wp-json\/wp\/v2\/posts\/2419\/revisions\/2424"}],"wp:featuredmedia":[{"embeddable":true,"href":"https:\/\/juliocesartriana.com\/index.php\/wp-json\/wp\/v2\/media\/2420"}],"wp:attachment":[{"href":"https:\/\/juliocesartriana.com\/index.php\/wp-json\/wp\/v2\/media?parent=2419"}],"wp:term":[{"taxonomy":"category","embeddable":true,"href":"https:\/\/juliocesartriana.com\/index.php\/wp-json\/wp\/v2\/categories?post=2419"},{"taxonomy":"post_tag","embeddable":true,"href":"https:\/\/juliocesartriana.com\/index.php\/wp-json\/wp\/v2\/tags?post=2419"}],"curies":[{"name":"wp","href":"https:\/\/api.w.org\/{rel}","templated":true}]}}