{"id":2354,"date":"2021-05-14T13:07:01","date_gmt":"2021-05-14T13:07:01","guid":{"rendered":"https:\/\/juliocesartriana.com\/?p=2354"},"modified":"2021-09-21T16:02:57","modified_gmt":"2021-09-21T16:02:57","slug":"salvemos-el-campo-colombiano","status":"publish","type":"post","link":"https:\/\/juliocesartriana.com\/index.php\/2021\/05\/14\/salvemos-el-campo-colombiano\/","title":{"rendered":"Exigimos Subsidios para agroinsumos"},"content":{"rendered":"\n<p>En medio de la crisis nacional que vive nuestro pa\u00eds, el sector agropecuario ha expresado la cr\u00edtica situaci\u00f3n que tiene que vivir por el elevado costo de los agroinsumos.<\/p>\n\n\n\n<p>Es por esto que le solicitamos al Gobierno Nacional y al Ministerio de Agricultura que establezca una pol\u00edtica de Estado para el control de estos precios y que adem\u00e1s establezca un subsidio especial para los principales insumos agropecuarios. <em><a href=\"https:\/\/www.facebook.com\/85147586731\/posts\/10158292084621732\/?d=n\" data-type=\"URL\" data-id=\"https:\/\/www.facebook.com\/85147586731\/posts\/10158292084621732\/?d=n\">Ver documento radicado<\/a>.<\/em><\/p>\n\n\n\n<p>Insumos como fertilizantes, enmiendas, acondicionadores de suelo, entre otros, han subido su valor hasta en un 40% y como si fuera poco, su precio no es est\u00e1ndar en todo el territorio nacional. Solo por citar un ejemplo, el fertilizante Fosfato Diam\u00f3nico se consigue en Tolima en un precio promedio de $97.575 &#8211; $101.600 pesos, en el Huila y el Cauca puede oscilar entre los $106.801-$121.667 pesos, pero en Nari\u00f1o el valor del bulto est\u00e1 entre $114.334- $138.600 pesos.<\/p>\n\n\n\n<p>No olvidemos que Colombia es un pa\u00eds agr\u00edcola y que en medio de la pandemia fue este sector el \u00fanico que gener\u00f3 un crecimiento positivo, dinamizando la econom\u00eda. Ahora, no podemos darles la espalda.<\/p>\n\n\n\n<div class=\"wp-block-buttons is-layout-flex wp-block-buttons-is-layout-flex\">\n<div class=\"wp-block-button has-custom-width wp-block-button__width-25\"><a class=\"wp-block-button__link has-white-color has-vivid-red-background-color has-text-color has-background\" href=\"https:\/\/fb.watch\/5tB2Zxhmh4\/\" style=\"border-radius:10px\">Ver Video<\/a><\/div>\n<\/div>\n","protected":false},"excerpt":{"rendered":"<p>En medio de la crisis nacional que vive nuestro pa\u00eds, el sector agropecuario ha expresado la cr\u00edtica situaci\u00f3n que tiene que vivir por el elevado costo de los agroinsumos. Es por esto que le solicitamos al Gobierno Nacional y al Ministerio de Agricultura que establezca una pol\u00edtica de Estado para el control de estos precios &hellip;<\/p>\n<p class=\"read-more\"> <a class=\"\" href=\"https:\/\/juliocesartriana.com\/index.php\/2021\/05\/14\/salvemos-el-campo-colombiano\/\"> <span class=\"screen-reader-text\">Exigimos Subsidios para agroinsumos<\/span> Leer m\u00e1s &raquo;<\/a><\/p>\n","protected":false},"author":1,"featured_media":2763,"comment_status":"closed","ping_status":"closed","sticky":false,"template":"","format":"standard","meta":{"ngg_post_thumbnail":0,"footnotes":""},"categories":[8],"tags":[],"class_list":["post-2354","post","type-post","status-publish","format-standard","has-post-thumbnail","hentry","category-gestion-por-el-huila"],"yoast_head":"<!-- This site is optimized with the Yoast SEO plugin v18.5.1 - https:\/\/yoast.com\/wordpress\/plugins\/seo\/ -->\n<title>Julio C\u00e9sar Triana - Representante a la C\u00e1mara por el Huila<\/title>\n<meta name=\"robots\" content=\"index, follow, max-snippet:-1, max-image-preview:large, max-video-preview:-1\" \/>\n<link rel=\"canonical\" href=\"https:\/\/juliocesartriana.com\/index.php\/2021\/05\/14\/salvemos-el-campo-colombiano\/\" \/>\n<meta property=\"og:locale\" content=\"es_ES\" \/>\n<meta property=\"og:type\" content=\"article\" \/>\n<meta property=\"og:title\" content=\"Julio C\u00e9sar Triana - Representante a la C\u00e1mara por el Huila\" \/>\n<meta property=\"og:description\" content=\"En medio de la crisis nacional que vive nuestro pa\u00eds, el sector agropecuario ha expresado la cr\u00edtica situaci\u00f3n que tiene que vivir por el elevado costo de los agroinsumos. Es por esto que le solicitamos al Gobierno Nacional y al Ministerio de Agricultura que establezca una pol\u00edtica de Estado para el control de estos precios &hellip; Exigimos Subsidios para agroinsumos Leer m\u00e1s &raquo;\" \/>\n<meta property=\"og:url\" content=\"https:\/\/juliocesartriana.com\/index.php\/2021\/05\/14\/salvemos-el-campo-colombiano\/\" \/>\n<meta property=\"og:site_name\" content=\"Julio C\u00e9sar Triana - Representante a la C\u00e1mara por el Huila\" \/>\n<meta property=\"article:publisher\" content=\"https:\/\/www.facebook.com\/TrianaCongreso\/\" \/>\n<meta property=\"article:published_time\" content=\"2021-05-14T13:07:01+00:00\" \/>\n<meta property=\"article:modified_time\" content=\"2021-09-21T16:02:57+00:00\" \/>\n<meta property=\"og:image\" content=\"https:\/\/juliocesartriana.com\/wp-content\/uploads\/2021\/05\/exigimos-subsidios-para-agroinsumos.jpg\" \/>\n\t<meta property=\"og:image:width\" content=\"1200\" \/>\n\t<meta property=\"og:image:height\" content=\"800\" \/>\n\t<meta property=\"og:image:type\" content=\"image\/jpeg\" \/>\n<meta name=\"twitter:card\" content=\"summary_large_image\" \/>\n<meta name=\"twitter:label1\" content=\"Escrito por\" \/>\n\t<meta name=\"twitter:data1\" content=\"admin\" \/>\n\t<meta name=\"twitter:label2\" content=\"Tiempo de lectura\" \/>\n\t<meta name=\"twitter:data2\" content=\"1 minuto\" \/>\n<script type=\"application\/ld+json\" class=\"yoast-schema-graph\">{\"@context\":\"https:\/\/schema.org\",\"@graph\":[{\"@type\":\"Organization\",\"@id\":\"https:\/\/juliocesartriana.com\/#organization\",\"name\":\"Julio C\u00e9sar Triana - Representante a la C\u00e1mara\",\"url\":\"https:\/\/juliocesartriana.com\/\",\"sameAs\":[\"https:\/\/www.facebook.com\/TrianaCongreso\/\",\"https:\/\/www.instagram.com\/trianacongreso\/\"],\"logo\":{\"@type\":\"ImageObject\",\"@id\":\"https:\/\/juliocesartriana.com\/#logo\",\"inLanguage\":\"es\",\"url\":\"https:\/\/juliocesartriana.com\/wp-content\/uploads\/2021\/03\/Salo\u0301n-eli\u0301ptico-presidiendo-1.jpeg\",\"contentUrl\":\"https:\/\/juliocesartriana.com\/wp-content\/uploads\/2021\/03\/Salo\u0301n-eli\u0301ptico-presidiendo-1.jpeg\",\"width\":1280,\"height\":853,\"caption\":\"Julio C\u00e9sar Triana - Representante a la C\u00e1mara\"},\"image\":{\"@id\":\"https:\/\/juliocesartriana.com\/#logo\"}},{\"@type\":\"WebSite\",\"@id\":\"https:\/\/juliocesartriana.com\/#website\",\"url\":\"https:\/\/juliocesartriana.com\/\",\"name\":\"Julio C\u00e9sar Triana - Representante a la C\u00e1mara por el Huila\",\"description\":\"Representante a la C\u00e1mara por el Departamento del Huila.\",\"publisher\":{\"@id\":\"https:\/\/juliocesartriana.com\/#organization\"},\"potentialAction\":[{\"@type\":\"SearchAction\",\"target\":{\"@type\":\"EntryPoint\",\"urlTemplate\":\"https:\/\/juliocesartriana.com\/?s={search_term_string}\"},\"query-input\":\"required name=search_term_string\"}],\"inLanguage\":\"es\"},{\"@type\":\"ImageObject\",\"@id\":\"https:\/\/juliocesartriana.com\/index.php\/2021\/05\/14\/salvemos-el-campo-colombiano\/#primaryimage\",\"inLanguage\":\"es\",\"url\":\"https:\/\/juliocesartriana.com\/wp-content\/uploads\/2021\/05\/exigimos-subsidios-para-agroinsumos.jpg\",\"contentUrl\":\"https:\/\/juliocesartriana.com\/wp-content\/uploads\/2021\/05\/exigimos-subsidios-para-agroinsumos.jpg\",\"width\":1200,\"height\":800},{\"@type\":\"WebPage\",\"@id\":\"https:\/\/juliocesartriana.com\/index.php\/2021\/05\/14\/salvemos-el-campo-colombiano\/#webpage\",\"url\":\"https:\/\/juliocesartriana.com\/index.php\/2021\/05\/14\/salvemos-el-campo-colombiano\/\",\"name\":\"Julio C\u00e9sar Triana - Representante a la C\u00e1mara por el Huila\",\"isPartOf\":{\"@id\":\"https:\/\/juliocesartriana.com\/#website\"},\"primaryImageOfPage\":{\"@id\":\"https:\/\/juliocesartriana.com\/index.php\/2021\/05\/14\/salvemos-el-campo-colombiano\/#primaryimage\"},\"datePublished\":\"2021-05-14T13:07:01+00:00\",\"dateModified\":\"2021-09-21T16:02:57+00:00\",\"breadcrumb\":{\"@id\":\"https:\/\/juliocesartriana.com\/index.php\/2021\/05\/14\/salvemos-el-campo-colombiano\/#breadcrumb\"},\"inLanguage\":\"es\",\"potentialAction\":[{\"@type\":\"ReadAction\",\"target\":[\"https:\/\/juliocesartriana.com\/index.php\/2021\/05\/14\/salvemos-el-campo-colombiano\/\"]}]},{\"@type\":\"BreadcrumbList\",\"@id\":\"https:\/\/juliocesartriana.com\/index.php\/2021\/05\/14\/salvemos-el-campo-colombiano\/#breadcrumb\",\"itemListElement\":[{\"@type\":\"ListItem\",\"position\":1,\"name\":\"Portada\",\"item\":\"https:\/\/juliocesartriana.com\/\"},{\"@type\":\"ListItem\",\"position\":2,\"name\":\"Exigimos Subsidios para agroinsumos\"}]},{\"@type\":\"Article\",\"@id\":\"https:\/\/juliocesartriana.com\/index.php\/2021\/05\/14\/salvemos-el-campo-colombiano\/#article\",\"isPartOf\":{\"@id\":\"https:\/\/juliocesartriana.com\/index.php\/2021\/05\/14\/salvemos-el-campo-colombiano\/#webpage\"},\"author\":{\"@id\":\"https:\/\/juliocesartriana.com\/#\/schema\/person\/deecb92c18f2299a8c280aa4eabd1a03\"},\"headline\":\"Exigimos Subsidios para agroinsumos\",\"datePublished\":\"2021-05-14T13:07:01+00:00\",\"dateModified\":\"2021-09-21T16:02:57+00:00\",\"mainEntityOfPage\":{\"@id\":\"https:\/\/juliocesartriana.com\/index.php\/2021\/05\/14\/salvemos-el-campo-colombiano\/#webpage\"},\"wordCount\":195,\"publisher\":{\"@id\":\"https:\/\/juliocesartriana.com\/#organization\"},\"image\":{\"@id\":\"https:\/\/juliocesartriana.com\/index.php\/2021\/05\/14\/salvemos-el-campo-colombiano\/#primaryimage\"},\"thumbnailUrl\":\"https:\/\/juliocesartriana.com\/wp-content\/uploads\/2021\/05\/exigimos-subsidios-para-agroinsumos.jpg\",\"articleSection\":[\"Gesti\u00f3n por el Huila\"],\"inLanguage\":\"es\"},{\"@type\":\"Person\",\"@id\":\"https:\/\/juliocesartriana.com\/#\/schema\/person\/deecb92c18f2299a8c280aa4eabd1a03\",\"name\":\"admin\",\"image\":{\"@type\":\"ImageObject\",\"@id\":\"https:\/\/juliocesartriana.com\/#personlogo\",\"inLanguage\":\"es\",\"url\":\"https:\/\/secure.gravatar.com\/avatar\/a796496fa1985f3a559e872a5db21305d7a391de67117abdfa8eb899c7bea95c?s=96&d=mm&r=g\",\"contentUrl\":\"https:\/\/secure.gravatar.com\/avatar\/a796496fa1985f3a559e872a5db21305d7a391de67117abdfa8eb899c7bea95c?s=96&d=mm&r=g\",\"caption\":\"admin\"},\"sameAs\":[\"https:\/\/juliocesartriana.com\"],\"url\":\"https:\/\/juliocesartriana.com\/index.php\/author\/admin_dovqajq2\/\"}]}<\/script>\n<!-- \/ Yoast SEO plugin. -->","yoast_head_json":{"title":"Julio C\u00e9sar Triana - Representante a la C\u00e1mara por el Huila","robots":{"index":"index","follow":"follow","max-snippet":"max-snippet:-1","max-image-preview":"max-image-preview:large","max-video-preview":"max-video-preview:-1"},"canonical":"https:\/\/juliocesartriana.com\/index.php\/2021\/05\/14\/salvemos-el-campo-colombiano\/","og_locale":"es_ES","og_type":"article","og_title":"Julio C\u00e9sar Triana - Representante a la C\u00e1mara por el Huila","og_description":"En medio de la crisis nacional que vive nuestro pa\u00eds, el sector agropecuario ha expresado la cr\u00edtica situaci\u00f3n que tiene que vivir por el elevado costo de los agroinsumos. Es por esto que le solicitamos al Gobierno Nacional y al Ministerio de Agricultura que establezca una pol\u00edtica de Estado para el control de estos precios &hellip; Exigimos Subsidios para agroinsumos Leer m\u00e1s &raquo;","og_url":"https:\/\/juliocesartriana.com\/index.php\/2021\/05\/14\/salvemos-el-campo-colombiano\/","og_site_name":"Julio C\u00e9sar Triana - Representante a la C\u00e1mara por el Huila","article_publisher":"https:\/\/www.facebook.com\/TrianaCongreso\/","article_published_time":"2021-05-14T13:07:01+00:00","article_modified_time":"2021-09-21T16:02:57+00:00","og_image":[{"width":1200,"height":800,"url":"https:\/\/juliocesartriana.com\/wp-content\/uploads\/2021\/05\/exigimos-subsidios-para-agroinsumos.jpg","type":"image\/jpeg"}],"twitter_card":"summary_large_image","twitter_misc":{"Escrito por":"admin","Tiempo de lectura":"1 minuto"},"schema":{"@context":"https:\/\/schema.org","@graph":[{"@type":"Organization","@id":"https:\/\/juliocesartriana.com\/#organization","name":"Julio C\u00e9sar Triana - Representante a la C\u00e1mara","url":"https:\/\/juliocesartriana.com\/","sameAs":["https:\/\/www.facebook.com\/TrianaCongreso\/","https:\/\/www.instagram.com\/trianacongreso\/"],"logo":{"@type":"ImageObject","@id":"https:\/\/juliocesartriana.com\/#logo","inLanguage":"es","url":"https:\/\/juliocesartriana.com\/wp-content\/uploads\/2021\/03\/Salo\u0301n-eli\u0301ptico-presidiendo-1.jpeg","contentUrl":"https:\/\/juliocesartriana.com\/wp-content\/uploads\/2021\/03\/Salo\u0301n-eli\u0301ptico-presidiendo-1.jpeg","width":1280,"height":853,"caption":"Julio C\u00e9sar Triana - Representante a la C\u00e1mara"},"image":{"@id":"https:\/\/juliocesartriana.com\/#logo"}},{"@type":"WebSite","@id":"https:\/\/juliocesartriana.com\/#website","url":"https:\/\/juliocesartriana.com\/","name":"Julio C\u00e9sar Triana - Representante a la C\u00e1mara por el Huila","description":"Representante a la C\u00e1mara por el Departamento del Huila.","publisher":{"@id":"https:\/\/juliocesartriana.com\/#organization"},"potentialAction":[{"@type":"SearchAction","target":{"@type":"EntryPoint","urlTemplate":"https:\/\/juliocesartriana.com\/?s={search_term_string}"},"query-input":"required name=search_term_string"}],"inLanguage":"es"},{"@type":"ImageObject","@id":"https:\/\/juliocesartriana.com\/index.php\/2021\/05\/14\/salvemos-el-campo-colombiano\/#primaryimage","inLanguage":"es","url":"https:\/\/juliocesartriana.com\/wp-content\/uploads\/2021\/05\/exigimos-subsidios-para-agroinsumos.jpg","contentUrl":"https:\/\/juliocesartriana.com\/wp-content\/uploads\/2021\/05\/exigimos-subsidios-para-agroinsumos.jpg","width":1200,"height":800},{"@type":"WebPage","@id":"https:\/\/juliocesartriana.com\/index.php\/2021\/05\/14\/salvemos-el-campo-colombiano\/#webpage","url":"https:\/\/juliocesartriana.com\/index.php\/2021\/05\/14\/salvemos-el-campo-colombiano\/","name":"Julio C\u00e9sar Triana - Representante a la C\u00e1mara por el Huila","isPartOf":{"@id":"https:\/\/juliocesartriana.com\/#website"},"primaryImageOfPage":{"@id":"https:\/\/juliocesartriana.com\/index.php\/2021\/05\/14\/salvemos-el-campo-colombiano\/#primaryimage"},"datePublished":"2021-05-14T13:07:01+00:00","dateModified":"2021-09-21T16:02:57+00:00","breadcrumb":{"@id":"https:\/\/juliocesartriana.com\/index.php\/2021\/05\/14\/salvemos-el-campo-colombiano\/#breadcrumb"},"inLanguage":"es","potentialAction":[{"@type":"ReadAction","target":["https:\/\/juliocesartriana.com\/index.php\/2021\/05\/14\/salvemos-el-campo-colombiano\/"]}]},{"@type":"BreadcrumbList","@id":"https:\/\/juliocesartriana.com\/index.php\/2021\/05\/14\/salvemos-el-campo-colombiano\/#breadcrumb","itemListElement":[{"@type":"ListItem","position":1,"name":"Portada","item":"https:\/\/juliocesartriana.com\/"},{"@type":"ListItem","position":2,"name":"Exigimos Subsidios para agroinsumos"}]},{"@type":"Article","@id":"https:\/\/juliocesartriana.com\/index.php\/2021\/05\/14\/salvemos-el-campo-colombiano\/#article","isPartOf":{"@id":"https:\/\/juliocesartriana.com\/index.php\/2021\/05\/14\/salvemos-el-campo-colombiano\/#webpage"},"author":{"@id":"https:\/\/juliocesartriana.com\/#\/schema\/person\/deecb92c18f2299a8c280aa4eabd1a03"},"headline":"Exigimos Subsidios para agroinsumos","datePublished":"2021-05-14T13:07:01+00:00","dateModified":"2021-09-21T16:02:57+00:00","mainEntityOfPage":{"@id":"https:\/\/juliocesartriana.com\/index.php\/2021\/05\/14\/salvemos-el-campo-colombiano\/#webpage"},"wordCount":195,"publisher":{"@id":"https:\/\/juliocesartriana.com\/#organization"},"image":{"@id":"https:\/\/juliocesartriana.com\/index.php\/2021\/05\/14\/salvemos-el-campo-colombiano\/#primaryimage"},"thumbnailUrl":"https:\/\/juliocesartriana.com\/wp-content\/uploads\/2021\/05\/exigimos-subsidios-para-agroinsumos.jpg","articleSection":["Gesti\u00f3n por el Huila"],"inLanguage":"es"},{"@type":"Person","@id":"https:\/\/juliocesartriana.com\/#\/schema\/person\/deecb92c18f2299a8c280aa4eabd1a03","name":"admin","image":{"@type":"ImageObject","@id":"https:\/\/juliocesartriana.com\/#personlogo","inLanguage":"es","url":"https:\/\/secure.gravatar.com\/avatar\/a796496fa1985f3a559e872a5db21305d7a391de67117abdfa8eb899c7bea95c?s=96&d=mm&r=g","contentUrl":"https:\/\/secure.gravatar.com\/avatar\/a796496fa1985f3a559e872a5db21305d7a391de67117abdfa8eb899c7bea95c?s=96&d=mm&r=g","caption":"admin"},"sameAs":["https:\/\/juliocesartriana.com"],"url":"https:\/\/juliocesartriana.com\/index.php\/author\/admin_dovqajq2\/"}]}},"_links":{"self":[{"href":"https:\/\/juliocesartriana.com\/index.php\/wp-json\/wp\/v2\/posts\/2354","targetHints":{"allow":["GET"]}}],"collection":[{"href":"https:\/\/juliocesartriana.com\/index.php\/wp-json\/wp\/v2\/posts"}],"about":[{"href":"https:\/\/juliocesartriana.com\/index.php\/wp-json\/wp\/v2\/types\/post"}],"author":[{"embeddable":true,"href":"https:\/\/juliocesartriana.com\/index.php\/wp-json\/wp\/v2\/users\/1"}],"replies":[{"embeddable":true,"href":"https:\/\/juliocesartriana.com\/index.php\/wp-json\/wp\/v2\/comments?post=2354"}],"version-history":[{"count":7,"href":"https:\/\/juliocesartriana.com\/index.php\/wp-json\/wp\/v2\/posts\/2354\/revisions"}],"predecessor-version":[{"id":2678,"href":"https:\/\/juliocesartriana.com\/index.php\/wp-json\/wp\/v2\/posts\/2354\/revisions\/2678"}],"wp:featuredmedia":[{"embeddable":true,"href":"https:\/\/juliocesartriana.com\/index.php\/wp-json\/wp\/v2\/media\/2763"}],"wp:attachment":[{"href":"https:\/\/juliocesartriana.com\/index.php\/wp-json\/wp\/v2\/media?parent=2354"}],"wp:term":[{"taxonomy":"category","embeddable":true,"href":"https:\/\/juliocesartriana.com\/index.php\/wp-json\/wp\/v2\/categories?post=2354"},{"taxonomy":"post_tag","embeddable":true,"href":"https:\/\/juliocesartriana.com\/index.php\/wp-json\/wp\/v2\/tags?post=2354"}],"curies":[{"name":"wp","href":"https:\/\/api.w.org\/{rel}","templated":true}]}}