{"id":2132,"date":"2021-04-03T21:37:45","date_gmt":"2021-04-03T21:37:45","guid":{"rendered":"https:\/\/juliocesartriana.com\/?p=2132"},"modified":"2021-09-21T16:05:57","modified_gmt":"2021-09-21T16:05:57","slug":"no-a-las-mediciones-por-promedio-en-el-servicio-del-gas","status":"publish","type":"post","link":"https:\/\/juliocesartriana.com\/index.php\/2021\/04\/03\/no-a-las-mediciones-por-promedio-en-el-servicio-del-gas\/","title":{"rendered":"Conseguimos que se investigara a Alcanos por abusos en la facturaci\u00f3n"},"content":{"rendered":"\n<p>En medio de la pandemia, tras nuestras reiteradas quejas en el capitolio y la solicitud ante la Superintendencia de Servicios P\u00fablicos, logramos que se adoptaran medidas para reducir los costos en la factura del gas. La CREG determin\u00f3 que el valor del d\u00f3lar no pude incidir y que las empresas comercializadoras deber\u00e1n utilizar la mejor TRM, con el fin de reducir las tarifas. Adem\u00e1s se inici\u00f3 una investigaci\u00f3n formal a Alcanos de Colombia por los presuntos abusos en el cobro de sus facturas.<\/p>\n\n\n\n<div class=\"wp-block-buttons is-layout-flex wp-block-buttons-is-layout-flex\">\n<div class=\"wp-block-button has-custom-width wp-block-button__width-25\"><a class=\"wp-block-button__link has-white-color has-vivid-red-background-color has-text-color has-background\" href=\"https:\/\/www.facebook.com\/TrianaCongreso\/posts\/10157413381606732\" style=\"border-radius:10px\" target=\"_blank\" rel=\"noreferrer noopener\">Ver video<\/a><\/div>\n<\/div>\n\n\n\n<figure class=\"wp-block-embed is-type-rich is-provider-facebook wp-block-embed-facebook\"><div class=\"wp-block-embed__wrapper\">\nhttps:\/\/www.facebook.com\/TrianaCongreso\/posts\/10157413381606732\n<\/div><\/figure>\n","protected":false},"excerpt":{"rendered":"<p>En medio de la pandemia, tras nuestras reiteradas quejas en el capitolio y la solicitud ante la Superintendencia de Servicios P\u00fablicos, logramos que se adoptaran medidas para reducir los costos en la factura del gas. La CREG determin\u00f3 que el valor del d\u00f3lar no pude incidir y que las empresas comercializadoras deber\u00e1n utilizar la mejor &hellip;<\/p>\n<p class=\"read-more\"> <a class=\"\" href=\"https:\/\/juliocesartriana.com\/index.php\/2021\/04\/03\/no-a-las-mediciones-por-promedio-en-el-servicio-del-gas\/\"> <span class=\"screen-reader-text\">Conseguimos que se investigara a Alcanos por abusos en la facturaci\u00f3n<\/span> Leer m\u00e1s &raquo;<\/a><\/p>\n","protected":false},"author":1,"featured_media":2766,"comment_status":"open","ping_status":"open","sticky":false,"template":"","format":"standard","meta":{"ngg_post_thumbnail":0,"footnotes":""},"categories":[8],"tags":[],"class_list":["post-2132","post","type-post","status-publish","format-standard","has-post-thumbnail","hentry","category-gestion-por-el-huila"],"yoast_head":"<!-- This site is optimized with the Yoast SEO plugin v18.5.1 - https:\/\/yoast.com\/wordpress\/plugins\/seo\/ -->\n<title>Julio C\u00e9sar Triana - Representante a la C\u00e1mara por el Huila<\/title>\n<meta name=\"robots\" content=\"index, follow, max-snippet:-1, max-image-preview:large, max-video-preview:-1\" \/>\n<link rel=\"canonical\" href=\"https:\/\/juliocesartriana.com\/index.php\/2021\/04\/03\/no-a-las-mediciones-por-promedio-en-el-servicio-del-gas\/\" \/>\n<meta property=\"og:locale\" content=\"es_ES\" \/>\n<meta property=\"og:type\" content=\"article\" \/>\n<meta property=\"og:title\" content=\"Julio C\u00e9sar Triana - Representante a la C\u00e1mara por el Huila\" \/>\n<meta property=\"og:description\" content=\"En medio de la pandemia, tras nuestras reiteradas quejas en el capitolio y la solicitud ante la Superintendencia de Servicios P\u00fablicos, logramos que se adoptaran medidas para reducir los costos en la factura del gas. La CREG determin\u00f3 que el valor del d\u00f3lar no pude incidir y que las empresas comercializadoras deber\u00e1n utilizar la mejor &hellip; Conseguimos que se investigara a Alcanos por abusos en la facturaci\u00f3n Leer m\u00e1s &raquo;\" \/>\n<meta property=\"og:url\" content=\"https:\/\/juliocesartriana.com\/index.php\/2021\/04\/03\/no-a-las-mediciones-por-promedio-en-el-servicio-del-gas\/\" \/>\n<meta property=\"og:site_name\" content=\"Julio C\u00e9sar Triana - Representante a la C\u00e1mara por el Huila\" \/>\n<meta property=\"article:publisher\" content=\"https:\/\/www.facebook.com\/TrianaCongreso\/\" \/>\n<meta property=\"article:published_time\" content=\"2021-04-03T21:37:45+00:00\" \/>\n<meta property=\"article:modified_time\" content=\"2021-09-21T16:05:57+00:00\" \/>\n<meta property=\"og:image\" content=\"https:\/\/juliocesartriana.com\/wp-content\/uploads\/2021\/04\/Conseguimos-que-se-investigara-a-alcanos-min-scaled.jpg\" \/>\n\t<meta property=\"og:image:width\" content=\"2560\" \/>\n\t<meta property=\"og:image:height\" content=\"1836\" \/>\n\t<meta property=\"og:image:type\" content=\"image\/jpeg\" \/>\n<meta name=\"twitter:card\" content=\"summary_large_image\" \/>\n<meta name=\"twitter:label1\" content=\"Escrito por\" \/>\n\t<meta name=\"twitter:data1\" content=\"admin\" \/>\n<script type=\"application\/ld+json\" class=\"yoast-schema-graph\">{\"@context\":\"https:\/\/schema.org\",\"@graph\":[{\"@type\":\"Organization\",\"@id\":\"https:\/\/juliocesartriana.com\/#organization\",\"name\":\"Julio C\u00e9sar Triana - Representante a la C\u00e1mara\",\"url\":\"https:\/\/juliocesartriana.com\/\",\"sameAs\":[\"https:\/\/www.facebook.com\/TrianaCongreso\/\",\"https:\/\/www.instagram.com\/trianacongreso\/\"],\"logo\":{\"@type\":\"ImageObject\",\"@id\":\"https:\/\/juliocesartriana.com\/#logo\",\"inLanguage\":\"es\",\"url\":\"https:\/\/juliocesartriana.com\/wp-content\/uploads\/2021\/03\/Salo\u0301n-eli\u0301ptico-presidiendo-1.jpeg\",\"contentUrl\":\"https:\/\/juliocesartriana.com\/wp-content\/uploads\/2021\/03\/Salo\u0301n-eli\u0301ptico-presidiendo-1.jpeg\",\"width\":1280,\"height\":853,\"caption\":\"Julio C\u00e9sar Triana - Representante a la C\u00e1mara\"},\"image\":{\"@id\":\"https:\/\/juliocesartriana.com\/#logo\"}},{\"@type\":\"WebSite\",\"@id\":\"https:\/\/juliocesartriana.com\/#website\",\"url\":\"https:\/\/juliocesartriana.com\/\",\"name\":\"Julio C\u00e9sar Triana - Representante a la C\u00e1mara por el Huila\",\"description\":\"Representante a la C\u00e1mara por el Departamento del Huila.\",\"publisher\":{\"@id\":\"https:\/\/juliocesartriana.com\/#organization\"},\"potentialAction\":[{\"@type\":\"SearchAction\",\"target\":{\"@type\":\"EntryPoint\",\"urlTemplate\":\"https:\/\/juliocesartriana.com\/?s={search_term_string}\"},\"query-input\":\"required name=search_term_string\"}],\"inLanguage\":\"es\"},{\"@type\":\"ImageObject\",\"@id\":\"https:\/\/juliocesartriana.com\/index.php\/2021\/04\/03\/no-a-las-mediciones-por-promedio-en-el-servicio-del-gas\/#primaryimage\",\"inLanguage\":\"es\",\"url\":\"https:\/\/juliocesartriana.com\/wp-content\/uploads\/2021\/04\/Conseguimos-que-se-investigara-a-alcanos-min-scaled.jpg\",\"contentUrl\":\"https:\/\/juliocesartriana.com\/wp-content\/uploads\/2021\/04\/Conseguimos-que-se-investigara-a-alcanos-min-scaled.jpg\",\"width\":2560,\"height\":1836},{\"@type\":\"WebPage\",\"@id\":\"https:\/\/juliocesartriana.com\/index.php\/2021\/04\/03\/no-a-las-mediciones-por-promedio-en-el-servicio-del-gas\/#webpage\",\"url\":\"https:\/\/juliocesartriana.com\/index.php\/2021\/04\/03\/no-a-las-mediciones-por-promedio-en-el-servicio-del-gas\/\",\"name\":\"Julio C\u00e9sar Triana - Representante a la C\u00e1mara por el Huila\",\"isPartOf\":{\"@id\":\"https:\/\/juliocesartriana.com\/#website\"},\"primaryImageOfPage\":{\"@id\":\"https:\/\/juliocesartriana.com\/index.php\/2021\/04\/03\/no-a-las-mediciones-por-promedio-en-el-servicio-del-gas\/#primaryimage\"},\"datePublished\":\"2021-04-03T21:37:45+00:00\",\"dateModified\":\"2021-09-21T16:05:57+00:00\",\"breadcrumb\":{\"@id\":\"https:\/\/juliocesartriana.com\/index.php\/2021\/04\/03\/no-a-las-mediciones-por-promedio-en-el-servicio-del-gas\/#breadcrumb\"},\"inLanguage\":\"es\",\"potentialAction\":[{\"@type\":\"ReadAction\",\"target\":[\"https:\/\/juliocesartriana.com\/index.php\/2021\/04\/03\/no-a-las-mediciones-por-promedio-en-el-servicio-del-gas\/\"]}]},{\"@type\":\"BreadcrumbList\",\"@id\":\"https:\/\/juliocesartriana.com\/index.php\/2021\/04\/03\/no-a-las-mediciones-por-promedio-en-el-servicio-del-gas\/#breadcrumb\",\"itemListElement\":[{\"@type\":\"ListItem\",\"position\":1,\"name\":\"Portada\",\"item\":\"https:\/\/juliocesartriana.com\/\"},{\"@type\":\"ListItem\",\"position\":2,\"name\":\"Conseguimos que se investigara a Alcanos por abusos en la facturaci\u00f3n\"}]},{\"@type\":\"Article\",\"@id\":\"https:\/\/juliocesartriana.com\/index.php\/2021\/04\/03\/no-a-las-mediciones-por-promedio-en-el-servicio-del-gas\/#article\",\"isPartOf\":{\"@id\":\"https:\/\/juliocesartriana.com\/index.php\/2021\/04\/03\/no-a-las-mediciones-por-promedio-en-el-servicio-del-gas\/#webpage\"},\"author\":{\"@id\":\"https:\/\/juliocesartriana.com\/#\/schema\/person\/deecb92c18f2299a8c280aa4eabd1a03\"},\"headline\":\"Conseguimos que se investigara a Alcanos por abusos en la facturaci\u00f3n\",\"datePublished\":\"2021-04-03T21:37:45+00:00\",\"dateModified\":\"2021-09-21T16:05:57+00:00\",\"mainEntityOfPage\":{\"@id\":\"https:\/\/juliocesartriana.com\/index.php\/2021\/04\/03\/no-a-las-mediciones-por-promedio-en-el-servicio-del-gas\/#webpage\"},\"wordCount\":108,\"commentCount\":0,\"publisher\":{\"@id\":\"https:\/\/juliocesartriana.com\/#organization\"},\"image\":{\"@id\":\"https:\/\/juliocesartriana.com\/index.php\/2021\/04\/03\/no-a-las-mediciones-por-promedio-en-el-servicio-del-gas\/#primaryimage\"},\"thumbnailUrl\":\"https:\/\/juliocesartriana.com\/wp-content\/uploads\/2021\/04\/Conseguimos-que-se-investigara-a-alcanos-min-scaled.jpg\",\"articleSection\":[\"Gesti\u00f3n por el Huila\"],\"inLanguage\":\"es\",\"potentialAction\":[{\"@type\":\"CommentAction\",\"name\":\"Comment\",\"target\":[\"https:\/\/juliocesartriana.com\/index.php\/2021\/04\/03\/no-a-las-mediciones-por-promedio-en-el-servicio-del-gas\/#respond\"]}]},{\"@type\":\"Person\",\"@id\":\"https:\/\/juliocesartriana.com\/#\/schema\/person\/deecb92c18f2299a8c280aa4eabd1a03\",\"name\":\"admin\",\"image\":{\"@type\":\"ImageObject\",\"@id\":\"https:\/\/juliocesartriana.com\/#personlogo\",\"inLanguage\":\"es\",\"url\":\"https:\/\/secure.gravatar.com\/avatar\/a796496fa1985f3a559e872a5db21305d7a391de67117abdfa8eb899c7bea95c?s=96&d=mm&r=g\",\"contentUrl\":\"https:\/\/secure.gravatar.com\/avatar\/a796496fa1985f3a559e872a5db21305d7a391de67117abdfa8eb899c7bea95c?s=96&d=mm&r=g\",\"caption\":\"admin\"},\"sameAs\":[\"https:\/\/juliocesartriana.com\"],\"url\":\"https:\/\/juliocesartriana.com\/index.php\/author\/admin_dovqajq2\/\"}]}<\/script>\n<!-- \/ Yoast SEO plugin. -->","yoast_head_json":{"title":"Julio C\u00e9sar Triana - Representante a la C\u00e1mara por el Huila","robots":{"index":"index","follow":"follow","max-snippet":"max-snippet:-1","max-image-preview":"max-image-preview:large","max-video-preview":"max-video-preview:-1"},"canonical":"https:\/\/juliocesartriana.com\/index.php\/2021\/04\/03\/no-a-las-mediciones-por-promedio-en-el-servicio-del-gas\/","og_locale":"es_ES","og_type":"article","og_title":"Julio C\u00e9sar Triana - Representante a la C\u00e1mara por el Huila","og_description":"En medio de la pandemia, tras nuestras reiteradas quejas en el capitolio y la solicitud ante la Superintendencia de Servicios P\u00fablicos, logramos que se adoptaran medidas para reducir los costos en la factura del gas. La CREG determin\u00f3 que el valor del d\u00f3lar no pude incidir y que las empresas comercializadoras deber\u00e1n utilizar la mejor &hellip; Conseguimos que se investigara a Alcanos por abusos en la facturaci\u00f3n Leer m\u00e1s &raquo;","og_url":"https:\/\/juliocesartriana.com\/index.php\/2021\/04\/03\/no-a-las-mediciones-por-promedio-en-el-servicio-del-gas\/","og_site_name":"Julio C\u00e9sar Triana - Representante a la C\u00e1mara por el Huila","article_publisher":"https:\/\/www.facebook.com\/TrianaCongreso\/","article_published_time":"2021-04-03T21:37:45+00:00","article_modified_time":"2021-09-21T16:05:57+00:00","og_image":[{"width":2560,"height":1836,"url":"https:\/\/juliocesartriana.com\/wp-content\/uploads\/2021\/04\/Conseguimos-que-se-investigara-a-alcanos-min-scaled.jpg","type":"image\/jpeg"}],"twitter_card":"summary_large_image","twitter_misc":{"Escrito por":"admin"},"schema":{"@context":"https:\/\/schema.org","@graph":[{"@type":"Organization","@id":"https:\/\/juliocesartriana.com\/#organization","name":"Julio C\u00e9sar Triana - Representante a la C\u00e1mara","url":"https:\/\/juliocesartriana.com\/","sameAs":["https:\/\/www.facebook.com\/TrianaCongreso\/","https:\/\/www.instagram.com\/trianacongreso\/"],"logo":{"@type":"ImageObject","@id":"https:\/\/juliocesartriana.com\/#logo","inLanguage":"es","url":"https:\/\/juliocesartriana.com\/wp-content\/uploads\/2021\/03\/Salo\u0301n-eli\u0301ptico-presidiendo-1.jpeg","contentUrl":"https:\/\/juliocesartriana.com\/wp-content\/uploads\/2021\/03\/Salo\u0301n-eli\u0301ptico-presidiendo-1.jpeg","width":1280,"height":853,"caption":"Julio C\u00e9sar Triana - Representante a la C\u00e1mara"},"image":{"@id":"https:\/\/juliocesartriana.com\/#logo"}},{"@type":"WebSite","@id":"https:\/\/juliocesartriana.com\/#website","url":"https:\/\/juliocesartriana.com\/","name":"Julio C\u00e9sar Triana - Representante a la C\u00e1mara por el Huila","description":"Representante a la C\u00e1mara por el Departamento del Huila.","publisher":{"@id":"https:\/\/juliocesartriana.com\/#organization"},"potentialAction":[{"@type":"SearchAction","target":{"@type":"EntryPoint","urlTemplate":"https:\/\/juliocesartriana.com\/?s={search_term_string}"},"query-input":"required name=search_term_string"}],"inLanguage":"es"},{"@type":"ImageObject","@id":"https:\/\/juliocesartriana.com\/index.php\/2021\/04\/03\/no-a-las-mediciones-por-promedio-en-el-servicio-del-gas\/#primaryimage","inLanguage":"es","url":"https:\/\/juliocesartriana.com\/wp-content\/uploads\/2021\/04\/Conseguimos-que-se-investigara-a-alcanos-min-scaled.jpg","contentUrl":"https:\/\/juliocesartriana.com\/wp-content\/uploads\/2021\/04\/Conseguimos-que-se-investigara-a-alcanos-min-scaled.jpg","width":2560,"height":1836},{"@type":"WebPage","@id":"https:\/\/juliocesartriana.com\/index.php\/2021\/04\/03\/no-a-las-mediciones-por-promedio-en-el-servicio-del-gas\/#webpage","url":"https:\/\/juliocesartriana.com\/index.php\/2021\/04\/03\/no-a-las-mediciones-por-promedio-en-el-servicio-del-gas\/","name":"Julio C\u00e9sar Triana - Representante a la C\u00e1mara por el Huila","isPartOf":{"@id":"https:\/\/juliocesartriana.com\/#website"},"primaryImageOfPage":{"@id":"https:\/\/juliocesartriana.com\/index.php\/2021\/04\/03\/no-a-las-mediciones-por-promedio-en-el-servicio-del-gas\/#primaryimage"},"datePublished":"2021-04-03T21:37:45+00:00","dateModified":"2021-09-21T16:05:57+00:00","breadcrumb":{"@id":"https:\/\/juliocesartriana.com\/index.php\/2021\/04\/03\/no-a-las-mediciones-por-promedio-en-el-servicio-del-gas\/#breadcrumb"},"inLanguage":"es","potentialAction":[{"@type":"ReadAction","target":["https:\/\/juliocesartriana.com\/index.php\/2021\/04\/03\/no-a-las-mediciones-por-promedio-en-el-servicio-del-gas\/"]}]},{"@type":"BreadcrumbList","@id":"https:\/\/juliocesartriana.com\/index.php\/2021\/04\/03\/no-a-las-mediciones-por-promedio-en-el-servicio-del-gas\/#breadcrumb","itemListElement":[{"@type":"ListItem","position":1,"name":"Portada","item":"https:\/\/juliocesartriana.com\/"},{"@type":"ListItem","position":2,"name":"Conseguimos que se investigara a Alcanos por abusos en la facturaci\u00f3n"}]},{"@type":"Article","@id":"https:\/\/juliocesartriana.com\/index.php\/2021\/04\/03\/no-a-las-mediciones-por-promedio-en-el-servicio-del-gas\/#article","isPartOf":{"@id":"https:\/\/juliocesartriana.com\/index.php\/2021\/04\/03\/no-a-las-mediciones-por-promedio-en-el-servicio-del-gas\/#webpage"},"author":{"@id":"https:\/\/juliocesartriana.com\/#\/schema\/person\/deecb92c18f2299a8c280aa4eabd1a03"},"headline":"Conseguimos que se investigara a Alcanos por abusos en la facturaci\u00f3n","datePublished":"2021-04-03T21:37:45+00:00","dateModified":"2021-09-21T16:05:57+00:00","mainEntityOfPage":{"@id":"https:\/\/juliocesartriana.com\/index.php\/2021\/04\/03\/no-a-las-mediciones-por-promedio-en-el-servicio-del-gas\/#webpage"},"wordCount":108,"commentCount":0,"publisher":{"@id":"https:\/\/juliocesartriana.com\/#organization"},"image":{"@id":"https:\/\/juliocesartriana.com\/index.php\/2021\/04\/03\/no-a-las-mediciones-por-promedio-en-el-servicio-del-gas\/#primaryimage"},"thumbnailUrl":"https:\/\/juliocesartriana.com\/wp-content\/uploads\/2021\/04\/Conseguimos-que-se-investigara-a-alcanos-min-scaled.jpg","articleSection":["Gesti\u00f3n por el Huila"],"inLanguage":"es","potentialAction":[{"@type":"CommentAction","name":"Comment","target":["https:\/\/juliocesartriana.com\/index.php\/2021\/04\/03\/no-a-las-mediciones-por-promedio-en-el-servicio-del-gas\/#respond"]}]},{"@type":"Person","@id":"https:\/\/juliocesartriana.com\/#\/schema\/person\/deecb92c18f2299a8c280aa4eabd1a03","name":"admin","image":{"@type":"ImageObject","@id":"https:\/\/juliocesartriana.com\/#personlogo","inLanguage":"es","url":"https:\/\/secure.gravatar.com\/avatar\/a796496fa1985f3a559e872a5db21305d7a391de67117abdfa8eb899c7bea95c?s=96&d=mm&r=g","contentUrl":"https:\/\/secure.gravatar.com\/avatar\/a796496fa1985f3a559e872a5db21305d7a391de67117abdfa8eb899c7bea95c?s=96&d=mm&r=g","caption":"admin"},"sameAs":["https:\/\/juliocesartriana.com"],"url":"https:\/\/juliocesartriana.com\/index.php\/author\/admin_dovqajq2\/"}]}},"_links":{"self":[{"href":"https:\/\/juliocesartriana.com\/index.php\/wp-json\/wp\/v2\/posts\/2132","targetHints":{"allow":["GET"]}}],"collection":[{"href":"https:\/\/juliocesartriana.com\/index.php\/wp-json\/wp\/v2\/posts"}],"about":[{"href":"https:\/\/juliocesartriana.com\/index.php\/wp-json\/wp\/v2\/types\/post"}],"author":[{"embeddable":true,"href":"https:\/\/juliocesartriana.com\/index.php\/wp-json\/wp\/v2\/users\/1"}],"replies":[{"embeddable":true,"href":"https:\/\/juliocesartriana.com\/index.php\/wp-json\/wp\/v2\/comments?post=2132"}],"version-history":[{"count":5,"href":"https:\/\/juliocesartriana.com\/index.php\/wp-json\/wp\/v2\/posts\/2132\/revisions"}],"predecessor-version":[{"id":2767,"href":"https:\/\/juliocesartriana.com\/index.php\/wp-json\/wp\/v2\/posts\/2132\/revisions\/2767"}],"wp:featuredmedia":[{"embeddable":true,"href":"https:\/\/juliocesartriana.com\/index.php\/wp-json\/wp\/v2\/media\/2766"}],"wp:attachment":[{"href":"https:\/\/juliocesartriana.com\/index.php\/wp-json\/wp\/v2\/media?parent=2132"}],"wp:term":[{"taxonomy":"category","embeddable":true,"href":"https:\/\/juliocesartriana.com\/index.php\/wp-json\/wp\/v2\/categories?post=2132"},{"taxonomy":"post_tag","embeddable":true,"href":"https:\/\/juliocesartriana.com\/index.php\/wp-json\/wp\/v2\/tags?post=2132"}],"curies":[{"name":"wp","href":"https:\/\/api.w.org\/{rel}","templated":true}]}}