{"id":2108,"date":"2021-04-26T21:04:17","date_gmt":"2021-04-26T21:04:17","guid":{"rendered":"https:\/\/juliocesartriana.com\/?p=2108"},"modified":"2021-09-21T16:03:57","modified_gmt":"2021-09-21T16:03:57","slug":"insumos-medicos-para-la-ese-san-sebastian","status":"publish","type":"post","link":"https:\/\/juliocesartriana.com\/index.php\/2021\/04\/26\/insumos-medicos-para-la-ese-san-sebastian\/","title":{"rendered":"Gestionamos Insumos m\u00e9dicos para la Ese San Sebasti\u00e1n"},"content":{"rendered":"\n<p>Gracias a nuestra gesti\u00f3n y a la del alcalde de La Plata, Luis Carlos Anaya, logramos la asignaci\u00f3n de 570 millones de pesos para insumos m\u00e9dicos de \u00faltima generaci\u00f3n para la ESE San Sebasti\u00e1n del corregimiento de Bel\u00e9n, con el fin de atender la emergencia generada por el Covid-19.<\/p>\n\n\n\n<p>Es importante mencionar que con esta dotaci\u00f3n se beneficiar\u00e1n m\u00e1s de 16.000 personas de 24 veredas del centro poblado de Bel\u00e9n.<\/p>\n\n\n\n<p>Entre los elementos de dotaci\u00f3n con los que ahora cuenta este punto de atenci\u00f3n m\u00e9dica se destacan: videolangoroscopio, flujometro, autoclave a vapor, electrocardi\u00f3grafo, nebulizador, monitor fetal, cama hospitalaria el\u00e9ctrica, gluc\u00f3metro, incubadora, desfribilador, equipos de qu\u00edmica, entre otros.<\/p>\n\n\n\n<p>Esperamos que el Ministro de Salud, Fernando Ruiz, nos ayude con una dotaci\u00f3n mayor a los 3.000 millones de pesos para la sede principal de la ESE San Sebasti\u00e1n en la cabecera municipal.<\/p>\n\n\n\n<div class=\"wp-block-buttons is-layout-flex wp-block-buttons-is-layout-flex\">\n<div class=\"wp-block-button has-custom-width wp-block-button__width-25\"><a class=\"wp-block-button__link has-white-color has-vivid-red-background-color has-text-color has-background\" href=\"https:\/\/www.facebook.com\/TrianaCongreso\/posts\/10158167872231732\" style=\"border-radius:10px\" target=\"_blank\" rel=\"noreferrer noopener\">Ver galer\u00eda de fotos<\/a><\/div>\n<\/div>\n\n\n\n<figure class=\"wp-block-embed is-type-rich is-provider-facebook wp-block-embed-facebook\"><div class=\"wp-block-embed__wrapper\">\nhttps:\/\/www.facebook.com\/TrianaCongreso\/posts\/10158160973391732\n<\/div><\/figure>\n\n\n\n<figure class=\"wp-block-image size-large\"><a href=\"https:\/\/www.facebook.com\/TrianaCongreso\/posts\/10158160973391732?_rdc=1&amp;_rdr\"><img loading=\"lazy\" decoding=\"async\" width=\"756\" height=\"719\" src=\"https:\/\/juliocesartriana.com\/wp-content\/uploads\/2021\/04\/1.png\" alt=\"\" class=\"wp-image-2163\" srcset=\"https:\/\/juliocesartriana.com\/wp-content\/uploads\/2021\/04\/1.png 756w, https:\/\/juliocesartriana.com\/wp-content\/uploads\/2021\/04\/1-300x285.png 300w\" sizes=\"auto, (max-width: 756px) 100vw, 756px\" \/><\/a><\/figure>\n\n\n\n<figure class=\"wp-block-image size-large\"><a href=\"https:\/\/www.facebook.com\/TrianaCongreso\/posts\/10158160973391732?_rdc=1&amp;_rdr\"><img loading=\"lazy\" decoding=\"async\" width=\"756\" height=\"248\" src=\"https:\/\/juliocesartriana.com\/wp-content\/uploads\/2021\/04\/Sin-titulo-1.png\" alt=\"\" class=\"wp-image-2165\" srcset=\"https:\/\/juliocesartriana.com\/wp-content\/uploads\/2021\/04\/Sin-titulo-1.png 756w, https:\/\/juliocesartriana.com\/wp-content\/uploads\/2021\/04\/Sin-titulo-1-300x98.png 300w\" sizes=\"auto, (max-width: 756px) 100vw, 756px\" \/><\/a><\/figure>\n","protected":false},"excerpt":{"rendered":"<p>Gracias a nuestra gesti\u00f3n y a la del alcalde de La Plata, Luis Carlos Anaya, logramos la asignaci\u00f3n de 570 millones de pesos para insumos m\u00e9dicos de \u00faltima generaci\u00f3n para la ESE San Sebasti\u00e1n del corregimiento de Bel\u00e9n, con el fin de atender la emergencia generada por el Covid-19. Es importante mencionar que con esta &hellip;<\/p>\n<p class=\"read-more\"> <a class=\"\" href=\"https:\/\/juliocesartriana.com\/index.php\/2021\/04\/26\/insumos-medicos-para-la-ese-san-sebastian\/\"> <span class=\"screen-reader-text\">Gestionamos Insumos m\u00e9dicos para la Ese San Sebasti\u00e1n<\/span> Leer m\u00e1s &raquo;<\/a><\/p>\n","protected":false},"author":1,"featured_media":2764,"comment_status":"closed","ping_status":"closed","sticky":false,"template":"","format":"standard","meta":{"ngg_post_thumbnail":0,"footnotes":""},"categories":[8],"tags":[],"class_list":["post-2108","post","type-post","status-publish","format-standard","has-post-thumbnail","hentry","category-gestion-por-el-huila"],"yoast_head":"<!-- This site is optimized with the Yoast SEO plugin v18.5.1 - https:\/\/yoast.com\/wordpress\/plugins\/seo\/ -->\n<title>Julio C\u00e9sar Triana - Representante a la C\u00e1mara por el Huila<\/title>\n<meta name=\"robots\" content=\"index, follow, max-snippet:-1, max-image-preview:large, max-video-preview:-1\" \/>\n<link rel=\"canonical\" href=\"https:\/\/juliocesartriana.com\/index.php\/2021\/04\/26\/insumos-medicos-para-la-ese-san-sebastian\/\" \/>\n<meta property=\"og:locale\" content=\"es_ES\" \/>\n<meta property=\"og:type\" content=\"article\" \/>\n<meta property=\"og:title\" content=\"Julio C\u00e9sar Triana - Representante a la C\u00e1mara por el Huila\" \/>\n<meta property=\"og:description\" content=\"Gracias a nuestra gesti\u00f3n y a la del alcalde de La Plata, Luis Carlos Anaya, logramos la asignaci\u00f3n de 570 millones de pesos para insumos m\u00e9dicos de \u00faltima generaci\u00f3n para la ESE San Sebasti\u00e1n del corregimiento de Bel\u00e9n, con el fin de atender la emergencia generada por el Covid-19. Es importante mencionar que con esta &hellip; Gestionamos Insumos m\u00e9dicos para la Ese San Sebasti\u00e1n Leer m\u00e1s &raquo;\" \/>\n<meta property=\"og:url\" content=\"https:\/\/juliocesartriana.com\/index.php\/2021\/04\/26\/insumos-medicos-para-la-ese-san-sebastian\/\" \/>\n<meta property=\"og:site_name\" content=\"Julio C\u00e9sar Triana - Representante a la C\u00e1mara por el Huila\" \/>\n<meta property=\"article:publisher\" content=\"https:\/\/www.facebook.com\/TrianaCongreso\/\" \/>\n<meta property=\"article:published_time\" content=\"2021-04-26T21:04:17+00:00\" \/>\n<meta property=\"article:modified_time\" content=\"2021-09-21T16:03:57+00:00\" \/>\n<meta property=\"og:image\" content=\"https:\/\/juliocesartriana.com\/wp-content\/uploads\/2021\/04\/Ese-San-Sebastia\u0301n-Fachada-min-scaled.jpg\" \/>\n\t<meta property=\"og:image:width\" content=\"2560\" \/>\n\t<meta property=\"og:image:height\" content=\"1707\" \/>\n\t<meta property=\"og:image:type\" content=\"image\/jpeg\" \/>\n<meta name=\"twitter:card\" content=\"summary_large_image\" \/>\n<meta name=\"twitter:label1\" content=\"Escrito por\" \/>\n\t<meta name=\"twitter:data1\" content=\"admin\" \/>\n\t<meta name=\"twitter:label2\" content=\"Tiempo de lectura\" \/>\n\t<meta name=\"twitter:data2\" content=\"1 minuto\" \/>\n<script type=\"application\/ld+json\" class=\"yoast-schema-graph\">{\"@context\":\"https:\/\/schema.org\",\"@graph\":[{\"@type\":\"Organization\",\"@id\":\"https:\/\/juliocesartriana.com\/#organization\",\"name\":\"Julio C\u00e9sar Triana - Representante a la C\u00e1mara\",\"url\":\"https:\/\/juliocesartriana.com\/\",\"sameAs\":[\"https:\/\/www.facebook.com\/TrianaCongreso\/\",\"https:\/\/www.instagram.com\/trianacongreso\/\"],\"logo\":{\"@type\":\"ImageObject\",\"@id\":\"https:\/\/juliocesartriana.com\/#logo\",\"inLanguage\":\"es\",\"url\":\"https:\/\/juliocesartriana.com\/wp-content\/uploads\/2021\/03\/Salo\u0301n-eli\u0301ptico-presidiendo-1.jpeg\",\"contentUrl\":\"https:\/\/juliocesartriana.com\/wp-content\/uploads\/2021\/03\/Salo\u0301n-eli\u0301ptico-presidiendo-1.jpeg\",\"width\":1280,\"height\":853,\"caption\":\"Julio C\u00e9sar Triana - Representante a la C\u00e1mara\"},\"image\":{\"@id\":\"https:\/\/juliocesartriana.com\/#logo\"}},{\"@type\":\"WebSite\",\"@id\":\"https:\/\/juliocesartriana.com\/#website\",\"url\":\"https:\/\/juliocesartriana.com\/\",\"name\":\"Julio C\u00e9sar Triana - Representante a la C\u00e1mara por el Huila\",\"description\":\"Representante a la C\u00e1mara por el Departamento del Huila.\",\"publisher\":{\"@id\":\"https:\/\/juliocesartriana.com\/#organization\"},\"potentialAction\":[{\"@type\":\"SearchAction\",\"target\":{\"@type\":\"EntryPoint\",\"urlTemplate\":\"https:\/\/juliocesartriana.com\/?s={search_term_string}\"},\"query-input\":\"required name=search_term_string\"}],\"inLanguage\":\"es\"},{\"@type\":\"ImageObject\",\"@id\":\"https:\/\/juliocesartriana.com\/index.php\/2021\/04\/26\/insumos-medicos-para-la-ese-san-sebastian\/#primaryimage\",\"inLanguage\":\"es\",\"url\":\"https:\/\/juliocesartriana.com\/wp-content\/uploads\/2021\/04\/Ese-San-Sebastia\u0301n-Fachada-min-scaled.jpg\",\"contentUrl\":\"https:\/\/juliocesartriana.com\/wp-content\/uploads\/2021\/04\/Ese-San-Sebastia\u0301n-Fachada-min-scaled.jpg\",\"width\":2560,\"height\":1707},{\"@type\":\"WebPage\",\"@id\":\"https:\/\/juliocesartriana.com\/index.php\/2021\/04\/26\/insumos-medicos-para-la-ese-san-sebastian\/#webpage\",\"url\":\"https:\/\/juliocesartriana.com\/index.php\/2021\/04\/26\/insumos-medicos-para-la-ese-san-sebastian\/\",\"name\":\"Julio C\u00e9sar Triana - Representante a la C\u00e1mara por el Huila\",\"isPartOf\":{\"@id\":\"https:\/\/juliocesartriana.com\/#website\"},\"primaryImageOfPage\":{\"@id\":\"https:\/\/juliocesartriana.com\/index.php\/2021\/04\/26\/insumos-medicos-para-la-ese-san-sebastian\/#primaryimage\"},\"datePublished\":\"2021-04-26T21:04:17+00:00\",\"dateModified\":\"2021-09-21T16:03:57+00:00\",\"breadcrumb\":{\"@id\":\"https:\/\/juliocesartriana.com\/index.php\/2021\/04\/26\/insumos-medicos-para-la-ese-san-sebastian\/#breadcrumb\"},\"inLanguage\":\"es\",\"potentialAction\":[{\"@type\":\"ReadAction\",\"target\":[\"https:\/\/juliocesartriana.com\/index.php\/2021\/04\/26\/insumos-medicos-para-la-ese-san-sebastian\/\"]}]},{\"@type\":\"BreadcrumbList\",\"@id\":\"https:\/\/juliocesartriana.com\/index.php\/2021\/04\/26\/insumos-medicos-para-la-ese-san-sebastian\/#breadcrumb\",\"itemListElement\":[{\"@type\":\"ListItem\",\"position\":1,\"name\":\"Portada\",\"item\":\"https:\/\/juliocesartriana.com\/\"},{\"@type\":\"ListItem\",\"position\":2,\"name\":\"Gestionamos Insumos m\u00e9dicos para la Ese San Sebasti\u00e1n\"}]},{\"@type\":\"Article\",\"@id\":\"https:\/\/juliocesartriana.com\/index.php\/2021\/04\/26\/insumos-medicos-para-la-ese-san-sebastian\/#article\",\"isPartOf\":{\"@id\":\"https:\/\/juliocesartriana.com\/index.php\/2021\/04\/26\/insumos-medicos-para-la-ese-san-sebastian\/#webpage\"},\"author\":{\"@id\":\"https:\/\/juliocesartriana.com\/#\/schema\/person\/deecb92c18f2299a8c280aa4eabd1a03\"},\"headline\":\"Gestionamos Insumos m\u00e9dicos para la Ese San Sebasti\u00e1n\",\"datePublished\":\"2021-04-26T21:04:17+00:00\",\"dateModified\":\"2021-09-21T16:03:57+00:00\",\"mainEntityOfPage\":{\"@id\":\"https:\/\/juliocesartriana.com\/index.php\/2021\/04\/26\/insumos-medicos-para-la-ese-san-sebastian\/#webpage\"},\"wordCount\":176,\"publisher\":{\"@id\":\"https:\/\/juliocesartriana.com\/#organization\"},\"image\":{\"@id\":\"https:\/\/juliocesartriana.com\/index.php\/2021\/04\/26\/insumos-medicos-para-la-ese-san-sebastian\/#primaryimage\"},\"thumbnailUrl\":\"https:\/\/juliocesartriana.com\/wp-content\/uploads\/2021\/04\/Ese-San-Sebastia\u0301n-Fachada-min-scaled.jpg\",\"articleSection\":[\"Gesti\u00f3n por el Huila\"],\"inLanguage\":\"es\"},{\"@type\":\"Person\",\"@id\":\"https:\/\/juliocesartriana.com\/#\/schema\/person\/deecb92c18f2299a8c280aa4eabd1a03\",\"name\":\"admin\",\"image\":{\"@type\":\"ImageObject\",\"@id\":\"https:\/\/juliocesartriana.com\/#personlogo\",\"inLanguage\":\"es\",\"url\":\"https:\/\/secure.gravatar.com\/avatar\/a796496fa1985f3a559e872a5db21305d7a391de67117abdfa8eb899c7bea95c?s=96&d=mm&r=g\",\"contentUrl\":\"https:\/\/secure.gravatar.com\/avatar\/a796496fa1985f3a559e872a5db21305d7a391de67117abdfa8eb899c7bea95c?s=96&d=mm&r=g\",\"caption\":\"admin\"},\"sameAs\":[\"https:\/\/juliocesartriana.com\"],\"url\":\"https:\/\/juliocesartriana.com\/index.php\/author\/admin_dovqajq2\/\"}]}<\/script>\n<!-- \/ Yoast SEO plugin. -->","yoast_head_json":{"title":"Julio C\u00e9sar Triana - Representante a la C\u00e1mara por el Huila","robots":{"index":"index","follow":"follow","max-snippet":"max-snippet:-1","max-image-preview":"max-image-preview:large","max-video-preview":"max-video-preview:-1"},"canonical":"https:\/\/juliocesartriana.com\/index.php\/2021\/04\/26\/insumos-medicos-para-la-ese-san-sebastian\/","og_locale":"es_ES","og_type":"article","og_title":"Julio C\u00e9sar Triana - Representante a la C\u00e1mara por el Huila","og_description":"Gracias a nuestra gesti\u00f3n y a la del alcalde de La Plata, Luis Carlos Anaya, logramos la asignaci\u00f3n de 570 millones de pesos para insumos m\u00e9dicos de \u00faltima generaci\u00f3n para la ESE San Sebasti\u00e1n del corregimiento de Bel\u00e9n, con el fin de atender la emergencia generada por el Covid-19. Es importante mencionar que con esta &hellip; Gestionamos Insumos m\u00e9dicos para la Ese San Sebasti\u00e1n Leer m\u00e1s &raquo;","og_url":"https:\/\/juliocesartriana.com\/index.php\/2021\/04\/26\/insumos-medicos-para-la-ese-san-sebastian\/","og_site_name":"Julio C\u00e9sar Triana - Representante a la C\u00e1mara por el Huila","article_publisher":"https:\/\/www.facebook.com\/TrianaCongreso\/","article_published_time":"2021-04-26T21:04:17+00:00","article_modified_time":"2021-09-21T16:03:57+00:00","og_image":[{"width":2560,"height":1707,"url":"https:\/\/juliocesartriana.com\/wp-content\/uploads\/2021\/04\/Ese-San-Sebastia\u0301n-Fachada-min-scaled.jpg","type":"image\/jpeg"}],"twitter_card":"summary_large_image","twitter_misc":{"Escrito por":"admin","Tiempo de lectura":"1 minuto"},"schema":{"@context":"https:\/\/schema.org","@graph":[{"@type":"Organization","@id":"https:\/\/juliocesartriana.com\/#organization","name":"Julio C\u00e9sar Triana - Representante a la C\u00e1mara","url":"https:\/\/juliocesartriana.com\/","sameAs":["https:\/\/www.facebook.com\/TrianaCongreso\/","https:\/\/www.instagram.com\/trianacongreso\/"],"logo":{"@type":"ImageObject","@id":"https:\/\/juliocesartriana.com\/#logo","inLanguage":"es","url":"https:\/\/juliocesartriana.com\/wp-content\/uploads\/2021\/03\/Salo\u0301n-eli\u0301ptico-presidiendo-1.jpeg","contentUrl":"https:\/\/juliocesartriana.com\/wp-content\/uploads\/2021\/03\/Salo\u0301n-eli\u0301ptico-presidiendo-1.jpeg","width":1280,"height":853,"caption":"Julio C\u00e9sar Triana - Representante a la C\u00e1mara"},"image":{"@id":"https:\/\/juliocesartriana.com\/#logo"}},{"@type":"WebSite","@id":"https:\/\/juliocesartriana.com\/#website","url":"https:\/\/juliocesartriana.com\/","name":"Julio C\u00e9sar Triana - Representante a la C\u00e1mara por el Huila","description":"Representante a la C\u00e1mara por el Departamento del Huila.","publisher":{"@id":"https:\/\/juliocesartriana.com\/#organization"},"potentialAction":[{"@type":"SearchAction","target":{"@type":"EntryPoint","urlTemplate":"https:\/\/juliocesartriana.com\/?s={search_term_string}"},"query-input":"required name=search_term_string"}],"inLanguage":"es"},{"@type":"ImageObject","@id":"https:\/\/juliocesartriana.com\/index.php\/2021\/04\/26\/insumos-medicos-para-la-ese-san-sebastian\/#primaryimage","inLanguage":"es","url":"https:\/\/juliocesartriana.com\/wp-content\/uploads\/2021\/04\/Ese-San-Sebastia\u0301n-Fachada-min-scaled.jpg","contentUrl":"https:\/\/juliocesartriana.com\/wp-content\/uploads\/2021\/04\/Ese-San-Sebastia\u0301n-Fachada-min-scaled.jpg","width":2560,"height":1707},{"@type":"WebPage","@id":"https:\/\/juliocesartriana.com\/index.php\/2021\/04\/26\/insumos-medicos-para-la-ese-san-sebastian\/#webpage","url":"https:\/\/juliocesartriana.com\/index.php\/2021\/04\/26\/insumos-medicos-para-la-ese-san-sebastian\/","name":"Julio C\u00e9sar Triana - Representante a la C\u00e1mara por el Huila","isPartOf":{"@id":"https:\/\/juliocesartriana.com\/#website"},"primaryImageOfPage":{"@id":"https:\/\/juliocesartriana.com\/index.php\/2021\/04\/26\/insumos-medicos-para-la-ese-san-sebastian\/#primaryimage"},"datePublished":"2021-04-26T21:04:17+00:00","dateModified":"2021-09-21T16:03:57+00:00","breadcrumb":{"@id":"https:\/\/juliocesartriana.com\/index.php\/2021\/04\/26\/insumos-medicos-para-la-ese-san-sebastian\/#breadcrumb"},"inLanguage":"es","potentialAction":[{"@type":"ReadAction","target":["https:\/\/juliocesartriana.com\/index.php\/2021\/04\/26\/insumos-medicos-para-la-ese-san-sebastian\/"]}]},{"@type":"BreadcrumbList","@id":"https:\/\/juliocesartriana.com\/index.php\/2021\/04\/26\/insumos-medicos-para-la-ese-san-sebastian\/#breadcrumb","itemListElement":[{"@type":"ListItem","position":1,"name":"Portada","item":"https:\/\/juliocesartriana.com\/"},{"@type":"ListItem","position":2,"name":"Gestionamos Insumos m\u00e9dicos para la Ese San Sebasti\u00e1n"}]},{"@type":"Article","@id":"https:\/\/juliocesartriana.com\/index.php\/2021\/04\/26\/insumos-medicos-para-la-ese-san-sebastian\/#article","isPartOf":{"@id":"https:\/\/juliocesartriana.com\/index.php\/2021\/04\/26\/insumos-medicos-para-la-ese-san-sebastian\/#webpage"},"author":{"@id":"https:\/\/juliocesartriana.com\/#\/schema\/person\/deecb92c18f2299a8c280aa4eabd1a03"},"headline":"Gestionamos Insumos m\u00e9dicos para la Ese San Sebasti\u00e1n","datePublished":"2021-04-26T21:04:17+00:00","dateModified":"2021-09-21T16:03:57+00:00","mainEntityOfPage":{"@id":"https:\/\/juliocesartriana.com\/index.php\/2021\/04\/26\/insumos-medicos-para-la-ese-san-sebastian\/#webpage"},"wordCount":176,"publisher":{"@id":"https:\/\/juliocesartriana.com\/#organization"},"image":{"@id":"https:\/\/juliocesartriana.com\/index.php\/2021\/04\/26\/insumos-medicos-para-la-ese-san-sebastian\/#primaryimage"},"thumbnailUrl":"https:\/\/juliocesartriana.com\/wp-content\/uploads\/2021\/04\/Ese-San-Sebastia\u0301n-Fachada-min-scaled.jpg","articleSection":["Gesti\u00f3n por el Huila"],"inLanguage":"es"},{"@type":"Person","@id":"https:\/\/juliocesartriana.com\/#\/schema\/person\/deecb92c18f2299a8c280aa4eabd1a03","name":"admin","image":{"@type":"ImageObject","@id":"https:\/\/juliocesartriana.com\/#personlogo","inLanguage":"es","url":"https:\/\/secure.gravatar.com\/avatar\/a796496fa1985f3a559e872a5db21305d7a391de67117abdfa8eb899c7bea95c?s=96&d=mm&r=g","contentUrl":"https:\/\/secure.gravatar.com\/avatar\/a796496fa1985f3a559e872a5db21305d7a391de67117abdfa8eb899c7bea95c?s=96&d=mm&r=g","caption":"admin"},"sameAs":["https:\/\/juliocesartriana.com"],"url":"https:\/\/juliocesartriana.com\/index.php\/author\/admin_dovqajq2\/"}]}},"_links":{"self":[{"href":"https:\/\/juliocesartriana.com\/index.php\/wp-json\/wp\/v2\/posts\/2108","targetHints":{"allow":["GET"]}}],"collection":[{"href":"https:\/\/juliocesartriana.com\/index.php\/wp-json\/wp\/v2\/posts"}],"about":[{"href":"https:\/\/juliocesartriana.com\/index.php\/wp-json\/wp\/v2\/types\/post"}],"author":[{"embeddable":true,"href":"https:\/\/juliocesartriana.com\/index.php\/wp-json\/wp\/v2\/users\/1"}],"replies":[{"embeddable":true,"href":"https:\/\/juliocesartriana.com\/index.php\/wp-json\/wp\/v2\/comments?post=2108"}],"version-history":[{"count":9,"href":"https:\/\/juliocesartriana.com\/index.php\/wp-json\/wp\/v2\/posts\/2108\/revisions"}],"predecessor-version":[{"id":2680,"href":"https:\/\/juliocesartriana.com\/index.php\/wp-json\/wp\/v2\/posts\/2108\/revisions\/2680"}],"wp:featuredmedia":[{"embeddable":true,"href":"https:\/\/juliocesartriana.com\/index.php\/wp-json\/wp\/v2\/media\/2764"}],"wp:attachment":[{"href":"https:\/\/juliocesartriana.com\/index.php\/wp-json\/wp\/v2\/media?parent=2108"}],"wp:term":[{"taxonomy":"category","embeddable":true,"href":"https:\/\/juliocesartriana.com\/index.php\/wp-json\/wp\/v2\/categories?post=2108"},{"taxonomy":"post_tag","embeddable":true,"href":"https:\/\/juliocesartriana.com\/index.php\/wp-json\/wp\/v2\/tags?post=2108"}],"curies":[{"name":"wp","href":"https:\/\/api.w.org\/{rel}","templated":true}]}}