{"id":2037,"date":"2021-04-22T18:47:55","date_gmt":"2021-04-22T18:47:55","guid":{"rendered":"https:\/\/juliocesartriana.com\/?p=2037"},"modified":"2021-09-21T15:15:38","modified_gmt":"2021-09-21T15:15:38","slug":"debate-extorsion-la-amenaza-del-posconflicto","status":"publish","type":"post","link":"https:\/\/juliocesartriana.com\/index.php\/2021\/04\/22\/debate-extorsion-la-amenaza-del-posconflicto\/","title":{"rendered":"Debate: Extorsi\u00f3n, \u00bfLa Amenaza Del Posconflicto?"},"content":{"rendered":"\n<p>Las cifras reportadas por la Fiscal\u00eda General de la Naci\u00f3n, la Polic\u00eda Nacional y el informe del Sistema de Alertas Tempranas (SAT) de la Defensor\u00eda del Pueblo coinciden en que el n\u00famero de casos por extorsi\u00f3n ha ido en alarmante aumento en los \u00faltimos a\u00f1os.<\/p>\n\n\n\n<p>En el 2008, se registraron 830 casos de extorsi\u00f3n, en el 2017, fueron 5.532. Por eso, llevamos a cabo un debate de control pol\u00edtico, con el fin de que el Ministro de Defensa, Guillermo Botero Nieto, respondiera ante este preocupante panorama de seguridad nacional, especialmente en el sur del pa\u00eds.<\/p>\n\n\n\n<p>\u00bfEl incremento de estas extorsiones se debe a las famosas disidencias de las Farc, a las bandas criminales y peque\u00f1as asociaciones delincuenciales o a la delincuencia com\u00fan que se amparan bajo el r\u00f3tulo de las Farc para delinquir?<\/p>\n\n\n\n<p>De acuerdo al Ministerio de Defensa, actualmente, hay entre 1500 y 1700 disidentes, ubicados en 19 departamentos del pa\u00eds. De estos, hay 18 estructuras confirmadas que d\u00eda a d\u00eda luchan por el control de territorio y encuentran en el narcotr\u00e1fico, la forma de financiaci\u00f3n.<\/p>\n\n\n\n<div class=\"wp-block-buttons is-layout-flex wp-block-buttons-is-layout-flex\">\n<div class=\"wp-block-button has-custom-width wp-block-button__width-25\"><a class=\"wp-block-button__link has-white-color has-vivid-red-background-color has-text-color has-background\" href=\"https:\/\/www.facebook.com\/watch\/live\/?v=819394405104526&amp;amp%3Bref=search\" style=\"border-radius:10px\" target=\"_blank\" rel=\"noreferrer noopener\">Ver video<\/a><\/div>\n<\/div>\n","protected":false},"excerpt":{"rendered":"<p>Las cifras reportadas por la Fiscal\u00eda General de la Naci\u00f3n, la Polic\u00eda Nacional y el informe del Sistema de Alertas Tempranas (SAT) de la Defensor\u00eda del Pueblo coinciden en que el n\u00famero de casos por extorsi\u00f3n ha ido en alarmante aumento en los \u00faltimos a\u00f1os. En el 2008, se registraron 830 casos de extorsi\u00f3n, en &hellip;<\/p>\n<p class=\"read-more\"> <a class=\"\" href=\"https:\/\/juliocesartriana.com\/index.php\/2021\/04\/22\/debate-extorsion-la-amenaza-del-posconflicto\/\"> <span class=\"screen-reader-text\">Debate: Extorsi\u00f3n, \u00bfLa Amenaza Del Posconflicto?<\/span> Leer m\u00e1s &raquo;<\/a><\/p>\n","protected":false},"author":1,"featured_media":2750,"comment_status":"closed","ping_status":"closed","sticky":false,"template":"","format":"standard","meta":{"ngg_post_thumbnail":0,"footnotes":""},"categories":[5],"tags":[],"class_list":["post-2037","post","type-post","status-publish","format-standard","has-post-thumbnail","hentry","category-control-politico"],"yoast_head":"<!-- This site is optimized with the Yoast SEO plugin v18.5.1 - https:\/\/yoast.com\/wordpress\/plugins\/seo\/ -->\n<title>Julio C\u00e9sar Triana - Representante a la C\u00e1mara por el Huila<\/title>\n<meta name=\"robots\" content=\"index, follow, max-snippet:-1, max-image-preview:large, max-video-preview:-1\" \/>\n<link rel=\"canonical\" href=\"https:\/\/juliocesartriana.com\/index.php\/2021\/04\/22\/debate-extorsion-la-amenaza-del-posconflicto\/\" \/>\n<meta property=\"og:locale\" content=\"es_ES\" \/>\n<meta property=\"og:type\" content=\"article\" \/>\n<meta property=\"og:title\" content=\"Julio C\u00e9sar Triana - Representante a la C\u00e1mara por el Huila\" \/>\n<meta property=\"og:description\" content=\"Las cifras reportadas por la Fiscal\u00eda General de la Naci\u00f3n, la Polic\u00eda Nacional y el informe del Sistema de Alertas Tempranas (SAT) de la Defensor\u00eda del Pueblo coinciden en que el n\u00famero de casos por extorsi\u00f3n ha ido en alarmante aumento en los \u00faltimos a\u00f1os. En el 2008, se registraron 830 casos de extorsi\u00f3n, en &hellip; Debate: Extorsi\u00f3n, \u00bfLa Amenaza Del Posconflicto? Leer m\u00e1s &raquo;\" \/>\n<meta property=\"og:url\" content=\"https:\/\/juliocesartriana.com\/index.php\/2021\/04\/22\/debate-extorsion-la-amenaza-del-posconflicto\/\" \/>\n<meta property=\"og:site_name\" content=\"Julio C\u00e9sar Triana - Representante a la C\u00e1mara por el Huila\" \/>\n<meta property=\"article:publisher\" content=\"https:\/\/www.facebook.com\/TrianaCongreso\/\" \/>\n<meta property=\"article:published_time\" content=\"2021-04-22T18:47:55+00:00\" \/>\n<meta property=\"article:modified_time\" content=\"2021-09-21T15:15:38+00:00\" \/>\n<meta property=\"og:image\" content=\"https:\/\/juliocesartriana.com\/wp-content\/uploads\/2021\/04\/Triana-Debate-Extorsio\u0301n.jpeg\" \/>\n\t<meta property=\"og:image:width\" content=\"1280\" \/>\n\t<meta property=\"og:image:height\" content=\"853\" \/>\n\t<meta property=\"og:image:type\" content=\"image\/jpeg\" \/>\n<meta name=\"twitter:card\" content=\"summary_large_image\" \/>\n<meta name=\"twitter:label1\" content=\"Escrito por\" \/>\n\t<meta name=\"twitter:data1\" content=\"admin\" \/>\n\t<meta name=\"twitter:label2\" content=\"Tiempo de lectura\" \/>\n\t<meta name=\"twitter:data2\" content=\"1 minuto\" \/>\n<script type=\"application\/ld+json\" class=\"yoast-schema-graph\">{\"@context\":\"https:\/\/schema.org\",\"@graph\":[{\"@type\":\"Organization\",\"@id\":\"https:\/\/juliocesartriana.com\/#organization\",\"name\":\"Julio C\u00e9sar Triana - Representante a la C\u00e1mara\",\"url\":\"https:\/\/juliocesartriana.com\/\",\"sameAs\":[\"https:\/\/www.facebook.com\/TrianaCongreso\/\",\"https:\/\/www.instagram.com\/trianacongreso\/\"],\"logo\":{\"@type\":\"ImageObject\",\"@id\":\"https:\/\/juliocesartriana.com\/#logo\",\"inLanguage\":\"es\",\"url\":\"https:\/\/juliocesartriana.com\/wp-content\/uploads\/2021\/03\/Salo\u0301n-eli\u0301ptico-presidiendo-1.jpeg\",\"contentUrl\":\"https:\/\/juliocesartriana.com\/wp-content\/uploads\/2021\/03\/Salo\u0301n-eli\u0301ptico-presidiendo-1.jpeg\",\"width\":1280,\"height\":853,\"caption\":\"Julio C\u00e9sar Triana - Representante a la C\u00e1mara\"},\"image\":{\"@id\":\"https:\/\/juliocesartriana.com\/#logo\"}},{\"@type\":\"WebSite\",\"@id\":\"https:\/\/juliocesartriana.com\/#website\",\"url\":\"https:\/\/juliocesartriana.com\/\",\"name\":\"Julio C\u00e9sar Triana - Representante a la C\u00e1mara por el Huila\",\"description\":\"Representante a la C\u00e1mara por el Departamento del Huila.\",\"publisher\":{\"@id\":\"https:\/\/juliocesartriana.com\/#organization\"},\"potentialAction\":[{\"@type\":\"SearchAction\",\"target\":{\"@type\":\"EntryPoint\",\"urlTemplate\":\"https:\/\/juliocesartriana.com\/?s={search_term_string}\"},\"query-input\":\"required name=search_term_string\"}],\"inLanguage\":\"es\"},{\"@type\":\"ImageObject\",\"@id\":\"https:\/\/juliocesartriana.com\/index.php\/2021\/04\/22\/debate-extorsion-la-amenaza-del-posconflicto\/#primaryimage\",\"inLanguage\":\"es\",\"url\":\"https:\/\/juliocesartriana.com\/wp-content\/uploads\/2021\/04\/Triana-Debate-Extorsio\u0301n.jpeg\",\"contentUrl\":\"https:\/\/juliocesartriana.com\/wp-content\/uploads\/2021\/04\/Triana-Debate-Extorsio\u0301n.jpeg\",\"width\":1280,\"height\":853},{\"@type\":\"WebPage\",\"@id\":\"https:\/\/juliocesartriana.com\/index.php\/2021\/04\/22\/debate-extorsion-la-amenaza-del-posconflicto\/#webpage\",\"url\":\"https:\/\/juliocesartriana.com\/index.php\/2021\/04\/22\/debate-extorsion-la-amenaza-del-posconflicto\/\",\"name\":\"Julio C\u00e9sar Triana - Representante a la C\u00e1mara por el Huila\",\"isPartOf\":{\"@id\":\"https:\/\/juliocesartriana.com\/#website\"},\"primaryImageOfPage\":{\"@id\":\"https:\/\/juliocesartriana.com\/index.php\/2021\/04\/22\/debate-extorsion-la-amenaza-del-posconflicto\/#primaryimage\"},\"datePublished\":\"2021-04-22T18:47:55+00:00\",\"dateModified\":\"2021-09-21T15:15:38+00:00\",\"breadcrumb\":{\"@id\":\"https:\/\/juliocesartriana.com\/index.php\/2021\/04\/22\/debate-extorsion-la-amenaza-del-posconflicto\/#breadcrumb\"},\"inLanguage\":\"es\",\"potentialAction\":[{\"@type\":\"ReadAction\",\"target\":[\"https:\/\/juliocesartriana.com\/index.php\/2021\/04\/22\/debate-extorsion-la-amenaza-del-posconflicto\/\"]}]},{\"@type\":\"BreadcrumbList\",\"@id\":\"https:\/\/juliocesartriana.com\/index.php\/2021\/04\/22\/debate-extorsion-la-amenaza-del-posconflicto\/#breadcrumb\",\"itemListElement\":[{\"@type\":\"ListItem\",\"position\":1,\"name\":\"Portada\",\"item\":\"https:\/\/juliocesartriana.com\/\"},{\"@type\":\"ListItem\",\"position\":2,\"name\":\"Debate: Extorsi\u00f3n, \u00bfLa Amenaza Del Posconflicto?\"}]},{\"@type\":\"Article\",\"@id\":\"https:\/\/juliocesartriana.com\/index.php\/2021\/04\/22\/debate-extorsion-la-amenaza-del-posconflicto\/#article\",\"isPartOf\":{\"@id\":\"https:\/\/juliocesartriana.com\/index.php\/2021\/04\/22\/debate-extorsion-la-amenaza-del-posconflicto\/#webpage\"},\"author\":{\"@id\":\"https:\/\/juliocesartriana.com\/#\/schema\/person\/deecb92c18f2299a8c280aa4eabd1a03\"},\"headline\":\"Debate: Extorsi\u00f3n, \u00bfLa Amenaza Del Posconflicto?\",\"datePublished\":\"2021-04-22T18:47:55+00:00\",\"dateModified\":\"2021-09-21T15:15:38+00:00\",\"mainEntityOfPage\":{\"@id\":\"https:\/\/juliocesartriana.com\/index.php\/2021\/04\/22\/debate-extorsion-la-amenaza-del-posconflicto\/#webpage\"},\"wordCount\":196,\"publisher\":{\"@id\":\"https:\/\/juliocesartriana.com\/#organization\"},\"image\":{\"@id\":\"https:\/\/juliocesartriana.com\/index.php\/2021\/04\/22\/debate-extorsion-la-amenaza-del-posconflicto\/#primaryimage\"},\"thumbnailUrl\":\"https:\/\/juliocesartriana.com\/wp-content\/uploads\/2021\/04\/Triana-Debate-Extorsio\u0301n.jpeg\",\"articleSection\":[\"Control Pol\u00edtico\"],\"inLanguage\":\"es\"},{\"@type\":\"Person\",\"@id\":\"https:\/\/juliocesartriana.com\/#\/schema\/person\/deecb92c18f2299a8c280aa4eabd1a03\",\"name\":\"admin\",\"image\":{\"@type\":\"ImageObject\",\"@id\":\"https:\/\/juliocesartriana.com\/#personlogo\",\"inLanguage\":\"es\",\"url\":\"https:\/\/secure.gravatar.com\/avatar\/a796496fa1985f3a559e872a5db21305d7a391de67117abdfa8eb899c7bea95c?s=96&d=mm&r=g\",\"contentUrl\":\"https:\/\/secure.gravatar.com\/avatar\/a796496fa1985f3a559e872a5db21305d7a391de67117abdfa8eb899c7bea95c?s=96&d=mm&r=g\",\"caption\":\"admin\"},\"sameAs\":[\"https:\/\/juliocesartriana.com\"],\"url\":\"https:\/\/juliocesartriana.com\/index.php\/author\/admin_dovqajq2\/\"}]}<\/script>\n<!-- \/ Yoast SEO plugin. -->","yoast_head_json":{"title":"Julio C\u00e9sar Triana - Representante a la C\u00e1mara por el Huila","robots":{"index":"index","follow":"follow","max-snippet":"max-snippet:-1","max-image-preview":"max-image-preview:large","max-video-preview":"max-video-preview:-1"},"canonical":"https:\/\/juliocesartriana.com\/index.php\/2021\/04\/22\/debate-extorsion-la-amenaza-del-posconflicto\/","og_locale":"es_ES","og_type":"article","og_title":"Julio C\u00e9sar Triana - Representante a la C\u00e1mara por el Huila","og_description":"Las cifras reportadas por la Fiscal\u00eda General de la Naci\u00f3n, la Polic\u00eda Nacional y el informe del Sistema de Alertas Tempranas (SAT) de la Defensor\u00eda del Pueblo coinciden en que el n\u00famero de casos por extorsi\u00f3n ha ido en alarmante aumento en los \u00faltimos a\u00f1os. En el 2008, se registraron 830 casos de extorsi\u00f3n, en &hellip; Debate: Extorsi\u00f3n, \u00bfLa Amenaza Del Posconflicto? Leer m\u00e1s &raquo;","og_url":"https:\/\/juliocesartriana.com\/index.php\/2021\/04\/22\/debate-extorsion-la-amenaza-del-posconflicto\/","og_site_name":"Julio C\u00e9sar Triana - Representante a la C\u00e1mara por el Huila","article_publisher":"https:\/\/www.facebook.com\/TrianaCongreso\/","article_published_time":"2021-04-22T18:47:55+00:00","article_modified_time":"2021-09-21T15:15:38+00:00","og_image":[{"width":1280,"height":853,"url":"https:\/\/juliocesartriana.com\/wp-content\/uploads\/2021\/04\/Triana-Debate-Extorsio\u0301n.jpeg","type":"image\/jpeg"}],"twitter_card":"summary_large_image","twitter_misc":{"Escrito por":"admin","Tiempo de lectura":"1 minuto"},"schema":{"@context":"https:\/\/schema.org","@graph":[{"@type":"Organization","@id":"https:\/\/juliocesartriana.com\/#organization","name":"Julio C\u00e9sar Triana - Representante a la C\u00e1mara","url":"https:\/\/juliocesartriana.com\/","sameAs":["https:\/\/www.facebook.com\/TrianaCongreso\/","https:\/\/www.instagram.com\/trianacongreso\/"],"logo":{"@type":"ImageObject","@id":"https:\/\/juliocesartriana.com\/#logo","inLanguage":"es","url":"https:\/\/juliocesartriana.com\/wp-content\/uploads\/2021\/03\/Salo\u0301n-eli\u0301ptico-presidiendo-1.jpeg","contentUrl":"https:\/\/juliocesartriana.com\/wp-content\/uploads\/2021\/03\/Salo\u0301n-eli\u0301ptico-presidiendo-1.jpeg","width":1280,"height":853,"caption":"Julio C\u00e9sar Triana - Representante a la C\u00e1mara"},"image":{"@id":"https:\/\/juliocesartriana.com\/#logo"}},{"@type":"WebSite","@id":"https:\/\/juliocesartriana.com\/#website","url":"https:\/\/juliocesartriana.com\/","name":"Julio C\u00e9sar Triana - Representante a la C\u00e1mara por el Huila","description":"Representante a la C\u00e1mara por el Departamento del Huila.","publisher":{"@id":"https:\/\/juliocesartriana.com\/#organization"},"potentialAction":[{"@type":"SearchAction","target":{"@type":"EntryPoint","urlTemplate":"https:\/\/juliocesartriana.com\/?s={search_term_string}"},"query-input":"required name=search_term_string"}],"inLanguage":"es"},{"@type":"ImageObject","@id":"https:\/\/juliocesartriana.com\/index.php\/2021\/04\/22\/debate-extorsion-la-amenaza-del-posconflicto\/#primaryimage","inLanguage":"es","url":"https:\/\/juliocesartriana.com\/wp-content\/uploads\/2021\/04\/Triana-Debate-Extorsio\u0301n.jpeg","contentUrl":"https:\/\/juliocesartriana.com\/wp-content\/uploads\/2021\/04\/Triana-Debate-Extorsio\u0301n.jpeg","width":1280,"height":853},{"@type":"WebPage","@id":"https:\/\/juliocesartriana.com\/index.php\/2021\/04\/22\/debate-extorsion-la-amenaza-del-posconflicto\/#webpage","url":"https:\/\/juliocesartriana.com\/index.php\/2021\/04\/22\/debate-extorsion-la-amenaza-del-posconflicto\/","name":"Julio C\u00e9sar Triana - Representante a la C\u00e1mara por el Huila","isPartOf":{"@id":"https:\/\/juliocesartriana.com\/#website"},"primaryImageOfPage":{"@id":"https:\/\/juliocesartriana.com\/index.php\/2021\/04\/22\/debate-extorsion-la-amenaza-del-posconflicto\/#primaryimage"},"datePublished":"2021-04-22T18:47:55+00:00","dateModified":"2021-09-21T15:15:38+00:00","breadcrumb":{"@id":"https:\/\/juliocesartriana.com\/index.php\/2021\/04\/22\/debate-extorsion-la-amenaza-del-posconflicto\/#breadcrumb"},"inLanguage":"es","potentialAction":[{"@type":"ReadAction","target":["https:\/\/juliocesartriana.com\/index.php\/2021\/04\/22\/debate-extorsion-la-amenaza-del-posconflicto\/"]}]},{"@type":"BreadcrumbList","@id":"https:\/\/juliocesartriana.com\/index.php\/2021\/04\/22\/debate-extorsion-la-amenaza-del-posconflicto\/#breadcrumb","itemListElement":[{"@type":"ListItem","position":1,"name":"Portada","item":"https:\/\/juliocesartriana.com\/"},{"@type":"ListItem","position":2,"name":"Debate: Extorsi\u00f3n, \u00bfLa Amenaza Del Posconflicto?"}]},{"@type":"Article","@id":"https:\/\/juliocesartriana.com\/index.php\/2021\/04\/22\/debate-extorsion-la-amenaza-del-posconflicto\/#article","isPartOf":{"@id":"https:\/\/juliocesartriana.com\/index.php\/2021\/04\/22\/debate-extorsion-la-amenaza-del-posconflicto\/#webpage"},"author":{"@id":"https:\/\/juliocesartriana.com\/#\/schema\/person\/deecb92c18f2299a8c280aa4eabd1a03"},"headline":"Debate: Extorsi\u00f3n, \u00bfLa Amenaza Del Posconflicto?","datePublished":"2021-04-22T18:47:55+00:00","dateModified":"2021-09-21T15:15:38+00:00","mainEntityOfPage":{"@id":"https:\/\/juliocesartriana.com\/index.php\/2021\/04\/22\/debate-extorsion-la-amenaza-del-posconflicto\/#webpage"},"wordCount":196,"publisher":{"@id":"https:\/\/juliocesartriana.com\/#organization"},"image":{"@id":"https:\/\/juliocesartriana.com\/index.php\/2021\/04\/22\/debate-extorsion-la-amenaza-del-posconflicto\/#primaryimage"},"thumbnailUrl":"https:\/\/juliocesartriana.com\/wp-content\/uploads\/2021\/04\/Triana-Debate-Extorsio\u0301n.jpeg","articleSection":["Control Pol\u00edtico"],"inLanguage":"es"},{"@type":"Person","@id":"https:\/\/juliocesartriana.com\/#\/schema\/person\/deecb92c18f2299a8c280aa4eabd1a03","name":"admin","image":{"@type":"ImageObject","@id":"https:\/\/juliocesartriana.com\/#personlogo","inLanguage":"es","url":"https:\/\/secure.gravatar.com\/avatar\/a796496fa1985f3a559e872a5db21305d7a391de67117abdfa8eb899c7bea95c?s=96&d=mm&r=g","contentUrl":"https:\/\/secure.gravatar.com\/avatar\/a796496fa1985f3a559e872a5db21305d7a391de67117abdfa8eb899c7bea95c?s=96&d=mm&r=g","caption":"admin"},"sameAs":["https:\/\/juliocesartriana.com"],"url":"https:\/\/juliocesartriana.com\/index.php\/author\/admin_dovqajq2\/"}]}},"_links":{"self":[{"href":"https:\/\/juliocesartriana.com\/index.php\/wp-json\/wp\/v2\/posts\/2037","targetHints":{"allow":["GET"]}}],"collection":[{"href":"https:\/\/juliocesartriana.com\/index.php\/wp-json\/wp\/v2\/posts"}],"about":[{"href":"https:\/\/juliocesartriana.com\/index.php\/wp-json\/wp\/v2\/types\/post"}],"author":[{"embeddable":true,"href":"https:\/\/juliocesartriana.com\/index.php\/wp-json\/wp\/v2\/users\/1"}],"replies":[{"embeddable":true,"href":"https:\/\/juliocesartriana.com\/index.php\/wp-json\/wp\/v2\/comments?post=2037"}],"version-history":[{"count":3,"href":"https:\/\/juliocesartriana.com\/index.php\/wp-json\/wp\/v2\/posts\/2037\/revisions"}],"predecessor-version":[{"id":2751,"href":"https:\/\/juliocesartriana.com\/index.php\/wp-json\/wp\/v2\/posts\/2037\/revisions\/2751"}],"wp:featuredmedia":[{"embeddable":true,"href":"https:\/\/juliocesartriana.com\/index.php\/wp-json\/wp\/v2\/media\/2750"}],"wp:attachment":[{"href":"https:\/\/juliocesartriana.com\/index.php\/wp-json\/wp\/v2\/media?parent=2037"}],"wp:term":[{"taxonomy":"category","embeddable":true,"href":"https:\/\/juliocesartriana.com\/index.php\/wp-json\/wp\/v2\/categories?post=2037"},{"taxonomy":"post_tag","embeddable":true,"href":"https:\/\/juliocesartriana.com\/index.php\/wp-json\/wp\/v2\/tags?post=2037"}],"curies":[{"name":"wp","href":"https:\/\/api.w.org\/{rel}","templated":true}]}}