{"id":2031,"date":"2021-04-22T18:45:10","date_gmt":"2021-04-22T18:45:10","guid":{"rendered":"https:\/\/juliocesartriana.com\/?p=2031"},"modified":"2021-09-21T15:55:01","modified_gmt":"2021-09-21T15:55:01","slug":"debate-sobre-el-sector-cafetero-y-su-lucha-por-sobrevivi","status":"publish","type":"post","link":"https:\/\/juliocesartriana.com\/index.php\/2021\/04\/22\/debate-sobre-el-sector-cafetero-y-su-lucha-por-sobrevivi\/","title":{"rendered":"Debate sobre el sector cafetero y su lucha por sobrevivir."},"content":{"rendered":"\n<p>En la Plenaria de la C\u00e1mara de Representantes llevamos a cabo un debate de Control Pol\u00edtico en el que se analiz\u00f3 el panorama de la crisis cafetera nacional: Los bajos precios del grano, las deudas de las familias que viven de este cultivo, el alto costo de los insumos y programas de renovaci\u00f3n con escasos avances que han profundizado la crisis.<\/p>\n\n\n\n<p>As\u00ed mismo, hicimos la denuncia de la triste realidad que est\u00e1n viviendo algunas familias cafeteras de tener que migrar al cultivo de amapola, pues no pueden seguir produciendo a p\u00e9rdida. muchas familias est\u00e1n dejando el caf\u00e9 para migrar a los cultivos il\u00edcitos.<\/p>\n\n\n\n<p>Entre las soluciones al Gobierno Nacional, planteamos: la necesidad de crear el Fondo de Estabilizaci\u00f3n de Precios del Caf\u00e9, establecer una pol\u00edtica de libertad regulada de los precios de los agroinsumos cafeteros y dise\u00f1ar una pol\u00edtica de apoyo para la cartera vencida de los cafeteros con el Banco Agrario.<\/p>\n\n\n\n<div class=\"wp-block-buttons is-layout-flex wp-block-buttons-is-layout-flex\">\n<div class=\"wp-block-button has-custom-width wp-block-button__width-25\"><a class=\"wp-block-button__link has-white-color has-vivid-red-background-color has-text-color has-background\" href=\"https:\/\/www.facebook.com\/watch\/?v=246558989348411\" style=\"border-radius:10px\" target=\"_blank\" rel=\"noreferrer noopener\">Ver video<\/a><\/div>\n<\/div>\n","protected":false},"excerpt":{"rendered":"<p>En la Plenaria de la C\u00e1mara de Representantes llevamos a cabo un debate de Control Pol\u00edtico en el que se analiz\u00f3 el panorama de la crisis cafetera nacional: Los bajos precios del grano, las deudas de las familias que viven de este cultivo, el alto costo de los insumos y programas de renovaci\u00f3n con escasos &hellip;<\/p>\n<p class=\"read-more\"> <a class=\"\" href=\"https:\/\/juliocesartriana.com\/index.php\/2021\/04\/22\/debate-sobre-el-sector-cafetero-y-su-lucha-por-sobrevivi\/\"> <span class=\"screen-reader-text\">Debate sobre el sector cafetero y su lucha por sobrevivir.<\/span> Leer m\u00e1s &raquo;<\/a><\/p>\n","protected":false},"author":1,"featured_media":2752,"comment_status":"closed","ping_status":"closed","sticky":false,"template":"","format":"standard","meta":{"ngg_post_thumbnail":0,"footnotes":""},"categories":[5],"tags":[],"class_list":["post-2031","post","type-post","status-publish","format-standard","has-post-thumbnail","hentry","category-control-politico"],"yoast_head":"<!-- This site is optimized with the Yoast SEO plugin v18.5.1 - https:\/\/yoast.com\/wordpress\/plugins\/seo\/ -->\n<title>Julio C\u00e9sar Triana - Representante a la C\u00e1mara por el Huila<\/title>\n<meta name=\"robots\" content=\"index, follow, max-snippet:-1, max-image-preview:large, max-video-preview:-1\" \/>\n<link rel=\"canonical\" href=\"https:\/\/juliocesartriana.com\/index.php\/2021\/04\/22\/debate-sobre-el-sector-cafetero-y-su-lucha-por-sobrevivi\/\" \/>\n<meta property=\"og:locale\" content=\"es_ES\" \/>\n<meta property=\"og:type\" content=\"article\" \/>\n<meta property=\"og:title\" content=\"Julio C\u00e9sar Triana - Representante a la C\u00e1mara por el Huila\" \/>\n<meta property=\"og:description\" content=\"En la Plenaria de la C\u00e1mara de Representantes llevamos a cabo un debate de Control Pol\u00edtico en el que se analiz\u00f3 el panorama de la crisis cafetera nacional: Los bajos precios del grano, las deudas de las familias que viven de este cultivo, el alto costo de los insumos y programas de renovaci\u00f3n con escasos &hellip; Debate sobre el sector cafetero y su lucha por sobrevivir. Leer m\u00e1s &raquo;\" \/>\n<meta property=\"og:url\" content=\"https:\/\/juliocesartriana.com\/index.php\/2021\/04\/22\/debate-sobre-el-sector-cafetero-y-su-lucha-por-sobrevivi\/\" \/>\n<meta property=\"og:site_name\" content=\"Julio C\u00e9sar Triana - Representante a la C\u00e1mara por el Huila\" \/>\n<meta property=\"article:publisher\" content=\"https:\/\/www.facebook.com\/TrianaCongreso\/\" \/>\n<meta property=\"article:published_time\" content=\"2021-04-22T18:45:10+00:00\" \/>\n<meta property=\"article:modified_time\" content=\"2021-09-21T15:55:01+00:00\" \/>\n<meta property=\"og:image\" content=\"https:\/\/juliocesartriana.com\/wp-content\/uploads\/2021\/04\/Triana-Debate-Sector-Cafetero.jpeg\" \/>\n\t<meta property=\"og:image:width\" content=\"1280\" \/>\n\t<meta property=\"og:image:height\" content=\"853\" \/>\n\t<meta property=\"og:image:type\" content=\"image\/jpeg\" \/>\n<meta name=\"twitter:card\" content=\"summary_large_image\" \/>\n<meta name=\"twitter:label1\" content=\"Escrito por\" \/>\n\t<meta name=\"twitter:data1\" content=\"admin\" \/>\n\t<meta name=\"twitter:label2\" content=\"Tiempo de lectura\" \/>\n\t<meta name=\"twitter:data2\" content=\"1 minuto\" \/>\n<script type=\"application\/ld+json\" class=\"yoast-schema-graph\">{\"@context\":\"https:\/\/schema.org\",\"@graph\":[{\"@type\":\"Organization\",\"@id\":\"https:\/\/juliocesartriana.com\/#organization\",\"name\":\"Julio C\u00e9sar Triana - Representante a la C\u00e1mara\",\"url\":\"https:\/\/juliocesartriana.com\/\",\"sameAs\":[\"https:\/\/www.facebook.com\/TrianaCongreso\/\",\"https:\/\/www.instagram.com\/trianacongreso\/\"],\"logo\":{\"@type\":\"ImageObject\",\"@id\":\"https:\/\/juliocesartriana.com\/#logo\",\"inLanguage\":\"es\",\"url\":\"https:\/\/juliocesartriana.com\/wp-content\/uploads\/2021\/03\/Salo\u0301n-eli\u0301ptico-presidiendo-1.jpeg\",\"contentUrl\":\"https:\/\/juliocesartriana.com\/wp-content\/uploads\/2021\/03\/Salo\u0301n-eli\u0301ptico-presidiendo-1.jpeg\",\"width\":1280,\"height\":853,\"caption\":\"Julio C\u00e9sar Triana - Representante a la C\u00e1mara\"},\"image\":{\"@id\":\"https:\/\/juliocesartriana.com\/#logo\"}},{\"@type\":\"WebSite\",\"@id\":\"https:\/\/juliocesartriana.com\/#website\",\"url\":\"https:\/\/juliocesartriana.com\/\",\"name\":\"Julio C\u00e9sar Triana - Representante a la C\u00e1mara por el Huila\",\"description\":\"Representante a la C\u00e1mara por el Departamento del Huila.\",\"publisher\":{\"@id\":\"https:\/\/juliocesartriana.com\/#organization\"},\"potentialAction\":[{\"@type\":\"SearchAction\",\"target\":{\"@type\":\"EntryPoint\",\"urlTemplate\":\"https:\/\/juliocesartriana.com\/?s={search_term_string}\"},\"query-input\":\"required name=search_term_string\"}],\"inLanguage\":\"es\"},{\"@type\":\"ImageObject\",\"@id\":\"https:\/\/juliocesartriana.com\/index.php\/2021\/04\/22\/debate-sobre-el-sector-cafetero-y-su-lucha-por-sobrevivi\/#primaryimage\",\"inLanguage\":\"es\",\"url\":\"https:\/\/juliocesartriana.com\/wp-content\/uploads\/2021\/04\/Triana-Debate-Sector-Cafetero.jpeg\",\"contentUrl\":\"https:\/\/juliocesartriana.com\/wp-content\/uploads\/2021\/04\/Triana-Debate-Sector-Cafetero.jpeg\",\"width\":1280,\"height\":853},{\"@type\":\"WebPage\",\"@id\":\"https:\/\/juliocesartriana.com\/index.php\/2021\/04\/22\/debate-sobre-el-sector-cafetero-y-su-lucha-por-sobrevivi\/#webpage\",\"url\":\"https:\/\/juliocesartriana.com\/index.php\/2021\/04\/22\/debate-sobre-el-sector-cafetero-y-su-lucha-por-sobrevivi\/\",\"name\":\"Julio C\u00e9sar Triana - Representante a la C\u00e1mara por el Huila\",\"isPartOf\":{\"@id\":\"https:\/\/juliocesartriana.com\/#website\"},\"primaryImageOfPage\":{\"@id\":\"https:\/\/juliocesartriana.com\/index.php\/2021\/04\/22\/debate-sobre-el-sector-cafetero-y-su-lucha-por-sobrevivi\/#primaryimage\"},\"datePublished\":\"2021-04-22T18:45:10+00:00\",\"dateModified\":\"2021-09-21T15:55:01+00:00\",\"breadcrumb\":{\"@id\":\"https:\/\/juliocesartriana.com\/index.php\/2021\/04\/22\/debate-sobre-el-sector-cafetero-y-su-lucha-por-sobrevivi\/#breadcrumb\"},\"inLanguage\":\"es\",\"potentialAction\":[{\"@type\":\"ReadAction\",\"target\":[\"https:\/\/juliocesartriana.com\/index.php\/2021\/04\/22\/debate-sobre-el-sector-cafetero-y-su-lucha-por-sobrevivi\/\"]}]},{\"@type\":\"BreadcrumbList\",\"@id\":\"https:\/\/juliocesartriana.com\/index.php\/2021\/04\/22\/debate-sobre-el-sector-cafetero-y-su-lucha-por-sobrevivi\/#breadcrumb\",\"itemListElement\":[{\"@type\":\"ListItem\",\"position\":1,\"name\":\"Portada\",\"item\":\"https:\/\/juliocesartriana.com\/\"},{\"@type\":\"ListItem\",\"position\":2,\"name\":\"Debate sobre el sector cafetero y su lucha por sobrevivir.\"}]},{\"@type\":\"Article\",\"@id\":\"https:\/\/juliocesartriana.com\/index.php\/2021\/04\/22\/debate-sobre-el-sector-cafetero-y-su-lucha-por-sobrevivi\/#article\",\"isPartOf\":{\"@id\":\"https:\/\/juliocesartriana.com\/index.php\/2021\/04\/22\/debate-sobre-el-sector-cafetero-y-su-lucha-por-sobrevivi\/#webpage\"},\"author\":{\"@id\":\"https:\/\/juliocesartriana.com\/#\/schema\/person\/deecb92c18f2299a8c280aa4eabd1a03\"},\"headline\":\"Debate sobre el sector cafetero y su lucha por sobrevivir.\",\"datePublished\":\"2021-04-22T18:45:10+00:00\",\"dateModified\":\"2021-09-21T15:55:01+00:00\",\"mainEntityOfPage\":{\"@id\":\"https:\/\/juliocesartriana.com\/index.php\/2021\/04\/22\/debate-sobre-el-sector-cafetero-y-su-lucha-por-sobrevivi\/#webpage\"},\"wordCount\":175,\"publisher\":{\"@id\":\"https:\/\/juliocesartriana.com\/#organization\"},\"image\":{\"@id\":\"https:\/\/juliocesartriana.com\/index.php\/2021\/04\/22\/debate-sobre-el-sector-cafetero-y-su-lucha-por-sobrevivi\/#primaryimage\"},\"thumbnailUrl\":\"https:\/\/juliocesartriana.com\/wp-content\/uploads\/2021\/04\/Triana-Debate-Sector-Cafetero.jpeg\",\"articleSection\":[\"Control Pol\u00edtico\"],\"inLanguage\":\"es\"},{\"@type\":\"Person\",\"@id\":\"https:\/\/juliocesartriana.com\/#\/schema\/person\/deecb92c18f2299a8c280aa4eabd1a03\",\"name\":\"admin\",\"image\":{\"@type\":\"ImageObject\",\"@id\":\"https:\/\/juliocesartriana.com\/#personlogo\",\"inLanguage\":\"es\",\"url\":\"https:\/\/secure.gravatar.com\/avatar\/a796496fa1985f3a559e872a5db21305d7a391de67117abdfa8eb899c7bea95c?s=96&d=mm&r=g\",\"contentUrl\":\"https:\/\/secure.gravatar.com\/avatar\/a796496fa1985f3a559e872a5db21305d7a391de67117abdfa8eb899c7bea95c?s=96&d=mm&r=g\",\"caption\":\"admin\"},\"sameAs\":[\"https:\/\/juliocesartriana.com\"],\"url\":\"https:\/\/juliocesartriana.com\/index.php\/author\/admin_dovqajq2\/\"}]}<\/script>\n<!-- \/ Yoast SEO plugin. -->","yoast_head_json":{"title":"Julio C\u00e9sar Triana - Representante a la C\u00e1mara por el Huila","robots":{"index":"index","follow":"follow","max-snippet":"max-snippet:-1","max-image-preview":"max-image-preview:large","max-video-preview":"max-video-preview:-1"},"canonical":"https:\/\/juliocesartriana.com\/index.php\/2021\/04\/22\/debate-sobre-el-sector-cafetero-y-su-lucha-por-sobrevivi\/","og_locale":"es_ES","og_type":"article","og_title":"Julio C\u00e9sar Triana - Representante a la C\u00e1mara por el Huila","og_description":"En la Plenaria de la C\u00e1mara de Representantes llevamos a cabo un debate de Control Pol\u00edtico en el que se analiz\u00f3 el panorama de la crisis cafetera nacional: Los bajos precios del grano, las deudas de las familias que viven de este cultivo, el alto costo de los insumos y programas de renovaci\u00f3n con escasos &hellip; Debate sobre el sector cafetero y su lucha por sobrevivir. Leer m\u00e1s &raquo;","og_url":"https:\/\/juliocesartriana.com\/index.php\/2021\/04\/22\/debate-sobre-el-sector-cafetero-y-su-lucha-por-sobrevivi\/","og_site_name":"Julio C\u00e9sar Triana - Representante a la C\u00e1mara por el Huila","article_publisher":"https:\/\/www.facebook.com\/TrianaCongreso\/","article_published_time":"2021-04-22T18:45:10+00:00","article_modified_time":"2021-09-21T15:55:01+00:00","og_image":[{"width":1280,"height":853,"url":"https:\/\/juliocesartriana.com\/wp-content\/uploads\/2021\/04\/Triana-Debate-Sector-Cafetero.jpeg","type":"image\/jpeg"}],"twitter_card":"summary_large_image","twitter_misc":{"Escrito por":"admin","Tiempo de lectura":"1 minuto"},"schema":{"@context":"https:\/\/schema.org","@graph":[{"@type":"Organization","@id":"https:\/\/juliocesartriana.com\/#organization","name":"Julio C\u00e9sar Triana - Representante a la C\u00e1mara","url":"https:\/\/juliocesartriana.com\/","sameAs":["https:\/\/www.facebook.com\/TrianaCongreso\/","https:\/\/www.instagram.com\/trianacongreso\/"],"logo":{"@type":"ImageObject","@id":"https:\/\/juliocesartriana.com\/#logo","inLanguage":"es","url":"https:\/\/juliocesartriana.com\/wp-content\/uploads\/2021\/03\/Salo\u0301n-eli\u0301ptico-presidiendo-1.jpeg","contentUrl":"https:\/\/juliocesartriana.com\/wp-content\/uploads\/2021\/03\/Salo\u0301n-eli\u0301ptico-presidiendo-1.jpeg","width":1280,"height":853,"caption":"Julio C\u00e9sar Triana - Representante a la C\u00e1mara"},"image":{"@id":"https:\/\/juliocesartriana.com\/#logo"}},{"@type":"WebSite","@id":"https:\/\/juliocesartriana.com\/#website","url":"https:\/\/juliocesartriana.com\/","name":"Julio C\u00e9sar Triana - Representante a la C\u00e1mara por el Huila","description":"Representante a la C\u00e1mara por el Departamento del Huila.","publisher":{"@id":"https:\/\/juliocesartriana.com\/#organization"},"potentialAction":[{"@type":"SearchAction","target":{"@type":"EntryPoint","urlTemplate":"https:\/\/juliocesartriana.com\/?s={search_term_string}"},"query-input":"required name=search_term_string"}],"inLanguage":"es"},{"@type":"ImageObject","@id":"https:\/\/juliocesartriana.com\/index.php\/2021\/04\/22\/debate-sobre-el-sector-cafetero-y-su-lucha-por-sobrevivi\/#primaryimage","inLanguage":"es","url":"https:\/\/juliocesartriana.com\/wp-content\/uploads\/2021\/04\/Triana-Debate-Sector-Cafetero.jpeg","contentUrl":"https:\/\/juliocesartriana.com\/wp-content\/uploads\/2021\/04\/Triana-Debate-Sector-Cafetero.jpeg","width":1280,"height":853},{"@type":"WebPage","@id":"https:\/\/juliocesartriana.com\/index.php\/2021\/04\/22\/debate-sobre-el-sector-cafetero-y-su-lucha-por-sobrevivi\/#webpage","url":"https:\/\/juliocesartriana.com\/index.php\/2021\/04\/22\/debate-sobre-el-sector-cafetero-y-su-lucha-por-sobrevivi\/","name":"Julio C\u00e9sar Triana - Representante a la C\u00e1mara por el Huila","isPartOf":{"@id":"https:\/\/juliocesartriana.com\/#website"},"primaryImageOfPage":{"@id":"https:\/\/juliocesartriana.com\/index.php\/2021\/04\/22\/debate-sobre-el-sector-cafetero-y-su-lucha-por-sobrevivi\/#primaryimage"},"datePublished":"2021-04-22T18:45:10+00:00","dateModified":"2021-09-21T15:55:01+00:00","breadcrumb":{"@id":"https:\/\/juliocesartriana.com\/index.php\/2021\/04\/22\/debate-sobre-el-sector-cafetero-y-su-lucha-por-sobrevivi\/#breadcrumb"},"inLanguage":"es","potentialAction":[{"@type":"ReadAction","target":["https:\/\/juliocesartriana.com\/index.php\/2021\/04\/22\/debate-sobre-el-sector-cafetero-y-su-lucha-por-sobrevivi\/"]}]},{"@type":"BreadcrumbList","@id":"https:\/\/juliocesartriana.com\/index.php\/2021\/04\/22\/debate-sobre-el-sector-cafetero-y-su-lucha-por-sobrevivi\/#breadcrumb","itemListElement":[{"@type":"ListItem","position":1,"name":"Portada","item":"https:\/\/juliocesartriana.com\/"},{"@type":"ListItem","position":2,"name":"Debate sobre el sector cafetero y su lucha por sobrevivir."}]},{"@type":"Article","@id":"https:\/\/juliocesartriana.com\/index.php\/2021\/04\/22\/debate-sobre-el-sector-cafetero-y-su-lucha-por-sobrevivi\/#article","isPartOf":{"@id":"https:\/\/juliocesartriana.com\/index.php\/2021\/04\/22\/debate-sobre-el-sector-cafetero-y-su-lucha-por-sobrevivi\/#webpage"},"author":{"@id":"https:\/\/juliocesartriana.com\/#\/schema\/person\/deecb92c18f2299a8c280aa4eabd1a03"},"headline":"Debate sobre el sector cafetero y su lucha por sobrevivir.","datePublished":"2021-04-22T18:45:10+00:00","dateModified":"2021-09-21T15:55:01+00:00","mainEntityOfPage":{"@id":"https:\/\/juliocesartriana.com\/index.php\/2021\/04\/22\/debate-sobre-el-sector-cafetero-y-su-lucha-por-sobrevivi\/#webpage"},"wordCount":175,"publisher":{"@id":"https:\/\/juliocesartriana.com\/#organization"},"image":{"@id":"https:\/\/juliocesartriana.com\/index.php\/2021\/04\/22\/debate-sobre-el-sector-cafetero-y-su-lucha-por-sobrevivi\/#primaryimage"},"thumbnailUrl":"https:\/\/juliocesartriana.com\/wp-content\/uploads\/2021\/04\/Triana-Debate-Sector-Cafetero.jpeg","articleSection":["Control Pol\u00edtico"],"inLanguage":"es"},{"@type":"Person","@id":"https:\/\/juliocesartriana.com\/#\/schema\/person\/deecb92c18f2299a8c280aa4eabd1a03","name":"admin","image":{"@type":"ImageObject","@id":"https:\/\/juliocesartriana.com\/#personlogo","inLanguage":"es","url":"https:\/\/secure.gravatar.com\/avatar\/a796496fa1985f3a559e872a5db21305d7a391de67117abdfa8eb899c7bea95c?s=96&d=mm&r=g","contentUrl":"https:\/\/secure.gravatar.com\/avatar\/a796496fa1985f3a559e872a5db21305d7a391de67117abdfa8eb899c7bea95c?s=96&d=mm&r=g","caption":"admin"},"sameAs":["https:\/\/juliocesartriana.com"],"url":"https:\/\/juliocesartriana.com\/index.php\/author\/admin_dovqajq2\/"}]}},"_links":{"self":[{"href":"https:\/\/juliocesartriana.com\/index.php\/wp-json\/wp\/v2\/posts\/2031","targetHints":{"allow":["GET"]}}],"collection":[{"href":"https:\/\/juliocesartriana.com\/index.php\/wp-json\/wp\/v2\/posts"}],"about":[{"href":"https:\/\/juliocesartriana.com\/index.php\/wp-json\/wp\/v2\/types\/post"}],"author":[{"embeddable":true,"href":"https:\/\/juliocesartriana.com\/index.php\/wp-json\/wp\/v2\/users\/1"}],"replies":[{"embeddable":true,"href":"https:\/\/juliocesartriana.com\/index.php\/wp-json\/wp\/v2\/comments?post=2031"}],"version-history":[{"count":6,"href":"https:\/\/juliocesartriana.com\/index.php\/wp-json\/wp\/v2\/posts\/2031\/revisions"}],"predecessor-version":[{"id":2753,"href":"https:\/\/juliocesartriana.com\/index.php\/wp-json\/wp\/v2\/posts\/2031\/revisions\/2753"}],"wp:featuredmedia":[{"embeddable":true,"href":"https:\/\/juliocesartriana.com\/index.php\/wp-json\/wp\/v2\/media\/2752"}],"wp:attachment":[{"href":"https:\/\/juliocesartriana.com\/index.php\/wp-json\/wp\/v2\/media?parent=2031"}],"wp:term":[{"taxonomy":"category","embeddable":true,"href":"https:\/\/juliocesartriana.com\/index.php\/wp-json\/wp\/v2\/categories?post=2031"},{"taxonomy":"post_tag","embeddable":true,"href":"https:\/\/juliocesartriana.com\/index.php\/wp-json\/wp\/v2\/tags?post=2031"}],"curies":[{"name":"wp","href":"https:\/\/api.w.org\/{rel}","templated":true}]}}