{"id":2019,"date":"2021-05-29T14:15:37","date_gmt":"2021-05-29T14:15:37","guid":{"rendered":"https:\/\/juliocesartriana.com\/?p=2019"},"modified":"2021-09-21T15:11:05","modified_gmt":"2021-09-21T15:11:05","slug":"penitenciarias-agropecuarias","status":"publish","type":"post","link":"https:\/\/juliocesartriana.com\/index.php\/2021\/05\/29\/penitenciarias-agropecuarias\/","title":{"rendered":"Penitenciar\u00edas productivas"},"content":{"rendered":"\n<p>Planteamos medidas para fortalecer la resocializaci\u00f3n de las personas privadas de la libertad (PPL) y la poblaci\u00f3n pospenitenciaria en Colombia. Con esta iniciativa, buscamos que los internos lleven a cabo labores productivas dentro de los centros penitenciarios, las cuales ser\u00e1n remuneradas y cuyo dinero ser\u00e1 destinado a el resarcimiento a la v\u00edctima, al apoyo familiar y a un ahorro programado para su proyecto de vida pospenitenciarias. <a href=\"https:\/\/www.facebook.com\/TrianaCongreso\/videos\/531561724600097\" data-type=\"URL\" data-id=\"https:\/\/www.facebook.com\/TrianaCongreso\/videos\/531561724600097\"><em><strong>Ver radicaci\u00f3n del proyecto<\/strong><\/em><\/a>.<\/p>\n\n\n\n<p>Necesitamos que la resocializaci\u00f3n sea el principal objetivo de la pena. Queremos que las personas puedan desarrollar un proyecto de vida mientras cumplen su tiempo en prisi\u00f3n. Actualmente, los centros de reclusi\u00f3n son escuelas del delito y esto se ve evidenciado en el \u00edndice de reincidencia de quienes recobran la libertad que llega al 30%.<\/p>\n\n\n\n<p><strong><em>Otros aspectos que contempla el Proyecto de ley:<\/em><\/strong><\/p>\n\n\n\n<ul class=\"wp-block-list\"><li>Se garantizar\u00e1 el acceso a servicios de salud mental.<strong><\/strong><\/li><li>La poblaci\u00f3n pospenitenciaria podr\u00e1 acceder a:<ul><li>Atenci\u00f3n psicosocial.<\/li><\/ul><ul><li>Vinculaci\u00f3n a servicios b\u00e1sicos ciudadanos.<\/li><\/ul><ul><li>Acompa\u00f1amiento para la consecuci\u00f3n de un empleo.<\/li><\/ul><ul><li>Integraci\u00f3n a proyectos comunitarios.<\/li><\/ul><\/li><li>Se propone la prestaci\u00f3n de servicios en beneficio de la sociedad en entidades p\u00fablicas.<strong><\/strong><\/li><li>Se garantizar\u00e1n los servicios de salud especializados para las mujeres:<strong><\/strong><ul><li>Ex\u00e1menes especializados: ginecolog\u00eda, obstetricia, entre otras. <strong><\/strong><\/li><\/ul><\/li><li>Se realizar\u00e1 acompa\u00f1amiento a los ni\u00f1os y ni\u00f1as mayores de 3 a\u00f1os de las mujeres privadas de la libertad. <strong><\/strong><\/li><\/ul>\n\n\n\n<div class=\"wp-block-buttons is-layout-flex wp-block-buttons-is-layout-flex\">\n<div class=\"wp-block-button has-custom-width wp-block-button__width-25\"><a class=\"wp-block-button__link has-white-color has-vivid-red-background-color has-text-color has-background\" href=\"https:\/\/juliocesartriana.com\/wp-content\/uploads\/2021\/03\/peniAGRO.pdf\" style=\"border-radius:10px\" target=\"_blank\" rel=\"noreferrer noopener\">Ver proyecto de ley<\/a><\/div>\n<\/div>\n","protected":false},"excerpt":{"rendered":"<p>Planteamos medidas para fortalecer la resocializaci\u00f3n de las personas privadas de la libertad (PPL) y la poblaci\u00f3n pospenitenciaria en Colombia. Con esta iniciativa, buscamos que los internos lleven a cabo labores productivas dentro de los centros penitenciarios, las cuales ser\u00e1n remuneradas y cuyo dinero ser\u00e1 destinado a el resarcimiento a la v\u00edctima, al apoyo familiar &hellip;<\/p>\n<p class=\"read-more\"> <a class=\"\" href=\"https:\/\/juliocesartriana.com\/index.php\/2021\/05\/29\/penitenciarias-agropecuarias\/\"> <span class=\"screen-reader-text\">Penitenciar\u00edas productivas<\/span> Leer m\u00e1s &raquo;<\/a><\/p>\n","protected":false},"author":1,"featured_media":2744,"comment_status":"closed","ping_status":"closed","sticky":false,"template":"","format":"standard","meta":{"ngg_post_thumbnail":0,"footnotes":""},"categories":[4],"tags":[],"class_list":["post-2019","post","type-post","status-publish","format-standard","has-post-thumbnail","hentry","category-proyectos-de-ley"],"yoast_head":"<!-- This site is optimized with the Yoast SEO plugin v18.5.1 - https:\/\/yoast.com\/wordpress\/plugins\/seo\/ -->\n<title>Julio C\u00e9sar Triana - Representante a la C\u00e1mara por el Huila<\/title>\n<meta name=\"robots\" content=\"index, follow, max-snippet:-1, max-image-preview:large, max-video-preview:-1\" \/>\n<link rel=\"canonical\" href=\"https:\/\/juliocesartriana.com\/index.php\/2021\/05\/29\/penitenciarias-agropecuarias\/\" \/>\n<meta property=\"og:locale\" content=\"es_ES\" \/>\n<meta property=\"og:type\" content=\"article\" \/>\n<meta property=\"og:title\" content=\"Julio C\u00e9sar Triana - Representante a la C\u00e1mara por el Huila\" \/>\n<meta property=\"og:description\" content=\"Planteamos medidas para fortalecer la resocializaci\u00f3n de las personas privadas de la libertad (PPL) y la poblaci\u00f3n pospenitenciaria en Colombia. Con esta iniciativa, buscamos que los internos lleven a cabo labores productivas dentro de los centros penitenciarios, las cuales ser\u00e1n remuneradas y cuyo dinero ser\u00e1 destinado a el resarcimiento a la v\u00edctima, al apoyo familiar &hellip; Penitenciar\u00edas productivas Leer m\u00e1s &raquo;\" \/>\n<meta property=\"og:url\" content=\"https:\/\/juliocesartriana.com\/index.php\/2021\/05\/29\/penitenciarias-agropecuarias\/\" \/>\n<meta property=\"og:site_name\" content=\"Julio C\u00e9sar Triana - Representante a la C\u00e1mara por el Huila\" \/>\n<meta property=\"article:publisher\" content=\"https:\/\/www.facebook.com\/TrianaCongreso\/\" \/>\n<meta property=\"article:published_time\" content=\"2021-05-29T14:15:37+00:00\" \/>\n<meta property=\"article:modified_time\" content=\"2021-09-21T15:11:05+00:00\" \/>\n<meta property=\"og:image\" content=\"https:\/\/juliocesartriana.com\/wp-content\/uploads\/2021\/05\/Penitenciari\u0301as-agri\u0301colas.jpg\" \/>\n\t<meta property=\"og:image:width\" content=\"1824\" \/>\n\t<meta property=\"og:image:height\" content=\"912\" \/>\n\t<meta property=\"og:image:type\" content=\"image\/jpeg\" \/>\n<meta name=\"twitter:card\" content=\"summary_large_image\" \/>\n<meta name=\"twitter:label1\" content=\"Escrito por\" \/>\n\t<meta name=\"twitter:data1\" content=\"admin\" \/>\n\t<meta name=\"twitter:label2\" content=\"Tiempo de lectura\" \/>\n\t<meta name=\"twitter:data2\" content=\"1 minuto\" \/>\n<script type=\"application\/ld+json\" class=\"yoast-schema-graph\">{\"@context\":\"https:\/\/schema.org\",\"@graph\":[{\"@type\":\"Organization\",\"@id\":\"https:\/\/juliocesartriana.com\/#organization\",\"name\":\"Julio C\u00e9sar Triana - Representante a la C\u00e1mara\",\"url\":\"https:\/\/juliocesartriana.com\/\",\"sameAs\":[\"https:\/\/www.facebook.com\/TrianaCongreso\/\",\"https:\/\/www.instagram.com\/trianacongreso\/\"],\"logo\":{\"@type\":\"ImageObject\",\"@id\":\"https:\/\/juliocesartriana.com\/#logo\",\"inLanguage\":\"es\",\"url\":\"https:\/\/juliocesartriana.com\/wp-content\/uploads\/2021\/03\/Salo\u0301n-eli\u0301ptico-presidiendo-1.jpeg\",\"contentUrl\":\"https:\/\/juliocesartriana.com\/wp-content\/uploads\/2021\/03\/Salo\u0301n-eli\u0301ptico-presidiendo-1.jpeg\",\"width\":1280,\"height\":853,\"caption\":\"Julio C\u00e9sar Triana - Representante a la C\u00e1mara\"},\"image\":{\"@id\":\"https:\/\/juliocesartriana.com\/#logo\"}},{\"@type\":\"WebSite\",\"@id\":\"https:\/\/juliocesartriana.com\/#website\",\"url\":\"https:\/\/juliocesartriana.com\/\",\"name\":\"Julio C\u00e9sar Triana - Representante a la C\u00e1mara por el Huila\",\"description\":\"Representante a la C\u00e1mara por el Departamento del Huila.\",\"publisher\":{\"@id\":\"https:\/\/juliocesartriana.com\/#organization\"},\"potentialAction\":[{\"@type\":\"SearchAction\",\"target\":{\"@type\":\"EntryPoint\",\"urlTemplate\":\"https:\/\/juliocesartriana.com\/?s={search_term_string}\"},\"query-input\":\"required name=search_term_string\"}],\"inLanguage\":\"es\"},{\"@type\":\"ImageObject\",\"@id\":\"https:\/\/juliocesartriana.com\/index.php\/2021\/05\/29\/penitenciarias-agropecuarias\/#primaryimage\",\"inLanguage\":\"es\",\"url\":\"https:\/\/juliocesartriana.com\/wp-content\/uploads\/2021\/05\/Penitenciari\u0301as-agri\u0301colas.jpg\",\"contentUrl\":\"https:\/\/juliocesartriana.com\/wp-content\/uploads\/2021\/05\/Penitenciari\u0301as-agri\u0301colas.jpg\",\"width\":1824,\"height\":912},{\"@type\":\"WebPage\",\"@id\":\"https:\/\/juliocesartriana.com\/index.php\/2021\/05\/29\/penitenciarias-agropecuarias\/#webpage\",\"url\":\"https:\/\/juliocesartriana.com\/index.php\/2021\/05\/29\/penitenciarias-agropecuarias\/\",\"name\":\"Julio C\u00e9sar Triana - Representante a la C\u00e1mara por el Huila\",\"isPartOf\":{\"@id\":\"https:\/\/juliocesartriana.com\/#website\"},\"primaryImageOfPage\":{\"@id\":\"https:\/\/juliocesartriana.com\/index.php\/2021\/05\/29\/penitenciarias-agropecuarias\/#primaryimage\"},\"datePublished\":\"2021-05-29T14:15:37+00:00\",\"dateModified\":\"2021-09-21T15:11:05+00:00\",\"breadcrumb\":{\"@id\":\"https:\/\/juliocesartriana.com\/index.php\/2021\/05\/29\/penitenciarias-agropecuarias\/#breadcrumb\"},\"inLanguage\":\"es\",\"potentialAction\":[{\"@type\":\"ReadAction\",\"target\":[\"https:\/\/juliocesartriana.com\/index.php\/2021\/05\/29\/penitenciarias-agropecuarias\/\"]}]},{\"@type\":\"BreadcrumbList\",\"@id\":\"https:\/\/juliocesartriana.com\/index.php\/2021\/05\/29\/penitenciarias-agropecuarias\/#breadcrumb\",\"itemListElement\":[{\"@type\":\"ListItem\",\"position\":1,\"name\":\"Portada\",\"item\":\"https:\/\/juliocesartriana.com\/\"},{\"@type\":\"ListItem\",\"position\":2,\"name\":\"Penitenciar\u00edas productivas\"}]},{\"@type\":\"Article\",\"@id\":\"https:\/\/juliocesartriana.com\/index.php\/2021\/05\/29\/penitenciarias-agropecuarias\/#article\",\"isPartOf\":{\"@id\":\"https:\/\/juliocesartriana.com\/index.php\/2021\/05\/29\/penitenciarias-agropecuarias\/#webpage\"},\"author\":{\"@id\":\"https:\/\/juliocesartriana.com\/#\/schema\/person\/deecb92c18f2299a8c280aa4eabd1a03\"},\"headline\":\"Penitenciar\u00edas productivas\",\"datePublished\":\"2021-05-29T14:15:37+00:00\",\"dateModified\":\"2021-09-21T15:11:05+00:00\",\"mainEntityOfPage\":{\"@id\":\"https:\/\/juliocesartriana.com\/index.php\/2021\/05\/29\/penitenciarias-agropecuarias\/#webpage\"},\"wordCount\":244,\"publisher\":{\"@id\":\"https:\/\/juliocesartriana.com\/#organization\"},\"image\":{\"@id\":\"https:\/\/juliocesartriana.com\/index.php\/2021\/05\/29\/penitenciarias-agropecuarias\/#primaryimage\"},\"thumbnailUrl\":\"https:\/\/juliocesartriana.com\/wp-content\/uploads\/2021\/05\/Penitenciari\u0301as-agri\u0301colas.jpg\",\"articleSection\":[\"Proyectos de Ley\"],\"inLanguage\":\"es\"},{\"@type\":\"Person\",\"@id\":\"https:\/\/juliocesartriana.com\/#\/schema\/person\/deecb92c18f2299a8c280aa4eabd1a03\",\"name\":\"admin\",\"image\":{\"@type\":\"ImageObject\",\"@id\":\"https:\/\/juliocesartriana.com\/#personlogo\",\"inLanguage\":\"es\",\"url\":\"https:\/\/secure.gravatar.com\/avatar\/a796496fa1985f3a559e872a5db21305d7a391de67117abdfa8eb899c7bea95c?s=96&d=mm&r=g\",\"contentUrl\":\"https:\/\/secure.gravatar.com\/avatar\/a796496fa1985f3a559e872a5db21305d7a391de67117abdfa8eb899c7bea95c?s=96&d=mm&r=g\",\"caption\":\"admin\"},\"sameAs\":[\"https:\/\/juliocesartriana.com\"],\"url\":\"https:\/\/juliocesartriana.com\/index.php\/author\/admin_dovqajq2\/\"}]}<\/script>\n<!-- \/ Yoast SEO plugin. -->","yoast_head_json":{"title":"Julio C\u00e9sar Triana - Representante a la C\u00e1mara por el Huila","robots":{"index":"index","follow":"follow","max-snippet":"max-snippet:-1","max-image-preview":"max-image-preview:large","max-video-preview":"max-video-preview:-1"},"canonical":"https:\/\/juliocesartriana.com\/index.php\/2021\/05\/29\/penitenciarias-agropecuarias\/","og_locale":"es_ES","og_type":"article","og_title":"Julio C\u00e9sar Triana - Representante a la C\u00e1mara por el Huila","og_description":"Planteamos medidas para fortalecer la resocializaci\u00f3n de las personas privadas de la libertad (PPL) y la poblaci\u00f3n pospenitenciaria en Colombia. Con esta iniciativa, buscamos que los internos lleven a cabo labores productivas dentro de los centros penitenciarios, las cuales ser\u00e1n remuneradas y cuyo dinero ser\u00e1 destinado a el resarcimiento a la v\u00edctima, al apoyo familiar &hellip; Penitenciar\u00edas productivas Leer m\u00e1s &raquo;","og_url":"https:\/\/juliocesartriana.com\/index.php\/2021\/05\/29\/penitenciarias-agropecuarias\/","og_site_name":"Julio C\u00e9sar Triana - Representante a la C\u00e1mara por el Huila","article_publisher":"https:\/\/www.facebook.com\/TrianaCongreso\/","article_published_time":"2021-05-29T14:15:37+00:00","article_modified_time":"2021-09-21T15:11:05+00:00","og_image":[{"width":1824,"height":912,"url":"https:\/\/juliocesartriana.com\/wp-content\/uploads\/2021\/05\/Penitenciari\u0301as-agri\u0301colas.jpg","type":"image\/jpeg"}],"twitter_card":"summary_large_image","twitter_misc":{"Escrito por":"admin","Tiempo de lectura":"1 minuto"},"schema":{"@context":"https:\/\/schema.org","@graph":[{"@type":"Organization","@id":"https:\/\/juliocesartriana.com\/#organization","name":"Julio C\u00e9sar Triana - Representante a la C\u00e1mara","url":"https:\/\/juliocesartriana.com\/","sameAs":["https:\/\/www.facebook.com\/TrianaCongreso\/","https:\/\/www.instagram.com\/trianacongreso\/"],"logo":{"@type":"ImageObject","@id":"https:\/\/juliocesartriana.com\/#logo","inLanguage":"es","url":"https:\/\/juliocesartriana.com\/wp-content\/uploads\/2021\/03\/Salo\u0301n-eli\u0301ptico-presidiendo-1.jpeg","contentUrl":"https:\/\/juliocesartriana.com\/wp-content\/uploads\/2021\/03\/Salo\u0301n-eli\u0301ptico-presidiendo-1.jpeg","width":1280,"height":853,"caption":"Julio C\u00e9sar Triana - Representante a la C\u00e1mara"},"image":{"@id":"https:\/\/juliocesartriana.com\/#logo"}},{"@type":"WebSite","@id":"https:\/\/juliocesartriana.com\/#website","url":"https:\/\/juliocesartriana.com\/","name":"Julio C\u00e9sar Triana - Representante a la C\u00e1mara por el Huila","description":"Representante a la C\u00e1mara por el Departamento del Huila.","publisher":{"@id":"https:\/\/juliocesartriana.com\/#organization"},"potentialAction":[{"@type":"SearchAction","target":{"@type":"EntryPoint","urlTemplate":"https:\/\/juliocesartriana.com\/?s={search_term_string}"},"query-input":"required name=search_term_string"}],"inLanguage":"es"},{"@type":"ImageObject","@id":"https:\/\/juliocesartriana.com\/index.php\/2021\/05\/29\/penitenciarias-agropecuarias\/#primaryimage","inLanguage":"es","url":"https:\/\/juliocesartriana.com\/wp-content\/uploads\/2021\/05\/Penitenciari\u0301as-agri\u0301colas.jpg","contentUrl":"https:\/\/juliocesartriana.com\/wp-content\/uploads\/2021\/05\/Penitenciari\u0301as-agri\u0301colas.jpg","width":1824,"height":912},{"@type":"WebPage","@id":"https:\/\/juliocesartriana.com\/index.php\/2021\/05\/29\/penitenciarias-agropecuarias\/#webpage","url":"https:\/\/juliocesartriana.com\/index.php\/2021\/05\/29\/penitenciarias-agropecuarias\/","name":"Julio C\u00e9sar Triana - Representante a la C\u00e1mara por el Huila","isPartOf":{"@id":"https:\/\/juliocesartriana.com\/#website"},"primaryImageOfPage":{"@id":"https:\/\/juliocesartriana.com\/index.php\/2021\/05\/29\/penitenciarias-agropecuarias\/#primaryimage"},"datePublished":"2021-05-29T14:15:37+00:00","dateModified":"2021-09-21T15:11:05+00:00","breadcrumb":{"@id":"https:\/\/juliocesartriana.com\/index.php\/2021\/05\/29\/penitenciarias-agropecuarias\/#breadcrumb"},"inLanguage":"es","potentialAction":[{"@type":"ReadAction","target":["https:\/\/juliocesartriana.com\/index.php\/2021\/05\/29\/penitenciarias-agropecuarias\/"]}]},{"@type":"BreadcrumbList","@id":"https:\/\/juliocesartriana.com\/index.php\/2021\/05\/29\/penitenciarias-agropecuarias\/#breadcrumb","itemListElement":[{"@type":"ListItem","position":1,"name":"Portada","item":"https:\/\/juliocesartriana.com\/"},{"@type":"ListItem","position":2,"name":"Penitenciar\u00edas productivas"}]},{"@type":"Article","@id":"https:\/\/juliocesartriana.com\/index.php\/2021\/05\/29\/penitenciarias-agropecuarias\/#article","isPartOf":{"@id":"https:\/\/juliocesartriana.com\/index.php\/2021\/05\/29\/penitenciarias-agropecuarias\/#webpage"},"author":{"@id":"https:\/\/juliocesartriana.com\/#\/schema\/person\/deecb92c18f2299a8c280aa4eabd1a03"},"headline":"Penitenciar\u00edas productivas","datePublished":"2021-05-29T14:15:37+00:00","dateModified":"2021-09-21T15:11:05+00:00","mainEntityOfPage":{"@id":"https:\/\/juliocesartriana.com\/index.php\/2021\/05\/29\/penitenciarias-agropecuarias\/#webpage"},"wordCount":244,"publisher":{"@id":"https:\/\/juliocesartriana.com\/#organization"},"image":{"@id":"https:\/\/juliocesartriana.com\/index.php\/2021\/05\/29\/penitenciarias-agropecuarias\/#primaryimage"},"thumbnailUrl":"https:\/\/juliocesartriana.com\/wp-content\/uploads\/2021\/05\/Penitenciari\u0301as-agri\u0301colas.jpg","articleSection":["Proyectos de Ley"],"inLanguage":"es"},{"@type":"Person","@id":"https:\/\/juliocesartriana.com\/#\/schema\/person\/deecb92c18f2299a8c280aa4eabd1a03","name":"admin","image":{"@type":"ImageObject","@id":"https:\/\/juliocesartriana.com\/#personlogo","inLanguage":"es","url":"https:\/\/secure.gravatar.com\/avatar\/a796496fa1985f3a559e872a5db21305d7a391de67117abdfa8eb899c7bea95c?s=96&d=mm&r=g","contentUrl":"https:\/\/secure.gravatar.com\/avatar\/a796496fa1985f3a559e872a5db21305d7a391de67117abdfa8eb899c7bea95c?s=96&d=mm&r=g","caption":"admin"},"sameAs":["https:\/\/juliocesartriana.com"],"url":"https:\/\/juliocesartriana.com\/index.php\/author\/admin_dovqajq2\/"}]}},"_links":{"self":[{"href":"https:\/\/juliocesartriana.com\/index.php\/wp-json\/wp\/v2\/posts\/2019","targetHints":{"allow":["GET"]}}],"collection":[{"href":"https:\/\/juliocesartriana.com\/index.php\/wp-json\/wp\/v2\/posts"}],"about":[{"href":"https:\/\/juliocesartriana.com\/index.php\/wp-json\/wp\/v2\/types\/post"}],"author":[{"embeddable":true,"href":"https:\/\/juliocesartriana.com\/index.php\/wp-json\/wp\/v2\/users\/1"}],"replies":[{"embeddable":true,"href":"https:\/\/juliocesartriana.com\/index.php\/wp-json\/wp\/v2\/comments?post=2019"}],"version-history":[{"count":6,"href":"https:\/\/juliocesartriana.com\/index.php\/wp-json\/wp\/v2\/posts\/2019\/revisions"}],"predecessor-version":[{"id":2663,"href":"https:\/\/juliocesartriana.com\/index.php\/wp-json\/wp\/v2\/posts\/2019\/revisions\/2663"}],"wp:featuredmedia":[{"embeddable":true,"href":"https:\/\/juliocesartriana.com\/index.php\/wp-json\/wp\/v2\/media\/2744"}],"wp:attachment":[{"href":"https:\/\/juliocesartriana.com\/index.php\/wp-json\/wp\/v2\/media?parent=2019"}],"wp:term":[{"taxonomy":"category","embeddable":true,"href":"https:\/\/juliocesartriana.com\/index.php\/wp-json\/wp\/v2\/categories?post=2019"},{"taxonomy":"post_tag","embeddable":true,"href":"https:\/\/juliocesartriana.com\/index.php\/wp-json\/wp\/v2\/tags?post=2019"}],"curies":[{"name":"wp","href":"https:\/\/api.w.org\/{rel}","templated":true}]}}