{"id":2013,"date":"2021-04-22T18:34:04","date_gmt":"2021-04-22T18:34:04","guid":{"rendered":"https:\/\/juliocesartriana.com\/?p=2013"},"modified":"2021-09-08T17:15:28","modified_gmt":"2021-09-08T17:15:28","slug":"insercion-laboral-para-jovenes","status":"publish","type":"post","link":"https:\/\/juliocesartriana.com\/index.php\/2021\/04\/22\/insercion-laboral-para-jovenes\/","title":{"rendered":"Convalidaci\u00f3n de la experiencia laboral para J\u00f3venes"},"content":{"rendered":"\n<p>Celebramos la Sanci\u00f3n Presidencial de esta Ley de la Rep\u00fablica, con la cual buscamos garantizar que los j\u00f3venes puedan acceder a su primer empleo sin el excluyente requisito de la experiencia.<\/p>\n\n\n\n<p>\u00bfC\u00f3mo se beneficiar\u00e1n los j\u00f3venes?<\/p>\n\n\n\n<p>Las pasant\u00edas, pr\u00e1cticas profesionales, trabajos de investigaci\u00f3n, a\u00f1os rurales, judicaturas, entre otros, ser\u00e1n tenidos en cuenta como experiencia laboral.<br>Se crear\u00e1 el Observatorio Nacional de la Juventud que permitir\u00e1 recopilar, diagnosticar y evaluar estad\u00edsticas relacionadas con los j\u00f3venes del pa\u00eds para analizar y construir pol\u00edticas p\u00fablicas orientadas a su crecimiento y desarrollo social.<br>Se establecen oportunidades para los j\u00f3venes que viven en el campo, puesto que m\u00ednimo el 10% de los cr\u00e9ditos, programas y apoyos dirigidos para la agricultura y la pesca ser\u00e1n destinados a los j\u00f3venes rurales.<\/p>\n\n\n\n<div class=\"wp-block-buttons is-layout-flex wp-block-buttons-is-layout-flex\">\n<div class=\"wp-block-button has-custom-width wp-block-button__width-25\"><a class=\"wp-block-button__link has-white-color has-vivid-red-background-color has-text-color has-background\" href=\"https:\/\/juliocesartriana.com\/wp-content\/uploads\/2021\/03\/inserjov.pdf\" style=\"border-radius:10px\" target=\"_blank\" rel=\"noreferrer noopener\">Ver Ley de la Rep\u00fablica<\/a><\/div>\n<\/div>\n","protected":false},"excerpt":{"rendered":"<p>Celebramos la Sanci\u00f3n Presidencial de esta Ley de la Rep\u00fablica, con la cual buscamos garantizar que los j\u00f3venes puedan acceder a su primer empleo sin el excluyente requisito de la experiencia. \u00bfC\u00f3mo se beneficiar\u00e1n los j\u00f3venes? Las pasant\u00edas, pr\u00e1cticas profesionales, trabajos de investigaci\u00f3n, a\u00f1os rurales, judicaturas, entre otros, ser\u00e1n tenidos en cuenta como experiencia laboral.Se &hellip;<\/p>\n<p class=\"read-more\"> <a class=\"\" href=\"https:\/\/juliocesartriana.com\/index.php\/2021\/04\/22\/insercion-laboral-para-jovenes\/\"> <span class=\"screen-reader-text\">Convalidaci\u00f3n de la experiencia laboral para J\u00f3venes<\/span> Leer m\u00e1s &raquo;<\/a><\/p>\n","protected":false},"author":1,"featured_media":781,"comment_status":"closed","ping_status":"closed","sticky":false,"template":"","format":"standard","meta":{"ngg_post_thumbnail":0,"footnotes":""},"categories":[11],"tags":[],"class_list":["post-2013","post","type-post","status-publish","format-standard","has-post-thumbnail","hentry","category-leyes-de-la-republica"],"yoast_head":"<!-- This site is optimized with the Yoast SEO plugin v18.5.1 - https:\/\/yoast.com\/wordpress\/plugins\/seo\/ -->\n<title>Julio C\u00e9sar Triana - Representante a la C\u00e1mara por el Huila<\/title>\n<meta name=\"robots\" content=\"index, follow, max-snippet:-1, max-image-preview:large, max-video-preview:-1\" \/>\n<link rel=\"canonical\" href=\"https:\/\/juliocesartriana.com\/index.php\/2021\/04\/22\/insercion-laboral-para-jovenes\/\" \/>\n<meta property=\"og:locale\" content=\"es_ES\" \/>\n<meta property=\"og:type\" content=\"article\" \/>\n<meta property=\"og:title\" content=\"Julio C\u00e9sar Triana - Representante a la C\u00e1mara por el Huila\" \/>\n<meta property=\"og:description\" content=\"Celebramos la Sanci\u00f3n Presidencial de esta Ley de la Rep\u00fablica, con la cual buscamos garantizar que los j\u00f3venes puedan acceder a su primer empleo sin el excluyente requisito de la experiencia. \u00bfC\u00f3mo se beneficiar\u00e1n los j\u00f3venes? Las pasant\u00edas, pr\u00e1cticas profesionales, trabajos de investigaci\u00f3n, a\u00f1os rurales, judicaturas, entre otros, ser\u00e1n tenidos en cuenta como experiencia laboral.Se &hellip; Convalidaci\u00f3n de la experiencia laboral para J\u00f3venes Leer m\u00e1s &raquo;\" \/>\n<meta property=\"og:url\" content=\"https:\/\/juliocesartriana.com\/index.php\/2021\/04\/22\/insercion-laboral-para-jovenes\/\" \/>\n<meta property=\"og:site_name\" content=\"Julio C\u00e9sar Triana - Representante a la C\u00e1mara por el Huila\" \/>\n<meta property=\"article:publisher\" content=\"https:\/\/www.facebook.com\/TrianaCongreso\/\" \/>\n<meta property=\"article:published_time\" content=\"2021-04-22T18:34:04+00:00\" \/>\n<meta property=\"article:modified_time\" content=\"2021-09-08T17:15:28+00:00\" \/>\n<meta property=\"og:image\" content=\"https:\/\/juliocesartriana.com\/wp-content\/uploads\/2021\/03\/WhatsApp-Image-2021-03-09-at-4.11.20-PM-4.jpeg\" \/>\n\t<meta property=\"og:image:width\" content=\"1024\" \/>\n\t<meta property=\"og:image:height\" content=\"682\" \/>\n\t<meta property=\"og:image:type\" content=\"image\/jpeg\" \/>\n<meta name=\"twitter:card\" content=\"summary_large_image\" \/>\n<meta name=\"twitter:label1\" content=\"Escrito por\" \/>\n\t<meta name=\"twitter:data1\" content=\"admin\" \/>\n\t<meta name=\"twitter:label2\" content=\"Tiempo de lectura\" \/>\n\t<meta name=\"twitter:data2\" content=\"1 minuto\" \/>\n<script type=\"application\/ld+json\" class=\"yoast-schema-graph\">{\"@context\":\"https:\/\/schema.org\",\"@graph\":[{\"@type\":\"Organization\",\"@id\":\"https:\/\/juliocesartriana.com\/#organization\",\"name\":\"Julio C\u00e9sar Triana - Representante a la C\u00e1mara\",\"url\":\"https:\/\/juliocesartriana.com\/\",\"sameAs\":[\"https:\/\/www.facebook.com\/TrianaCongreso\/\",\"https:\/\/www.instagram.com\/trianacongreso\/\"],\"logo\":{\"@type\":\"ImageObject\",\"@id\":\"https:\/\/juliocesartriana.com\/#logo\",\"inLanguage\":\"es\",\"url\":\"https:\/\/juliocesartriana.com\/wp-content\/uploads\/2021\/03\/Salo\u0301n-eli\u0301ptico-presidiendo-1.jpeg\",\"contentUrl\":\"https:\/\/juliocesartriana.com\/wp-content\/uploads\/2021\/03\/Salo\u0301n-eli\u0301ptico-presidiendo-1.jpeg\",\"width\":1280,\"height\":853,\"caption\":\"Julio C\u00e9sar Triana - Representante a la C\u00e1mara\"},\"image\":{\"@id\":\"https:\/\/juliocesartriana.com\/#logo\"}},{\"@type\":\"WebSite\",\"@id\":\"https:\/\/juliocesartriana.com\/#website\",\"url\":\"https:\/\/juliocesartriana.com\/\",\"name\":\"Julio C\u00e9sar Triana - Representante a la C\u00e1mara por el Huila\",\"description\":\"Representante a la C\u00e1mara por el Departamento del Huila.\",\"publisher\":{\"@id\":\"https:\/\/juliocesartriana.com\/#organization\"},\"potentialAction\":[{\"@type\":\"SearchAction\",\"target\":{\"@type\":\"EntryPoint\",\"urlTemplate\":\"https:\/\/juliocesartriana.com\/?s={search_term_string}\"},\"query-input\":\"required name=search_term_string\"}],\"inLanguage\":\"es\"},{\"@type\":\"ImageObject\",\"@id\":\"https:\/\/juliocesartriana.com\/index.php\/2021\/04\/22\/insercion-laboral-para-jovenes\/#primaryimage\",\"inLanguage\":\"es\",\"url\":\"https:\/\/juliocesartriana.com\/wp-content\/uploads\/2021\/03\/WhatsApp-Image-2021-03-09-at-4.11.20-PM-4.jpeg\",\"contentUrl\":\"https:\/\/juliocesartriana.com\/wp-content\/uploads\/2021\/03\/WhatsApp-Image-2021-03-09-at-4.11.20-PM-4.jpeg\",\"width\":1024,\"height\":682},{\"@type\":\"WebPage\",\"@id\":\"https:\/\/juliocesartriana.com\/index.php\/2021\/04\/22\/insercion-laboral-para-jovenes\/#webpage\",\"url\":\"https:\/\/juliocesartriana.com\/index.php\/2021\/04\/22\/insercion-laboral-para-jovenes\/\",\"name\":\"Julio C\u00e9sar Triana - Representante a la C\u00e1mara por el Huila\",\"isPartOf\":{\"@id\":\"https:\/\/juliocesartriana.com\/#website\"},\"primaryImageOfPage\":{\"@id\":\"https:\/\/juliocesartriana.com\/index.php\/2021\/04\/22\/insercion-laboral-para-jovenes\/#primaryimage\"},\"datePublished\":\"2021-04-22T18:34:04+00:00\",\"dateModified\":\"2021-09-08T17:15:28+00:00\",\"breadcrumb\":{\"@id\":\"https:\/\/juliocesartriana.com\/index.php\/2021\/04\/22\/insercion-laboral-para-jovenes\/#breadcrumb\"},\"inLanguage\":\"es\",\"potentialAction\":[{\"@type\":\"ReadAction\",\"target\":[\"https:\/\/juliocesartriana.com\/index.php\/2021\/04\/22\/insercion-laboral-para-jovenes\/\"]}]},{\"@type\":\"BreadcrumbList\",\"@id\":\"https:\/\/juliocesartriana.com\/index.php\/2021\/04\/22\/insercion-laboral-para-jovenes\/#breadcrumb\",\"itemListElement\":[{\"@type\":\"ListItem\",\"position\":1,\"name\":\"Portada\",\"item\":\"https:\/\/juliocesartriana.com\/\"},{\"@type\":\"ListItem\",\"position\":2,\"name\":\"Convalidaci\u00f3n de la experiencia laboral para J\u00f3venes\"}]},{\"@type\":\"Article\",\"@id\":\"https:\/\/juliocesartriana.com\/index.php\/2021\/04\/22\/insercion-laboral-para-jovenes\/#article\",\"isPartOf\":{\"@id\":\"https:\/\/juliocesartriana.com\/index.php\/2021\/04\/22\/insercion-laboral-para-jovenes\/#webpage\"},\"author\":{\"@id\":\"https:\/\/juliocesartriana.com\/#\/schema\/person\/deecb92c18f2299a8c280aa4eabd1a03\"},\"headline\":\"Convalidaci\u00f3n de la experiencia laboral para J\u00f3venes\",\"datePublished\":\"2021-04-22T18:34:04+00:00\",\"dateModified\":\"2021-09-08T17:15:28+00:00\",\"mainEntityOfPage\":{\"@id\":\"https:\/\/juliocesartriana.com\/index.php\/2021\/04\/22\/insercion-laboral-para-jovenes\/#webpage\"},\"wordCount\":159,\"publisher\":{\"@id\":\"https:\/\/juliocesartriana.com\/#organization\"},\"image\":{\"@id\":\"https:\/\/juliocesartriana.com\/index.php\/2021\/04\/22\/insercion-laboral-para-jovenes\/#primaryimage\"},\"thumbnailUrl\":\"https:\/\/juliocesartriana.com\/wp-content\/uploads\/2021\/03\/WhatsApp-Image-2021-03-09-at-4.11.20-PM-4.jpeg\",\"articleSection\":[\"Leyes de la Rep\u00fablica\"],\"inLanguage\":\"es\"},{\"@type\":\"Person\",\"@id\":\"https:\/\/juliocesartriana.com\/#\/schema\/person\/deecb92c18f2299a8c280aa4eabd1a03\",\"name\":\"admin\",\"image\":{\"@type\":\"ImageObject\",\"@id\":\"https:\/\/juliocesartriana.com\/#personlogo\",\"inLanguage\":\"es\",\"url\":\"https:\/\/secure.gravatar.com\/avatar\/a796496fa1985f3a559e872a5db21305d7a391de67117abdfa8eb899c7bea95c?s=96&d=mm&r=g\",\"contentUrl\":\"https:\/\/secure.gravatar.com\/avatar\/a796496fa1985f3a559e872a5db21305d7a391de67117abdfa8eb899c7bea95c?s=96&d=mm&r=g\",\"caption\":\"admin\"},\"sameAs\":[\"https:\/\/juliocesartriana.com\"],\"url\":\"https:\/\/juliocesartriana.com\/index.php\/author\/admin_dovqajq2\/\"}]}<\/script>\n<!-- \/ Yoast SEO plugin. -->","yoast_head_json":{"title":"Julio C\u00e9sar Triana - Representante a la C\u00e1mara por el Huila","robots":{"index":"index","follow":"follow","max-snippet":"max-snippet:-1","max-image-preview":"max-image-preview:large","max-video-preview":"max-video-preview:-1"},"canonical":"https:\/\/juliocesartriana.com\/index.php\/2021\/04\/22\/insercion-laboral-para-jovenes\/","og_locale":"es_ES","og_type":"article","og_title":"Julio C\u00e9sar Triana - Representante a la C\u00e1mara por el Huila","og_description":"Celebramos la Sanci\u00f3n Presidencial de esta Ley de la Rep\u00fablica, con la cual buscamos garantizar que los j\u00f3venes puedan acceder a su primer empleo sin el excluyente requisito de la experiencia. \u00bfC\u00f3mo se beneficiar\u00e1n los j\u00f3venes? Las pasant\u00edas, pr\u00e1cticas profesionales, trabajos de investigaci\u00f3n, a\u00f1os rurales, judicaturas, entre otros, ser\u00e1n tenidos en cuenta como experiencia laboral.Se &hellip; Convalidaci\u00f3n de la experiencia laboral para J\u00f3venes Leer m\u00e1s &raquo;","og_url":"https:\/\/juliocesartriana.com\/index.php\/2021\/04\/22\/insercion-laboral-para-jovenes\/","og_site_name":"Julio C\u00e9sar Triana - Representante a la C\u00e1mara por el Huila","article_publisher":"https:\/\/www.facebook.com\/TrianaCongreso\/","article_published_time":"2021-04-22T18:34:04+00:00","article_modified_time":"2021-09-08T17:15:28+00:00","og_image":[{"width":1024,"height":682,"url":"https:\/\/juliocesartriana.com\/wp-content\/uploads\/2021\/03\/WhatsApp-Image-2021-03-09-at-4.11.20-PM-4.jpeg","type":"image\/jpeg"}],"twitter_card":"summary_large_image","twitter_misc":{"Escrito por":"admin","Tiempo de lectura":"1 minuto"},"schema":{"@context":"https:\/\/schema.org","@graph":[{"@type":"Organization","@id":"https:\/\/juliocesartriana.com\/#organization","name":"Julio C\u00e9sar Triana - Representante a la C\u00e1mara","url":"https:\/\/juliocesartriana.com\/","sameAs":["https:\/\/www.facebook.com\/TrianaCongreso\/","https:\/\/www.instagram.com\/trianacongreso\/"],"logo":{"@type":"ImageObject","@id":"https:\/\/juliocesartriana.com\/#logo","inLanguage":"es","url":"https:\/\/juliocesartriana.com\/wp-content\/uploads\/2021\/03\/Salo\u0301n-eli\u0301ptico-presidiendo-1.jpeg","contentUrl":"https:\/\/juliocesartriana.com\/wp-content\/uploads\/2021\/03\/Salo\u0301n-eli\u0301ptico-presidiendo-1.jpeg","width":1280,"height":853,"caption":"Julio C\u00e9sar Triana - Representante a la C\u00e1mara"},"image":{"@id":"https:\/\/juliocesartriana.com\/#logo"}},{"@type":"WebSite","@id":"https:\/\/juliocesartriana.com\/#website","url":"https:\/\/juliocesartriana.com\/","name":"Julio C\u00e9sar Triana - Representante a la C\u00e1mara por el Huila","description":"Representante a la C\u00e1mara por el Departamento del Huila.","publisher":{"@id":"https:\/\/juliocesartriana.com\/#organization"},"potentialAction":[{"@type":"SearchAction","target":{"@type":"EntryPoint","urlTemplate":"https:\/\/juliocesartriana.com\/?s={search_term_string}"},"query-input":"required name=search_term_string"}],"inLanguage":"es"},{"@type":"ImageObject","@id":"https:\/\/juliocesartriana.com\/index.php\/2021\/04\/22\/insercion-laboral-para-jovenes\/#primaryimage","inLanguage":"es","url":"https:\/\/juliocesartriana.com\/wp-content\/uploads\/2021\/03\/WhatsApp-Image-2021-03-09-at-4.11.20-PM-4.jpeg","contentUrl":"https:\/\/juliocesartriana.com\/wp-content\/uploads\/2021\/03\/WhatsApp-Image-2021-03-09-at-4.11.20-PM-4.jpeg","width":1024,"height":682},{"@type":"WebPage","@id":"https:\/\/juliocesartriana.com\/index.php\/2021\/04\/22\/insercion-laboral-para-jovenes\/#webpage","url":"https:\/\/juliocesartriana.com\/index.php\/2021\/04\/22\/insercion-laboral-para-jovenes\/","name":"Julio C\u00e9sar Triana - Representante a la C\u00e1mara por el Huila","isPartOf":{"@id":"https:\/\/juliocesartriana.com\/#website"},"primaryImageOfPage":{"@id":"https:\/\/juliocesartriana.com\/index.php\/2021\/04\/22\/insercion-laboral-para-jovenes\/#primaryimage"},"datePublished":"2021-04-22T18:34:04+00:00","dateModified":"2021-09-08T17:15:28+00:00","breadcrumb":{"@id":"https:\/\/juliocesartriana.com\/index.php\/2021\/04\/22\/insercion-laboral-para-jovenes\/#breadcrumb"},"inLanguage":"es","potentialAction":[{"@type":"ReadAction","target":["https:\/\/juliocesartriana.com\/index.php\/2021\/04\/22\/insercion-laboral-para-jovenes\/"]}]},{"@type":"BreadcrumbList","@id":"https:\/\/juliocesartriana.com\/index.php\/2021\/04\/22\/insercion-laboral-para-jovenes\/#breadcrumb","itemListElement":[{"@type":"ListItem","position":1,"name":"Portada","item":"https:\/\/juliocesartriana.com\/"},{"@type":"ListItem","position":2,"name":"Convalidaci\u00f3n de la experiencia laboral para J\u00f3venes"}]},{"@type":"Article","@id":"https:\/\/juliocesartriana.com\/index.php\/2021\/04\/22\/insercion-laboral-para-jovenes\/#article","isPartOf":{"@id":"https:\/\/juliocesartriana.com\/index.php\/2021\/04\/22\/insercion-laboral-para-jovenes\/#webpage"},"author":{"@id":"https:\/\/juliocesartriana.com\/#\/schema\/person\/deecb92c18f2299a8c280aa4eabd1a03"},"headline":"Convalidaci\u00f3n de la experiencia laboral para J\u00f3venes","datePublished":"2021-04-22T18:34:04+00:00","dateModified":"2021-09-08T17:15:28+00:00","mainEntityOfPage":{"@id":"https:\/\/juliocesartriana.com\/index.php\/2021\/04\/22\/insercion-laboral-para-jovenes\/#webpage"},"wordCount":159,"publisher":{"@id":"https:\/\/juliocesartriana.com\/#organization"},"image":{"@id":"https:\/\/juliocesartriana.com\/index.php\/2021\/04\/22\/insercion-laboral-para-jovenes\/#primaryimage"},"thumbnailUrl":"https:\/\/juliocesartriana.com\/wp-content\/uploads\/2021\/03\/WhatsApp-Image-2021-03-09-at-4.11.20-PM-4.jpeg","articleSection":["Leyes de la Rep\u00fablica"],"inLanguage":"es"},{"@type":"Person","@id":"https:\/\/juliocesartriana.com\/#\/schema\/person\/deecb92c18f2299a8c280aa4eabd1a03","name":"admin","image":{"@type":"ImageObject","@id":"https:\/\/juliocesartriana.com\/#personlogo","inLanguage":"es","url":"https:\/\/secure.gravatar.com\/avatar\/a796496fa1985f3a559e872a5db21305d7a391de67117abdfa8eb899c7bea95c?s=96&d=mm&r=g","contentUrl":"https:\/\/secure.gravatar.com\/avatar\/a796496fa1985f3a559e872a5db21305d7a391de67117abdfa8eb899c7bea95c?s=96&d=mm&r=g","caption":"admin"},"sameAs":["https:\/\/juliocesartriana.com"],"url":"https:\/\/juliocesartriana.com\/index.php\/author\/admin_dovqajq2\/"}]}},"_links":{"self":[{"href":"https:\/\/juliocesartriana.com\/index.php\/wp-json\/wp\/v2\/posts\/2013","targetHints":{"allow":["GET"]}}],"collection":[{"href":"https:\/\/juliocesartriana.com\/index.php\/wp-json\/wp\/v2\/posts"}],"about":[{"href":"https:\/\/juliocesartriana.com\/index.php\/wp-json\/wp\/v2\/types\/post"}],"author":[{"embeddable":true,"href":"https:\/\/juliocesartriana.com\/index.php\/wp-json\/wp\/v2\/users\/1"}],"replies":[{"embeddable":true,"href":"https:\/\/juliocesartriana.com\/index.php\/wp-json\/wp\/v2\/comments?post=2013"}],"version-history":[{"count":6,"href":"https:\/\/juliocesartriana.com\/index.php\/wp-json\/wp\/v2\/posts\/2013\/revisions"}],"predecessor-version":[{"id":2616,"href":"https:\/\/juliocesartriana.com\/index.php\/wp-json\/wp\/v2\/posts\/2013\/revisions\/2616"}],"wp:featuredmedia":[{"embeddable":true,"href":"https:\/\/juliocesartriana.com\/index.php\/wp-json\/wp\/v2\/media\/781"}],"wp:attachment":[{"href":"https:\/\/juliocesartriana.com\/index.php\/wp-json\/wp\/v2\/media?parent=2013"}],"wp:term":[{"taxonomy":"category","embeddable":true,"href":"https:\/\/juliocesartriana.com\/index.php\/wp-json\/wp\/v2\/categories?post=2013"},{"taxonomy":"post_tag","embeddable":true,"href":"https:\/\/juliocesartriana.com\/index.php\/wp-json\/wp\/v2\/tags?post=2013"}],"curies":[{"name":"wp","href":"https:\/\/api.w.org\/{rel}","templated":true}]}}